{"id":896029,"date":"2017-11-16T12:13:03","date_gmt":"2017-11-16T15:13:03","guid":{"rendered":"http:\/\/www.pm.pb.gov.br\/portal\/?p=896029"},"modified":"2017-11-16T12:13:03","modified_gmt":"2017-11-16T15:13:03","slug":"policia-militar-prende-um-dos-suspeitos-de-cometer-duplo-homicidio-em-santa-rita-e-identifica-os-outros-envolvidos","status":"publish","type":"post","link":"https:\/\/www.pm.pb.gov.br\/portal\/2017\/11\/16\/policia-militar-prende-um-dos-suspeitos-de-cometer-duplo-homicidio-em-santa-rita-e-identifica-os-outros-envolvidos\/","title":{"rendered":"Pol\u00edcia Militar prende um dos suspeitos de cometer duplo homic\u00eddio em Santa Rita e identifica os outros envolvidos"},"content":{"rendered":"<p style=\"text-align: justify;\">Policiais do 7\u00ba Batalh\u00e3o prenderam, nessa quarta-feira (15), um suspeito de 22 anos que estaria envolvido em um duplo homic\u00eddio que aconteceu na \u00faltima segunda-feira (12), no bairro do Alto das Populares, em Santa Rita. O acusado, que foi preso no bairro do A\u00e7ude, confessou o crime e disse que o motivo estaria relacionado \u00e0 disputa pelo tr\u00e1fico de drogas na regi\u00e3o. Os outros dois comparsas dele j\u00e1 foram identificados.<\/p>\n<p style=\"text-align: justify;\">De acordo com o subtenente Severino Silva, do 7\u00ba Batalh\u00e3o, a ordem dos assassinatos teria partido de dentro de um dos pres\u00eddios da Capital. \u201cForam quatro suspeitos cumprir a ordem de um traficante, que est\u00e1 preso, para matar o Andr\u00e9 Firmino de Oliveira, de 20 anos, mas na hora um deles n\u00e3o teve coragem de cumprir a tarefa criminosa, ent\u00e3o os comparsas foram e praticaram o crime\u201d, disse.<\/p>\n<p style=\"text-align: justify;\">Ainda segundo o PM, a outra v\u00edtima era o\u00a0Jonathan Diego Gomes de Lima, que foi o que n\u00e3o cumpriu a ordem de executar o Andr\u00e9. \u201cAp\u00f3s sa\u00edrem da casa da primeira v\u00edtima, pegaram o Diego, mataram e o abandonaram em uma \u00e1rea de vegeta\u00e7\u00e3o\u201d, completou.<\/p>\n<p style=\"text-align: justify;\">Os levantamentos apontam que o crime estaria relacionado com a disputa do tr\u00e1fico drogas entre criminosos dos bairros do Alto das Populares e do A\u00e7ude, em Santa Rita. Por conta disso, o 7\u00ba Batalh\u00e3o est\u00e1 refor\u00e7ando as a\u00e7\u00f5es nessas duas localidades, para prender outros suspeitos e evitar novos crimes.<\/p>\n<p style=\"text-align: justify;\">O acusado do duplo homic\u00eddio foi levado para a Central de Pol\u00edcia Civil e apresentado na Delegacia de Homic\u00eddios, em Jo\u00e3o Pessoa.<\/p>\n","protected":false},"excerpt":{"rendered":"<p>Policiais do 7\u00ba Batalh\u00e3o prenderam, nessa quarta-feira (15), um suspeito de 22 anos que estaria envolvido em um duplo homic\u00eddio<\/p>\n","protected":false},"author":12,"featured_media":895708,"comment_status":"closed","ping_status":"closed","sticky":false,"template":"","format":"standard","meta":{"_exactmetrics_skip_tracking":false,"_exactmetrics_sitenote_active":false,"_exactmetrics_sitenote_note":"","_exactmetrics_sitenote_category":0,"footnotes":""},"categories":[4],"tags":[],"yoast_head":"<!-- This site is optimized with the Yoast SEO plugin v22.0 - https:\/\/yoast.com\/wordpress\/plugins\/seo\/ -->\n<title>Pol\u00edcia Militar prende um dos suspeitos de cometer duplo homic\u00eddio em Santa Rita e identifica os outros envolvidos - Pol\u00edcia Militar da Para\u00edba<\/title>\n<meta name=\"robots\" content=\"index, follow, max-snippet:-1, max-image-preview:large, max-video-preview:-1\" \/>\n<link rel=\"canonical\" href=\"https:\/\/www.pm.pb.gov.br\/portal\/2017\/11\/16\/policia-militar-prende-um-dos-suspeitos-de-cometer-duplo-homicidio-em-santa-rita-e-identifica-os-outros-envolvidos\/\" \/>\n<meta property=\"og:locale\" content=\"pt_BR\" \/>\n<meta property=\"og:type\" content=\"article\" \/>\n<meta property=\"og:title\" content=\"Pol\u00edcia Militar prende um dos suspeitos de cometer duplo homic\u00eddio em Santa Rita e identifica os outros envolvidos - Pol\u00edcia Militar da Para\u00edba\" \/>\n<meta property=\"og:description\" content=\"Policiais do 7\u00ba Batalh\u00e3o prenderam, nessa quarta-feira (15), um suspeito de 22 anos que estaria envolvido em um duplo homic\u00eddio\" \/>\n<meta property=\"og:url\" content=\"https:\/\/www.pm.pb.gov.br\/portal\/2017\/11\/16\/policia-militar-prende-um-dos-suspeitos-de-cometer-duplo-homicidio-em-santa-rita-e-identifica-os-outros-envolvidos\/\" \/>\n<meta property=\"og:site_name\" content=\"Pol\u00edcia Militar da Para\u00edba\" \/>\n<meta property=\"article:published_time\" content=\"2017-11-16T15:13:03+00:00\" \/>\n<meta property=\"og:image\" content=\"https:\/\/www.pm.pb.gov.br\/portal\/wp-content\/uploads\/2017\/10\/Imagems-Ilustrativa-Site-Novo.jpg\" \/>\n\t<meta property=\"og:image:width\" content=\"800\" \/>\n\t<meta property=\"og:image:height\" content=\"445\" \/>\n\t<meta property=\"og:image:type\" content=\"image\/jpeg\" \/>\n<meta name=\"author\" content=\"Tarcisio Oliveira\" \/>\n<meta name=\"twitter:card\" content=\"summary_large_image\" \/>\n<meta name=\"twitter:label1\" content=\"Escrito por\" \/>\n\t<meta name=\"twitter:data1\" content=\"Tarcisio Oliveira\" \/>\n\t<meta name=\"twitter:label2\" content=\"Est. tempo de leitura\" \/>\n\t<meta name=\"twitter:data2\" content=\"1 minuto\" \/>\n<script type=\"application\/ld+json\" class=\"yoast-schema-graph\">{\"@context\":\"https:\/\/schema.org\",\"@graph\":[{\"@type\":\"Article\",\"@id\":\"https:\/\/www.pm.pb.gov.br\/portal\/2017\/11\/16\/policia-militar-prende-um-dos-suspeitos-de-cometer-duplo-homicidio-em-santa-rita-e-identifica-os-outros-envolvidos\/#article\",\"isPartOf\":{\"@id\":\"https:\/\/www.pm.pb.gov.br\/portal\/2017\/11\/16\/policia-militar-prende-um-dos-suspeitos-de-cometer-duplo-homicidio-em-santa-rita-e-identifica-os-outros-envolvidos\/\"},\"author\":{\"name\":\"Tarcisio Oliveira\",\"@id\":\"https:\/\/www.pm.pb.gov.br\/portal\/#\/schema\/person\/f84f56dcc78ce4357054da888b8247fd\"},\"headline\":\"Pol\u00edcia Militar prende um dos suspeitos de cometer duplo homic\u00eddio em Santa Rita e identifica os outros envolvidos\",\"datePublished\":\"2017-11-16T15:13:03+00:00\",\"dateModified\":\"2017-11-16T15:13:03+00:00\",\"mainEntityOfPage\":{\"@id\":\"https:\/\/www.pm.pb.gov.br\/portal\/2017\/11\/16\/policia-militar-prende-um-dos-suspeitos-de-cometer-duplo-homicidio-em-santa-rita-e-identifica-os-outros-envolvidos\/\"},\"wordCount\":291,\"publisher\":{\"@id\":\"https:\/\/www.pm.pb.gov.br\/portal\/#organization\"},\"articleSection\":[\"A\u00e7\u00f5es Policiais\"],\"inLanguage\":\"pt-BR\"},{\"@type\":\"WebPage\",\"@id\":\"https:\/\/www.pm.pb.gov.br\/portal\/2017\/11\/16\/policia-militar-prende-um-dos-suspeitos-de-cometer-duplo-homicidio-em-santa-rita-e-identifica-os-outros-envolvidos\/\",\"url\":\"https:\/\/www.pm.pb.gov.br\/portal\/2017\/11\/16\/policia-militar-prende-um-dos-suspeitos-de-cometer-duplo-homicidio-em-santa-rita-e-identifica-os-outros-envolvidos\/\",\"name\":\"Pol\u00edcia Militar prende um dos suspeitos de cometer duplo homic\u00eddio em Santa Rita e identifica os outros envolvidos - Pol\u00edcia Militar da Para\u00edba\",\"isPartOf\":{\"@id\":\"https:\/\/www.pm.pb.gov.br\/portal\/#website\"},\"datePublished\":\"2017-11-16T15:13:03+00:00\",\"dateModified\":\"2017-11-16T15:13:03+00:00\",\"breadcrumb\":{\"@id\":\"https:\/\/www.pm.pb.gov.br\/portal\/2017\/11\/16\/policia-militar-prende-um-dos-suspeitos-de-cometer-duplo-homicidio-em-santa-rita-e-identifica-os-outros-envolvidos\/#breadcrumb\"},\"inLanguage\":\"pt-BR\",\"potentialAction\":[{\"@type\":\"ReadAction\",\"target\":[\"https:\/\/www.pm.pb.gov.br\/portal\/2017\/11\/16\/policia-militar-prende-um-dos-suspeitos-de-cometer-duplo-homicidio-em-santa-rita-e-identifica-os-outros-envolvidos\/\"]}]},{\"@type\":\"BreadcrumbList\",\"@id\":\"https:\/\/www.pm.pb.gov.br\/portal\/2017\/11\/16\/policia-militar-prende-um-dos-suspeitos-de-cometer-duplo-homicidio-em-santa-rita-e-identifica-os-outros-envolvidos\/#breadcrumb\",\"itemListElement\":[{\"@type\":\"ListItem\",\"position\":1,\"name\":\"In\u00edcio\",\"item\":\"https:\/\/www.pm.pb.gov.br\/portal\/\"},{\"@type\":\"ListItem\",\"position\":2,\"name\":\"Pol\u00edcia Militar prende um dos suspeitos de cometer duplo homic\u00eddio em Santa Rita e identifica os outros envolvidos\"}]},{\"@type\":\"WebSite\",\"@id\":\"https:\/\/www.pm.pb.gov.br\/portal\/#website\",\"url\":\"https:\/\/www.pm.pb.gov.br\/portal\/\",\"name\":\"Pol\u00edcia Militar da Para\u00edba\",\"description\":\"\",\"publisher\":{\"@id\":\"https:\/\/www.pm.pb.gov.br\/portal\/#organization\"},\"potentialAction\":[{\"@type\":\"SearchAction\",\"target\":{\"@type\":\"EntryPoint\",\"urlTemplate\":\"https:\/\/www.pm.pb.gov.br\/portal\/?s={search_term_string}\"},\"query-input\":\"required name=search_term_string\"}],\"inLanguage\":\"pt-BR\"},{\"@type\":\"Organization\",\"@id\":\"https:\/\/www.pm.pb.gov.br\/portal\/#organization\",\"name\":\"Pol\u00edcia Militar da Para\u00edba\",\"url\":\"https:\/\/www.pm.pb.gov.br\/portal\/\",\"logo\":{\"@type\":\"ImageObject\",\"inLanguage\":\"pt-BR\",\"@id\":\"https:\/\/www.pm.pb.gov.br\/portal\/#\/schema\/logo\/image\/\",\"url\":\"https:\/\/www.pm.pb.gov.br\/portal\/wp-content\/uploads\/2025\/03\/cropped-logo-site-mag2-1.png\",\"contentUrl\":\"https:\/\/www.pm.pb.gov.br\/portal\/wp-content\/uploads\/2025\/03\/cropped-logo-site-mag2-1.png\",\"width\":320,\"height\":90,\"caption\":\"Pol\u00edcia Militar da Para\u00edba\"},\"image\":{\"@id\":\"https:\/\/www.pm.pb.gov.br\/portal\/#\/schema\/logo\/image\/\"}},{\"@type\":\"Person\",\"@id\":\"https:\/\/www.pm.pb.gov.br\/portal\/#\/schema\/person\/f84f56dcc78ce4357054da888b8247fd\",\"name\":\"Tarcisio Oliveira\",\"image\":{\"@type\":\"ImageObject\",\"inLanguage\":\"pt-BR\",\"@id\":\"https:\/\/www.pm.pb.gov.br\/portal\/#\/schema\/person\/image\/\",\"url\":\"https:\/\/secure.gravatar.com\/avatar\/72917b630b69d31cd0297507f34bac97?s=96&d=mm&r=g\",\"contentUrl\":\"https:\/\/secure.gravatar.com\/avatar\/72917b630b69d31cd0297507f34bac97?s=96&d=mm&r=g\",\"caption\":\"Tarcisio Oliveira\"},\"url\":\"https:\/\/www.pm.pb.gov.br\/portal\/author\/tarcisio\/\"}]}<\/script>\n<!-- \/ Yoast SEO plugin. -->","yoast_head_json":{"title":"Pol\u00edcia Militar prende um dos suspeitos de cometer duplo homic\u00eddio em Santa Rita e identifica os outros envolvidos - Pol\u00edcia Militar da Para\u00edba","robots":{"index":"index","follow":"follow","max-snippet":"max-snippet:-1","max-image-preview":"max-image-preview:large","max-video-preview":"max-video-preview:-1"},"canonical":"https:\/\/www.pm.pb.gov.br\/portal\/2017\/11\/16\/policia-militar-prende-um-dos-suspeitos-de-cometer-duplo-homicidio-em-santa-rita-e-identifica-os-outros-envolvidos\/","og_locale":"pt_BR","og_type":"article","og_title":"Pol\u00edcia Militar prende um dos suspeitos de cometer duplo homic\u00eddio em Santa Rita e identifica os outros envolvidos - Pol\u00edcia Militar da Para\u00edba","og_description":"Policiais do 7\u00ba Batalh\u00e3o prenderam, nessa quarta-feira (15), um suspeito de 22 anos que estaria envolvido em um duplo homic\u00eddio","og_url":"https:\/\/www.pm.pb.gov.br\/portal\/2017\/11\/16\/policia-militar-prende-um-dos-suspeitos-de-cometer-duplo-homicidio-em-santa-rita-e-identifica-os-outros-envolvidos\/","og_site_name":"Pol\u00edcia Militar da Para\u00edba","article_published_time":"2017-11-16T15:13:03+00:00","og_image":[{"width":800,"height":445,"url":"https:\/\/www.pm.pb.gov.br\/portal\/wp-content\/uploads\/2017\/10\/Imagems-Ilustrativa-Site-Novo.jpg","type":"image\/jpeg"}],"author":"Tarcisio Oliveira","twitter_card":"summary_large_image","twitter_misc":{"Escrito por":"Tarcisio Oliveira","Est. tempo de leitura":"1 minuto"},"schema":{"@context":"https:\/\/schema.org","@graph":[{"@type":"Article","@id":"https:\/\/www.pm.pb.gov.br\/portal\/2017\/11\/16\/policia-militar-prende-um-dos-suspeitos-de-cometer-duplo-homicidio-em-santa-rita-e-identifica-os-outros-envolvidos\/#article","isPartOf":{"@id":"https:\/\/www.pm.pb.gov.br\/portal\/2017\/11\/16\/policia-militar-prende-um-dos-suspeitos-de-cometer-duplo-homicidio-em-santa-rita-e-identifica-os-outros-envolvidos\/"},"author":{"name":"Tarcisio Oliveira","@id":"https:\/\/www.pm.pb.gov.br\/portal\/#\/schema\/person\/f84f56dcc78ce4357054da888b8247fd"},"headline":"Pol\u00edcia Militar prende um dos suspeitos de cometer duplo homic\u00eddio em Santa Rita e identifica os outros envolvidos","datePublished":"2017-11-16T15:13:03+00:00","dateModified":"2017-11-16T15:13:03+00:00","mainEntityOfPage":{"@id":"https:\/\/www.pm.pb.gov.br\/portal\/2017\/11\/16\/policia-militar-prende-um-dos-suspeitos-de-cometer-duplo-homicidio-em-santa-rita-e-identifica-os-outros-envolvidos\/"},"wordCount":291,"publisher":{"@id":"https:\/\/www.pm.pb.gov.br\/portal\/#organization"},"articleSection":["A\u00e7\u00f5es Policiais"],"inLanguage":"pt-BR"},{"@type":"WebPage","@id":"https:\/\/www.pm.pb.gov.br\/portal\/2017\/11\/16\/policia-militar-prende-um-dos-suspeitos-de-cometer-duplo-homicidio-em-santa-rita-e-identifica-os-outros-envolvidos\/","url":"https:\/\/www.pm.pb.gov.br\/portal\/2017\/11\/16\/policia-militar-prende-um-dos-suspeitos-de-cometer-duplo-homicidio-em-santa-rita-e-identifica-os-outros-envolvidos\/","name":"Pol\u00edcia Militar prende um dos suspeitos de cometer duplo homic\u00eddio em Santa Rita e identifica os outros envolvidos - Pol\u00edcia Militar da Para\u00edba","isPartOf":{"@id":"https:\/\/www.pm.pb.gov.br\/portal\/#website"},"datePublished":"2017-11-16T15:13:03+00:00","dateModified":"2017-11-16T15:13:03+00:00","breadcrumb":{"@id":"https:\/\/www.pm.pb.gov.br\/portal\/2017\/11\/16\/policia-militar-prende-um-dos-suspeitos-de-cometer-duplo-homicidio-em-santa-rita-e-identifica-os-outros-envolvidos\/#breadcrumb"},"inLanguage":"pt-BR","potentialAction":[{"@type":"ReadAction","target":["https:\/\/www.pm.pb.gov.br\/portal\/2017\/11\/16\/policia-militar-prende-um-dos-suspeitos-de-cometer-duplo-homicidio-em-santa-rita-e-identifica-os-outros-envolvidos\/"]}]},{"@type":"BreadcrumbList","@id":"https:\/\/www.pm.pb.gov.br\/portal\/2017\/11\/16\/policia-militar-prende-um-dos-suspeitos-de-cometer-duplo-homicidio-em-santa-rita-e-identifica-os-outros-envolvidos\/#breadcrumb","itemListElement":[{"@type":"ListItem","position":1,"name":"In\u00edcio","item":"https:\/\/www.pm.pb.gov.br\/portal\/"},{"@type":"ListItem","position":2,"name":"Pol\u00edcia Militar prende um dos suspeitos de cometer duplo homic\u00eddio em Santa Rita e identifica os outros envolvidos"}]},{"@type":"WebSite","@id":"https:\/\/www.pm.pb.gov.br\/portal\/#website","url":"https:\/\/www.pm.pb.gov.br\/portal\/","name":"Pol\u00edcia Militar da Para\u00edba","description":"","publisher":{"@id":"https:\/\/www.pm.pb.gov.br\/portal\/#organization"},"potentialAction":[{"@type":"SearchAction","target":{"@type":"EntryPoint","urlTemplate":"https:\/\/www.pm.pb.gov.br\/portal\/?s={search_term_string}"},"query-input":"required name=search_term_string"}],"inLanguage":"pt-BR"},{"@type":"Organization","@id":"https:\/\/www.pm.pb.gov.br\/portal\/#organization","name":"Pol\u00edcia Militar da Para\u00edba","url":"https:\/\/www.pm.pb.gov.br\/portal\/","logo":{"@type":"ImageObject","inLanguage":"pt-BR","@id":"https:\/\/www.pm.pb.gov.br\/portal\/#\/schema\/logo\/image\/","url":"https:\/\/www.pm.pb.gov.br\/portal\/wp-content\/uploads\/2025\/03\/cropped-logo-site-mag2-1.png","contentUrl":"https:\/\/www.pm.pb.gov.br\/portal\/wp-content\/uploads\/2025\/03\/cropped-logo-site-mag2-1.png","width":320,"height":90,"caption":"Pol\u00edcia Militar da Para\u00edba"},"image":{"@id":"https:\/\/www.pm.pb.gov.br\/portal\/#\/schema\/logo\/image\/"}},{"@type":"Person","@id":"https:\/\/www.pm.pb.gov.br\/portal\/#\/schema\/person\/f84f56dcc78ce4357054da888b8247fd","name":"Tarcisio Oliveira","image":{"@type":"ImageObject","inLanguage":"pt-BR","@id":"https:\/\/www.pm.pb.gov.br\/portal\/#\/schema\/person\/image\/","url":"https:\/\/secure.gravatar.com\/avatar\/72917b630b69d31cd0297507f34bac97?s=96&d=mm&r=g","contentUrl":"https:\/\/secure.gravatar.com\/avatar\/72917b630b69d31cd0297507f34bac97?s=96&d=mm&r=g","caption":"Tarcisio Oliveira"},"url":"https:\/\/www.pm.pb.gov.br\/portal\/author\/tarcisio\/"}]}},"_links":{"self":[{"href":"https:\/\/www.pm.pb.gov.br\/portal\/wp-json\/wp\/v2\/posts\/896029"}],"collection":[{"href":"https:\/\/www.pm.pb.gov.br\/portal\/wp-json\/wp\/v2\/posts"}],"about":[{"href":"https:\/\/www.pm.pb.gov.br\/portal\/wp-json\/wp\/v2\/types\/post"}],"author":[{"embeddable":true,"href":"https:\/\/www.pm.pb.gov.br\/portal\/wp-json\/wp\/v2\/users\/12"}],"replies":[{"embeddable":true,"href":"https:\/\/www.pm.pb.gov.br\/portal\/wp-json\/wp\/v2\/comments?post=896029"}],"version-history":[{"count":1,"href":"https:\/\/www.pm.pb.gov.br\/portal\/wp-json\/wp\/v2\/posts\/896029\/revisions"}],"predecessor-version":[{"id":896030,"href":"https:\/\/www.pm.pb.gov.br\/portal\/wp-json\/wp\/v2\/posts\/896029\/revisions\/896030"}],"wp:featuredmedia":[{"embeddable":true,"href":"https:\/\/www.pm.pb.gov.br\/portal\/wp-json\/wp\/v2\/media\/895708"}],"wp:attachment":[{"href":"https:\/\/www.pm.pb.gov.br\/portal\/wp-json\/wp\/v2\/media?parent=896029"}],"wp:term":[{"taxonomy":"category","embeddable":true,"href":"https:\/\/www.pm.pb.gov.br\/portal\/wp-json\/wp\/v2\/categories?post=896029"},{"taxonomy":"post_tag","embeddable":true,"href":"https:\/\/www.pm.pb.gov.br\/portal\/wp-json\/wp\/v2\/tags?post=896029"}],"curies":[{"name":"wp","href":"https:\/\/api.w.org\/{rel}","templated":true}]}}