{"id":896022,"date":"2017-11-16T11:52:06","date_gmt":"2017-11-16T14:52:06","guid":{"rendered":"http:\/\/www.pm.pb.gov.br\/portal\/?p=896022"},"modified":"2017-11-16T11:52:06","modified_gmt":"2017-11-16T14:52:06","slug":"policia-militar-apreende-15-armas-de-fogo-no-feriado-da-proclamacao-da-republica","status":"publish","type":"post","link":"https:\/\/www.pm.pb.gov.br\/portal\/2017\/11\/16\/policia-militar-apreende-15-armas-de-fogo-no-feriado-da-proclamacao-da-republica\/","title":{"rendered":"Pol\u00edcia Militar apreende 15 armas de fogo no feriado da Proclama\u00e7\u00e3o da Rep\u00fablica"},"content":{"rendered":"<p style=\"text-align: justify;\">A Pol\u00edcia Militar apreendeu 15 armas de fogo nas cidades de Jo\u00e3o Pessoa, S\u00e3o Jos\u00e9 dos Ramos, Cuit\u00e9, Alhandra, S\u00e3o Sebasti\u00e3o do Umbuzeiro, Guarabira, Salgado de S\u00e3o F\u00e9lix, Juarez T\u00e1vora, Curral de Cima e Capim, no feriado dessa quarta-feira (15). Foram apreendidos oito rev\u00f3lveres e sete espingardas nas a\u00e7\u00f5es, que resultaram em dez suspeitos detidos em flagrante, com idades entre 17 e 57 anos.<\/p>\n<p style=\"text-align: justify;\">A \u00faltima apreens\u00e3o foi realizada no fim da noite, no bairro de Mangabeira II, em Jo\u00e3o Pessoa. Policiais da For\u00e7a Regional flagraram dois suspeitos, de 22 e 17 anos, com um rev\u00f3lver calibre 38 na laje de um condom\u00ednio residencial, na Rua Jo\u00e3o Francisco Alves. Eles estariam fazendo seguran\u00e7a de um ponto de tr\u00e1fico de drogas. A Capital registrou ainda apreens\u00f5es de armas nos bairros do Jardim Veneza, Padre Z\u00e9 e Bessa.<\/p>\n<p><img loading=\"lazy\" decoding=\"async\" class=\"wp-image-896024 alignleft\" src=\"http:\/\/www.pm.pb.gov.br\/portal\/wp-content\/uploads\/2017\/11\/CAPIM-635x445.jpg\" alt=\"\" width=\"338\" height=\"237\" srcset=\"https:\/\/www.pm.pb.gov.br\/portal\/wp-content\/uploads\/2017\/11\/CAPIM-635x445.jpg 635w, https:\/\/www.pm.pb.gov.br\/portal\/wp-content\/uploads\/2017\/11\/CAPIM-768x539.jpg 768w, https:\/\/www.pm.pb.gov.br\/portal\/wp-content\/uploads\/2017\/11\/CAPIM-130x90.jpg 130w, https:\/\/www.pm.pb.gov.br\/portal\/wp-content\/uploads\/2017\/11\/CAPIM.jpg 800w\" sizes=\"(max-width: 338px) 100vw, 338px\" \/><\/p>\n<p>&nbsp;<\/p>\n<p style=\"text-align: justify;\">Na cidade de Curral de Cima, ainda durante \u00e0 noite, no Litoral Norte do Estado, os policiais da 2\u00aa Companhia Independente apreenderam uma espingarda que foi utilizada para matar o cachorro de um agricultor, no S\u00edtio Olho D\u2019 \u00c1gua. O animal foi morto por um homem de 57 anos, que pretendia matar o dono da resid\u00eancia, mas como n\u00e3o o encontrou, resolveu tirar a vida do cachorro.<\/p>\n<p>&nbsp;<\/p>\n<p style=\"text-align: justify;\">Em Alhandra, no Litoral Sul da Para\u00edba, um suspeito de 18 anos foi preso com um rev\u00f3lver calibre 38 ap\u00f3s abordagem a uma moto, pr\u00f3ximo a um assentamento do Distrito de Mata Redonda.<\/p>\n<p style=\"text-align: justify;\">A maioria das apreens\u00f5es aconteceu nas abordagens e blitzen que foram intensificadas pela PM por causa do feriado, quando a corpora\u00e7\u00e3o refor\u00e7ou as a\u00e7\u00f5es para prender suspeitos de crimes e retirar armas e drogas de circula\u00e7\u00e3o. Todas as armas apreendidas foram apresentadas nas delegacias de Pol\u00edcia Civil.<\/p>\n","protected":false},"excerpt":{"rendered":"<p>A Pol\u00edcia Militar apreendeu 15 armas de fogo nas cidades de Jo\u00e3o Pessoa, S\u00e3o Jos\u00e9 dos Ramos, Cuit\u00e9, Alhandra, S\u00e3o<\/p>\n","protected":false},"author":15,"featured_media":896023,"comment_status":"closed","ping_status":"closed","sticky":false,"template":"","format":"standard","meta":{"_exactmetrics_skip_tracking":false,"_exactmetrics_sitenote_active":false,"_exactmetrics_sitenote_note":"","_exactmetrics_sitenote_category":0,"footnotes":""},"categories":[4],"tags":[],"yoast_head":"<!-- This site is optimized with the Yoast SEO plugin v22.0 - https:\/\/yoast.com\/wordpress\/plugins\/seo\/ -->\n<title>Pol\u00edcia Militar apreende 15 armas de fogo no feriado da Proclama\u00e7\u00e3o da Rep\u00fablica - Pol\u00edcia Militar da Para\u00edba<\/title>\n<meta name=\"robots\" content=\"index, follow, max-snippet:-1, max-image-preview:large, max-video-preview:-1\" \/>\n<link rel=\"canonical\" href=\"https:\/\/www.pm.pb.gov.br\/portal\/2017\/11\/16\/policia-militar-apreende-15-armas-de-fogo-no-feriado-da-proclamacao-da-republica\/\" \/>\n<meta property=\"og:locale\" content=\"pt_BR\" \/>\n<meta property=\"og:type\" content=\"article\" \/>\n<meta property=\"og:title\" content=\"Pol\u00edcia Militar apreende 15 armas de fogo no feriado da Proclama\u00e7\u00e3o da Rep\u00fablica - Pol\u00edcia Militar da Para\u00edba\" \/>\n<meta property=\"og:description\" content=\"A Pol\u00edcia Militar apreendeu 15 armas de fogo nas cidades de Jo\u00e3o Pessoa, S\u00e3o Jos\u00e9 dos Ramos, Cuit\u00e9, Alhandra, S\u00e3o\" \/>\n<meta property=\"og:url\" content=\"https:\/\/www.pm.pb.gov.br\/portal\/2017\/11\/16\/policia-militar-apreende-15-armas-de-fogo-no-feriado-da-proclamacao-da-republica\/\" \/>\n<meta property=\"og:site_name\" content=\"Pol\u00edcia Militar da Para\u00edba\" \/>\n<meta property=\"article:published_time\" content=\"2017-11-16T14:52:06+00:00\" \/>\n<meta property=\"og:image\" content=\"https:\/\/www.pm.pb.gov.br\/portal\/wp-content\/uploads\/2017\/11\/ALHANDRA.jpg\" \/>\n\t<meta property=\"og:image:width\" content=\"800\" \/>\n\t<meta property=\"og:image:height\" content=\"445\" \/>\n\t<meta property=\"og:image:type\" content=\"image\/jpeg\" \/>\n<meta name=\"author\" content=\"Marcio Gomes dos Santos\" \/>\n<meta name=\"twitter:card\" content=\"summary_large_image\" \/>\n<meta name=\"twitter:label1\" content=\"Escrito por\" \/>\n\t<meta name=\"twitter:data1\" content=\"Marcio Gomes dos Santos\" \/>\n\t<meta name=\"twitter:label2\" content=\"Est. tempo de leitura\" \/>\n\t<meta name=\"twitter:data2\" content=\"2 minutos\" \/>\n<script type=\"application\/ld+json\" class=\"yoast-schema-graph\">{\"@context\":\"https:\/\/schema.org\",\"@graph\":[{\"@type\":\"Article\",\"@id\":\"https:\/\/www.pm.pb.gov.br\/portal\/2017\/11\/16\/policia-militar-apreende-15-armas-de-fogo-no-feriado-da-proclamacao-da-republica\/#article\",\"isPartOf\":{\"@id\":\"https:\/\/www.pm.pb.gov.br\/portal\/2017\/11\/16\/policia-militar-apreende-15-armas-de-fogo-no-feriado-da-proclamacao-da-republica\/\"},\"author\":{\"name\":\"Marcio Gomes dos Santos\",\"@id\":\"https:\/\/www.pm.pb.gov.br\/portal\/#\/schema\/person\/30d571652b38533c2211e4e89bf5a502\"},\"headline\":\"Pol\u00edcia Militar apreende 15 armas de fogo no feriado da Proclama\u00e7\u00e3o da Rep\u00fablica\",\"datePublished\":\"2017-11-16T14:52:06+00:00\",\"dateModified\":\"2017-11-16T14:52:06+00:00\",\"mainEntityOfPage\":{\"@id\":\"https:\/\/www.pm.pb.gov.br\/portal\/2017\/11\/16\/policia-militar-apreende-15-armas-de-fogo-no-feriado-da-proclamacao-da-republica\/\"},\"wordCount\":320,\"publisher\":{\"@id\":\"https:\/\/www.pm.pb.gov.br\/portal\/#organization\"},\"articleSection\":[\"A\u00e7\u00f5es Policiais\"],\"inLanguage\":\"pt-BR\"},{\"@type\":\"WebPage\",\"@id\":\"https:\/\/www.pm.pb.gov.br\/portal\/2017\/11\/16\/policia-militar-apreende-15-armas-de-fogo-no-feriado-da-proclamacao-da-republica\/\",\"url\":\"https:\/\/www.pm.pb.gov.br\/portal\/2017\/11\/16\/policia-militar-apreende-15-armas-de-fogo-no-feriado-da-proclamacao-da-republica\/\",\"name\":\"Pol\u00edcia Militar apreende 15 armas de fogo no feriado da Proclama\u00e7\u00e3o da Rep\u00fablica - Pol\u00edcia Militar da Para\u00edba\",\"isPartOf\":{\"@id\":\"https:\/\/www.pm.pb.gov.br\/portal\/#website\"},\"datePublished\":\"2017-11-16T14:52:06+00:00\",\"dateModified\":\"2017-11-16T14:52:06+00:00\",\"breadcrumb\":{\"@id\":\"https:\/\/www.pm.pb.gov.br\/portal\/2017\/11\/16\/policia-militar-apreende-15-armas-de-fogo-no-feriado-da-proclamacao-da-republica\/#breadcrumb\"},\"inLanguage\":\"pt-BR\",\"potentialAction\":[{\"@type\":\"ReadAction\",\"target\":[\"https:\/\/www.pm.pb.gov.br\/portal\/2017\/11\/16\/policia-militar-apreende-15-armas-de-fogo-no-feriado-da-proclamacao-da-republica\/\"]}]},{\"@type\":\"BreadcrumbList\",\"@id\":\"https:\/\/www.pm.pb.gov.br\/portal\/2017\/11\/16\/policia-militar-apreende-15-armas-de-fogo-no-feriado-da-proclamacao-da-republica\/#breadcrumb\",\"itemListElement\":[{\"@type\":\"ListItem\",\"position\":1,\"name\":\"In\u00edcio\",\"item\":\"https:\/\/www.pm.pb.gov.br\/portal\/\"},{\"@type\":\"ListItem\",\"position\":2,\"name\":\"Pol\u00edcia Militar apreende 15 armas de fogo no feriado da Proclama\u00e7\u00e3o da Rep\u00fablica\"}]},{\"@type\":\"WebSite\",\"@id\":\"https:\/\/www.pm.pb.gov.br\/portal\/#website\",\"url\":\"https:\/\/www.pm.pb.gov.br\/portal\/\",\"name\":\"Pol\u00edcia Militar da Para\u00edba\",\"description\":\"\",\"publisher\":{\"@id\":\"https:\/\/www.pm.pb.gov.br\/portal\/#organization\"},\"potentialAction\":[{\"@type\":\"SearchAction\",\"target\":{\"@type\":\"EntryPoint\",\"urlTemplate\":\"https:\/\/www.pm.pb.gov.br\/portal\/?s={search_term_string}\"},\"query-input\":\"required name=search_term_string\"}],\"inLanguage\":\"pt-BR\"},{\"@type\":\"Organization\",\"@id\":\"https:\/\/www.pm.pb.gov.br\/portal\/#organization\",\"name\":\"Pol\u00edcia Militar da Para\u00edba\",\"url\":\"https:\/\/www.pm.pb.gov.br\/portal\/\",\"logo\":{\"@type\":\"ImageObject\",\"inLanguage\":\"pt-BR\",\"@id\":\"https:\/\/www.pm.pb.gov.br\/portal\/#\/schema\/logo\/image\/\",\"url\":\"https:\/\/www.pm.pb.gov.br\/portal\/wp-content\/uploads\/2025\/03\/cropped-logo-site-mag2-1.png\",\"contentUrl\":\"https:\/\/www.pm.pb.gov.br\/portal\/wp-content\/uploads\/2025\/03\/cropped-logo-site-mag2-1.png\",\"width\":320,\"height\":90,\"caption\":\"Pol\u00edcia Militar da Para\u00edba\"},\"image\":{\"@id\":\"https:\/\/www.pm.pb.gov.br\/portal\/#\/schema\/logo\/image\/\"}},{\"@type\":\"Person\",\"@id\":\"https:\/\/www.pm.pb.gov.br\/portal\/#\/schema\/person\/30d571652b38533c2211e4e89bf5a502\",\"name\":\"Marcio Gomes dos Santos\",\"image\":{\"@type\":\"ImageObject\",\"inLanguage\":\"pt-BR\",\"@id\":\"https:\/\/www.pm.pb.gov.br\/portal\/#\/schema\/person\/image\/\",\"url\":\"https:\/\/secure.gravatar.com\/avatar\/cf4ec2cb690101e1581c7773aa350c19?s=96&d=mm&r=g\",\"contentUrl\":\"https:\/\/secure.gravatar.com\/avatar\/cf4ec2cb690101e1581c7773aa350c19?s=96&d=mm&r=g\",\"caption\":\"Marcio Gomes dos Santos\"},\"url\":\"https:\/\/www.pm.pb.gov.br\/portal\/author\/mgomes\/\"}]}<\/script>\n<!-- \/ Yoast SEO plugin. -->","yoast_head_json":{"title":"Pol\u00edcia Militar apreende 15 armas de fogo no feriado da Proclama\u00e7\u00e3o da Rep\u00fablica - Pol\u00edcia Militar da Para\u00edba","robots":{"index":"index","follow":"follow","max-snippet":"max-snippet:-1","max-image-preview":"max-image-preview:large","max-video-preview":"max-video-preview:-1"},"canonical":"https:\/\/www.pm.pb.gov.br\/portal\/2017\/11\/16\/policia-militar-apreende-15-armas-de-fogo-no-feriado-da-proclamacao-da-republica\/","og_locale":"pt_BR","og_type":"article","og_title":"Pol\u00edcia Militar apreende 15 armas de fogo no feriado da Proclama\u00e7\u00e3o da Rep\u00fablica - Pol\u00edcia Militar da Para\u00edba","og_description":"A Pol\u00edcia Militar apreendeu 15 armas de fogo nas cidades de Jo\u00e3o Pessoa, S\u00e3o Jos\u00e9 dos Ramos, Cuit\u00e9, Alhandra, S\u00e3o","og_url":"https:\/\/www.pm.pb.gov.br\/portal\/2017\/11\/16\/policia-militar-apreende-15-armas-de-fogo-no-feriado-da-proclamacao-da-republica\/","og_site_name":"Pol\u00edcia Militar da Para\u00edba","article_published_time":"2017-11-16T14:52:06+00:00","og_image":[{"width":800,"height":445,"url":"https:\/\/www.pm.pb.gov.br\/portal\/wp-content\/uploads\/2017\/11\/ALHANDRA.jpg","type":"image\/jpeg"}],"author":"Marcio Gomes dos Santos","twitter_card":"summary_large_image","twitter_misc":{"Escrito por":"Marcio Gomes dos Santos","Est. tempo de leitura":"2 minutos"},"schema":{"@context":"https:\/\/schema.org","@graph":[{"@type":"Article","@id":"https:\/\/www.pm.pb.gov.br\/portal\/2017\/11\/16\/policia-militar-apreende-15-armas-de-fogo-no-feriado-da-proclamacao-da-republica\/#article","isPartOf":{"@id":"https:\/\/www.pm.pb.gov.br\/portal\/2017\/11\/16\/policia-militar-apreende-15-armas-de-fogo-no-feriado-da-proclamacao-da-republica\/"},"author":{"name":"Marcio Gomes dos Santos","@id":"https:\/\/www.pm.pb.gov.br\/portal\/#\/schema\/person\/30d571652b38533c2211e4e89bf5a502"},"headline":"Pol\u00edcia Militar apreende 15 armas de fogo no feriado da Proclama\u00e7\u00e3o da Rep\u00fablica","datePublished":"2017-11-16T14:52:06+00:00","dateModified":"2017-11-16T14:52:06+00:00","mainEntityOfPage":{"@id":"https:\/\/www.pm.pb.gov.br\/portal\/2017\/11\/16\/policia-militar-apreende-15-armas-de-fogo-no-feriado-da-proclamacao-da-republica\/"},"wordCount":320,"publisher":{"@id":"https:\/\/www.pm.pb.gov.br\/portal\/#organization"},"articleSection":["A\u00e7\u00f5es Policiais"],"inLanguage":"pt-BR"},{"@type":"WebPage","@id":"https:\/\/www.pm.pb.gov.br\/portal\/2017\/11\/16\/policia-militar-apreende-15-armas-de-fogo-no-feriado-da-proclamacao-da-republica\/","url":"https:\/\/www.pm.pb.gov.br\/portal\/2017\/11\/16\/policia-militar-apreende-15-armas-de-fogo-no-feriado-da-proclamacao-da-republica\/","name":"Pol\u00edcia Militar apreende 15 armas de fogo no feriado da Proclama\u00e7\u00e3o da Rep\u00fablica - Pol\u00edcia Militar da Para\u00edba","isPartOf":{"@id":"https:\/\/www.pm.pb.gov.br\/portal\/#website"},"datePublished":"2017-11-16T14:52:06+00:00","dateModified":"2017-11-16T14:52:06+00:00","breadcrumb":{"@id":"https:\/\/www.pm.pb.gov.br\/portal\/2017\/11\/16\/policia-militar-apreende-15-armas-de-fogo-no-feriado-da-proclamacao-da-republica\/#breadcrumb"},"inLanguage":"pt-BR","potentialAction":[{"@type":"ReadAction","target":["https:\/\/www.pm.pb.gov.br\/portal\/2017\/11\/16\/policia-militar-apreende-15-armas-de-fogo-no-feriado-da-proclamacao-da-republica\/"]}]},{"@type":"BreadcrumbList","@id":"https:\/\/www.pm.pb.gov.br\/portal\/2017\/11\/16\/policia-militar-apreende-15-armas-de-fogo-no-feriado-da-proclamacao-da-republica\/#breadcrumb","itemListElement":[{"@type":"ListItem","position":1,"name":"In\u00edcio","item":"https:\/\/www.pm.pb.gov.br\/portal\/"},{"@type":"ListItem","position":2,"name":"Pol\u00edcia Militar apreende 15 armas de fogo no feriado da Proclama\u00e7\u00e3o da Rep\u00fablica"}]},{"@type":"WebSite","@id":"https:\/\/www.pm.pb.gov.br\/portal\/#website","url":"https:\/\/www.pm.pb.gov.br\/portal\/","name":"Pol\u00edcia Militar da Para\u00edba","description":"","publisher":{"@id":"https:\/\/www.pm.pb.gov.br\/portal\/#organization"},"potentialAction":[{"@type":"SearchAction","target":{"@type":"EntryPoint","urlTemplate":"https:\/\/www.pm.pb.gov.br\/portal\/?s={search_term_string}"},"query-input":"required name=search_term_string"}],"inLanguage":"pt-BR"},{"@type":"Organization","@id":"https:\/\/www.pm.pb.gov.br\/portal\/#organization","name":"Pol\u00edcia Militar da Para\u00edba","url":"https:\/\/www.pm.pb.gov.br\/portal\/","logo":{"@type":"ImageObject","inLanguage":"pt-BR","@id":"https:\/\/www.pm.pb.gov.br\/portal\/#\/schema\/logo\/image\/","url":"https:\/\/www.pm.pb.gov.br\/portal\/wp-content\/uploads\/2025\/03\/cropped-logo-site-mag2-1.png","contentUrl":"https:\/\/www.pm.pb.gov.br\/portal\/wp-content\/uploads\/2025\/03\/cropped-logo-site-mag2-1.png","width":320,"height":90,"caption":"Pol\u00edcia Militar da Para\u00edba"},"image":{"@id":"https:\/\/www.pm.pb.gov.br\/portal\/#\/schema\/logo\/image\/"}},{"@type":"Person","@id":"https:\/\/www.pm.pb.gov.br\/portal\/#\/schema\/person\/30d571652b38533c2211e4e89bf5a502","name":"Marcio Gomes dos Santos","image":{"@type":"ImageObject","inLanguage":"pt-BR","@id":"https:\/\/www.pm.pb.gov.br\/portal\/#\/schema\/person\/image\/","url":"https:\/\/secure.gravatar.com\/avatar\/cf4ec2cb690101e1581c7773aa350c19?s=96&d=mm&r=g","contentUrl":"https:\/\/secure.gravatar.com\/avatar\/cf4ec2cb690101e1581c7773aa350c19?s=96&d=mm&r=g","caption":"Marcio Gomes dos Santos"},"url":"https:\/\/www.pm.pb.gov.br\/portal\/author\/mgomes\/"}]}},"_links":{"self":[{"href":"https:\/\/www.pm.pb.gov.br\/portal\/wp-json\/wp\/v2\/posts\/896022"}],"collection":[{"href":"https:\/\/www.pm.pb.gov.br\/portal\/wp-json\/wp\/v2\/posts"}],"about":[{"href":"https:\/\/www.pm.pb.gov.br\/portal\/wp-json\/wp\/v2\/types\/post"}],"author":[{"embeddable":true,"href":"https:\/\/www.pm.pb.gov.br\/portal\/wp-json\/wp\/v2\/users\/15"}],"replies":[{"embeddable":true,"href":"https:\/\/www.pm.pb.gov.br\/portal\/wp-json\/wp\/v2\/comments?post=896022"}],"version-history":[{"count":1,"href":"https:\/\/www.pm.pb.gov.br\/portal\/wp-json\/wp\/v2\/posts\/896022\/revisions"}],"predecessor-version":[{"id":896025,"href":"https:\/\/www.pm.pb.gov.br\/portal\/wp-json\/wp\/v2\/posts\/896022\/revisions\/896025"}],"wp:featuredmedia":[{"embeddable":true,"href":"https:\/\/www.pm.pb.gov.br\/portal\/wp-json\/wp\/v2\/media\/896023"}],"wp:attachment":[{"href":"https:\/\/www.pm.pb.gov.br\/portal\/wp-json\/wp\/v2\/media?parent=896022"}],"wp:term":[{"taxonomy":"category","embeddable":true,"href":"https:\/\/www.pm.pb.gov.br\/portal\/wp-json\/wp\/v2\/categories?post=896022"},{"taxonomy":"post_tag","embeddable":true,"href":"https:\/\/www.pm.pb.gov.br\/portal\/wp-json\/wp\/v2\/tags?post=896022"}],"curies":[{"name":"wp","href":"https:\/\/api.w.org\/{rel}","templated":true}]}}