{"id":896020,"date":"2017-11-15T10:51:41","date_gmt":"2017-11-15T13:51:41","guid":{"rendered":"http:\/\/www.pm.pb.gov.br\/portal\/?p=896020"},"modified":"2017-11-15T10:51:41","modified_gmt":"2017-11-15T13:51:41","slug":"treze-armas-de-fogo-sao-apreendidas-pela-policia-militar-durante-acoes-na-vespera-do-feriado","status":"publish","type":"post","link":"https:\/\/www.pm.pb.gov.br\/portal\/2017\/11\/15\/treze-armas-de-fogo-sao-apreendidas-pela-policia-militar-durante-acoes-na-vespera-do-feriado\/","title":{"rendered":"Treze armas de fogo s\u00e3o apreendidas pela Pol\u00edcia Militar durante a\u00e7\u00f5es na v\u00e9spera do feriado"},"content":{"rendered":"<p style=\"font-weight: 400; text-align: justify;\">A Pol\u00edcia Militar desencadeou uma s\u00e9rie de a\u00e7\u00f5es, nessa ter\u00e7a-feira(14), que resultaram na apreens\u00e3o de 13 armas de fogo na Capital e no interior do estado.<\/p>\n<p style=\"font-weight: 400; text-align: justify;\">Na capital, quatro armas foram apreendidas por policiais da Companhia de Choque, do Batalh\u00e3o de Opera\u00e7\u00f5es Especiais (BOPE), que estavam em rondas no bairro do Rangel quando foram informados que um trio suspeito de assaltos estaria trafegando armado, em um carro de cor branca no bairro.<\/p>\n<p style=\"font-weight: 400; text-align: justify;\">Durante as dilig\u00eancias, o grupo tentou fugir mas foi detido pelos policiais. Dois adultos e um adolescente estavam no carro e um rev\u00f3lver foi encontrado. As outras armas, sendo dois rev\u00f3lveres calibre 32 e 22, e uma espingarda calibre 32, foram apreendidas em uma casa, a qual os suspeitos informaram ter pretens\u00e3o de roubar para subtrair o armamento. O propriet\u00e1rio da casa tamb\u00e9m foi detido pela posse ilegal das armas.<\/p>\n<p style=\"font-weight: 400; text-align: justify;\">No munic\u00edpio de Patos, outras quatro armas tamb\u00e9m foram apreendidas. Duas delas foram encontradas ap\u00f3s uma\u00a0den\u00fancia an\u00f4nima feita aos policiais do destacamento de Cacimba de Areia, indicando que dois homens estariam a caminho da cidade pretendendo executar um roubo de motocicleta. A equipe policial conseguiu localizar os suspeitos e com a dupla foram encontrados uma espingarda calibre 12 e um rev\u00f3lver calibre 32.<\/p>\n<figure id=\"attachment_896005\" aria-describedby=\"caption-attachment-896005\" style=\"width: 622px\" class=\"wp-caption aligncenter\"><img loading=\"lazy\" decoding=\"async\" class=\"wp-image-896005\" src=\"http:\/\/www.pm.pb.gov.br\/portal\/wp-content\/uploads\/2017\/11\/WhatsApp-Image-2017-11-14-at-19.12.01.jpeg\" alt=\"\" width=\"622\" height=\"345\" srcset=\"https:\/\/www.pm.pb.gov.br\/portal\/wp-content\/uploads\/2017\/11\/WhatsApp-Image-2017-11-14-at-19.12.01.jpeg 800w, https:\/\/www.pm.pb.gov.br\/portal\/wp-content\/uploads\/2017\/11\/WhatsApp-Image-2017-11-14-at-19.12.01-245x136.jpeg 245w, https:\/\/www.pm.pb.gov.br\/portal\/wp-content\/uploads\/2017\/11\/WhatsApp-Image-2017-11-14-at-19.12.01-768x427.jpeg 768w\" sizes=\"(max-width: 622px) 100vw, 622px\" \/><figcaption id=\"caption-attachment-896005\" class=\"wp-caption-text\"><span style=\"font-size: 10pt;\">Revolver e espingarda apreendida com dupla nas proximidades de Patos<\/span><\/figcaption><\/figure>\n<p style=\"font-weight: 400; text-align: justify;\">Noutra ocorr\u00eancia, ainda em Patos, foram apreendidos com dois menores, dois rev\u00f3lveres calibre 38, al\u00e9m de 458 gramas drogas, dinheiro, cinco telefones celulares e uma balan\u00e7a de precis\u00e3o.<\/p>\n<p style=\"font-weight: 400; text-align: justify;\">As outras apreens\u00f5es ocorreram nas cidades de Lucena, Caturit\u00e9, S\u00e3o Jo\u00e3o do Rio do Peixe e Po\u00e7o de Jos\u00e9 Moura. Juntamente com as armas apreendidas, ao todo 10 pessoas foram detidas por porte ou posse ilegal de arma de fogo, sendo todas conduzidas para as respectivas delegacias.<\/p>\n","protected":false},"excerpt":{"rendered":"<p>A Pol\u00edcia Militar desencadeou uma s\u00e9rie de a\u00e7\u00f5es, nessa ter\u00e7a-feira(14), que resultaram na apreens\u00e3o de 13 armas de fogo na<\/p>\n","protected":false},"author":12,"featured_media":895497,"comment_status":"closed","ping_status":"closed","sticky":false,"template":"","format":"standard","meta":{"_exactmetrics_skip_tracking":false,"_exactmetrics_sitenote_active":false,"_exactmetrics_sitenote_note":"","_exactmetrics_sitenote_category":0,"footnotes":""},"categories":[4],"tags":[],"yoast_head":"<!-- This site is optimized with the Yoast SEO plugin v22.0 - https:\/\/yoast.com\/wordpress\/plugins\/seo\/ -->\n<title>Treze armas de fogo s\u00e3o apreendidas pela Pol\u00edcia Militar durante a\u00e7\u00f5es na v\u00e9spera do feriado - Pol\u00edcia Militar da Para\u00edba<\/title>\n<meta name=\"robots\" content=\"index, follow, max-snippet:-1, max-image-preview:large, max-video-preview:-1\" \/>\n<link rel=\"canonical\" href=\"https:\/\/www.pm.pb.gov.br\/portal\/2017\/11\/15\/treze-armas-de-fogo-sao-apreendidas-pela-policia-militar-durante-acoes-na-vespera-do-feriado\/\" \/>\n<meta property=\"og:locale\" content=\"pt_BR\" \/>\n<meta property=\"og:type\" content=\"article\" \/>\n<meta property=\"og:title\" content=\"Treze armas de fogo s\u00e3o apreendidas pela Pol\u00edcia Militar durante a\u00e7\u00f5es na v\u00e9spera do feriado - Pol\u00edcia Militar da Para\u00edba\" \/>\n<meta property=\"og:description\" content=\"A Pol\u00edcia Militar desencadeou uma s\u00e9rie de a\u00e7\u00f5es, nessa ter\u00e7a-feira(14), que resultaram na apreens\u00e3o de 13 armas de fogo na\" \/>\n<meta property=\"og:url\" content=\"https:\/\/www.pm.pb.gov.br\/portal\/2017\/11\/15\/treze-armas-de-fogo-sao-apreendidas-pela-policia-militar-durante-acoes-na-vespera-do-feriado\/\" \/>\n<meta property=\"og:site_name\" content=\"Pol\u00edcia Militar da Para\u00edba\" \/>\n<meta property=\"article:published_time\" content=\"2017-11-15T13:51:41+00:00\" \/>\n<meta property=\"og:image\" content=\"https:\/\/www.pm.pb.gov.br\/portal\/wp-content\/uploads\/2017\/09\/imagem-ilustrativa1.jpg\" \/>\n\t<meta property=\"og:image:width\" content=\"800\" \/>\n\t<meta property=\"og:image:height\" content=\"445\" \/>\n\t<meta property=\"og:image:type\" content=\"image\/jpeg\" \/>\n<meta name=\"author\" content=\"Tarcisio Oliveira\" \/>\n<meta name=\"twitter:card\" content=\"summary_large_image\" \/>\n<meta name=\"twitter:label1\" content=\"Escrito por\" \/>\n\t<meta name=\"twitter:data1\" content=\"Tarcisio Oliveira\" \/>\n\t<meta name=\"twitter:label2\" content=\"Est. tempo de leitura\" \/>\n\t<meta name=\"twitter:data2\" content=\"2 minutos\" \/>\n<script type=\"application\/ld+json\" class=\"yoast-schema-graph\">{\"@context\":\"https:\/\/schema.org\",\"@graph\":[{\"@type\":\"Article\",\"@id\":\"https:\/\/www.pm.pb.gov.br\/portal\/2017\/11\/15\/treze-armas-de-fogo-sao-apreendidas-pela-policia-militar-durante-acoes-na-vespera-do-feriado\/#article\",\"isPartOf\":{\"@id\":\"https:\/\/www.pm.pb.gov.br\/portal\/2017\/11\/15\/treze-armas-de-fogo-sao-apreendidas-pela-policia-militar-durante-acoes-na-vespera-do-feriado\/\"},\"author\":{\"name\":\"Tarcisio Oliveira\",\"@id\":\"https:\/\/www.pm.pb.gov.br\/portal\/#\/schema\/person\/f84f56dcc78ce4357054da888b8247fd\"},\"headline\":\"Treze armas de fogo s\u00e3o apreendidas pela Pol\u00edcia Militar durante a\u00e7\u00f5es na v\u00e9spera do feriado\",\"datePublished\":\"2017-11-15T13:51:41+00:00\",\"dateModified\":\"2017-11-15T13:51:41+00:00\",\"mainEntityOfPage\":{\"@id\":\"https:\/\/www.pm.pb.gov.br\/portal\/2017\/11\/15\/treze-armas-de-fogo-sao-apreendidas-pela-policia-militar-durante-acoes-na-vespera-do-feriado\/\"},\"wordCount\":336,\"publisher\":{\"@id\":\"https:\/\/www.pm.pb.gov.br\/portal\/#organization\"},\"articleSection\":[\"A\u00e7\u00f5es Policiais\"],\"inLanguage\":\"pt-BR\"},{\"@type\":\"WebPage\",\"@id\":\"https:\/\/www.pm.pb.gov.br\/portal\/2017\/11\/15\/treze-armas-de-fogo-sao-apreendidas-pela-policia-militar-durante-acoes-na-vespera-do-feriado\/\",\"url\":\"https:\/\/www.pm.pb.gov.br\/portal\/2017\/11\/15\/treze-armas-de-fogo-sao-apreendidas-pela-policia-militar-durante-acoes-na-vespera-do-feriado\/\",\"name\":\"Treze armas de fogo s\u00e3o apreendidas pela Pol\u00edcia Militar durante a\u00e7\u00f5es na v\u00e9spera do feriado - Pol\u00edcia Militar da Para\u00edba\",\"isPartOf\":{\"@id\":\"https:\/\/www.pm.pb.gov.br\/portal\/#website\"},\"datePublished\":\"2017-11-15T13:51:41+00:00\",\"dateModified\":\"2017-11-15T13:51:41+00:00\",\"breadcrumb\":{\"@id\":\"https:\/\/www.pm.pb.gov.br\/portal\/2017\/11\/15\/treze-armas-de-fogo-sao-apreendidas-pela-policia-militar-durante-acoes-na-vespera-do-feriado\/#breadcrumb\"},\"inLanguage\":\"pt-BR\",\"potentialAction\":[{\"@type\":\"ReadAction\",\"target\":[\"https:\/\/www.pm.pb.gov.br\/portal\/2017\/11\/15\/treze-armas-de-fogo-sao-apreendidas-pela-policia-militar-durante-acoes-na-vespera-do-feriado\/\"]}]},{\"@type\":\"BreadcrumbList\",\"@id\":\"https:\/\/www.pm.pb.gov.br\/portal\/2017\/11\/15\/treze-armas-de-fogo-sao-apreendidas-pela-policia-militar-durante-acoes-na-vespera-do-feriado\/#breadcrumb\",\"itemListElement\":[{\"@type\":\"ListItem\",\"position\":1,\"name\":\"In\u00edcio\",\"item\":\"https:\/\/www.pm.pb.gov.br\/portal\/\"},{\"@type\":\"ListItem\",\"position\":2,\"name\":\"Treze armas de fogo s\u00e3o apreendidas pela Pol\u00edcia Militar durante a\u00e7\u00f5es na v\u00e9spera do feriado\"}]},{\"@type\":\"WebSite\",\"@id\":\"https:\/\/www.pm.pb.gov.br\/portal\/#website\",\"url\":\"https:\/\/www.pm.pb.gov.br\/portal\/\",\"name\":\"Pol\u00edcia Militar da Para\u00edba\",\"description\":\"\",\"publisher\":{\"@id\":\"https:\/\/www.pm.pb.gov.br\/portal\/#organization\"},\"potentialAction\":[{\"@type\":\"SearchAction\",\"target\":{\"@type\":\"EntryPoint\",\"urlTemplate\":\"https:\/\/www.pm.pb.gov.br\/portal\/?s={search_term_string}\"},\"query-input\":\"required name=search_term_string\"}],\"inLanguage\":\"pt-BR\"},{\"@type\":\"Organization\",\"@id\":\"https:\/\/www.pm.pb.gov.br\/portal\/#organization\",\"name\":\"Pol\u00edcia Militar da Para\u00edba\",\"url\":\"https:\/\/www.pm.pb.gov.br\/portal\/\",\"logo\":{\"@type\":\"ImageObject\",\"inLanguage\":\"pt-BR\",\"@id\":\"https:\/\/www.pm.pb.gov.br\/portal\/#\/schema\/logo\/image\/\",\"url\":\"https:\/\/www.pm.pb.gov.br\/portal\/wp-content\/uploads\/2025\/03\/cropped-logo-site-mag2-1.png\",\"contentUrl\":\"https:\/\/www.pm.pb.gov.br\/portal\/wp-content\/uploads\/2025\/03\/cropped-logo-site-mag2-1.png\",\"width\":320,\"height\":90,\"caption\":\"Pol\u00edcia Militar da Para\u00edba\"},\"image\":{\"@id\":\"https:\/\/www.pm.pb.gov.br\/portal\/#\/schema\/logo\/image\/\"}},{\"@type\":\"Person\",\"@id\":\"https:\/\/www.pm.pb.gov.br\/portal\/#\/schema\/person\/f84f56dcc78ce4357054da888b8247fd\",\"name\":\"Tarcisio Oliveira\",\"image\":{\"@type\":\"ImageObject\",\"inLanguage\":\"pt-BR\",\"@id\":\"https:\/\/www.pm.pb.gov.br\/portal\/#\/schema\/person\/image\/\",\"url\":\"https:\/\/secure.gravatar.com\/avatar\/72917b630b69d31cd0297507f34bac97?s=96&d=mm&r=g\",\"contentUrl\":\"https:\/\/secure.gravatar.com\/avatar\/72917b630b69d31cd0297507f34bac97?s=96&d=mm&r=g\",\"caption\":\"Tarcisio Oliveira\"},\"url\":\"https:\/\/www.pm.pb.gov.br\/portal\/author\/tarcisio\/\"}]}<\/script>\n<!-- \/ Yoast SEO plugin. -->","yoast_head_json":{"title":"Treze armas de fogo s\u00e3o apreendidas pela Pol\u00edcia Militar durante a\u00e7\u00f5es na v\u00e9spera do feriado - Pol\u00edcia Militar da Para\u00edba","robots":{"index":"index","follow":"follow","max-snippet":"max-snippet:-1","max-image-preview":"max-image-preview:large","max-video-preview":"max-video-preview:-1"},"canonical":"https:\/\/www.pm.pb.gov.br\/portal\/2017\/11\/15\/treze-armas-de-fogo-sao-apreendidas-pela-policia-militar-durante-acoes-na-vespera-do-feriado\/","og_locale":"pt_BR","og_type":"article","og_title":"Treze armas de fogo s\u00e3o apreendidas pela Pol\u00edcia Militar durante a\u00e7\u00f5es na v\u00e9spera do feriado - Pol\u00edcia Militar da Para\u00edba","og_description":"A Pol\u00edcia Militar desencadeou uma s\u00e9rie de a\u00e7\u00f5es, nessa ter\u00e7a-feira(14), que resultaram na apreens\u00e3o de 13 armas de fogo na","og_url":"https:\/\/www.pm.pb.gov.br\/portal\/2017\/11\/15\/treze-armas-de-fogo-sao-apreendidas-pela-policia-militar-durante-acoes-na-vespera-do-feriado\/","og_site_name":"Pol\u00edcia Militar da Para\u00edba","article_published_time":"2017-11-15T13:51:41+00:00","og_image":[{"width":800,"height":445,"url":"https:\/\/www.pm.pb.gov.br\/portal\/wp-content\/uploads\/2017\/09\/imagem-ilustrativa1.jpg","type":"image\/jpeg"}],"author":"Tarcisio Oliveira","twitter_card":"summary_large_image","twitter_misc":{"Escrito por":"Tarcisio Oliveira","Est. tempo de leitura":"2 minutos"},"schema":{"@context":"https:\/\/schema.org","@graph":[{"@type":"Article","@id":"https:\/\/www.pm.pb.gov.br\/portal\/2017\/11\/15\/treze-armas-de-fogo-sao-apreendidas-pela-policia-militar-durante-acoes-na-vespera-do-feriado\/#article","isPartOf":{"@id":"https:\/\/www.pm.pb.gov.br\/portal\/2017\/11\/15\/treze-armas-de-fogo-sao-apreendidas-pela-policia-militar-durante-acoes-na-vespera-do-feriado\/"},"author":{"name":"Tarcisio Oliveira","@id":"https:\/\/www.pm.pb.gov.br\/portal\/#\/schema\/person\/f84f56dcc78ce4357054da888b8247fd"},"headline":"Treze armas de fogo s\u00e3o apreendidas pela Pol\u00edcia Militar durante a\u00e7\u00f5es na v\u00e9spera do feriado","datePublished":"2017-11-15T13:51:41+00:00","dateModified":"2017-11-15T13:51:41+00:00","mainEntityOfPage":{"@id":"https:\/\/www.pm.pb.gov.br\/portal\/2017\/11\/15\/treze-armas-de-fogo-sao-apreendidas-pela-policia-militar-durante-acoes-na-vespera-do-feriado\/"},"wordCount":336,"publisher":{"@id":"https:\/\/www.pm.pb.gov.br\/portal\/#organization"},"articleSection":["A\u00e7\u00f5es Policiais"],"inLanguage":"pt-BR"},{"@type":"WebPage","@id":"https:\/\/www.pm.pb.gov.br\/portal\/2017\/11\/15\/treze-armas-de-fogo-sao-apreendidas-pela-policia-militar-durante-acoes-na-vespera-do-feriado\/","url":"https:\/\/www.pm.pb.gov.br\/portal\/2017\/11\/15\/treze-armas-de-fogo-sao-apreendidas-pela-policia-militar-durante-acoes-na-vespera-do-feriado\/","name":"Treze armas de fogo s\u00e3o apreendidas pela Pol\u00edcia Militar durante a\u00e7\u00f5es na v\u00e9spera do feriado - Pol\u00edcia Militar da Para\u00edba","isPartOf":{"@id":"https:\/\/www.pm.pb.gov.br\/portal\/#website"},"datePublished":"2017-11-15T13:51:41+00:00","dateModified":"2017-11-15T13:51:41+00:00","breadcrumb":{"@id":"https:\/\/www.pm.pb.gov.br\/portal\/2017\/11\/15\/treze-armas-de-fogo-sao-apreendidas-pela-policia-militar-durante-acoes-na-vespera-do-feriado\/#breadcrumb"},"inLanguage":"pt-BR","potentialAction":[{"@type":"ReadAction","target":["https:\/\/www.pm.pb.gov.br\/portal\/2017\/11\/15\/treze-armas-de-fogo-sao-apreendidas-pela-policia-militar-durante-acoes-na-vespera-do-feriado\/"]}]},{"@type":"BreadcrumbList","@id":"https:\/\/www.pm.pb.gov.br\/portal\/2017\/11\/15\/treze-armas-de-fogo-sao-apreendidas-pela-policia-militar-durante-acoes-na-vespera-do-feriado\/#breadcrumb","itemListElement":[{"@type":"ListItem","position":1,"name":"In\u00edcio","item":"https:\/\/www.pm.pb.gov.br\/portal\/"},{"@type":"ListItem","position":2,"name":"Treze armas de fogo s\u00e3o apreendidas pela Pol\u00edcia Militar durante a\u00e7\u00f5es na v\u00e9spera do feriado"}]},{"@type":"WebSite","@id":"https:\/\/www.pm.pb.gov.br\/portal\/#website","url":"https:\/\/www.pm.pb.gov.br\/portal\/","name":"Pol\u00edcia Militar da Para\u00edba","description":"","publisher":{"@id":"https:\/\/www.pm.pb.gov.br\/portal\/#organization"},"potentialAction":[{"@type":"SearchAction","target":{"@type":"EntryPoint","urlTemplate":"https:\/\/www.pm.pb.gov.br\/portal\/?s={search_term_string}"},"query-input":"required name=search_term_string"}],"inLanguage":"pt-BR"},{"@type":"Organization","@id":"https:\/\/www.pm.pb.gov.br\/portal\/#organization","name":"Pol\u00edcia Militar da Para\u00edba","url":"https:\/\/www.pm.pb.gov.br\/portal\/","logo":{"@type":"ImageObject","inLanguage":"pt-BR","@id":"https:\/\/www.pm.pb.gov.br\/portal\/#\/schema\/logo\/image\/","url":"https:\/\/www.pm.pb.gov.br\/portal\/wp-content\/uploads\/2025\/03\/cropped-logo-site-mag2-1.png","contentUrl":"https:\/\/www.pm.pb.gov.br\/portal\/wp-content\/uploads\/2025\/03\/cropped-logo-site-mag2-1.png","width":320,"height":90,"caption":"Pol\u00edcia Militar da Para\u00edba"},"image":{"@id":"https:\/\/www.pm.pb.gov.br\/portal\/#\/schema\/logo\/image\/"}},{"@type":"Person","@id":"https:\/\/www.pm.pb.gov.br\/portal\/#\/schema\/person\/f84f56dcc78ce4357054da888b8247fd","name":"Tarcisio Oliveira","image":{"@type":"ImageObject","inLanguage":"pt-BR","@id":"https:\/\/www.pm.pb.gov.br\/portal\/#\/schema\/person\/image\/","url":"https:\/\/secure.gravatar.com\/avatar\/72917b630b69d31cd0297507f34bac97?s=96&d=mm&r=g","contentUrl":"https:\/\/secure.gravatar.com\/avatar\/72917b630b69d31cd0297507f34bac97?s=96&d=mm&r=g","caption":"Tarcisio Oliveira"},"url":"https:\/\/www.pm.pb.gov.br\/portal\/author\/tarcisio\/"}]}},"_links":{"self":[{"href":"https:\/\/www.pm.pb.gov.br\/portal\/wp-json\/wp\/v2\/posts\/896020"}],"collection":[{"href":"https:\/\/www.pm.pb.gov.br\/portal\/wp-json\/wp\/v2\/posts"}],"about":[{"href":"https:\/\/www.pm.pb.gov.br\/portal\/wp-json\/wp\/v2\/types\/post"}],"author":[{"embeddable":true,"href":"https:\/\/www.pm.pb.gov.br\/portal\/wp-json\/wp\/v2\/users\/12"}],"replies":[{"embeddable":true,"href":"https:\/\/www.pm.pb.gov.br\/portal\/wp-json\/wp\/v2\/comments?post=896020"}],"version-history":[{"count":1,"href":"https:\/\/www.pm.pb.gov.br\/portal\/wp-json\/wp\/v2\/posts\/896020\/revisions"}],"predecessor-version":[{"id":896021,"href":"https:\/\/www.pm.pb.gov.br\/portal\/wp-json\/wp\/v2\/posts\/896020\/revisions\/896021"}],"wp:featuredmedia":[{"embeddable":true,"href":"https:\/\/www.pm.pb.gov.br\/portal\/wp-json\/wp\/v2\/media\/895497"}],"wp:attachment":[{"href":"https:\/\/www.pm.pb.gov.br\/portal\/wp-json\/wp\/v2\/media?parent=896020"}],"wp:term":[{"taxonomy":"category","embeddable":true,"href":"https:\/\/www.pm.pb.gov.br\/portal\/wp-json\/wp\/v2\/categories?post=896020"},{"taxonomy":"post_tag","embeddable":true,"href":"https:\/\/www.pm.pb.gov.br\/portal\/wp-json\/wp\/v2\/tags?post=896020"}],"curies":[{"name":"wp","href":"https:\/\/api.w.org\/{rel}","templated":true}]}}