{"id":896017,"date":"2017-11-15T10:45:11","date_gmt":"2017-11-15T13:45:11","guid":{"rendered":"http:\/\/www.pm.pb.gov.br\/portal\/?p=896017"},"modified":"2017-11-15T10:45:11","modified_gmt":"2017-11-15T13:45:11","slug":"policia-militar-apreende-cinco-armas-de-fogo-e-detem-oito-suspeitos-no-sertao","status":"publish","type":"post","link":"https:\/\/www.pm.pb.gov.br\/portal\/2017\/11\/15\/policia-militar-apreende-cinco-armas-de-fogo-e-detem-oito-suspeitos-no-sertao\/","title":{"rendered":"Pol\u00edcia Militar apreende cinco armas de fogo e det\u00e9m oito suspeitos no Sert\u00e3o"},"content":{"rendered":"<p style=\"text-align: justify;\">Policiais militares do 3\u00ba Batalh\u00e3o apreenderam quatro armas de fogo, sendo tr\u00eas rev\u00f3lveres e uma espingarda, muni\u00e7\u00f5es e drogas, durante a tarde e noite desta \u00faltima ter\u00e7a-feira (14). Tamb\u00e9m foram presas cinco pessoas e apreendidos dois adolescentes.<\/p>\n<p style=\"text-align: justify;\">No in\u00edcio da tarde, por volta das 14h30, policiais realizavam uma opera\u00e7\u00e3o de cumprimento de mandado de pris\u00e3o contra um homem procurado por tentativa de homic\u00eddio, e fizeram um cerco \u00e0 uma casa no bairro da Liberdade, em Patos. Com ele, a PM prendeu ainda dois suspeitos, apreendeu dois adolescentes, apreendeu ainda dois rev\u00f3lveres calibre 38, cerca de 450 gramas de subst\u00e2ncia an\u00e1loga \u00e0 maconha, 41 papelotes com subst\u00e2ncia similar \u00e0 crack, e um papelote de coca\u00edna. Todo material e os cinco suspeitos foram conduzidos \u00e0 delegacia.<\/p>\n<p style=\"text-align: justify;\">J\u00e1 a noite, a PM foi informada que dois homens estavam armados e a caminho do munic\u00edpio de Cacimba de Areia, possivelmente com o intuito de cometerem assaltos. Durante a realiza\u00e7\u00e3o de dilig\u00eancias, os policiais encontraram a dupla de 23 e 19 anos com uma espingarda calibre 12 e um revolver calibre 32 (foto acima). Os dois foram presos e conduzidos \u00e0 delegacia.<\/p>\n<p style=\"text-align: justify;\"><strong>Homem armado detido em bar<\/strong> \u2013 Uma den\u00fancia an\u00f4nima levou os policias do 6\u00ba Batalh\u00e3o, em Po\u00e7o de Jos\u00e9 de Moura, a encontrar um homem armado em um bar na localidade. A partir de informa\u00e7\u00f5es passadas ao n\u00famero 190, a PM encontrou o homem suspeito e, durante a abordagem, localizou um rev\u00f3lver calibre 38 e muni\u00e7\u00f5es. O homem foi desarmado e levado preso \u00e0 delegacia.<\/p>\n","protected":false},"excerpt":{"rendered":"<p>Policiais militares do 3\u00ba Batalh\u00e3o apreenderam quatro armas de fogo, sendo tr\u00eas rev\u00f3lveres e uma espingarda, muni\u00e7\u00f5es e drogas, durante<\/p>\n","protected":false},"author":12,"featured_media":896005,"comment_status":"closed","ping_status":"closed","sticky":false,"template":"","format":"standard","meta":{"_exactmetrics_skip_tracking":false,"_exactmetrics_sitenote_active":false,"_exactmetrics_sitenote_note":"","_exactmetrics_sitenote_category":0,"footnotes":""},"categories":[4],"tags":[],"yoast_head":"<!-- This site is optimized with the Yoast SEO plugin v22.0 - https:\/\/yoast.com\/wordpress\/plugins\/seo\/ -->\n<title>Pol\u00edcia Militar apreende cinco armas de fogo e det\u00e9m oito suspeitos no Sert\u00e3o - Pol\u00edcia Militar da Para\u00edba<\/title>\n<meta name=\"robots\" content=\"index, follow, max-snippet:-1, max-image-preview:large, max-video-preview:-1\" \/>\n<link rel=\"canonical\" href=\"https:\/\/www.pm.pb.gov.br\/portal\/2017\/11\/15\/policia-militar-apreende-cinco-armas-de-fogo-e-detem-oito-suspeitos-no-sertao\/\" \/>\n<meta property=\"og:locale\" content=\"pt_BR\" \/>\n<meta property=\"og:type\" content=\"article\" \/>\n<meta property=\"og:title\" content=\"Pol\u00edcia Militar apreende cinco armas de fogo e det\u00e9m oito suspeitos no Sert\u00e3o - Pol\u00edcia Militar da Para\u00edba\" \/>\n<meta property=\"og:description\" content=\"Policiais militares do 3\u00ba Batalh\u00e3o apreenderam quatro armas de fogo, sendo tr\u00eas rev\u00f3lveres e uma espingarda, muni\u00e7\u00f5es e drogas, durante\" \/>\n<meta property=\"og:url\" content=\"https:\/\/www.pm.pb.gov.br\/portal\/2017\/11\/15\/policia-militar-apreende-cinco-armas-de-fogo-e-detem-oito-suspeitos-no-sertao\/\" \/>\n<meta property=\"og:site_name\" content=\"Pol\u00edcia Militar da Para\u00edba\" \/>\n<meta property=\"article:published_time\" content=\"2017-11-15T13:45:11+00:00\" \/>\n<meta property=\"og:image\" content=\"https:\/\/www.pm.pb.gov.br\/portal\/wp-content\/uploads\/2017\/11\/WhatsApp-Image-2017-11-14-at-19.12.01.jpeg\" \/>\n\t<meta property=\"og:image:width\" content=\"800\" \/>\n\t<meta property=\"og:image:height\" content=\"445\" \/>\n\t<meta property=\"og:image:type\" content=\"image\/jpeg\" \/>\n<meta name=\"author\" content=\"Tarcisio Oliveira\" \/>\n<meta name=\"twitter:card\" content=\"summary_large_image\" \/>\n<meta name=\"twitter:label1\" content=\"Escrito por\" \/>\n\t<meta name=\"twitter:data1\" content=\"Tarcisio Oliveira\" \/>\n\t<meta name=\"twitter:label2\" content=\"Est. tempo de leitura\" \/>\n\t<meta name=\"twitter:data2\" content=\"1 minuto\" \/>\n<script type=\"application\/ld+json\" class=\"yoast-schema-graph\">{\"@context\":\"https:\/\/schema.org\",\"@graph\":[{\"@type\":\"Article\",\"@id\":\"https:\/\/www.pm.pb.gov.br\/portal\/2017\/11\/15\/policia-militar-apreende-cinco-armas-de-fogo-e-detem-oito-suspeitos-no-sertao\/#article\",\"isPartOf\":{\"@id\":\"https:\/\/www.pm.pb.gov.br\/portal\/2017\/11\/15\/policia-militar-apreende-cinco-armas-de-fogo-e-detem-oito-suspeitos-no-sertao\/\"},\"author\":{\"name\":\"Tarcisio Oliveira\",\"@id\":\"https:\/\/www.pm.pb.gov.br\/portal\/#\/schema\/person\/f84f56dcc78ce4357054da888b8247fd\"},\"headline\":\"Pol\u00edcia Militar apreende cinco armas de fogo e det\u00e9m oito suspeitos no Sert\u00e3o\",\"datePublished\":\"2017-11-15T13:45:11+00:00\",\"dateModified\":\"2017-11-15T13:45:11+00:00\",\"mainEntityOfPage\":{\"@id\":\"https:\/\/www.pm.pb.gov.br\/portal\/2017\/11\/15\/policia-militar-apreende-cinco-armas-de-fogo-e-detem-oito-suspeitos-no-sertao\/\"},\"wordCount\":275,\"publisher\":{\"@id\":\"https:\/\/www.pm.pb.gov.br\/portal\/#organization\"},\"articleSection\":[\"A\u00e7\u00f5es Policiais\"],\"inLanguage\":\"pt-BR\"},{\"@type\":\"WebPage\",\"@id\":\"https:\/\/www.pm.pb.gov.br\/portal\/2017\/11\/15\/policia-militar-apreende-cinco-armas-de-fogo-e-detem-oito-suspeitos-no-sertao\/\",\"url\":\"https:\/\/www.pm.pb.gov.br\/portal\/2017\/11\/15\/policia-militar-apreende-cinco-armas-de-fogo-e-detem-oito-suspeitos-no-sertao\/\",\"name\":\"Pol\u00edcia Militar apreende cinco armas de fogo e det\u00e9m oito suspeitos no Sert\u00e3o - Pol\u00edcia Militar da Para\u00edba\",\"isPartOf\":{\"@id\":\"https:\/\/www.pm.pb.gov.br\/portal\/#website\"},\"datePublished\":\"2017-11-15T13:45:11+00:00\",\"dateModified\":\"2017-11-15T13:45:11+00:00\",\"breadcrumb\":{\"@id\":\"https:\/\/www.pm.pb.gov.br\/portal\/2017\/11\/15\/policia-militar-apreende-cinco-armas-de-fogo-e-detem-oito-suspeitos-no-sertao\/#breadcrumb\"},\"inLanguage\":\"pt-BR\",\"potentialAction\":[{\"@type\":\"ReadAction\",\"target\":[\"https:\/\/www.pm.pb.gov.br\/portal\/2017\/11\/15\/policia-militar-apreende-cinco-armas-de-fogo-e-detem-oito-suspeitos-no-sertao\/\"]}]},{\"@type\":\"BreadcrumbList\",\"@id\":\"https:\/\/www.pm.pb.gov.br\/portal\/2017\/11\/15\/policia-militar-apreende-cinco-armas-de-fogo-e-detem-oito-suspeitos-no-sertao\/#breadcrumb\",\"itemListElement\":[{\"@type\":\"ListItem\",\"position\":1,\"name\":\"In\u00edcio\",\"item\":\"https:\/\/www.pm.pb.gov.br\/portal\/\"},{\"@type\":\"ListItem\",\"position\":2,\"name\":\"Pol\u00edcia Militar apreende cinco armas de fogo e det\u00e9m oito suspeitos no Sert\u00e3o\"}]},{\"@type\":\"WebSite\",\"@id\":\"https:\/\/www.pm.pb.gov.br\/portal\/#website\",\"url\":\"https:\/\/www.pm.pb.gov.br\/portal\/\",\"name\":\"Pol\u00edcia Militar da Para\u00edba\",\"description\":\"\",\"publisher\":{\"@id\":\"https:\/\/www.pm.pb.gov.br\/portal\/#organization\"},\"potentialAction\":[{\"@type\":\"SearchAction\",\"target\":{\"@type\":\"EntryPoint\",\"urlTemplate\":\"https:\/\/www.pm.pb.gov.br\/portal\/?s={search_term_string}\"},\"query-input\":\"required name=search_term_string\"}],\"inLanguage\":\"pt-BR\"},{\"@type\":\"Organization\",\"@id\":\"https:\/\/www.pm.pb.gov.br\/portal\/#organization\",\"name\":\"Pol\u00edcia Militar da Para\u00edba\",\"url\":\"https:\/\/www.pm.pb.gov.br\/portal\/\",\"logo\":{\"@type\":\"ImageObject\",\"inLanguage\":\"pt-BR\",\"@id\":\"https:\/\/www.pm.pb.gov.br\/portal\/#\/schema\/logo\/image\/\",\"url\":\"https:\/\/www.pm.pb.gov.br\/portal\/wp-content\/uploads\/2025\/03\/cropped-logo-site-mag2-1.png\",\"contentUrl\":\"https:\/\/www.pm.pb.gov.br\/portal\/wp-content\/uploads\/2025\/03\/cropped-logo-site-mag2-1.png\",\"width\":320,\"height\":90,\"caption\":\"Pol\u00edcia Militar da Para\u00edba\"},\"image\":{\"@id\":\"https:\/\/www.pm.pb.gov.br\/portal\/#\/schema\/logo\/image\/\"}},{\"@type\":\"Person\",\"@id\":\"https:\/\/www.pm.pb.gov.br\/portal\/#\/schema\/person\/f84f56dcc78ce4357054da888b8247fd\",\"name\":\"Tarcisio Oliveira\",\"image\":{\"@type\":\"ImageObject\",\"inLanguage\":\"pt-BR\",\"@id\":\"https:\/\/www.pm.pb.gov.br\/portal\/#\/schema\/person\/image\/\",\"url\":\"https:\/\/secure.gravatar.com\/avatar\/72917b630b69d31cd0297507f34bac97?s=96&d=mm&r=g\",\"contentUrl\":\"https:\/\/secure.gravatar.com\/avatar\/72917b630b69d31cd0297507f34bac97?s=96&d=mm&r=g\",\"caption\":\"Tarcisio Oliveira\"},\"url\":\"https:\/\/www.pm.pb.gov.br\/portal\/author\/tarcisio\/\"}]}<\/script>\n<!-- \/ Yoast SEO plugin. -->","yoast_head_json":{"title":"Pol\u00edcia Militar apreende cinco armas de fogo e det\u00e9m oito suspeitos no Sert\u00e3o - Pol\u00edcia Militar da Para\u00edba","robots":{"index":"index","follow":"follow","max-snippet":"max-snippet:-1","max-image-preview":"max-image-preview:large","max-video-preview":"max-video-preview:-1"},"canonical":"https:\/\/www.pm.pb.gov.br\/portal\/2017\/11\/15\/policia-militar-apreende-cinco-armas-de-fogo-e-detem-oito-suspeitos-no-sertao\/","og_locale":"pt_BR","og_type":"article","og_title":"Pol\u00edcia Militar apreende cinco armas de fogo e det\u00e9m oito suspeitos no Sert\u00e3o - Pol\u00edcia Militar da Para\u00edba","og_description":"Policiais militares do 3\u00ba Batalh\u00e3o apreenderam quatro armas de fogo, sendo tr\u00eas rev\u00f3lveres e uma espingarda, muni\u00e7\u00f5es e drogas, durante","og_url":"https:\/\/www.pm.pb.gov.br\/portal\/2017\/11\/15\/policia-militar-apreende-cinco-armas-de-fogo-e-detem-oito-suspeitos-no-sertao\/","og_site_name":"Pol\u00edcia Militar da Para\u00edba","article_published_time":"2017-11-15T13:45:11+00:00","og_image":[{"width":800,"height":445,"url":"https:\/\/www.pm.pb.gov.br\/portal\/wp-content\/uploads\/2017\/11\/WhatsApp-Image-2017-11-14-at-19.12.01.jpeg","type":"image\/jpeg"}],"author":"Tarcisio Oliveira","twitter_card":"summary_large_image","twitter_misc":{"Escrito por":"Tarcisio Oliveira","Est. tempo de leitura":"1 minuto"},"schema":{"@context":"https:\/\/schema.org","@graph":[{"@type":"Article","@id":"https:\/\/www.pm.pb.gov.br\/portal\/2017\/11\/15\/policia-militar-apreende-cinco-armas-de-fogo-e-detem-oito-suspeitos-no-sertao\/#article","isPartOf":{"@id":"https:\/\/www.pm.pb.gov.br\/portal\/2017\/11\/15\/policia-militar-apreende-cinco-armas-de-fogo-e-detem-oito-suspeitos-no-sertao\/"},"author":{"name":"Tarcisio Oliveira","@id":"https:\/\/www.pm.pb.gov.br\/portal\/#\/schema\/person\/f84f56dcc78ce4357054da888b8247fd"},"headline":"Pol\u00edcia Militar apreende cinco armas de fogo e det\u00e9m oito suspeitos no Sert\u00e3o","datePublished":"2017-11-15T13:45:11+00:00","dateModified":"2017-11-15T13:45:11+00:00","mainEntityOfPage":{"@id":"https:\/\/www.pm.pb.gov.br\/portal\/2017\/11\/15\/policia-militar-apreende-cinco-armas-de-fogo-e-detem-oito-suspeitos-no-sertao\/"},"wordCount":275,"publisher":{"@id":"https:\/\/www.pm.pb.gov.br\/portal\/#organization"},"articleSection":["A\u00e7\u00f5es Policiais"],"inLanguage":"pt-BR"},{"@type":"WebPage","@id":"https:\/\/www.pm.pb.gov.br\/portal\/2017\/11\/15\/policia-militar-apreende-cinco-armas-de-fogo-e-detem-oito-suspeitos-no-sertao\/","url":"https:\/\/www.pm.pb.gov.br\/portal\/2017\/11\/15\/policia-militar-apreende-cinco-armas-de-fogo-e-detem-oito-suspeitos-no-sertao\/","name":"Pol\u00edcia Militar apreende cinco armas de fogo e det\u00e9m oito suspeitos no Sert\u00e3o - Pol\u00edcia Militar da Para\u00edba","isPartOf":{"@id":"https:\/\/www.pm.pb.gov.br\/portal\/#website"},"datePublished":"2017-11-15T13:45:11+00:00","dateModified":"2017-11-15T13:45:11+00:00","breadcrumb":{"@id":"https:\/\/www.pm.pb.gov.br\/portal\/2017\/11\/15\/policia-militar-apreende-cinco-armas-de-fogo-e-detem-oito-suspeitos-no-sertao\/#breadcrumb"},"inLanguage":"pt-BR","potentialAction":[{"@type":"ReadAction","target":["https:\/\/www.pm.pb.gov.br\/portal\/2017\/11\/15\/policia-militar-apreende-cinco-armas-de-fogo-e-detem-oito-suspeitos-no-sertao\/"]}]},{"@type":"BreadcrumbList","@id":"https:\/\/www.pm.pb.gov.br\/portal\/2017\/11\/15\/policia-militar-apreende-cinco-armas-de-fogo-e-detem-oito-suspeitos-no-sertao\/#breadcrumb","itemListElement":[{"@type":"ListItem","position":1,"name":"In\u00edcio","item":"https:\/\/www.pm.pb.gov.br\/portal\/"},{"@type":"ListItem","position":2,"name":"Pol\u00edcia Militar apreende cinco armas de fogo e det\u00e9m oito suspeitos no Sert\u00e3o"}]},{"@type":"WebSite","@id":"https:\/\/www.pm.pb.gov.br\/portal\/#website","url":"https:\/\/www.pm.pb.gov.br\/portal\/","name":"Pol\u00edcia Militar da Para\u00edba","description":"","publisher":{"@id":"https:\/\/www.pm.pb.gov.br\/portal\/#organization"},"potentialAction":[{"@type":"SearchAction","target":{"@type":"EntryPoint","urlTemplate":"https:\/\/www.pm.pb.gov.br\/portal\/?s={search_term_string}"},"query-input":"required name=search_term_string"}],"inLanguage":"pt-BR"},{"@type":"Organization","@id":"https:\/\/www.pm.pb.gov.br\/portal\/#organization","name":"Pol\u00edcia Militar da Para\u00edba","url":"https:\/\/www.pm.pb.gov.br\/portal\/","logo":{"@type":"ImageObject","inLanguage":"pt-BR","@id":"https:\/\/www.pm.pb.gov.br\/portal\/#\/schema\/logo\/image\/","url":"https:\/\/www.pm.pb.gov.br\/portal\/wp-content\/uploads\/2025\/03\/cropped-logo-site-mag2-1.png","contentUrl":"https:\/\/www.pm.pb.gov.br\/portal\/wp-content\/uploads\/2025\/03\/cropped-logo-site-mag2-1.png","width":320,"height":90,"caption":"Pol\u00edcia Militar da Para\u00edba"},"image":{"@id":"https:\/\/www.pm.pb.gov.br\/portal\/#\/schema\/logo\/image\/"}},{"@type":"Person","@id":"https:\/\/www.pm.pb.gov.br\/portal\/#\/schema\/person\/f84f56dcc78ce4357054da888b8247fd","name":"Tarcisio Oliveira","image":{"@type":"ImageObject","inLanguage":"pt-BR","@id":"https:\/\/www.pm.pb.gov.br\/portal\/#\/schema\/person\/image\/","url":"https:\/\/secure.gravatar.com\/avatar\/72917b630b69d31cd0297507f34bac97?s=96&d=mm&r=g","contentUrl":"https:\/\/secure.gravatar.com\/avatar\/72917b630b69d31cd0297507f34bac97?s=96&d=mm&r=g","caption":"Tarcisio Oliveira"},"url":"https:\/\/www.pm.pb.gov.br\/portal\/author\/tarcisio\/"}]}},"_links":{"self":[{"href":"https:\/\/www.pm.pb.gov.br\/portal\/wp-json\/wp\/v2\/posts\/896017"}],"collection":[{"href":"https:\/\/www.pm.pb.gov.br\/portal\/wp-json\/wp\/v2\/posts"}],"about":[{"href":"https:\/\/www.pm.pb.gov.br\/portal\/wp-json\/wp\/v2\/types\/post"}],"author":[{"embeddable":true,"href":"https:\/\/www.pm.pb.gov.br\/portal\/wp-json\/wp\/v2\/users\/12"}],"replies":[{"embeddable":true,"href":"https:\/\/www.pm.pb.gov.br\/portal\/wp-json\/wp\/v2\/comments?post=896017"}],"version-history":[{"count":2,"href":"https:\/\/www.pm.pb.gov.br\/portal\/wp-json\/wp\/v2\/posts\/896017\/revisions"}],"predecessor-version":[{"id":896019,"href":"https:\/\/www.pm.pb.gov.br\/portal\/wp-json\/wp\/v2\/posts\/896017\/revisions\/896019"}],"wp:featuredmedia":[{"embeddable":true,"href":"https:\/\/www.pm.pb.gov.br\/portal\/wp-json\/wp\/v2\/media\/896005"}],"wp:attachment":[{"href":"https:\/\/www.pm.pb.gov.br\/portal\/wp-json\/wp\/v2\/media?parent=896017"}],"wp:term":[{"taxonomy":"category","embeddable":true,"href":"https:\/\/www.pm.pb.gov.br\/portal\/wp-json\/wp\/v2\/categories?post=896017"},{"taxonomy":"post_tag","embeddable":true,"href":"https:\/\/www.pm.pb.gov.br\/portal\/wp-json\/wp\/v2\/tags?post=896017"}],"curies":[{"name":"wp","href":"https:\/\/api.w.org\/{rel}","templated":true}]}}