{"id":896013,"date":"2017-11-15T10:33:52","date_gmt":"2017-11-15T13:33:52","guid":{"rendered":"http:\/\/www.pm.pb.gov.br\/portal\/?p=896013"},"modified":"2017-11-15T10:33:52","modified_gmt":"2017-11-15T13:33:52","slug":"policia-militar-apreende-adolescentes-apos-assalto-a-onibus-na-capital-2","status":"publish","type":"post","link":"https:\/\/www.pm.pb.gov.br\/portal\/2017\/11\/15\/policia-militar-apreende-adolescentes-apos-assalto-a-onibus-na-capital-2\/","title":{"rendered":"Pol\u00edcia Militar apreende adolescentes ap\u00f3s assalto a \u00f4nibus na Capital"},"content":{"rendered":"<p style=\"text-align: justify;\">Durante a Opera\u00e7\u00e3o N\u00f4made, policiais militares da For\u00e7a Regional apreenderam, na noite dessa ter\u00e7a-feira (14), um trio de adolescentes suspeito de roubar passageiros de um \u00f4nibus urbano, na zonal sul da Capital. Com eles, os policias apreenderam uma r\u00e9plica de pistola que era utilizada durante o assalto. Com esse grupo, s\u00e3o seis pessoas detidas pela PM pela pr\u00e1tica deste tipo de crime em Jo\u00e3o Pessoa, em menos de 24 horas.<\/p>\n<p style=\"text-align: justify;\">Segundo os policiais, os adolescentes anunciaram o assalto dentro do \u00f4nibus, aproximadamente \u00e0s 20h30 nas imedia\u00e7\u00f5es da Central de Pol\u00edcia, no bairro do Ernesto Geisel. Uma das v\u00edtimas suspeitou que a arma de fogo era falsa e tentou deter um dos adolescentes. Os policiais, que estavam realizando a Opera\u00e7\u00e3o N\u00f4made naquela \u00e1rea da cidade, com aumento de abordagens e realiza\u00e7\u00e3o de checkpoints, foram acionados e desarticularam o grupo.<\/p>\n<p style=\"text-align: justify;\">A pol\u00edcia deteve os menores de 15, 16 e 17 anos, sendo o de 16 anos, do sexo feminino. Segundo os pr\u00f3prios policiais, ela apresenta caracter\u00edsticas semelhantes a uma suspeita de realizar outros crimes patrimoniais utilizando uma moto. O grupo foi apresentado na Delegacia do Menor para os procedimentos cab\u00edveis.<\/p>\n<p style=\"text-align: justify;\"><strong>Trio preso<\/strong> &#8211; Outro trio foi detido pela Pol\u00edcia Militar por assalto \u00e0 \u00f4nibus, na noite da segunda-feira (13), quando um adolescente e dois adultos foram surpreendidos pela PM, na entrada do bairro Costa e Silva. Com eles, os policiais apreenderam uma faca e um punhal, utilizado para as a\u00e7\u00f5es criminosas, e recuperaram os objetos roubados das v\u00edtimas, como celular, bolsa e rel\u00f3gio.<\/p>\n<p>&nbsp;<\/p>\n","protected":false},"excerpt":{"rendered":"<p>Durante a Opera\u00e7\u00e3o N\u00f4made, policiais militares da For\u00e7a Regional apreenderam, na noite dessa ter\u00e7a-feira (14), um trio de adolescentes suspeito<\/p>\n","protected":false},"author":12,"featured_media":896002,"comment_status":"closed","ping_status":"closed","sticky":false,"template":"","format":"standard","meta":{"_exactmetrics_skip_tracking":false,"_exactmetrics_sitenote_active":false,"_exactmetrics_sitenote_note":"","_exactmetrics_sitenote_category":0,"footnotes":""},"categories":[4],"tags":[],"yoast_head":"<!-- This site is optimized with the Yoast SEO plugin v22.0 - https:\/\/yoast.com\/wordpress\/plugins\/seo\/ -->\n<title>Pol\u00edcia Militar apreende adolescentes ap\u00f3s assalto a \u00f4nibus na Capital - Pol\u00edcia Militar da Para\u00edba<\/title>\n<meta name=\"robots\" content=\"index, follow, max-snippet:-1, max-image-preview:large, max-video-preview:-1\" \/>\n<link rel=\"canonical\" href=\"https:\/\/www.pm.pb.gov.br\/portal\/2017\/11\/15\/policia-militar-apreende-adolescentes-apos-assalto-a-onibus-na-capital-2\/\" \/>\n<meta property=\"og:locale\" content=\"pt_BR\" \/>\n<meta property=\"og:type\" content=\"article\" \/>\n<meta property=\"og:title\" content=\"Pol\u00edcia Militar apreende adolescentes ap\u00f3s assalto a \u00f4nibus na Capital - Pol\u00edcia Militar da Para\u00edba\" \/>\n<meta property=\"og:description\" content=\"Durante a Opera\u00e7\u00e3o N\u00f4made, policiais militares da For\u00e7a Regional apreenderam, na noite dessa ter\u00e7a-feira (14), um trio de adolescentes suspeito\" \/>\n<meta property=\"og:url\" content=\"https:\/\/www.pm.pb.gov.br\/portal\/2017\/11\/15\/policia-militar-apreende-adolescentes-apos-assalto-a-onibus-na-capital-2\/\" \/>\n<meta property=\"og:site_name\" content=\"Pol\u00edcia Militar da Para\u00edba\" \/>\n<meta property=\"article:published_time\" content=\"2017-11-15T13:33:52+00:00\" \/>\n<meta property=\"og:image\" content=\"https:\/\/www.pm.pb.gov.br\/portal\/wp-content\/uploads\/2017\/11\/replicapistola.jpeg\" \/>\n\t<meta property=\"og:image:width\" content=\"800\" \/>\n\t<meta property=\"og:image:height\" content=\"445\" \/>\n\t<meta property=\"og:image:type\" content=\"image\/jpeg\" \/>\n<meta name=\"author\" content=\"Tarcisio Oliveira\" \/>\n<meta name=\"twitter:card\" content=\"summary_large_image\" \/>\n<meta name=\"twitter:label1\" content=\"Escrito por\" \/>\n\t<meta name=\"twitter:data1\" content=\"Tarcisio Oliveira\" \/>\n\t<meta name=\"twitter:label2\" content=\"Est. tempo de leitura\" \/>\n\t<meta name=\"twitter:data2\" content=\"1 minuto\" \/>\n<script type=\"application\/ld+json\" class=\"yoast-schema-graph\">{\"@context\":\"https:\/\/schema.org\",\"@graph\":[{\"@type\":\"Article\",\"@id\":\"https:\/\/www.pm.pb.gov.br\/portal\/2017\/11\/15\/policia-militar-apreende-adolescentes-apos-assalto-a-onibus-na-capital-2\/#article\",\"isPartOf\":{\"@id\":\"https:\/\/www.pm.pb.gov.br\/portal\/2017\/11\/15\/policia-militar-apreende-adolescentes-apos-assalto-a-onibus-na-capital-2\/\"},\"author\":{\"name\":\"Tarcisio Oliveira\",\"@id\":\"https:\/\/www.pm.pb.gov.br\/portal\/#\/schema\/person\/f84f56dcc78ce4357054da888b8247fd\"},\"headline\":\"Pol\u00edcia Militar apreende adolescentes ap\u00f3s assalto a \u00f4nibus na Capital\",\"datePublished\":\"2017-11-15T13:33:52+00:00\",\"dateModified\":\"2017-11-15T13:33:52+00:00\",\"mainEntityOfPage\":{\"@id\":\"https:\/\/www.pm.pb.gov.br\/portal\/2017\/11\/15\/policia-militar-apreende-adolescentes-apos-assalto-a-onibus-na-capital-2\/\"},\"wordCount\":278,\"publisher\":{\"@id\":\"https:\/\/www.pm.pb.gov.br\/portal\/#organization\"},\"articleSection\":[\"A\u00e7\u00f5es Policiais\"],\"inLanguage\":\"pt-BR\"},{\"@type\":\"WebPage\",\"@id\":\"https:\/\/www.pm.pb.gov.br\/portal\/2017\/11\/15\/policia-militar-apreende-adolescentes-apos-assalto-a-onibus-na-capital-2\/\",\"url\":\"https:\/\/www.pm.pb.gov.br\/portal\/2017\/11\/15\/policia-militar-apreende-adolescentes-apos-assalto-a-onibus-na-capital-2\/\",\"name\":\"Pol\u00edcia Militar apreende adolescentes ap\u00f3s assalto a \u00f4nibus na Capital - Pol\u00edcia Militar da Para\u00edba\",\"isPartOf\":{\"@id\":\"https:\/\/www.pm.pb.gov.br\/portal\/#website\"},\"datePublished\":\"2017-11-15T13:33:52+00:00\",\"dateModified\":\"2017-11-15T13:33:52+00:00\",\"breadcrumb\":{\"@id\":\"https:\/\/www.pm.pb.gov.br\/portal\/2017\/11\/15\/policia-militar-apreende-adolescentes-apos-assalto-a-onibus-na-capital-2\/#breadcrumb\"},\"inLanguage\":\"pt-BR\",\"potentialAction\":[{\"@type\":\"ReadAction\",\"target\":[\"https:\/\/www.pm.pb.gov.br\/portal\/2017\/11\/15\/policia-militar-apreende-adolescentes-apos-assalto-a-onibus-na-capital-2\/\"]}]},{\"@type\":\"BreadcrumbList\",\"@id\":\"https:\/\/www.pm.pb.gov.br\/portal\/2017\/11\/15\/policia-militar-apreende-adolescentes-apos-assalto-a-onibus-na-capital-2\/#breadcrumb\",\"itemListElement\":[{\"@type\":\"ListItem\",\"position\":1,\"name\":\"In\u00edcio\",\"item\":\"https:\/\/www.pm.pb.gov.br\/portal\/\"},{\"@type\":\"ListItem\",\"position\":2,\"name\":\"Pol\u00edcia Militar apreende adolescentes ap\u00f3s assalto a \u00f4nibus na Capital\"}]},{\"@type\":\"WebSite\",\"@id\":\"https:\/\/www.pm.pb.gov.br\/portal\/#website\",\"url\":\"https:\/\/www.pm.pb.gov.br\/portal\/\",\"name\":\"Pol\u00edcia Militar da Para\u00edba\",\"description\":\"\",\"publisher\":{\"@id\":\"https:\/\/www.pm.pb.gov.br\/portal\/#organization\"},\"potentialAction\":[{\"@type\":\"SearchAction\",\"target\":{\"@type\":\"EntryPoint\",\"urlTemplate\":\"https:\/\/www.pm.pb.gov.br\/portal\/?s={search_term_string}\"},\"query-input\":\"required name=search_term_string\"}],\"inLanguage\":\"pt-BR\"},{\"@type\":\"Organization\",\"@id\":\"https:\/\/www.pm.pb.gov.br\/portal\/#organization\",\"name\":\"Pol\u00edcia Militar da Para\u00edba\",\"url\":\"https:\/\/www.pm.pb.gov.br\/portal\/\",\"logo\":{\"@type\":\"ImageObject\",\"inLanguage\":\"pt-BR\",\"@id\":\"https:\/\/www.pm.pb.gov.br\/portal\/#\/schema\/logo\/image\/\",\"url\":\"https:\/\/www.pm.pb.gov.br\/portal\/wp-content\/uploads\/2025\/03\/cropped-logo-site-mag2-1.png\",\"contentUrl\":\"https:\/\/www.pm.pb.gov.br\/portal\/wp-content\/uploads\/2025\/03\/cropped-logo-site-mag2-1.png\",\"width\":320,\"height\":90,\"caption\":\"Pol\u00edcia Militar da Para\u00edba\"},\"image\":{\"@id\":\"https:\/\/www.pm.pb.gov.br\/portal\/#\/schema\/logo\/image\/\"}},{\"@type\":\"Person\",\"@id\":\"https:\/\/www.pm.pb.gov.br\/portal\/#\/schema\/person\/f84f56dcc78ce4357054da888b8247fd\",\"name\":\"Tarcisio Oliveira\",\"image\":{\"@type\":\"ImageObject\",\"inLanguage\":\"pt-BR\",\"@id\":\"https:\/\/www.pm.pb.gov.br\/portal\/#\/schema\/person\/image\/\",\"url\":\"https:\/\/secure.gravatar.com\/avatar\/72917b630b69d31cd0297507f34bac97?s=96&d=mm&r=g\",\"contentUrl\":\"https:\/\/secure.gravatar.com\/avatar\/72917b630b69d31cd0297507f34bac97?s=96&d=mm&r=g\",\"caption\":\"Tarcisio Oliveira\"},\"url\":\"https:\/\/www.pm.pb.gov.br\/portal\/author\/tarcisio\/\"}]}<\/script>\n<!-- \/ Yoast SEO plugin. -->","yoast_head_json":{"title":"Pol\u00edcia Militar apreende adolescentes ap\u00f3s assalto a \u00f4nibus na Capital - Pol\u00edcia Militar da Para\u00edba","robots":{"index":"index","follow":"follow","max-snippet":"max-snippet:-1","max-image-preview":"max-image-preview:large","max-video-preview":"max-video-preview:-1"},"canonical":"https:\/\/www.pm.pb.gov.br\/portal\/2017\/11\/15\/policia-militar-apreende-adolescentes-apos-assalto-a-onibus-na-capital-2\/","og_locale":"pt_BR","og_type":"article","og_title":"Pol\u00edcia Militar apreende adolescentes ap\u00f3s assalto a \u00f4nibus na Capital - Pol\u00edcia Militar da Para\u00edba","og_description":"Durante a Opera\u00e7\u00e3o N\u00f4made, policiais militares da For\u00e7a Regional apreenderam, na noite dessa ter\u00e7a-feira (14), um trio de adolescentes suspeito","og_url":"https:\/\/www.pm.pb.gov.br\/portal\/2017\/11\/15\/policia-militar-apreende-adolescentes-apos-assalto-a-onibus-na-capital-2\/","og_site_name":"Pol\u00edcia Militar da Para\u00edba","article_published_time":"2017-11-15T13:33:52+00:00","og_image":[{"width":800,"height":445,"url":"https:\/\/www.pm.pb.gov.br\/portal\/wp-content\/uploads\/2017\/11\/replicapistola.jpeg","type":"image\/jpeg"}],"author":"Tarcisio Oliveira","twitter_card":"summary_large_image","twitter_misc":{"Escrito por":"Tarcisio Oliveira","Est. tempo de leitura":"1 minuto"},"schema":{"@context":"https:\/\/schema.org","@graph":[{"@type":"Article","@id":"https:\/\/www.pm.pb.gov.br\/portal\/2017\/11\/15\/policia-militar-apreende-adolescentes-apos-assalto-a-onibus-na-capital-2\/#article","isPartOf":{"@id":"https:\/\/www.pm.pb.gov.br\/portal\/2017\/11\/15\/policia-militar-apreende-adolescentes-apos-assalto-a-onibus-na-capital-2\/"},"author":{"name":"Tarcisio Oliveira","@id":"https:\/\/www.pm.pb.gov.br\/portal\/#\/schema\/person\/f84f56dcc78ce4357054da888b8247fd"},"headline":"Pol\u00edcia Militar apreende adolescentes ap\u00f3s assalto a \u00f4nibus na Capital","datePublished":"2017-11-15T13:33:52+00:00","dateModified":"2017-11-15T13:33:52+00:00","mainEntityOfPage":{"@id":"https:\/\/www.pm.pb.gov.br\/portal\/2017\/11\/15\/policia-militar-apreende-adolescentes-apos-assalto-a-onibus-na-capital-2\/"},"wordCount":278,"publisher":{"@id":"https:\/\/www.pm.pb.gov.br\/portal\/#organization"},"articleSection":["A\u00e7\u00f5es Policiais"],"inLanguage":"pt-BR"},{"@type":"WebPage","@id":"https:\/\/www.pm.pb.gov.br\/portal\/2017\/11\/15\/policia-militar-apreende-adolescentes-apos-assalto-a-onibus-na-capital-2\/","url":"https:\/\/www.pm.pb.gov.br\/portal\/2017\/11\/15\/policia-militar-apreende-adolescentes-apos-assalto-a-onibus-na-capital-2\/","name":"Pol\u00edcia Militar apreende adolescentes ap\u00f3s assalto a \u00f4nibus na Capital - Pol\u00edcia Militar da Para\u00edba","isPartOf":{"@id":"https:\/\/www.pm.pb.gov.br\/portal\/#website"},"datePublished":"2017-11-15T13:33:52+00:00","dateModified":"2017-11-15T13:33:52+00:00","breadcrumb":{"@id":"https:\/\/www.pm.pb.gov.br\/portal\/2017\/11\/15\/policia-militar-apreende-adolescentes-apos-assalto-a-onibus-na-capital-2\/#breadcrumb"},"inLanguage":"pt-BR","potentialAction":[{"@type":"ReadAction","target":["https:\/\/www.pm.pb.gov.br\/portal\/2017\/11\/15\/policia-militar-apreende-adolescentes-apos-assalto-a-onibus-na-capital-2\/"]}]},{"@type":"BreadcrumbList","@id":"https:\/\/www.pm.pb.gov.br\/portal\/2017\/11\/15\/policia-militar-apreende-adolescentes-apos-assalto-a-onibus-na-capital-2\/#breadcrumb","itemListElement":[{"@type":"ListItem","position":1,"name":"In\u00edcio","item":"https:\/\/www.pm.pb.gov.br\/portal\/"},{"@type":"ListItem","position":2,"name":"Pol\u00edcia Militar apreende adolescentes ap\u00f3s assalto a \u00f4nibus na Capital"}]},{"@type":"WebSite","@id":"https:\/\/www.pm.pb.gov.br\/portal\/#website","url":"https:\/\/www.pm.pb.gov.br\/portal\/","name":"Pol\u00edcia Militar da Para\u00edba","description":"","publisher":{"@id":"https:\/\/www.pm.pb.gov.br\/portal\/#organization"},"potentialAction":[{"@type":"SearchAction","target":{"@type":"EntryPoint","urlTemplate":"https:\/\/www.pm.pb.gov.br\/portal\/?s={search_term_string}"},"query-input":"required name=search_term_string"}],"inLanguage":"pt-BR"},{"@type":"Organization","@id":"https:\/\/www.pm.pb.gov.br\/portal\/#organization","name":"Pol\u00edcia Militar da Para\u00edba","url":"https:\/\/www.pm.pb.gov.br\/portal\/","logo":{"@type":"ImageObject","inLanguage":"pt-BR","@id":"https:\/\/www.pm.pb.gov.br\/portal\/#\/schema\/logo\/image\/","url":"https:\/\/www.pm.pb.gov.br\/portal\/wp-content\/uploads\/2025\/03\/cropped-logo-site-mag2-1.png","contentUrl":"https:\/\/www.pm.pb.gov.br\/portal\/wp-content\/uploads\/2025\/03\/cropped-logo-site-mag2-1.png","width":320,"height":90,"caption":"Pol\u00edcia Militar da Para\u00edba"},"image":{"@id":"https:\/\/www.pm.pb.gov.br\/portal\/#\/schema\/logo\/image\/"}},{"@type":"Person","@id":"https:\/\/www.pm.pb.gov.br\/portal\/#\/schema\/person\/f84f56dcc78ce4357054da888b8247fd","name":"Tarcisio Oliveira","image":{"@type":"ImageObject","inLanguage":"pt-BR","@id":"https:\/\/www.pm.pb.gov.br\/portal\/#\/schema\/person\/image\/","url":"https:\/\/secure.gravatar.com\/avatar\/72917b630b69d31cd0297507f34bac97?s=96&d=mm&r=g","contentUrl":"https:\/\/secure.gravatar.com\/avatar\/72917b630b69d31cd0297507f34bac97?s=96&d=mm&r=g","caption":"Tarcisio Oliveira"},"url":"https:\/\/www.pm.pb.gov.br\/portal\/author\/tarcisio\/"}]}},"_links":{"self":[{"href":"https:\/\/www.pm.pb.gov.br\/portal\/wp-json\/wp\/v2\/posts\/896013"}],"collection":[{"href":"https:\/\/www.pm.pb.gov.br\/portal\/wp-json\/wp\/v2\/posts"}],"about":[{"href":"https:\/\/www.pm.pb.gov.br\/portal\/wp-json\/wp\/v2\/types\/post"}],"author":[{"embeddable":true,"href":"https:\/\/www.pm.pb.gov.br\/portal\/wp-json\/wp\/v2\/users\/12"}],"replies":[{"embeddable":true,"href":"https:\/\/www.pm.pb.gov.br\/portal\/wp-json\/wp\/v2\/comments?post=896013"}],"version-history":[{"count":1,"href":"https:\/\/www.pm.pb.gov.br\/portal\/wp-json\/wp\/v2\/posts\/896013\/revisions"}],"predecessor-version":[{"id":896014,"href":"https:\/\/www.pm.pb.gov.br\/portal\/wp-json\/wp\/v2\/posts\/896013\/revisions\/896014"}],"wp:featuredmedia":[{"embeddable":true,"href":"https:\/\/www.pm.pb.gov.br\/portal\/wp-json\/wp\/v2\/media\/896002"}],"wp:attachment":[{"href":"https:\/\/www.pm.pb.gov.br\/portal\/wp-json\/wp\/v2\/media?parent=896013"}],"wp:term":[{"taxonomy":"category","embeddable":true,"href":"https:\/\/www.pm.pb.gov.br\/portal\/wp-json\/wp\/v2\/categories?post=896013"},{"taxonomy":"post_tag","embeddable":true,"href":"https:\/\/www.pm.pb.gov.br\/portal\/wp-json\/wp\/v2\/tags?post=896013"}],"curies":[{"name":"wp","href":"https:\/\/api.w.org\/{rel}","templated":true}]}}