{"id":896007,"date":"2017-11-15T10:31:57","date_gmt":"2017-11-15T13:31:57","guid":{"rendered":"http:\/\/www.pm.pb.gov.br\/portal\/?p=896007"},"modified":"2017-11-15T10:31:57","modified_gmt":"2017-11-15T13:31:57","slug":"policia-militar-tera-primeiro-curso-de-policia-comunitaria-para-indios-e-proerd-no-litoral-norte","status":"publish","type":"post","link":"https:\/\/www.pm.pb.gov.br\/portal\/2017\/11\/15\/policia-militar-tera-primeiro-curso-de-policia-comunitaria-para-indios-e-proerd-no-litoral-norte\/","title":{"rendered":"Pol\u00edcia Militar ter\u00e1 primeiro Curso de Pol\u00edcia Comunit\u00e1ria para \u00edndios e Proerd no litoral norte"},"content":{"rendered":"<p style=\"text-align: justify;\">A Pol\u00edcia Militar da Para\u00edba ter\u00e1 o primeiro Curso de Pol\u00edcia Comunit\u00e1ria voltado para comunidades ind\u00edgenas no estado. A ideia surgiu ap\u00f3s reuni\u00e3o realizada nesta ter\u00e7a-feira (14), no Quartel do Comando Geral, com autoridades militares e chefes ind\u00edgenas dos munic\u00edpios da Baia da Trai\u00e7\u00e3o, Marca\u00e7\u00e3o e Rio Tinto, representantes do povo potiguara, no litoral norte do estado. O Programa Educacional de Resist\u00eancia \u00e0s Drogas e \u00e0 Viol\u00eancia (Proerd) tamb\u00e9m dever\u00e1 ser implantado na regi\u00e3o.<\/p>\n<p style=\"text-align: justify;\">O objetivo do comandante-geral, coronel Euller de Assis Chaves, \u00e9 capacitar \u00edndios, que ser\u00e3o os principais discentes, e policiais, para atua\u00e7\u00e3o e preven\u00e7\u00e3o \u00e0 criminalidade nas comunidades e aldeias. &#8220;Vivemos um momento de quebra de paradigmas, uni\u00e3o de comunidades e celebra\u00e7\u00e3o do respeito. Com essa a\u00e7\u00e3o que a Pol\u00edcia Militar ir\u00e1 executar, vamos poder capacitar ainda mais nossos policiais e os representantes do povo potiguara para o atendimento \u00e0 vida humana, independente de sua origem ou raiz \u00e9tnica&#8221;, afirmou.<\/p>\n<p style=\"text-align: justify;\">Durante o Curso de Pol\u00edcia Comunit\u00e1ria, que dever\u00e1 ter instrutores com forma\u00e7\u00e3o diversificada, incluindo antrop\u00f3logos ind\u00edgenas, ser\u00e3o capacitadas as comunidades locais para busca e resolu\u00e7\u00e3o de conflitos. A expectativa \u00e9 que as aulas ocorram tanto em Jo\u00e3o Pessoa quanto nas aldeias no litoral norte, alcan\u00e7ando inicialmente cerca de 35 pessoas.\u00a0 De 2011 at\u00e9 agora, s\u00e3o 3.202 policiais militares formados pelo Curso de Pol\u00edcia Comunit\u00e1ria. O Proerd, que realiza capacita\u00e7\u00f5es atuando na preven\u00e7\u00e3o prim\u00e1ria ao uso de drogas, tamb\u00e9m dever\u00e1 ser implantado no litoral norte.<\/p>\n<figure id=\"attachment_896009\" aria-describedby=\"caption-attachment-896009\" style=\"width: 532px\" class=\"wp-caption aligncenter\"><img loading=\"lazy\" decoding=\"async\" class=\"wp-image-896009\" src=\"http:\/\/www.pm.pb.gov.br\/portal\/wp-content\/uploads\/2017\/11\/WhatsApp-Image-2017-11-14-at-17.25.06-668x445.jpeg\" alt=\"\" width=\"532\" height=\"355\" srcset=\"https:\/\/www.pm.pb.gov.br\/portal\/wp-content\/uploads\/2017\/11\/WhatsApp-Image-2017-11-14-at-17.25.06-668x445.jpeg 668w, https:\/\/www.pm.pb.gov.br\/portal\/wp-content\/uploads\/2017\/11\/WhatsApp-Image-2017-11-14-at-17.25.06-768x512.jpeg 768w, https:\/\/www.pm.pb.gov.br\/portal\/wp-content\/uploads\/2017\/11\/WhatsApp-Image-2017-11-14-at-17.25.06-855x570.jpeg 855w, https:\/\/www.pm.pb.gov.br\/portal\/wp-content\/uploads\/2017\/11\/WhatsApp-Image-2017-11-14-at-17.25.06-272x182.jpeg 272w, https:\/\/www.pm.pb.gov.br\/portal\/wp-content\/uploads\/2017\/11\/WhatsApp-Image-2017-11-14-at-17.25.06.jpeg 1280w\" sizes=\"(max-width: 532px) 100vw, 532px\" \/><figcaption id=\"caption-attachment-896009\" class=\"wp-caption-text\"><span style=\"font-size: 10pt;\">Reuni\u00e3o aconteceu nesta ter\u00e7a-feira (14)<\/span><\/figcaption><\/figure>\n<p style=\"text-align: justify;\">Al\u00e9m do comandante-geral e lideran\u00e7as ind\u00edgenas dos munic\u00edpios, a reuni\u00e3o teve a participa\u00e7\u00e3o do diretor do Centro de Educa\u00e7\u00e3o, coronel Ronildo Souza, coordenadorias do Estado-Maior Estrat\u00e9gico, tenente-coronel Ysmar Mota, major Elmer Oliveira, o comandante da 2\u00aa Companhia Independente, major Alberto Filho, e a coordenadora do Proerd, capit\u00e3 Polyanna Laura.<\/p>\n<p style=\"text-align: justify;\"><strong>Comandante presenteado<\/strong>\u00a0\u2013 Durante a reuni\u00e3o, o coronel Euller foi presenteado pelo cacique Alcides, da aldeia da Baia da Trai\u00e7\u00e3o, com um livro que traz um retrato da cultura e das caracter\u00edsticas f\u00edsicas da aldeia daquela regi\u00e3o.<\/p>\n","protected":false},"excerpt":{"rendered":"<p>A Pol\u00edcia Militar da Para\u00edba ter\u00e1 o primeiro Curso de Pol\u00edcia Comunit\u00e1ria voltado para comunidades ind\u00edgenas no estado. A ideia<\/p>\n","protected":false},"author":12,"featured_media":896008,"comment_status":"closed","ping_status":"closed","sticky":false,"template":"","format":"standard","meta":{"_exactmetrics_skip_tracking":false,"_exactmetrics_sitenote_active":false,"_exactmetrics_sitenote_note":"","_exactmetrics_sitenote_category":0,"footnotes":""},"categories":[6],"tags":[],"yoast_head":"<!-- This site is optimized with the Yoast SEO plugin v22.0 - https:\/\/yoast.com\/wordpress\/plugins\/seo\/ -->\n<title>Pol\u00edcia Militar ter\u00e1 primeiro Curso de Pol\u00edcia Comunit\u00e1ria para \u00edndios e Proerd no litoral norte - Pol\u00edcia Militar da Para\u00edba<\/title>\n<meta name=\"robots\" content=\"index, follow, max-snippet:-1, max-image-preview:large, max-video-preview:-1\" \/>\n<link rel=\"canonical\" href=\"https:\/\/www.pm.pb.gov.br\/portal\/2017\/11\/15\/policia-militar-tera-primeiro-curso-de-policia-comunitaria-para-indios-e-proerd-no-litoral-norte\/\" \/>\n<meta property=\"og:locale\" content=\"pt_BR\" \/>\n<meta property=\"og:type\" content=\"article\" \/>\n<meta property=\"og:title\" content=\"Pol\u00edcia Militar ter\u00e1 primeiro Curso de Pol\u00edcia Comunit\u00e1ria para \u00edndios e Proerd no litoral norte - Pol\u00edcia Militar da Para\u00edba\" \/>\n<meta property=\"og:description\" content=\"A Pol\u00edcia Militar da Para\u00edba ter\u00e1 o primeiro Curso de Pol\u00edcia Comunit\u00e1ria voltado para comunidades ind\u00edgenas no estado. A ideia\" \/>\n<meta property=\"og:url\" content=\"https:\/\/www.pm.pb.gov.br\/portal\/2017\/11\/15\/policia-militar-tera-primeiro-curso-de-policia-comunitaria-para-indios-e-proerd-no-litoral-norte\/\" \/>\n<meta property=\"og:site_name\" content=\"Pol\u00edcia Militar da Para\u00edba\" \/>\n<meta property=\"article:published_time\" content=\"2017-11-15T13:31:57+00:00\" \/>\n<meta property=\"og:image\" content=\"https:\/\/www.pm.pb.gov.br\/portal\/wp-content\/uploads\/2017\/11\/reuniao.jpg\" \/>\n\t<meta property=\"og:image:width\" content=\"800\" \/>\n\t<meta property=\"og:image:height\" content=\"445\" \/>\n\t<meta property=\"og:image:type\" content=\"image\/jpeg\" \/>\n<meta name=\"author\" content=\"Tarcisio Oliveira\" \/>\n<meta name=\"twitter:card\" content=\"summary_large_image\" \/>\n<meta name=\"twitter:label1\" content=\"Escrito por\" \/>\n\t<meta name=\"twitter:data1\" content=\"Tarcisio Oliveira\" \/>\n\t<meta name=\"twitter:label2\" content=\"Est. tempo de leitura\" \/>\n\t<meta name=\"twitter:data2\" content=\"2 minutos\" \/>\n<script type=\"application\/ld+json\" class=\"yoast-schema-graph\">{\"@context\":\"https:\/\/schema.org\",\"@graph\":[{\"@type\":\"Article\",\"@id\":\"https:\/\/www.pm.pb.gov.br\/portal\/2017\/11\/15\/policia-militar-tera-primeiro-curso-de-policia-comunitaria-para-indios-e-proerd-no-litoral-norte\/#article\",\"isPartOf\":{\"@id\":\"https:\/\/www.pm.pb.gov.br\/portal\/2017\/11\/15\/policia-militar-tera-primeiro-curso-de-policia-comunitaria-para-indios-e-proerd-no-litoral-norte\/\"},\"author\":{\"name\":\"Tarcisio Oliveira\",\"@id\":\"https:\/\/www.pm.pb.gov.br\/portal\/#\/schema\/person\/f84f56dcc78ce4357054da888b8247fd\"},\"headline\":\"Pol\u00edcia Militar ter\u00e1 primeiro Curso de Pol\u00edcia Comunit\u00e1ria para \u00edndios e Proerd no litoral norte\",\"datePublished\":\"2017-11-15T13:31:57+00:00\",\"dateModified\":\"2017-11-15T13:31:57+00:00\",\"mainEntityOfPage\":{\"@id\":\"https:\/\/www.pm.pb.gov.br\/portal\/2017\/11\/15\/policia-militar-tera-primeiro-curso-de-policia-comunitaria-para-indios-e-proerd-no-litoral-norte\/\"},\"wordCount\":395,\"publisher\":{\"@id\":\"https:\/\/www.pm.pb.gov.br\/portal\/#organization\"},\"articleSection\":[\"Cursos\"],\"inLanguage\":\"pt-BR\"},{\"@type\":\"WebPage\",\"@id\":\"https:\/\/www.pm.pb.gov.br\/portal\/2017\/11\/15\/policia-militar-tera-primeiro-curso-de-policia-comunitaria-para-indios-e-proerd-no-litoral-norte\/\",\"url\":\"https:\/\/www.pm.pb.gov.br\/portal\/2017\/11\/15\/policia-militar-tera-primeiro-curso-de-policia-comunitaria-para-indios-e-proerd-no-litoral-norte\/\",\"name\":\"Pol\u00edcia Militar ter\u00e1 primeiro Curso de Pol\u00edcia Comunit\u00e1ria para \u00edndios e Proerd no litoral norte - Pol\u00edcia Militar da Para\u00edba\",\"isPartOf\":{\"@id\":\"https:\/\/www.pm.pb.gov.br\/portal\/#website\"},\"datePublished\":\"2017-11-15T13:31:57+00:00\",\"dateModified\":\"2017-11-15T13:31:57+00:00\",\"breadcrumb\":{\"@id\":\"https:\/\/www.pm.pb.gov.br\/portal\/2017\/11\/15\/policia-militar-tera-primeiro-curso-de-policia-comunitaria-para-indios-e-proerd-no-litoral-norte\/#breadcrumb\"},\"inLanguage\":\"pt-BR\",\"potentialAction\":[{\"@type\":\"ReadAction\",\"target\":[\"https:\/\/www.pm.pb.gov.br\/portal\/2017\/11\/15\/policia-militar-tera-primeiro-curso-de-policia-comunitaria-para-indios-e-proerd-no-litoral-norte\/\"]}]},{\"@type\":\"BreadcrumbList\",\"@id\":\"https:\/\/www.pm.pb.gov.br\/portal\/2017\/11\/15\/policia-militar-tera-primeiro-curso-de-policia-comunitaria-para-indios-e-proerd-no-litoral-norte\/#breadcrumb\",\"itemListElement\":[{\"@type\":\"ListItem\",\"position\":1,\"name\":\"In\u00edcio\",\"item\":\"https:\/\/www.pm.pb.gov.br\/portal\/\"},{\"@type\":\"ListItem\",\"position\":2,\"name\":\"Pol\u00edcia Militar ter\u00e1 primeiro Curso de Pol\u00edcia Comunit\u00e1ria para \u00edndios e Proerd no litoral norte\"}]},{\"@type\":\"WebSite\",\"@id\":\"https:\/\/www.pm.pb.gov.br\/portal\/#website\",\"url\":\"https:\/\/www.pm.pb.gov.br\/portal\/\",\"name\":\"Pol\u00edcia Militar da Para\u00edba\",\"description\":\"\",\"publisher\":{\"@id\":\"https:\/\/www.pm.pb.gov.br\/portal\/#organization\"},\"potentialAction\":[{\"@type\":\"SearchAction\",\"target\":{\"@type\":\"EntryPoint\",\"urlTemplate\":\"https:\/\/www.pm.pb.gov.br\/portal\/?s={search_term_string}\"},\"query-input\":\"required name=search_term_string\"}],\"inLanguage\":\"pt-BR\"},{\"@type\":\"Organization\",\"@id\":\"https:\/\/www.pm.pb.gov.br\/portal\/#organization\",\"name\":\"Pol\u00edcia Militar da Para\u00edba\",\"url\":\"https:\/\/www.pm.pb.gov.br\/portal\/\",\"logo\":{\"@type\":\"ImageObject\",\"inLanguage\":\"pt-BR\",\"@id\":\"https:\/\/www.pm.pb.gov.br\/portal\/#\/schema\/logo\/image\/\",\"url\":\"https:\/\/www.pm.pb.gov.br\/portal\/wp-content\/uploads\/2025\/03\/cropped-logo-site-mag2-1.png\",\"contentUrl\":\"https:\/\/www.pm.pb.gov.br\/portal\/wp-content\/uploads\/2025\/03\/cropped-logo-site-mag2-1.png\",\"width\":320,\"height\":90,\"caption\":\"Pol\u00edcia Militar da Para\u00edba\"},\"image\":{\"@id\":\"https:\/\/www.pm.pb.gov.br\/portal\/#\/schema\/logo\/image\/\"}},{\"@type\":\"Person\",\"@id\":\"https:\/\/www.pm.pb.gov.br\/portal\/#\/schema\/person\/f84f56dcc78ce4357054da888b8247fd\",\"name\":\"Tarcisio Oliveira\",\"image\":{\"@type\":\"ImageObject\",\"inLanguage\":\"pt-BR\",\"@id\":\"https:\/\/www.pm.pb.gov.br\/portal\/#\/schema\/person\/image\/\",\"url\":\"https:\/\/secure.gravatar.com\/avatar\/72917b630b69d31cd0297507f34bac97?s=96&d=mm&r=g\",\"contentUrl\":\"https:\/\/secure.gravatar.com\/avatar\/72917b630b69d31cd0297507f34bac97?s=96&d=mm&r=g\",\"caption\":\"Tarcisio Oliveira\"},\"url\":\"https:\/\/www.pm.pb.gov.br\/portal\/author\/tarcisio\/\"}]}<\/script>\n<!-- \/ Yoast SEO plugin. -->","yoast_head_json":{"title":"Pol\u00edcia Militar ter\u00e1 primeiro Curso de Pol\u00edcia Comunit\u00e1ria para \u00edndios e Proerd no litoral norte - Pol\u00edcia Militar da Para\u00edba","robots":{"index":"index","follow":"follow","max-snippet":"max-snippet:-1","max-image-preview":"max-image-preview:large","max-video-preview":"max-video-preview:-1"},"canonical":"https:\/\/www.pm.pb.gov.br\/portal\/2017\/11\/15\/policia-militar-tera-primeiro-curso-de-policia-comunitaria-para-indios-e-proerd-no-litoral-norte\/","og_locale":"pt_BR","og_type":"article","og_title":"Pol\u00edcia Militar ter\u00e1 primeiro Curso de Pol\u00edcia Comunit\u00e1ria para \u00edndios e Proerd no litoral norte - Pol\u00edcia Militar da Para\u00edba","og_description":"A Pol\u00edcia Militar da Para\u00edba ter\u00e1 o primeiro Curso de Pol\u00edcia Comunit\u00e1ria voltado para comunidades ind\u00edgenas no estado. A ideia","og_url":"https:\/\/www.pm.pb.gov.br\/portal\/2017\/11\/15\/policia-militar-tera-primeiro-curso-de-policia-comunitaria-para-indios-e-proerd-no-litoral-norte\/","og_site_name":"Pol\u00edcia Militar da Para\u00edba","article_published_time":"2017-11-15T13:31:57+00:00","og_image":[{"width":800,"height":445,"url":"https:\/\/www.pm.pb.gov.br\/portal\/wp-content\/uploads\/2017\/11\/reuniao.jpg","type":"image\/jpeg"}],"author":"Tarcisio Oliveira","twitter_card":"summary_large_image","twitter_misc":{"Escrito por":"Tarcisio Oliveira","Est. tempo de leitura":"2 minutos"},"schema":{"@context":"https:\/\/schema.org","@graph":[{"@type":"Article","@id":"https:\/\/www.pm.pb.gov.br\/portal\/2017\/11\/15\/policia-militar-tera-primeiro-curso-de-policia-comunitaria-para-indios-e-proerd-no-litoral-norte\/#article","isPartOf":{"@id":"https:\/\/www.pm.pb.gov.br\/portal\/2017\/11\/15\/policia-militar-tera-primeiro-curso-de-policia-comunitaria-para-indios-e-proerd-no-litoral-norte\/"},"author":{"name":"Tarcisio Oliveira","@id":"https:\/\/www.pm.pb.gov.br\/portal\/#\/schema\/person\/f84f56dcc78ce4357054da888b8247fd"},"headline":"Pol\u00edcia Militar ter\u00e1 primeiro Curso de Pol\u00edcia Comunit\u00e1ria para \u00edndios e Proerd no litoral norte","datePublished":"2017-11-15T13:31:57+00:00","dateModified":"2017-11-15T13:31:57+00:00","mainEntityOfPage":{"@id":"https:\/\/www.pm.pb.gov.br\/portal\/2017\/11\/15\/policia-militar-tera-primeiro-curso-de-policia-comunitaria-para-indios-e-proerd-no-litoral-norte\/"},"wordCount":395,"publisher":{"@id":"https:\/\/www.pm.pb.gov.br\/portal\/#organization"},"articleSection":["Cursos"],"inLanguage":"pt-BR"},{"@type":"WebPage","@id":"https:\/\/www.pm.pb.gov.br\/portal\/2017\/11\/15\/policia-militar-tera-primeiro-curso-de-policia-comunitaria-para-indios-e-proerd-no-litoral-norte\/","url":"https:\/\/www.pm.pb.gov.br\/portal\/2017\/11\/15\/policia-militar-tera-primeiro-curso-de-policia-comunitaria-para-indios-e-proerd-no-litoral-norte\/","name":"Pol\u00edcia Militar ter\u00e1 primeiro Curso de Pol\u00edcia Comunit\u00e1ria para \u00edndios e Proerd no litoral norte - Pol\u00edcia Militar da Para\u00edba","isPartOf":{"@id":"https:\/\/www.pm.pb.gov.br\/portal\/#website"},"datePublished":"2017-11-15T13:31:57+00:00","dateModified":"2017-11-15T13:31:57+00:00","breadcrumb":{"@id":"https:\/\/www.pm.pb.gov.br\/portal\/2017\/11\/15\/policia-militar-tera-primeiro-curso-de-policia-comunitaria-para-indios-e-proerd-no-litoral-norte\/#breadcrumb"},"inLanguage":"pt-BR","potentialAction":[{"@type":"ReadAction","target":["https:\/\/www.pm.pb.gov.br\/portal\/2017\/11\/15\/policia-militar-tera-primeiro-curso-de-policia-comunitaria-para-indios-e-proerd-no-litoral-norte\/"]}]},{"@type":"BreadcrumbList","@id":"https:\/\/www.pm.pb.gov.br\/portal\/2017\/11\/15\/policia-militar-tera-primeiro-curso-de-policia-comunitaria-para-indios-e-proerd-no-litoral-norte\/#breadcrumb","itemListElement":[{"@type":"ListItem","position":1,"name":"In\u00edcio","item":"https:\/\/www.pm.pb.gov.br\/portal\/"},{"@type":"ListItem","position":2,"name":"Pol\u00edcia Militar ter\u00e1 primeiro Curso de Pol\u00edcia Comunit\u00e1ria para \u00edndios e Proerd no litoral norte"}]},{"@type":"WebSite","@id":"https:\/\/www.pm.pb.gov.br\/portal\/#website","url":"https:\/\/www.pm.pb.gov.br\/portal\/","name":"Pol\u00edcia Militar da Para\u00edba","description":"","publisher":{"@id":"https:\/\/www.pm.pb.gov.br\/portal\/#organization"},"potentialAction":[{"@type":"SearchAction","target":{"@type":"EntryPoint","urlTemplate":"https:\/\/www.pm.pb.gov.br\/portal\/?s={search_term_string}"},"query-input":"required name=search_term_string"}],"inLanguage":"pt-BR"},{"@type":"Organization","@id":"https:\/\/www.pm.pb.gov.br\/portal\/#organization","name":"Pol\u00edcia Militar da Para\u00edba","url":"https:\/\/www.pm.pb.gov.br\/portal\/","logo":{"@type":"ImageObject","inLanguage":"pt-BR","@id":"https:\/\/www.pm.pb.gov.br\/portal\/#\/schema\/logo\/image\/","url":"https:\/\/www.pm.pb.gov.br\/portal\/wp-content\/uploads\/2025\/03\/cropped-logo-site-mag2-1.png","contentUrl":"https:\/\/www.pm.pb.gov.br\/portal\/wp-content\/uploads\/2025\/03\/cropped-logo-site-mag2-1.png","width":320,"height":90,"caption":"Pol\u00edcia Militar da Para\u00edba"},"image":{"@id":"https:\/\/www.pm.pb.gov.br\/portal\/#\/schema\/logo\/image\/"}},{"@type":"Person","@id":"https:\/\/www.pm.pb.gov.br\/portal\/#\/schema\/person\/f84f56dcc78ce4357054da888b8247fd","name":"Tarcisio Oliveira","image":{"@type":"ImageObject","inLanguage":"pt-BR","@id":"https:\/\/www.pm.pb.gov.br\/portal\/#\/schema\/person\/image\/","url":"https:\/\/secure.gravatar.com\/avatar\/72917b630b69d31cd0297507f34bac97?s=96&d=mm&r=g","contentUrl":"https:\/\/secure.gravatar.com\/avatar\/72917b630b69d31cd0297507f34bac97?s=96&d=mm&r=g","caption":"Tarcisio Oliveira"},"url":"https:\/\/www.pm.pb.gov.br\/portal\/author\/tarcisio\/"}]}},"_links":{"self":[{"href":"https:\/\/www.pm.pb.gov.br\/portal\/wp-json\/wp\/v2\/posts\/896007"}],"collection":[{"href":"https:\/\/www.pm.pb.gov.br\/portal\/wp-json\/wp\/v2\/posts"}],"about":[{"href":"https:\/\/www.pm.pb.gov.br\/portal\/wp-json\/wp\/v2\/types\/post"}],"author":[{"embeddable":true,"href":"https:\/\/www.pm.pb.gov.br\/portal\/wp-json\/wp\/v2\/users\/12"}],"replies":[{"embeddable":true,"href":"https:\/\/www.pm.pb.gov.br\/portal\/wp-json\/wp\/v2\/comments?post=896007"}],"version-history":[{"count":2,"href":"https:\/\/www.pm.pb.gov.br\/portal\/wp-json\/wp\/v2\/posts\/896007\/revisions"}],"predecessor-version":[{"id":896011,"href":"https:\/\/www.pm.pb.gov.br\/portal\/wp-json\/wp\/v2\/posts\/896007\/revisions\/896011"}],"wp:featuredmedia":[{"embeddable":true,"href":"https:\/\/www.pm.pb.gov.br\/portal\/wp-json\/wp\/v2\/media\/896008"}],"wp:attachment":[{"href":"https:\/\/www.pm.pb.gov.br\/portal\/wp-json\/wp\/v2\/media?parent=896007"}],"wp:term":[{"taxonomy":"category","embeddable":true,"href":"https:\/\/www.pm.pb.gov.br\/portal\/wp-json\/wp\/v2\/categories?post=896007"},{"taxonomy":"post_tag","embeddable":true,"href":"https:\/\/www.pm.pb.gov.br\/portal\/wp-json\/wp\/v2\/tags?post=896007"}],"curies":[{"name":"wp","href":"https:\/\/api.w.org\/{rel}","templated":true}]}}