{"id":895996,"date":"2017-11-13T17:37:20","date_gmt":"2017-11-13T20:37:20","guid":{"rendered":"http:\/\/www.pm.pb.gov.br\/portal\/?p=895996"},"modified":"2017-11-17T09:32:42","modified_gmt":"2017-11-17T12:32:42","slug":"centro-cultural-recebe-mostra-fotografica-a-arte-de-ser-policial-militar","status":"publish","type":"post","link":"https:\/\/www.pm.pb.gov.br\/portal\/2017\/11\/13\/centro-cultural-recebe-mostra-fotografica-a-arte-de-ser-policial-militar\/","title":{"rendered":"Centro Cultural recebe mostra fotogr\u00e1fica \u201cA Arte de Ser Policial Militar\u201d"},"content":{"rendered":"<p style=\"text-align: justify;\">Paraibanos e turistas t\u00eam mais um atrativo na visita ao Centro Cultural S\u00e3o Francisco, a partir desta segunda-feira (13). A exposi\u00e7\u00e3o fotogr\u00e1fica \u201cA Arte de Ser Policial Militar\u201d, formada por mais de 20 quadros impressos em tela, estar\u00e1 dispon\u00edvel para visita\u00e7\u00e3o, com entradas gratuitas para o p\u00fablico. A abertura da exposi\u00e7\u00e3o, que acontece \u00e0s 18h, contar\u00e1 ainda com uma apresenta\u00e7\u00e3o da Banda de M\u00fasica da Pol\u00edcia Militar.<\/p>\n<p><img loading=\"lazy\" decoding=\"async\" class=\"wp-image-895997 alignleft\" src=\"http:\/\/www.pm.pb.gov.br\/portal\/wp-content\/uploads\/2017\/11\/policia-mostra-fotografica-A-Arte-de-ser-Policial-Militar-1-786x445.jpg\" alt=\"\" width=\"389\" height=\"220\" srcset=\"https:\/\/www.pm.pb.gov.br\/portal\/wp-content\/uploads\/2017\/11\/policia-mostra-fotografica-A-Arte-de-ser-Policial-Militar-1-786x445.jpg 786w, https:\/\/www.pm.pb.gov.br\/portal\/wp-content\/uploads\/2017\/11\/policia-mostra-fotografica-A-Arte-de-ser-Policial-Militar-1-768x435.jpg 768w, https:\/\/www.pm.pb.gov.br\/portal\/wp-content\/uploads\/2017\/11\/policia-mostra-fotografica-A-Arte-de-ser-Policial-Militar-1.jpg 800w\" sizes=\"(max-width: 389px) 100vw, 389px\" \/><\/p>\n<p style=\"text-align: justify;\">A exposi\u00e7\u00e3o fotogr\u00e1fica, resultado das produ\u00e7\u00f5es realizadas pela Coordenadoria de Comunica\u00e7\u00e3o e Marketing da PM, mostra parte da rotina vivenciada pelo policial militar durante as a\u00e7\u00f5es de seguran\u00e7a p\u00fablica, al\u00e9m de diversas tropas especializadas e modalidades de policiamento. A mostra traz tamb\u00e9m imagens de projetos sociais da PM, como a equoterapia, que utiliza cavalos para contribuir com o desenvolvimento f\u00edsico, psicol\u00f3gico e social de crian\u00e7as, e tamb\u00e9m o Programa Educacional de Resist\u00eancias \u00e0s Drogas e a Viol\u00eancia (Proerd).<\/p>\n<p style=\"text-align: justify;\">A mostra est\u00e1 aberta para visita\u00e7\u00e3o no Centro Cultural S\u00e3o Francisco, no centro de Jo\u00e3o Pessoa at\u00e9 o dia 30 novembro, de segunda \u00e0 sexta-feira, das 8h30 \u00e0s 16h30, nos s\u00e1bados, domingos e feriados, das 9h \u00e0s 13h30.<\/p>\n","protected":false},"excerpt":{"rendered":"<p>Paraibanos e turistas t\u00eam mais um atrativo na visita ao Centro Cultural S\u00e3o Francisco, a partir desta segunda-feira (13). A<\/p>\n","protected":false},"author":15,"featured_media":895998,"comment_status":"closed","ping_status":"closed","sticky":false,"template":"","format":"standard","meta":{"_exactmetrics_skip_tracking":false,"_exactmetrics_sitenote_active":false,"_exactmetrics_sitenote_note":"","_exactmetrics_sitenote_category":0,"footnotes":""},"categories":[9],"tags":[],"yoast_head":"<!-- This site is optimized with the Yoast SEO plugin v22.0 - https:\/\/yoast.com\/wordpress\/plugins\/seo\/ -->\n<title>Centro Cultural recebe mostra fotogr\u00e1fica \u201cA Arte de Ser Policial Militar\u201d - Pol\u00edcia Militar da Para\u00edba<\/title>\n<meta name=\"robots\" content=\"index, follow, max-snippet:-1, max-image-preview:large, max-video-preview:-1\" \/>\n<link rel=\"canonical\" href=\"https:\/\/www.pm.pb.gov.br\/portal\/2017\/11\/13\/centro-cultural-recebe-mostra-fotografica-a-arte-de-ser-policial-militar\/\" \/>\n<meta property=\"og:locale\" content=\"pt_BR\" \/>\n<meta property=\"og:type\" content=\"article\" \/>\n<meta property=\"og:title\" content=\"Centro Cultural recebe mostra fotogr\u00e1fica \u201cA Arte de Ser Policial Militar\u201d - Pol\u00edcia Militar da Para\u00edba\" \/>\n<meta property=\"og:description\" content=\"Paraibanos e turistas t\u00eam mais um atrativo na visita ao Centro Cultural S\u00e3o Francisco, a partir desta segunda-feira (13). A\" \/>\n<meta property=\"og:url\" content=\"https:\/\/www.pm.pb.gov.br\/portal\/2017\/11\/13\/centro-cultural-recebe-mostra-fotografica-a-arte-de-ser-policial-militar\/\" \/>\n<meta property=\"og:site_name\" content=\"Pol\u00edcia Militar da Para\u00edba\" \/>\n<meta property=\"article:published_time\" content=\"2017-11-13T20:37:20+00:00\" \/>\n<meta property=\"article:modified_time\" content=\"2017-11-17T12:32:42+00:00\" \/>\n<meta property=\"og:image\" content=\"https:\/\/www.pm.pb.gov.br\/portal\/wp-content\/uploads\/2017\/11\/policia-mostra-fotografica-A-Arte-de-ser-Policial-Militar-2.jpg\" \/>\n\t<meta property=\"og:image:width\" content=\"800\" \/>\n\t<meta property=\"og:image:height\" content=\"455\" \/>\n\t<meta property=\"og:image:type\" content=\"image\/jpeg\" \/>\n<meta name=\"author\" content=\"Marcio Gomes dos Santos\" \/>\n<meta name=\"twitter:card\" content=\"summary_large_image\" \/>\n<meta name=\"twitter:label1\" content=\"Escrito por\" \/>\n\t<meta name=\"twitter:data1\" content=\"Marcio Gomes dos Santos\" \/>\n\t<meta name=\"twitter:label2\" content=\"Est. tempo de leitura\" \/>\n\t<meta name=\"twitter:data2\" content=\"1 minuto\" \/>\n<script type=\"application\/ld+json\" class=\"yoast-schema-graph\">{\"@context\":\"https:\/\/schema.org\",\"@graph\":[{\"@type\":\"Article\",\"@id\":\"https:\/\/www.pm.pb.gov.br\/portal\/2017\/11\/13\/centro-cultural-recebe-mostra-fotografica-a-arte-de-ser-policial-militar\/#article\",\"isPartOf\":{\"@id\":\"https:\/\/www.pm.pb.gov.br\/portal\/2017\/11\/13\/centro-cultural-recebe-mostra-fotografica-a-arte-de-ser-policial-militar\/\"},\"author\":{\"name\":\"Marcio Gomes dos Santos\",\"@id\":\"https:\/\/www.pm.pb.gov.br\/portal\/#\/schema\/person\/30d571652b38533c2211e4e89bf5a502\"},\"headline\":\"Centro Cultural recebe mostra fotogr\u00e1fica \u201cA Arte de Ser Policial Militar\u201d\",\"datePublished\":\"2017-11-13T20:37:20+00:00\",\"dateModified\":\"2017-11-17T12:32:42+00:00\",\"mainEntityOfPage\":{\"@id\":\"https:\/\/www.pm.pb.gov.br\/portal\/2017\/11\/13\/centro-cultural-recebe-mostra-fotografica-a-arte-de-ser-policial-militar\/\"},\"wordCount\":221,\"publisher\":{\"@id\":\"https:\/\/www.pm.pb.gov.br\/portal\/#organization\"},\"articleSection\":[\"Eventos\"],\"inLanguage\":\"pt-BR\"},{\"@type\":\"WebPage\",\"@id\":\"https:\/\/www.pm.pb.gov.br\/portal\/2017\/11\/13\/centro-cultural-recebe-mostra-fotografica-a-arte-de-ser-policial-militar\/\",\"url\":\"https:\/\/www.pm.pb.gov.br\/portal\/2017\/11\/13\/centro-cultural-recebe-mostra-fotografica-a-arte-de-ser-policial-militar\/\",\"name\":\"Centro Cultural recebe mostra fotogr\u00e1fica \u201cA Arte de Ser Policial Militar\u201d - Pol\u00edcia Militar da Para\u00edba\",\"isPartOf\":{\"@id\":\"https:\/\/www.pm.pb.gov.br\/portal\/#website\"},\"datePublished\":\"2017-11-13T20:37:20+00:00\",\"dateModified\":\"2017-11-17T12:32:42+00:00\",\"breadcrumb\":{\"@id\":\"https:\/\/www.pm.pb.gov.br\/portal\/2017\/11\/13\/centro-cultural-recebe-mostra-fotografica-a-arte-de-ser-policial-militar\/#breadcrumb\"},\"inLanguage\":\"pt-BR\",\"potentialAction\":[{\"@type\":\"ReadAction\",\"target\":[\"https:\/\/www.pm.pb.gov.br\/portal\/2017\/11\/13\/centro-cultural-recebe-mostra-fotografica-a-arte-de-ser-policial-militar\/\"]}]},{\"@type\":\"BreadcrumbList\",\"@id\":\"https:\/\/www.pm.pb.gov.br\/portal\/2017\/11\/13\/centro-cultural-recebe-mostra-fotografica-a-arte-de-ser-policial-militar\/#breadcrumb\",\"itemListElement\":[{\"@type\":\"ListItem\",\"position\":1,\"name\":\"In\u00edcio\",\"item\":\"https:\/\/www.pm.pb.gov.br\/portal\/\"},{\"@type\":\"ListItem\",\"position\":2,\"name\":\"Centro Cultural recebe mostra fotogr\u00e1fica \u201cA Arte de Ser Policial Militar\u201d\"}]},{\"@type\":\"WebSite\",\"@id\":\"https:\/\/www.pm.pb.gov.br\/portal\/#website\",\"url\":\"https:\/\/www.pm.pb.gov.br\/portal\/\",\"name\":\"Pol\u00edcia Militar da Para\u00edba\",\"description\":\"\",\"publisher\":{\"@id\":\"https:\/\/www.pm.pb.gov.br\/portal\/#organization\"},\"potentialAction\":[{\"@type\":\"SearchAction\",\"target\":{\"@type\":\"EntryPoint\",\"urlTemplate\":\"https:\/\/www.pm.pb.gov.br\/portal\/?s={search_term_string}\"},\"query-input\":\"required name=search_term_string\"}],\"inLanguage\":\"pt-BR\"},{\"@type\":\"Organization\",\"@id\":\"https:\/\/www.pm.pb.gov.br\/portal\/#organization\",\"name\":\"Pol\u00edcia Militar da Para\u00edba\",\"url\":\"https:\/\/www.pm.pb.gov.br\/portal\/\",\"logo\":{\"@type\":\"ImageObject\",\"inLanguage\":\"pt-BR\",\"@id\":\"https:\/\/www.pm.pb.gov.br\/portal\/#\/schema\/logo\/image\/\",\"url\":\"https:\/\/www.pm.pb.gov.br\/portal\/wp-content\/uploads\/2025\/03\/cropped-logo-site-mag2-1.png\",\"contentUrl\":\"https:\/\/www.pm.pb.gov.br\/portal\/wp-content\/uploads\/2025\/03\/cropped-logo-site-mag2-1.png\",\"width\":320,\"height\":90,\"caption\":\"Pol\u00edcia Militar da Para\u00edba\"},\"image\":{\"@id\":\"https:\/\/www.pm.pb.gov.br\/portal\/#\/schema\/logo\/image\/\"}},{\"@type\":\"Person\",\"@id\":\"https:\/\/www.pm.pb.gov.br\/portal\/#\/schema\/person\/30d571652b38533c2211e4e89bf5a502\",\"name\":\"Marcio Gomes dos Santos\",\"image\":{\"@type\":\"ImageObject\",\"inLanguage\":\"pt-BR\",\"@id\":\"https:\/\/www.pm.pb.gov.br\/portal\/#\/schema\/person\/image\/\",\"url\":\"https:\/\/secure.gravatar.com\/avatar\/cf4ec2cb690101e1581c7773aa350c19?s=96&d=mm&r=g\",\"contentUrl\":\"https:\/\/secure.gravatar.com\/avatar\/cf4ec2cb690101e1581c7773aa350c19?s=96&d=mm&r=g\",\"caption\":\"Marcio Gomes dos Santos\"},\"url\":\"https:\/\/www.pm.pb.gov.br\/portal\/author\/mgomes\/\"}]}<\/script>\n<!-- \/ Yoast SEO plugin. -->","yoast_head_json":{"title":"Centro Cultural recebe mostra fotogr\u00e1fica \u201cA Arte de Ser Policial Militar\u201d - Pol\u00edcia Militar da Para\u00edba","robots":{"index":"index","follow":"follow","max-snippet":"max-snippet:-1","max-image-preview":"max-image-preview:large","max-video-preview":"max-video-preview:-1"},"canonical":"https:\/\/www.pm.pb.gov.br\/portal\/2017\/11\/13\/centro-cultural-recebe-mostra-fotografica-a-arte-de-ser-policial-militar\/","og_locale":"pt_BR","og_type":"article","og_title":"Centro Cultural recebe mostra fotogr\u00e1fica \u201cA Arte de Ser Policial Militar\u201d - Pol\u00edcia Militar da Para\u00edba","og_description":"Paraibanos e turistas t\u00eam mais um atrativo na visita ao Centro Cultural S\u00e3o Francisco, a partir desta segunda-feira (13). A","og_url":"https:\/\/www.pm.pb.gov.br\/portal\/2017\/11\/13\/centro-cultural-recebe-mostra-fotografica-a-arte-de-ser-policial-militar\/","og_site_name":"Pol\u00edcia Militar da Para\u00edba","article_published_time":"2017-11-13T20:37:20+00:00","article_modified_time":"2017-11-17T12:32:42+00:00","og_image":[{"width":800,"height":455,"url":"https:\/\/www.pm.pb.gov.br\/portal\/wp-content\/uploads\/2017\/11\/policia-mostra-fotografica-A-Arte-de-ser-Policial-Militar-2.jpg","type":"image\/jpeg"}],"author":"Marcio Gomes dos Santos","twitter_card":"summary_large_image","twitter_misc":{"Escrito por":"Marcio Gomes dos Santos","Est. tempo de leitura":"1 minuto"},"schema":{"@context":"https:\/\/schema.org","@graph":[{"@type":"Article","@id":"https:\/\/www.pm.pb.gov.br\/portal\/2017\/11\/13\/centro-cultural-recebe-mostra-fotografica-a-arte-de-ser-policial-militar\/#article","isPartOf":{"@id":"https:\/\/www.pm.pb.gov.br\/portal\/2017\/11\/13\/centro-cultural-recebe-mostra-fotografica-a-arte-de-ser-policial-militar\/"},"author":{"name":"Marcio Gomes dos Santos","@id":"https:\/\/www.pm.pb.gov.br\/portal\/#\/schema\/person\/30d571652b38533c2211e4e89bf5a502"},"headline":"Centro Cultural recebe mostra fotogr\u00e1fica \u201cA Arte de Ser Policial Militar\u201d","datePublished":"2017-11-13T20:37:20+00:00","dateModified":"2017-11-17T12:32:42+00:00","mainEntityOfPage":{"@id":"https:\/\/www.pm.pb.gov.br\/portal\/2017\/11\/13\/centro-cultural-recebe-mostra-fotografica-a-arte-de-ser-policial-militar\/"},"wordCount":221,"publisher":{"@id":"https:\/\/www.pm.pb.gov.br\/portal\/#organization"},"articleSection":["Eventos"],"inLanguage":"pt-BR"},{"@type":"WebPage","@id":"https:\/\/www.pm.pb.gov.br\/portal\/2017\/11\/13\/centro-cultural-recebe-mostra-fotografica-a-arte-de-ser-policial-militar\/","url":"https:\/\/www.pm.pb.gov.br\/portal\/2017\/11\/13\/centro-cultural-recebe-mostra-fotografica-a-arte-de-ser-policial-militar\/","name":"Centro Cultural recebe mostra fotogr\u00e1fica \u201cA Arte de Ser Policial Militar\u201d - Pol\u00edcia Militar da Para\u00edba","isPartOf":{"@id":"https:\/\/www.pm.pb.gov.br\/portal\/#website"},"datePublished":"2017-11-13T20:37:20+00:00","dateModified":"2017-11-17T12:32:42+00:00","breadcrumb":{"@id":"https:\/\/www.pm.pb.gov.br\/portal\/2017\/11\/13\/centro-cultural-recebe-mostra-fotografica-a-arte-de-ser-policial-militar\/#breadcrumb"},"inLanguage":"pt-BR","potentialAction":[{"@type":"ReadAction","target":["https:\/\/www.pm.pb.gov.br\/portal\/2017\/11\/13\/centro-cultural-recebe-mostra-fotografica-a-arte-de-ser-policial-militar\/"]}]},{"@type":"BreadcrumbList","@id":"https:\/\/www.pm.pb.gov.br\/portal\/2017\/11\/13\/centro-cultural-recebe-mostra-fotografica-a-arte-de-ser-policial-militar\/#breadcrumb","itemListElement":[{"@type":"ListItem","position":1,"name":"In\u00edcio","item":"https:\/\/www.pm.pb.gov.br\/portal\/"},{"@type":"ListItem","position":2,"name":"Centro Cultural recebe mostra fotogr\u00e1fica \u201cA Arte de Ser Policial Militar\u201d"}]},{"@type":"WebSite","@id":"https:\/\/www.pm.pb.gov.br\/portal\/#website","url":"https:\/\/www.pm.pb.gov.br\/portal\/","name":"Pol\u00edcia Militar da Para\u00edba","description":"","publisher":{"@id":"https:\/\/www.pm.pb.gov.br\/portal\/#organization"},"potentialAction":[{"@type":"SearchAction","target":{"@type":"EntryPoint","urlTemplate":"https:\/\/www.pm.pb.gov.br\/portal\/?s={search_term_string}"},"query-input":"required name=search_term_string"}],"inLanguage":"pt-BR"},{"@type":"Organization","@id":"https:\/\/www.pm.pb.gov.br\/portal\/#organization","name":"Pol\u00edcia Militar da Para\u00edba","url":"https:\/\/www.pm.pb.gov.br\/portal\/","logo":{"@type":"ImageObject","inLanguage":"pt-BR","@id":"https:\/\/www.pm.pb.gov.br\/portal\/#\/schema\/logo\/image\/","url":"https:\/\/www.pm.pb.gov.br\/portal\/wp-content\/uploads\/2025\/03\/cropped-logo-site-mag2-1.png","contentUrl":"https:\/\/www.pm.pb.gov.br\/portal\/wp-content\/uploads\/2025\/03\/cropped-logo-site-mag2-1.png","width":320,"height":90,"caption":"Pol\u00edcia Militar da Para\u00edba"},"image":{"@id":"https:\/\/www.pm.pb.gov.br\/portal\/#\/schema\/logo\/image\/"}},{"@type":"Person","@id":"https:\/\/www.pm.pb.gov.br\/portal\/#\/schema\/person\/30d571652b38533c2211e4e89bf5a502","name":"Marcio Gomes dos Santos","image":{"@type":"ImageObject","inLanguage":"pt-BR","@id":"https:\/\/www.pm.pb.gov.br\/portal\/#\/schema\/person\/image\/","url":"https:\/\/secure.gravatar.com\/avatar\/cf4ec2cb690101e1581c7773aa350c19?s=96&d=mm&r=g","contentUrl":"https:\/\/secure.gravatar.com\/avatar\/cf4ec2cb690101e1581c7773aa350c19?s=96&d=mm&r=g","caption":"Marcio Gomes dos Santos"},"url":"https:\/\/www.pm.pb.gov.br\/portal\/author\/mgomes\/"}]}},"_links":{"self":[{"href":"https:\/\/www.pm.pb.gov.br\/portal\/wp-json\/wp\/v2\/posts\/895996"}],"collection":[{"href":"https:\/\/www.pm.pb.gov.br\/portal\/wp-json\/wp\/v2\/posts"}],"about":[{"href":"https:\/\/www.pm.pb.gov.br\/portal\/wp-json\/wp\/v2\/types\/post"}],"author":[{"embeddable":true,"href":"https:\/\/www.pm.pb.gov.br\/portal\/wp-json\/wp\/v2\/users\/15"}],"replies":[{"embeddable":true,"href":"https:\/\/www.pm.pb.gov.br\/portal\/wp-json\/wp\/v2\/comments?post=895996"}],"version-history":[{"count":1,"href":"https:\/\/www.pm.pb.gov.br\/portal\/wp-json\/wp\/v2\/posts\/895996\/revisions"}],"predecessor-version":[{"id":895999,"href":"https:\/\/www.pm.pb.gov.br\/portal\/wp-json\/wp\/v2\/posts\/895996\/revisions\/895999"}],"wp:featuredmedia":[{"embeddable":true,"href":"https:\/\/www.pm.pb.gov.br\/portal\/wp-json\/wp\/v2\/media\/895998"}],"wp:attachment":[{"href":"https:\/\/www.pm.pb.gov.br\/portal\/wp-json\/wp\/v2\/media?parent=895996"}],"wp:term":[{"taxonomy":"category","embeddable":true,"href":"https:\/\/www.pm.pb.gov.br\/portal\/wp-json\/wp\/v2\/categories?post=895996"},{"taxonomy":"post_tag","embeddable":true,"href":"https:\/\/www.pm.pb.gov.br\/portal\/wp-json\/wp\/v2\/tags?post=895996"}],"curies":[{"name":"wp","href":"https:\/\/api.w.org\/{rel}","templated":true}]}}