{"id":895989,"date":"2017-11-13T17:03:23","date_gmt":"2017-11-13T20:03:23","guid":{"rendered":"http:\/\/www.pm.pb.gov.br\/portal\/?p=895989"},"modified":"2017-11-13T17:03:23","modified_gmt":"2017-11-13T20:03:23","slug":"casa-militar-realiza-curso-de-seguranca-de-autoridades-com-capacitacao","status":"publish","type":"post","link":"https:\/\/www.pm.pb.gov.br\/portal\/2017\/11\/13\/casa-militar-realiza-curso-de-seguranca-de-autoridades-com-capacitacao\/","title":{"rendered":"Casa Militar realiza curso de seguran\u00e7a de autoridades com capacita\u00e7\u00e3o"},"content":{"rendered":"<p style=\"font-weight: 400; text-align: justify;\">A Casa Militar do Governador (CMG) realizou nesta segunda-feira (13), no sal\u00e3o nobre do Pal\u00e1cio da Reden\u00e7\u00e3o, a aula inaugural do Curso de Seguran\u00e7a de Autoridades 2017, que vai capacitar 27 oficiais da Pol\u00edcia Militar e do Corpo de Bombeiros Militar, bem como integrantes da Pol\u00edcia Civil e \u00f3rg\u00e3os vinculados, com 16 disciplinas espec\u00edficas da \u00e1rea, que somam 174 horas\/aula de forma\u00e7\u00e3o.<\/p>\n<p style=\"font-weight: 400; text-align: justify;\">A aula inaugural contou com uma palestra do jornalista Walter Galv\u00e3o, com o tema \u201cIntelig\u00eancia Relacional para a Comunica\u00e7\u00e3o Midi\u00e1tica em Seguran\u00e7a de Dignat\u00e1rios\u201d.<\/p>\n<p style=\"font-weight: 400; text-align: justify;\">O secret\u00e1rio-chefe da Casa Militar do Governador, tenente-coronel Anderson Pessoa, disse que o curso \u00e9 um marco t\u00e9cnico na \u00e1rea de seguran\u00e7a. \u201cH\u00e1 17 anos que esse curso n\u00e3o era realizado. S\u00f3 tivemos um no ano de 2000, ent\u00e3o reformulamos a grade curricular com o que tem de mais atual no pa\u00eds, temos instrutores formados em Estados que s\u00e3o referenciais no assunto, tudo para difundir o conhecimento em todas as partes do Estado, para termos oficiais formados com o curso em todas as regi\u00f5es, j\u00e1 que a Para\u00edba constantemente recebe autoridades das mais diferentes \u00e1reas\u201d, ressaltou.<\/p>\n<p style=\"font-weight: 400; text-align: justify;\">O curso ter\u00e1 dura\u00e7\u00e3o de tr\u00eas semanas e ser\u00e1 realizado no Centro de Educa\u00e7\u00e3o da Pol\u00edcia Militar, em Jo\u00e3o Pessoa, com aulas de disciplinas de doutrina de seguran\u00e7a de autoridades; apari\u00e7\u00e3o em p\u00fablico; escoltas; seguran\u00e7a f\u00edsica de instala\u00e7\u00f5es; atentados e a\u00e7\u00f5es de contra emboscada; explosivos varreduras e inspe\u00e7\u00f5es; tiro t\u00e1tico de defesa; dire\u00e7\u00e3o defensiva e evasiva; defesa pessoal; eventos com uso de aeronaves; salvamento aqu\u00e1tico; combate a inc\u00eandio e t\u00e9cnicas de evacua\u00e7\u00e3o; primeiros socorros; cerimonial e etiqueta; atividades pr\u00e1ticas; e atividades administrativas propostas pela coordena\u00e7\u00e3o.<\/p>\n<p style=\"font-weight: 400; text-align: justify;\">A retomada do curso, ap\u00f3s 17 anos, j\u00e1 projeta uma nova edi\u00e7\u00e3o para o pr\u00f3ximo semestre. Entre os anos de 2015 e 1016, a Casa Militar do Governador j\u00e1 promoveu quatro est\u00e1gios de capacita\u00e7\u00e3o nesta \u00e1rea, alcan\u00e7ando mais de 100 policiais e bombeiros com esse conhecimento espec\u00edfico.<\/p>\n","protected":false},"excerpt":{"rendered":"<p>A Casa Militar do Governador (CMG) realizou nesta segunda-feira (13), no sal\u00e3o nobre do Pal\u00e1cio da Reden\u00e7\u00e3o, a aula inaugural<\/p>\n","protected":false},"author":12,"featured_media":895990,"comment_status":"closed","ping_status":"closed","sticky":false,"template":"","format":"standard","meta":{"_exactmetrics_skip_tracking":false,"_exactmetrics_sitenote_active":false,"_exactmetrics_sitenote_note":"","_exactmetrics_sitenote_category":0,"footnotes":""},"categories":[6],"tags":[],"yoast_head":"<!-- This site is optimized with the Yoast SEO plugin v22.0 - https:\/\/yoast.com\/wordpress\/plugins\/seo\/ -->\n<title>Casa Militar realiza curso de seguran\u00e7a de autoridades com capacita\u00e7\u00e3o - Pol\u00edcia Militar da Para\u00edba<\/title>\n<meta name=\"robots\" content=\"index, follow, max-snippet:-1, max-image-preview:large, max-video-preview:-1\" \/>\n<link rel=\"canonical\" href=\"https:\/\/www.pm.pb.gov.br\/portal\/2017\/11\/13\/casa-militar-realiza-curso-de-seguranca-de-autoridades-com-capacitacao\/\" \/>\n<meta property=\"og:locale\" content=\"pt_BR\" \/>\n<meta property=\"og:type\" content=\"article\" \/>\n<meta property=\"og:title\" content=\"Casa Militar realiza curso de seguran\u00e7a de autoridades com capacita\u00e7\u00e3o - Pol\u00edcia Militar da Para\u00edba\" \/>\n<meta property=\"og:description\" content=\"A Casa Militar do Governador (CMG) realizou nesta segunda-feira (13), no sal\u00e3o nobre do Pal\u00e1cio da Reden\u00e7\u00e3o, a aula inaugural\" \/>\n<meta property=\"og:url\" content=\"https:\/\/www.pm.pb.gov.br\/portal\/2017\/11\/13\/casa-militar-realiza-curso-de-seguranca-de-autoridades-com-capacitacao\/\" \/>\n<meta property=\"og:site_name\" content=\"Pol\u00edcia Militar da Para\u00edba\" \/>\n<meta property=\"article:published_time\" content=\"2017-11-13T20:03:23+00:00\" \/>\n<meta property=\"og:image\" content=\"https:\/\/www.pm.pb.gov.br\/portal\/wp-content\/uploads\/2017\/11\/curso_seguranca_-autoridades-4.jpg\" \/>\n\t<meta property=\"og:image:width\" content=\"800\" \/>\n\t<meta property=\"og:image:height\" content=\"445\" \/>\n\t<meta property=\"og:image:type\" content=\"image\/jpeg\" \/>\n<meta name=\"author\" content=\"Tarcisio Oliveira\" \/>\n<meta name=\"twitter:card\" content=\"summary_large_image\" \/>\n<meta name=\"twitter:label1\" content=\"Escrito por\" \/>\n\t<meta name=\"twitter:data1\" content=\"Tarcisio Oliveira\" \/>\n\t<meta name=\"twitter:label2\" content=\"Est. tempo de leitura\" \/>\n\t<meta name=\"twitter:data2\" content=\"2 minutos\" \/>\n<script type=\"application\/ld+json\" class=\"yoast-schema-graph\">{\"@context\":\"https:\/\/schema.org\",\"@graph\":[{\"@type\":\"Article\",\"@id\":\"https:\/\/www.pm.pb.gov.br\/portal\/2017\/11\/13\/casa-militar-realiza-curso-de-seguranca-de-autoridades-com-capacitacao\/#article\",\"isPartOf\":{\"@id\":\"https:\/\/www.pm.pb.gov.br\/portal\/2017\/11\/13\/casa-militar-realiza-curso-de-seguranca-de-autoridades-com-capacitacao\/\"},\"author\":{\"name\":\"Tarcisio Oliveira\",\"@id\":\"https:\/\/www.pm.pb.gov.br\/portal\/#\/schema\/person\/f84f56dcc78ce4357054da888b8247fd\"},\"headline\":\"Casa Militar realiza curso de seguran\u00e7a de autoridades com capacita\u00e7\u00e3o\",\"datePublished\":\"2017-11-13T20:03:23+00:00\",\"dateModified\":\"2017-11-13T20:03:23+00:00\",\"mainEntityOfPage\":{\"@id\":\"https:\/\/www.pm.pb.gov.br\/portal\/2017\/11\/13\/casa-militar-realiza-curso-de-seguranca-de-autoridades-com-capacitacao\/\"},\"wordCount\":367,\"publisher\":{\"@id\":\"https:\/\/www.pm.pb.gov.br\/portal\/#organization\"},\"articleSection\":[\"Cursos\"],\"inLanguage\":\"pt-BR\"},{\"@type\":\"WebPage\",\"@id\":\"https:\/\/www.pm.pb.gov.br\/portal\/2017\/11\/13\/casa-militar-realiza-curso-de-seguranca-de-autoridades-com-capacitacao\/\",\"url\":\"https:\/\/www.pm.pb.gov.br\/portal\/2017\/11\/13\/casa-militar-realiza-curso-de-seguranca-de-autoridades-com-capacitacao\/\",\"name\":\"Casa Militar realiza curso de seguran\u00e7a de autoridades com capacita\u00e7\u00e3o - Pol\u00edcia Militar da Para\u00edba\",\"isPartOf\":{\"@id\":\"https:\/\/www.pm.pb.gov.br\/portal\/#website\"},\"datePublished\":\"2017-11-13T20:03:23+00:00\",\"dateModified\":\"2017-11-13T20:03:23+00:00\",\"breadcrumb\":{\"@id\":\"https:\/\/www.pm.pb.gov.br\/portal\/2017\/11\/13\/casa-militar-realiza-curso-de-seguranca-de-autoridades-com-capacitacao\/#breadcrumb\"},\"inLanguage\":\"pt-BR\",\"potentialAction\":[{\"@type\":\"ReadAction\",\"target\":[\"https:\/\/www.pm.pb.gov.br\/portal\/2017\/11\/13\/casa-militar-realiza-curso-de-seguranca-de-autoridades-com-capacitacao\/\"]}]},{\"@type\":\"BreadcrumbList\",\"@id\":\"https:\/\/www.pm.pb.gov.br\/portal\/2017\/11\/13\/casa-militar-realiza-curso-de-seguranca-de-autoridades-com-capacitacao\/#breadcrumb\",\"itemListElement\":[{\"@type\":\"ListItem\",\"position\":1,\"name\":\"In\u00edcio\",\"item\":\"https:\/\/www.pm.pb.gov.br\/portal\/\"},{\"@type\":\"ListItem\",\"position\":2,\"name\":\"Casa Militar realiza curso de seguran\u00e7a de autoridades com capacita\u00e7\u00e3o\"}]},{\"@type\":\"WebSite\",\"@id\":\"https:\/\/www.pm.pb.gov.br\/portal\/#website\",\"url\":\"https:\/\/www.pm.pb.gov.br\/portal\/\",\"name\":\"Pol\u00edcia Militar da Para\u00edba\",\"description\":\"\",\"publisher\":{\"@id\":\"https:\/\/www.pm.pb.gov.br\/portal\/#organization\"},\"potentialAction\":[{\"@type\":\"SearchAction\",\"target\":{\"@type\":\"EntryPoint\",\"urlTemplate\":\"https:\/\/www.pm.pb.gov.br\/portal\/?s={search_term_string}\"},\"query-input\":\"required name=search_term_string\"}],\"inLanguage\":\"pt-BR\"},{\"@type\":\"Organization\",\"@id\":\"https:\/\/www.pm.pb.gov.br\/portal\/#organization\",\"name\":\"Pol\u00edcia Militar da Para\u00edba\",\"url\":\"https:\/\/www.pm.pb.gov.br\/portal\/\",\"logo\":{\"@type\":\"ImageObject\",\"inLanguage\":\"pt-BR\",\"@id\":\"https:\/\/www.pm.pb.gov.br\/portal\/#\/schema\/logo\/image\/\",\"url\":\"https:\/\/www.pm.pb.gov.br\/portal\/wp-content\/uploads\/2025\/03\/cropped-logo-site-mag2-1.png\",\"contentUrl\":\"https:\/\/www.pm.pb.gov.br\/portal\/wp-content\/uploads\/2025\/03\/cropped-logo-site-mag2-1.png\",\"width\":320,\"height\":90,\"caption\":\"Pol\u00edcia Militar da Para\u00edba\"},\"image\":{\"@id\":\"https:\/\/www.pm.pb.gov.br\/portal\/#\/schema\/logo\/image\/\"}},{\"@type\":\"Person\",\"@id\":\"https:\/\/www.pm.pb.gov.br\/portal\/#\/schema\/person\/f84f56dcc78ce4357054da888b8247fd\",\"name\":\"Tarcisio Oliveira\",\"image\":{\"@type\":\"ImageObject\",\"inLanguage\":\"pt-BR\",\"@id\":\"https:\/\/www.pm.pb.gov.br\/portal\/#\/schema\/person\/image\/\",\"url\":\"https:\/\/secure.gravatar.com\/avatar\/72917b630b69d31cd0297507f34bac97?s=96&d=mm&r=g\",\"contentUrl\":\"https:\/\/secure.gravatar.com\/avatar\/72917b630b69d31cd0297507f34bac97?s=96&d=mm&r=g\",\"caption\":\"Tarcisio Oliveira\"},\"url\":\"https:\/\/www.pm.pb.gov.br\/portal\/author\/tarcisio\/\"}]}<\/script>\n<!-- \/ Yoast SEO plugin. -->","yoast_head_json":{"title":"Casa Militar realiza curso de seguran\u00e7a de autoridades com capacita\u00e7\u00e3o - Pol\u00edcia Militar da Para\u00edba","robots":{"index":"index","follow":"follow","max-snippet":"max-snippet:-1","max-image-preview":"max-image-preview:large","max-video-preview":"max-video-preview:-1"},"canonical":"https:\/\/www.pm.pb.gov.br\/portal\/2017\/11\/13\/casa-militar-realiza-curso-de-seguranca-de-autoridades-com-capacitacao\/","og_locale":"pt_BR","og_type":"article","og_title":"Casa Militar realiza curso de seguran\u00e7a de autoridades com capacita\u00e7\u00e3o - Pol\u00edcia Militar da Para\u00edba","og_description":"A Casa Militar do Governador (CMG) realizou nesta segunda-feira (13), no sal\u00e3o nobre do Pal\u00e1cio da Reden\u00e7\u00e3o, a aula inaugural","og_url":"https:\/\/www.pm.pb.gov.br\/portal\/2017\/11\/13\/casa-militar-realiza-curso-de-seguranca-de-autoridades-com-capacitacao\/","og_site_name":"Pol\u00edcia Militar da Para\u00edba","article_published_time":"2017-11-13T20:03:23+00:00","og_image":[{"width":800,"height":445,"url":"https:\/\/www.pm.pb.gov.br\/portal\/wp-content\/uploads\/2017\/11\/curso_seguranca_-autoridades-4.jpg","type":"image\/jpeg"}],"author":"Tarcisio Oliveira","twitter_card":"summary_large_image","twitter_misc":{"Escrito por":"Tarcisio Oliveira","Est. tempo de leitura":"2 minutos"},"schema":{"@context":"https:\/\/schema.org","@graph":[{"@type":"Article","@id":"https:\/\/www.pm.pb.gov.br\/portal\/2017\/11\/13\/casa-militar-realiza-curso-de-seguranca-de-autoridades-com-capacitacao\/#article","isPartOf":{"@id":"https:\/\/www.pm.pb.gov.br\/portal\/2017\/11\/13\/casa-militar-realiza-curso-de-seguranca-de-autoridades-com-capacitacao\/"},"author":{"name":"Tarcisio Oliveira","@id":"https:\/\/www.pm.pb.gov.br\/portal\/#\/schema\/person\/f84f56dcc78ce4357054da888b8247fd"},"headline":"Casa Militar realiza curso de seguran\u00e7a de autoridades com capacita\u00e7\u00e3o","datePublished":"2017-11-13T20:03:23+00:00","dateModified":"2017-11-13T20:03:23+00:00","mainEntityOfPage":{"@id":"https:\/\/www.pm.pb.gov.br\/portal\/2017\/11\/13\/casa-militar-realiza-curso-de-seguranca-de-autoridades-com-capacitacao\/"},"wordCount":367,"publisher":{"@id":"https:\/\/www.pm.pb.gov.br\/portal\/#organization"},"articleSection":["Cursos"],"inLanguage":"pt-BR"},{"@type":"WebPage","@id":"https:\/\/www.pm.pb.gov.br\/portal\/2017\/11\/13\/casa-militar-realiza-curso-de-seguranca-de-autoridades-com-capacitacao\/","url":"https:\/\/www.pm.pb.gov.br\/portal\/2017\/11\/13\/casa-militar-realiza-curso-de-seguranca-de-autoridades-com-capacitacao\/","name":"Casa Militar realiza curso de seguran\u00e7a de autoridades com capacita\u00e7\u00e3o - Pol\u00edcia Militar da Para\u00edba","isPartOf":{"@id":"https:\/\/www.pm.pb.gov.br\/portal\/#website"},"datePublished":"2017-11-13T20:03:23+00:00","dateModified":"2017-11-13T20:03:23+00:00","breadcrumb":{"@id":"https:\/\/www.pm.pb.gov.br\/portal\/2017\/11\/13\/casa-militar-realiza-curso-de-seguranca-de-autoridades-com-capacitacao\/#breadcrumb"},"inLanguage":"pt-BR","potentialAction":[{"@type":"ReadAction","target":["https:\/\/www.pm.pb.gov.br\/portal\/2017\/11\/13\/casa-militar-realiza-curso-de-seguranca-de-autoridades-com-capacitacao\/"]}]},{"@type":"BreadcrumbList","@id":"https:\/\/www.pm.pb.gov.br\/portal\/2017\/11\/13\/casa-militar-realiza-curso-de-seguranca-de-autoridades-com-capacitacao\/#breadcrumb","itemListElement":[{"@type":"ListItem","position":1,"name":"In\u00edcio","item":"https:\/\/www.pm.pb.gov.br\/portal\/"},{"@type":"ListItem","position":2,"name":"Casa Militar realiza curso de seguran\u00e7a de autoridades com capacita\u00e7\u00e3o"}]},{"@type":"WebSite","@id":"https:\/\/www.pm.pb.gov.br\/portal\/#website","url":"https:\/\/www.pm.pb.gov.br\/portal\/","name":"Pol\u00edcia Militar da Para\u00edba","description":"","publisher":{"@id":"https:\/\/www.pm.pb.gov.br\/portal\/#organization"},"potentialAction":[{"@type":"SearchAction","target":{"@type":"EntryPoint","urlTemplate":"https:\/\/www.pm.pb.gov.br\/portal\/?s={search_term_string}"},"query-input":"required name=search_term_string"}],"inLanguage":"pt-BR"},{"@type":"Organization","@id":"https:\/\/www.pm.pb.gov.br\/portal\/#organization","name":"Pol\u00edcia Militar da Para\u00edba","url":"https:\/\/www.pm.pb.gov.br\/portal\/","logo":{"@type":"ImageObject","inLanguage":"pt-BR","@id":"https:\/\/www.pm.pb.gov.br\/portal\/#\/schema\/logo\/image\/","url":"https:\/\/www.pm.pb.gov.br\/portal\/wp-content\/uploads\/2025\/03\/cropped-logo-site-mag2-1.png","contentUrl":"https:\/\/www.pm.pb.gov.br\/portal\/wp-content\/uploads\/2025\/03\/cropped-logo-site-mag2-1.png","width":320,"height":90,"caption":"Pol\u00edcia Militar da Para\u00edba"},"image":{"@id":"https:\/\/www.pm.pb.gov.br\/portal\/#\/schema\/logo\/image\/"}},{"@type":"Person","@id":"https:\/\/www.pm.pb.gov.br\/portal\/#\/schema\/person\/f84f56dcc78ce4357054da888b8247fd","name":"Tarcisio Oliveira","image":{"@type":"ImageObject","inLanguage":"pt-BR","@id":"https:\/\/www.pm.pb.gov.br\/portal\/#\/schema\/person\/image\/","url":"https:\/\/secure.gravatar.com\/avatar\/72917b630b69d31cd0297507f34bac97?s=96&d=mm&r=g","contentUrl":"https:\/\/secure.gravatar.com\/avatar\/72917b630b69d31cd0297507f34bac97?s=96&d=mm&r=g","caption":"Tarcisio Oliveira"},"url":"https:\/\/www.pm.pb.gov.br\/portal\/author\/tarcisio\/"}]}},"_links":{"self":[{"href":"https:\/\/www.pm.pb.gov.br\/portal\/wp-json\/wp\/v2\/posts\/895989"}],"collection":[{"href":"https:\/\/www.pm.pb.gov.br\/portal\/wp-json\/wp\/v2\/posts"}],"about":[{"href":"https:\/\/www.pm.pb.gov.br\/portal\/wp-json\/wp\/v2\/types\/post"}],"author":[{"embeddable":true,"href":"https:\/\/www.pm.pb.gov.br\/portal\/wp-json\/wp\/v2\/users\/12"}],"replies":[{"embeddable":true,"href":"https:\/\/www.pm.pb.gov.br\/portal\/wp-json\/wp\/v2\/comments?post=895989"}],"version-history":[{"count":1,"href":"https:\/\/www.pm.pb.gov.br\/portal\/wp-json\/wp\/v2\/posts\/895989\/revisions"}],"predecessor-version":[{"id":895991,"href":"https:\/\/www.pm.pb.gov.br\/portal\/wp-json\/wp\/v2\/posts\/895989\/revisions\/895991"}],"wp:featuredmedia":[{"embeddable":true,"href":"https:\/\/www.pm.pb.gov.br\/portal\/wp-json\/wp\/v2\/media\/895990"}],"wp:attachment":[{"href":"https:\/\/www.pm.pb.gov.br\/portal\/wp-json\/wp\/v2\/media?parent=895989"}],"wp:term":[{"taxonomy":"category","embeddable":true,"href":"https:\/\/www.pm.pb.gov.br\/portal\/wp-json\/wp\/v2\/categories?post=895989"},{"taxonomy":"post_tag","embeddable":true,"href":"https:\/\/www.pm.pb.gov.br\/portal\/wp-json\/wp\/v2\/tags?post=895989"}],"curies":[{"name":"wp","href":"https:\/\/api.w.org\/{rel}","templated":true}]}}