{"id":895898,"date":"2017-11-09T14:25:16","date_gmt":"2017-11-09T17:25:16","guid":{"rendered":"http:\/\/www.pm.pb.gov.br\/portal\/?p=895898"},"modified":"2017-11-10T00:18:53","modified_gmt":"2017-11-10T03:18:53","slug":"policia-militar-prende-suspeitos-de-homicidio-e-apreende-armas-no-litoral-sul","status":"publish","type":"post","link":"https:\/\/www.pm.pb.gov.br\/portal\/2017\/11\/09\/policia-militar-prende-suspeitos-de-homicidio-e-apreende-armas-no-litoral-sul\/","title":{"rendered":"Pol\u00edcia Militar prende suspeitos de homic\u00eddio e apreende armas no Litoral Sul"},"content":{"rendered":"<p style=\"text-align: justify;\">Pol\u00edcias Militares da 1\u00aa Companhia Independente prenderam tr\u00eas suspeitos de envolvimento em homic\u00eddio e aprenderam duas armas de fogo, entre elas uma espingarda, na noite dessa quarta-feira (8) nas cidades de Caapor\u00e3, Alhandra e Pedras de Fogo, Litoral Sul paraibano.<\/p>\n<p style=\"text-align: justify;\">O trio suspeito do homic\u00eddio registrado em Caapor\u00e3, por volta de 23h da quarta, foi preso logo ap\u00f3s o crime. Os homens atiraram contra a v\u00edtima, que morreu no local, e tentaram fugir, mas um deles foi preso ainda em Caapor\u00e3. Os outros dois suspeitos, que estavam em uma motocicleta, chegaram a trocar tiros com a pol\u00edcia, mas foram presos em Alhandra. Com eles, os policiais apreenderam um rev\u00f3lver calibre 38 e a motocicleta utilizada durante o ato criminoso. O munic\u00edpio estava h\u00e1 53 dias sem registro de homic\u00eddio. Segundo o major Melquisedec Lima, comandante da 1\u00aa CIPM, os suspeitos e a v\u00edtima eram ligados ao tr\u00e1fico de drogas da regi\u00e3o.<\/p>\n<p style=\"text-align: justify;\"><strong>Espingarda em Pedras de Fogo<\/strong> \u2013 Na mesma noite, na cidade de Pedras de Fogo, durante intensifica\u00e7\u00e3o de rondas e abordagens, policiais militares interceptaram uma dupla, que estava circulando de motocicleta e apresentava atitude suspeita. Durante a a\u00e7\u00e3o, os acusados fugiram da pol\u00edcia, mas deixaram uma espingarda de calibre indefinido no local.<\/p>\n<figure id=\"attachment_895899\" aria-describedby=\"caption-attachment-895899\" style=\"width: 405px\" class=\"wp-caption aligncenter\"><img loading=\"lazy\" decoding=\"async\" class=\"wp-image-895899\" src=\"http:\/\/www.pm.pb.gov.br\/portal\/wp-content\/uploads\/2017\/11\/Espingarda-apreendida-791x445.jpeg\" alt=\"\" width=\"405\" height=\"228\" srcset=\"https:\/\/www.pm.pb.gov.br\/portal\/wp-content\/uploads\/2017\/11\/Espingarda-apreendida-791x445.jpeg 791w, https:\/\/www.pm.pb.gov.br\/portal\/wp-content\/uploads\/2017\/11\/Espingarda-apreendida-768x432.jpeg 768w, https:\/\/www.pm.pb.gov.br\/portal\/wp-content\/uploads\/2017\/11\/Espingarda-apreendida.jpeg 800w\" sizes=\"(max-width: 405px) 100vw, 405px\" \/><figcaption id=\"caption-attachment-895899\" class=\"wp-caption-text\"><span style=\"font-size: 10pt;\">Espingarda apreendida em Pedras de Fogo<\/span><\/figcaption><\/figure>\n<p style=\"text-align: justify;\">Os suspeitos de envolvimento no homic\u00eddio e as armas de fogo apreendidas foram entregues na Delegacia de Alhandra.<\/p>\n","protected":false},"excerpt":{"rendered":"<p>Pol\u00edcias Militares da 1\u00aa Companhia Independente prenderam tr\u00eas suspeitos de envolvimento em homic\u00eddio e aprenderam duas armas de fogo, entre<\/p>\n","protected":false},"author":15,"featured_media":895900,"comment_status":"closed","ping_status":"closed","sticky":false,"template":"","format":"standard","meta":{"_exactmetrics_skip_tracking":false,"_exactmetrics_sitenote_active":false,"_exactmetrics_sitenote_note":"","_exactmetrics_sitenote_category":0,"footnotes":""},"categories":[4],"tags":[],"yoast_head":"<!-- This site is optimized with the Yoast SEO plugin v22.0 - https:\/\/yoast.com\/wordpress\/plugins\/seo\/ -->\n<title>Pol\u00edcia Militar prende suspeitos de homic\u00eddio e apreende armas no Litoral Sul - Pol\u00edcia Militar da Para\u00edba<\/title>\n<meta name=\"robots\" content=\"index, follow, max-snippet:-1, max-image-preview:large, max-video-preview:-1\" \/>\n<link rel=\"canonical\" href=\"https:\/\/www.pm.pb.gov.br\/portal\/2017\/11\/09\/policia-militar-prende-suspeitos-de-homicidio-e-apreende-armas-no-litoral-sul\/\" \/>\n<meta property=\"og:locale\" content=\"pt_BR\" \/>\n<meta property=\"og:type\" content=\"article\" \/>\n<meta property=\"og:title\" content=\"Pol\u00edcia Militar prende suspeitos de homic\u00eddio e apreende armas no Litoral Sul - Pol\u00edcia Militar da Para\u00edba\" \/>\n<meta property=\"og:description\" content=\"Pol\u00edcias Militares da 1\u00aa Companhia Independente prenderam tr\u00eas suspeitos de envolvimento em homic\u00eddio e aprenderam duas armas de fogo, entre\" \/>\n<meta property=\"og:url\" content=\"https:\/\/www.pm.pb.gov.br\/portal\/2017\/11\/09\/policia-militar-prende-suspeitos-de-homicidio-e-apreende-armas-no-litoral-sul\/\" \/>\n<meta property=\"og:site_name\" content=\"Pol\u00edcia Militar da Para\u00edba\" \/>\n<meta property=\"article:published_time\" content=\"2017-11-09T17:25:16+00:00\" \/>\n<meta property=\"article:modified_time\" content=\"2017-11-10T03:18:53+00:00\" \/>\n<meta property=\"og:image\" content=\"https:\/\/www.pm.pb.gov.br\/portal\/wp-content\/uploads\/2017\/11\/Revolver-apreendido-com-dupla-suspeita.jpeg\" \/>\n\t<meta property=\"og:image:width\" content=\"800\" \/>\n\t<meta property=\"og:image:height\" content=\"450\" \/>\n\t<meta property=\"og:image:type\" content=\"image\/jpeg\" \/>\n<meta name=\"author\" content=\"Marcio Gomes dos Santos\" \/>\n<meta name=\"twitter:card\" content=\"summary_large_image\" \/>\n<meta name=\"twitter:label1\" content=\"Escrito por\" \/>\n\t<meta name=\"twitter:data1\" content=\"Marcio Gomes dos Santos\" \/>\n\t<meta name=\"twitter:label2\" content=\"Est. tempo de leitura\" \/>\n\t<meta name=\"twitter:data2\" content=\"1 minuto\" \/>\n<script type=\"application\/ld+json\" class=\"yoast-schema-graph\">{\"@context\":\"https:\/\/schema.org\",\"@graph\":[{\"@type\":\"Article\",\"@id\":\"https:\/\/www.pm.pb.gov.br\/portal\/2017\/11\/09\/policia-militar-prende-suspeitos-de-homicidio-e-apreende-armas-no-litoral-sul\/#article\",\"isPartOf\":{\"@id\":\"https:\/\/www.pm.pb.gov.br\/portal\/2017\/11\/09\/policia-militar-prende-suspeitos-de-homicidio-e-apreende-armas-no-litoral-sul\/\"},\"author\":{\"name\":\"Marcio Gomes dos Santos\",\"@id\":\"https:\/\/www.pm.pb.gov.br\/portal\/#\/schema\/person\/30d571652b38533c2211e4e89bf5a502\"},\"headline\":\"Pol\u00edcia Militar prende suspeitos de homic\u00eddio e apreende armas no Litoral Sul\",\"datePublished\":\"2017-11-09T17:25:16+00:00\",\"dateModified\":\"2017-11-10T03:18:53+00:00\",\"mainEntityOfPage\":{\"@id\":\"https:\/\/www.pm.pb.gov.br\/portal\/2017\/11\/09\/policia-militar-prende-suspeitos-de-homicidio-e-apreende-armas-no-litoral-sul\/\"},\"wordCount\":259,\"publisher\":{\"@id\":\"https:\/\/www.pm.pb.gov.br\/portal\/#organization\"},\"articleSection\":[\"A\u00e7\u00f5es Policiais\"],\"inLanguage\":\"pt-BR\"},{\"@type\":\"WebPage\",\"@id\":\"https:\/\/www.pm.pb.gov.br\/portal\/2017\/11\/09\/policia-militar-prende-suspeitos-de-homicidio-e-apreende-armas-no-litoral-sul\/\",\"url\":\"https:\/\/www.pm.pb.gov.br\/portal\/2017\/11\/09\/policia-militar-prende-suspeitos-de-homicidio-e-apreende-armas-no-litoral-sul\/\",\"name\":\"Pol\u00edcia Militar prende suspeitos de homic\u00eddio e apreende armas no Litoral Sul - Pol\u00edcia Militar da Para\u00edba\",\"isPartOf\":{\"@id\":\"https:\/\/www.pm.pb.gov.br\/portal\/#website\"},\"datePublished\":\"2017-11-09T17:25:16+00:00\",\"dateModified\":\"2017-11-10T03:18:53+00:00\",\"breadcrumb\":{\"@id\":\"https:\/\/www.pm.pb.gov.br\/portal\/2017\/11\/09\/policia-militar-prende-suspeitos-de-homicidio-e-apreende-armas-no-litoral-sul\/#breadcrumb\"},\"inLanguage\":\"pt-BR\",\"potentialAction\":[{\"@type\":\"ReadAction\",\"target\":[\"https:\/\/www.pm.pb.gov.br\/portal\/2017\/11\/09\/policia-militar-prende-suspeitos-de-homicidio-e-apreende-armas-no-litoral-sul\/\"]}]},{\"@type\":\"BreadcrumbList\",\"@id\":\"https:\/\/www.pm.pb.gov.br\/portal\/2017\/11\/09\/policia-militar-prende-suspeitos-de-homicidio-e-apreende-armas-no-litoral-sul\/#breadcrumb\",\"itemListElement\":[{\"@type\":\"ListItem\",\"position\":1,\"name\":\"In\u00edcio\",\"item\":\"https:\/\/www.pm.pb.gov.br\/portal\/\"},{\"@type\":\"ListItem\",\"position\":2,\"name\":\"Pol\u00edcia Militar prende suspeitos de homic\u00eddio e apreende armas no Litoral Sul\"}]},{\"@type\":\"WebSite\",\"@id\":\"https:\/\/www.pm.pb.gov.br\/portal\/#website\",\"url\":\"https:\/\/www.pm.pb.gov.br\/portal\/\",\"name\":\"Pol\u00edcia Militar da Para\u00edba\",\"description\":\"\",\"publisher\":{\"@id\":\"https:\/\/www.pm.pb.gov.br\/portal\/#organization\"},\"potentialAction\":[{\"@type\":\"SearchAction\",\"target\":{\"@type\":\"EntryPoint\",\"urlTemplate\":\"https:\/\/www.pm.pb.gov.br\/portal\/?s={search_term_string}\"},\"query-input\":\"required name=search_term_string\"}],\"inLanguage\":\"pt-BR\"},{\"@type\":\"Organization\",\"@id\":\"https:\/\/www.pm.pb.gov.br\/portal\/#organization\",\"name\":\"Pol\u00edcia Militar da Para\u00edba\",\"url\":\"https:\/\/www.pm.pb.gov.br\/portal\/\",\"logo\":{\"@type\":\"ImageObject\",\"inLanguage\":\"pt-BR\",\"@id\":\"https:\/\/www.pm.pb.gov.br\/portal\/#\/schema\/logo\/image\/\",\"url\":\"https:\/\/www.pm.pb.gov.br\/portal\/wp-content\/uploads\/2025\/03\/cropped-logo-site-mag2-1.png\",\"contentUrl\":\"https:\/\/www.pm.pb.gov.br\/portal\/wp-content\/uploads\/2025\/03\/cropped-logo-site-mag2-1.png\",\"width\":320,\"height\":90,\"caption\":\"Pol\u00edcia Militar da Para\u00edba\"},\"image\":{\"@id\":\"https:\/\/www.pm.pb.gov.br\/portal\/#\/schema\/logo\/image\/\"}},{\"@type\":\"Person\",\"@id\":\"https:\/\/www.pm.pb.gov.br\/portal\/#\/schema\/person\/30d571652b38533c2211e4e89bf5a502\",\"name\":\"Marcio Gomes dos Santos\",\"image\":{\"@type\":\"ImageObject\",\"inLanguage\":\"pt-BR\",\"@id\":\"https:\/\/www.pm.pb.gov.br\/portal\/#\/schema\/person\/image\/\",\"url\":\"https:\/\/secure.gravatar.com\/avatar\/cf4ec2cb690101e1581c7773aa350c19?s=96&d=mm&r=g\",\"contentUrl\":\"https:\/\/secure.gravatar.com\/avatar\/cf4ec2cb690101e1581c7773aa350c19?s=96&d=mm&r=g\",\"caption\":\"Marcio Gomes dos Santos\"},\"url\":\"https:\/\/www.pm.pb.gov.br\/portal\/author\/mgomes\/\"}]}<\/script>\n<!-- \/ Yoast SEO plugin. -->","yoast_head_json":{"title":"Pol\u00edcia Militar prende suspeitos de homic\u00eddio e apreende armas no Litoral Sul - Pol\u00edcia Militar da Para\u00edba","robots":{"index":"index","follow":"follow","max-snippet":"max-snippet:-1","max-image-preview":"max-image-preview:large","max-video-preview":"max-video-preview:-1"},"canonical":"https:\/\/www.pm.pb.gov.br\/portal\/2017\/11\/09\/policia-militar-prende-suspeitos-de-homicidio-e-apreende-armas-no-litoral-sul\/","og_locale":"pt_BR","og_type":"article","og_title":"Pol\u00edcia Militar prende suspeitos de homic\u00eddio e apreende armas no Litoral Sul - Pol\u00edcia Militar da Para\u00edba","og_description":"Pol\u00edcias Militares da 1\u00aa Companhia Independente prenderam tr\u00eas suspeitos de envolvimento em homic\u00eddio e aprenderam duas armas de fogo, entre","og_url":"https:\/\/www.pm.pb.gov.br\/portal\/2017\/11\/09\/policia-militar-prende-suspeitos-de-homicidio-e-apreende-armas-no-litoral-sul\/","og_site_name":"Pol\u00edcia Militar da Para\u00edba","article_published_time":"2017-11-09T17:25:16+00:00","article_modified_time":"2017-11-10T03:18:53+00:00","og_image":[{"width":800,"height":450,"url":"https:\/\/www.pm.pb.gov.br\/portal\/wp-content\/uploads\/2017\/11\/Revolver-apreendido-com-dupla-suspeita.jpeg","type":"image\/jpeg"}],"author":"Marcio Gomes dos Santos","twitter_card":"summary_large_image","twitter_misc":{"Escrito por":"Marcio Gomes dos Santos","Est. tempo de leitura":"1 minuto"},"schema":{"@context":"https:\/\/schema.org","@graph":[{"@type":"Article","@id":"https:\/\/www.pm.pb.gov.br\/portal\/2017\/11\/09\/policia-militar-prende-suspeitos-de-homicidio-e-apreende-armas-no-litoral-sul\/#article","isPartOf":{"@id":"https:\/\/www.pm.pb.gov.br\/portal\/2017\/11\/09\/policia-militar-prende-suspeitos-de-homicidio-e-apreende-armas-no-litoral-sul\/"},"author":{"name":"Marcio Gomes dos Santos","@id":"https:\/\/www.pm.pb.gov.br\/portal\/#\/schema\/person\/30d571652b38533c2211e4e89bf5a502"},"headline":"Pol\u00edcia Militar prende suspeitos de homic\u00eddio e apreende armas no Litoral Sul","datePublished":"2017-11-09T17:25:16+00:00","dateModified":"2017-11-10T03:18:53+00:00","mainEntityOfPage":{"@id":"https:\/\/www.pm.pb.gov.br\/portal\/2017\/11\/09\/policia-militar-prende-suspeitos-de-homicidio-e-apreende-armas-no-litoral-sul\/"},"wordCount":259,"publisher":{"@id":"https:\/\/www.pm.pb.gov.br\/portal\/#organization"},"articleSection":["A\u00e7\u00f5es Policiais"],"inLanguage":"pt-BR"},{"@type":"WebPage","@id":"https:\/\/www.pm.pb.gov.br\/portal\/2017\/11\/09\/policia-militar-prende-suspeitos-de-homicidio-e-apreende-armas-no-litoral-sul\/","url":"https:\/\/www.pm.pb.gov.br\/portal\/2017\/11\/09\/policia-militar-prende-suspeitos-de-homicidio-e-apreende-armas-no-litoral-sul\/","name":"Pol\u00edcia Militar prende suspeitos de homic\u00eddio e apreende armas no Litoral Sul - Pol\u00edcia Militar da Para\u00edba","isPartOf":{"@id":"https:\/\/www.pm.pb.gov.br\/portal\/#website"},"datePublished":"2017-11-09T17:25:16+00:00","dateModified":"2017-11-10T03:18:53+00:00","breadcrumb":{"@id":"https:\/\/www.pm.pb.gov.br\/portal\/2017\/11\/09\/policia-militar-prende-suspeitos-de-homicidio-e-apreende-armas-no-litoral-sul\/#breadcrumb"},"inLanguage":"pt-BR","potentialAction":[{"@type":"ReadAction","target":["https:\/\/www.pm.pb.gov.br\/portal\/2017\/11\/09\/policia-militar-prende-suspeitos-de-homicidio-e-apreende-armas-no-litoral-sul\/"]}]},{"@type":"BreadcrumbList","@id":"https:\/\/www.pm.pb.gov.br\/portal\/2017\/11\/09\/policia-militar-prende-suspeitos-de-homicidio-e-apreende-armas-no-litoral-sul\/#breadcrumb","itemListElement":[{"@type":"ListItem","position":1,"name":"In\u00edcio","item":"https:\/\/www.pm.pb.gov.br\/portal\/"},{"@type":"ListItem","position":2,"name":"Pol\u00edcia Militar prende suspeitos de homic\u00eddio e apreende armas no Litoral Sul"}]},{"@type":"WebSite","@id":"https:\/\/www.pm.pb.gov.br\/portal\/#website","url":"https:\/\/www.pm.pb.gov.br\/portal\/","name":"Pol\u00edcia Militar da Para\u00edba","description":"","publisher":{"@id":"https:\/\/www.pm.pb.gov.br\/portal\/#organization"},"potentialAction":[{"@type":"SearchAction","target":{"@type":"EntryPoint","urlTemplate":"https:\/\/www.pm.pb.gov.br\/portal\/?s={search_term_string}"},"query-input":"required name=search_term_string"}],"inLanguage":"pt-BR"},{"@type":"Organization","@id":"https:\/\/www.pm.pb.gov.br\/portal\/#organization","name":"Pol\u00edcia Militar da Para\u00edba","url":"https:\/\/www.pm.pb.gov.br\/portal\/","logo":{"@type":"ImageObject","inLanguage":"pt-BR","@id":"https:\/\/www.pm.pb.gov.br\/portal\/#\/schema\/logo\/image\/","url":"https:\/\/www.pm.pb.gov.br\/portal\/wp-content\/uploads\/2025\/03\/cropped-logo-site-mag2-1.png","contentUrl":"https:\/\/www.pm.pb.gov.br\/portal\/wp-content\/uploads\/2025\/03\/cropped-logo-site-mag2-1.png","width":320,"height":90,"caption":"Pol\u00edcia Militar da Para\u00edba"},"image":{"@id":"https:\/\/www.pm.pb.gov.br\/portal\/#\/schema\/logo\/image\/"}},{"@type":"Person","@id":"https:\/\/www.pm.pb.gov.br\/portal\/#\/schema\/person\/30d571652b38533c2211e4e89bf5a502","name":"Marcio Gomes dos Santos","image":{"@type":"ImageObject","inLanguage":"pt-BR","@id":"https:\/\/www.pm.pb.gov.br\/portal\/#\/schema\/person\/image\/","url":"https:\/\/secure.gravatar.com\/avatar\/cf4ec2cb690101e1581c7773aa350c19?s=96&d=mm&r=g","contentUrl":"https:\/\/secure.gravatar.com\/avatar\/cf4ec2cb690101e1581c7773aa350c19?s=96&d=mm&r=g","caption":"Marcio Gomes dos Santos"},"url":"https:\/\/www.pm.pb.gov.br\/portal\/author\/mgomes\/"}]}},"_links":{"self":[{"href":"https:\/\/www.pm.pb.gov.br\/portal\/wp-json\/wp\/v2\/posts\/895898"}],"collection":[{"href":"https:\/\/www.pm.pb.gov.br\/portal\/wp-json\/wp\/v2\/posts"}],"about":[{"href":"https:\/\/www.pm.pb.gov.br\/portal\/wp-json\/wp\/v2\/types\/post"}],"author":[{"embeddable":true,"href":"https:\/\/www.pm.pb.gov.br\/portal\/wp-json\/wp\/v2\/users\/15"}],"replies":[{"embeddable":true,"href":"https:\/\/www.pm.pb.gov.br\/portal\/wp-json\/wp\/v2\/comments?post=895898"}],"version-history":[{"count":4,"href":"https:\/\/www.pm.pb.gov.br\/portal\/wp-json\/wp\/v2\/posts\/895898\/revisions"}],"predecessor-version":[{"id":895916,"href":"https:\/\/www.pm.pb.gov.br\/portal\/wp-json\/wp\/v2\/posts\/895898\/revisions\/895916"}],"wp:featuredmedia":[{"embeddable":true,"href":"https:\/\/www.pm.pb.gov.br\/portal\/wp-json\/wp\/v2\/media\/895900"}],"wp:attachment":[{"href":"https:\/\/www.pm.pb.gov.br\/portal\/wp-json\/wp\/v2\/media?parent=895898"}],"wp:term":[{"taxonomy":"category","embeddable":true,"href":"https:\/\/www.pm.pb.gov.br\/portal\/wp-json\/wp\/v2\/categories?post=895898"},{"taxonomy":"post_tag","embeddable":true,"href":"https:\/\/www.pm.pb.gov.br\/portal\/wp-json\/wp\/v2\/tags?post=895898"}],"curies":[{"name":"wp","href":"https:\/\/api.w.org\/{rel}","templated":true}]}}