{"id":895821,"date":"2017-11-04T16:36:45","date_gmt":"2017-11-04T19:36:45","guid":{"rendered":"http:\/\/www.pm.pb.gov.br\/portal\/?p=895821"},"modified":"2017-11-04T16:36:45","modified_gmt":"2017-11-04T19:36:45","slug":"policia-militar-prende-suspeita-de-trafico-com-360-comprimidos-para-uso-em-golpes","status":"publish","type":"post","link":"https:\/\/www.pm.pb.gov.br\/portal\/2017\/11\/04\/policia-militar-prende-suspeita-de-trafico-com-360-comprimidos-para-uso-em-golpes\/","title":{"rendered":"Pol\u00edcia Militar prende suspeita de tr\u00e1fico com 360 comprimidos para uso em golpes"},"content":{"rendered":"<p style=\"text-align: justify;\">A Pol\u00edcia Militar prendeu, na noite dessa sexta-feira (3), uma mulher suspeita de atuar no tr\u00e1fico de drogas na zonal sul da capital, e com ela encontrou 360 comprimidos de artame, subst\u00e2ncia comumente utilizada em golpes como \u2018boa noite cinderela\u2019, dois pequenos pacotes de maconha, e quase mil reais em dinheiro trocado. Al\u00e9m disso, sete c\u00e9dulas de notas estrangeiras tamb\u00e9m foram encontradas com a acusada.<\/p>\n<p style=\"text-align: justify;\">A pris\u00e3o ocorreu quando policiais da Companhia de Choque, do Batalh\u00e3o de Opera\u00e7\u00f5es Especiais, faziam rondas na comunidade do Citex, no bairro do Ernesto Geisel, por volta das 21h. A acusada estava em uma motocicleta e, durante a abordagem, os policiais encontraram os entorpecentes e dinheiro. Tamb\u00e9m foi encontrada com a suspeita uma agenda que mostra os contatos de poss\u00edveis usu\u00e1rios do produto, al\u00e9m da movimenta\u00e7\u00e3o da droga. Todo o material encontrado e a suspeita foram conduzidos para a Central de Flagrantes, no bairro do Geisel.<\/p>\n<p style=\"text-align: justify;\"><strong>Outras apreens\u00f5es<\/strong>\u00a0\u2013 Ainda outros dois suspeitos foram detidos pela Pol\u00edcia Militar com drogas, na noite de sexta-feira, em Jo\u00e3o Pessoa. No bairro de Mangabeira, nas proximidades da Avenida Hilton Solto Maior, um homem foi detido com tr\u00eas trouxas de subst\u00e2ncia semelhante \u00e0 coca\u00edna. No bairro de Cruz das Armas, tr\u00eas pedras de subst\u00e2ncia semelhante \u00e0 crack foram localizadas com um suspeito.\u00a0\u00a0Os acusados foram levados para a delegacia.<\/p>\n<p style=\"text-align: justify;\"><strong>Maconha no Sert\u00e3o<\/strong>\u00a0\u2013 Dois tabletes de maconha foram apreendidos com um homem em uma motocicleta na cidade de Patos. A pris\u00e3o do suspeito ocorreu por volta do meio-dia, ainda na sexta-feira (3), por policiais do 3\u00ba Batalh\u00e3o. O acusado, que responde na Justi\u00e7a pelo crime de roubo, foi conduzido para delegacia.<\/p>\n","protected":false},"excerpt":{"rendered":"<p>A Pol\u00edcia Militar prendeu, na noite dessa sexta-feira (3), uma mulher suspeita de atuar no tr\u00e1fico de drogas na zonal<\/p>\n","protected":false},"author":12,"featured_media":895822,"comment_status":"closed","ping_status":"closed","sticky":false,"template":"","format":"standard","meta":{"_exactmetrics_skip_tracking":false,"_exactmetrics_sitenote_active":false,"_exactmetrics_sitenote_note":"","_exactmetrics_sitenote_category":0,"footnotes":""},"categories":[4],"tags":[],"yoast_head":"<!-- This site is optimized with the Yoast SEO plugin v22.0 - https:\/\/yoast.com\/wordpress\/plugins\/seo\/ -->\n<title>Pol\u00edcia Militar prende suspeita de tr\u00e1fico com 360 comprimidos para uso em golpes - Pol\u00edcia Militar da Para\u00edba<\/title>\n<meta name=\"robots\" content=\"index, follow, max-snippet:-1, max-image-preview:large, max-video-preview:-1\" \/>\n<link rel=\"canonical\" href=\"https:\/\/www.pm.pb.gov.br\/portal\/2017\/11\/04\/policia-militar-prende-suspeita-de-trafico-com-360-comprimidos-para-uso-em-golpes\/\" \/>\n<meta property=\"og:locale\" content=\"pt_BR\" \/>\n<meta property=\"og:type\" content=\"article\" \/>\n<meta property=\"og:title\" content=\"Pol\u00edcia Militar prende suspeita de tr\u00e1fico com 360 comprimidos para uso em golpes - Pol\u00edcia Militar da Para\u00edba\" \/>\n<meta property=\"og:description\" content=\"A Pol\u00edcia Militar prendeu, na noite dessa sexta-feira (3), uma mulher suspeita de atuar no tr\u00e1fico de drogas na zonal\" \/>\n<meta property=\"og:url\" content=\"https:\/\/www.pm.pb.gov.br\/portal\/2017\/11\/04\/policia-militar-prende-suspeita-de-trafico-com-360-comprimidos-para-uso-em-golpes\/\" \/>\n<meta property=\"og:site_name\" content=\"Pol\u00edcia Militar da Para\u00edba\" \/>\n<meta property=\"article:published_time\" content=\"2017-11-04T19:36:45+00:00\" \/>\n<meta property=\"og:image\" content=\"https:\/\/www.pm.pb.gov.br\/portal\/wp-content\/uploads\/2017\/11\/apreensaodedrogas.jpeg\" \/>\n\t<meta property=\"og:image:width\" content=\"800\" \/>\n\t<meta property=\"og:image:height\" content=\"445\" \/>\n\t<meta property=\"og:image:type\" content=\"image\/jpeg\" \/>\n<meta name=\"author\" content=\"Tarcisio Oliveira\" \/>\n<meta name=\"twitter:card\" content=\"summary_large_image\" \/>\n<meta name=\"twitter:label1\" content=\"Escrito por\" \/>\n\t<meta name=\"twitter:data1\" content=\"Tarcisio Oliveira\" \/>\n\t<meta name=\"twitter:label2\" content=\"Est. tempo de leitura\" \/>\n\t<meta name=\"twitter:data2\" content=\"1 minuto\" \/>\n<script type=\"application\/ld+json\" class=\"yoast-schema-graph\">{\"@context\":\"https:\/\/schema.org\",\"@graph\":[{\"@type\":\"Article\",\"@id\":\"https:\/\/www.pm.pb.gov.br\/portal\/2017\/11\/04\/policia-militar-prende-suspeita-de-trafico-com-360-comprimidos-para-uso-em-golpes\/#article\",\"isPartOf\":{\"@id\":\"https:\/\/www.pm.pb.gov.br\/portal\/2017\/11\/04\/policia-militar-prende-suspeita-de-trafico-com-360-comprimidos-para-uso-em-golpes\/\"},\"author\":{\"name\":\"Tarcisio Oliveira\",\"@id\":\"https:\/\/www.pm.pb.gov.br\/portal\/#\/schema\/person\/f84f56dcc78ce4357054da888b8247fd\"},\"headline\":\"Pol\u00edcia Militar prende suspeita de tr\u00e1fico com 360 comprimidos para uso em golpes\",\"datePublished\":\"2017-11-04T19:36:45+00:00\",\"dateModified\":\"2017-11-04T19:36:45+00:00\",\"mainEntityOfPage\":{\"@id\":\"https:\/\/www.pm.pb.gov.br\/portal\/2017\/11\/04\/policia-militar-prende-suspeita-de-trafico-com-360-comprimidos-para-uso-em-golpes\/\"},\"wordCount\":304,\"publisher\":{\"@id\":\"https:\/\/www.pm.pb.gov.br\/portal\/#organization\"},\"articleSection\":[\"A\u00e7\u00f5es Policiais\"],\"inLanguage\":\"pt-BR\"},{\"@type\":\"WebPage\",\"@id\":\"https:\/\/www.pm.pb.gov.br\/portal\/2017\/11\/04\/policia-militar-prende-suspeita-de-trafico-com-360-comprimidos-para-uso-em-golpes\/\",\"url\":\"https:\/\/www.pm.pb.gov.br\/portal\/2017\/11\/04\/policia-militar-prende-suspeita-de-trafico-com-360-comprimidos-para-uso-em-golpes\/\",\"name\":\"Pol\u00edcia Militar prende suspeita de tr\u00e1fico com 360 comprimidos para uso em golpes - Pol\u00edcia Militar da Para\u00edba\",\"isPartOf\":{\"@id\":\"https:\/\/www.pm.pb.gov.br\/portal\/#website\"},\"datePublished\":\"2017-11-04T19:36:45+00:00\",\"dateModified\":\"2017-11-04T19:36:45+00:00\",\"breadcrumb\":{\"@id\":\"https:\/\/www.pm.pb.gov.br\/portal\/2017\/11\/04\/policia-militar-prende-suspeita-de-trafico-com-360-comprimidos-para-uso-em-golpes\/#breadcrumb\"},\"inLanguage\":\"pt-BR\",\"potentialAction\":[{\"@type\":\"ReadAction\",\"target\":[\"https:\/\/www.pm.pb.gov.br\/portal\/2017\/11\/04\/policia-militar-prende-suspeita-de-trafico-com-360-comprimidos-para-uso-em-golpes\/\"]}]},{\"@type\":\"BreadcrumbList\",\"@id\":\"https:\/\/www.pm.pb.gov.br\/portal\/2017\/11\/04\/policia-militar-prende-suspeita-de-trafico-com-360-comprimidos-para-uso-em-golpes\/#breadcrumb\",\"itemListElement\":[{\"@type\":\"ListItem\",\"position\":1,\"name\":\"In\u00edcio\",\"item\":\"https:\/\/www.pm.pb.gov.br\/portal\/\"},{\"@type\":\"ListItem\",\"position\":2,\"name\":\"Pol\u00edcia Militar prende suspeita de tr\u00e1fico com 360 comprimidos para uso em golpes\"}]},{\"@type\":\"WebSite\",\"@id\":\"https:\/\/www.pm.pb.gov.br\/portal\/#website\",\"url\":\"https:\/\/www.pm.pb.gov.br\/portal\/\",\"name\":\"Pol\u00edcia Militar da Para\u00edba\",\"description\":\"\",\"publisher\":{\"@id\":\"https:\/\/www.pm.pb.gov.br\/portal\/#organization\"},\"potentialAction\":[{\"@type\":\"SearchAction\",\"target\":{\"@type\":\"EntryPoint\",\"urlTemplate\":\"https:\/\/www.pm.pb.gov.br\/portal\/?s={search_term_string}\"},\"query-input\":\"required name=search_term_string\"}],\"inLanguage\":\"pt-BR\"},{\"@type\":\"Organization\",\"@id\":\"https:\/\/www.pm.pb.gov.br\/portal\/#organization\",\"name\":\"Pol\u00edcia Militar da Para\u00edba\",\"url\":\"https:\/\/www.pm.pb.gov.br\/portal\/\",\"logo\":{\"@type\":\"ImageObject\",\"inLanguage\":\"pt-BR\",\"@id\":\"https:\/\/www.pm.pb.gov.br\/portal\/#\/schema\/logo\/image\/\",\"url\":\"https:\/\/www.pm.pb.gov.br\/portal\/wp-content\/uploads\/2025\/03\/cropped-logo-site-mag2-1.png\",\"contentUrl\":\"https:\/\/www.pm.pb.gov.br\/portal\/wp-content\/uploads\/2025\/03\/cropped-logo-site-mag2-1.png\",\"width\":320,\"height\":90,\"caption\":\"Pol\u00edcia Militar da Para\u00edba\"},\"image\":{\"@id\":\"https:\/\/www.pm.pb.gov.br\/portal\/#\/schema\/logo\/image\/\"}},{\"@type\":\"Person\",\"@id\":\"https:\/\/www.pm.pb.gov.br\/portal\/#\/schema\/person\/f84f56dcc78ce4357054da888b8247fd\",\"name\":\"Tarcisio Oliveira\",\"image\":{\"@type\":\"ImageObject\",\"inLanguage\":\"pt-BR\",\"@id\":\"https:\/\/www.pm.pb.gov.br\/portal\/#\/schema\/person\/image\/\",\"url\":\"https:\/\/secure.gravatar.com\/avatar\/72917b630b69d31cd0297507f34bac97?s=96&d=mm&r=g\",\"contentUrl\":\"https:\/\/secure.gravatar.com\/avatar\/72917b630b69d31cd0297507f34bac97?s=96&d=mm&r=g\",\"caption\":\"Tarcisio Oliveira\"},\"url\":\"https:\/\/www.pm.pb.gov.br\/portal\/author\/tarcisio\/\"}]}<\/script>\n<!-- \/ Yoast SEO plugin. -->","yoast_head_json":{"title":"Pol\u00edcia Militar prende suspeita de tr\u00e1fico com 360 comprimidos para uso em golpes - Pol\u00edcia Militar da Para\u00edba","robots":{"index":"index","follow":"follow","max-snippet":"max-snippet:-1","max-image-preview":"max-image-preview:large","max-video-preview":"max-video-preview:-1"},"canonical":"https:\/\/www.pm.pb.gov.br\/portal\/2017\/11\/04\/policia-militar-prende-suspeita-de-trafico-com-360-comprimidos-para-uso-em-golpes\/","og_locale":"pt_BR","og_type":"article","og_title":"Pol\u00edcia Militar prende suspeita de tr\u00e1fico com 360 comprimidos para uso em golpes - Pol\u00edcia Militar da Para\u00edba","og_description":"A Pol\u00edcia Militar prendeu, na noite dessa sexta-feira (3), uma mulher suspeita de atuar no tr\u00e1fico de drogas na zonal","og_url":"https:\/\/www.pm.pb.gov.br\/portal\/2017\/11\/04\/policia-militar-prende-suspeita-de-trafico-com-360-comprimidos-para-uso-em-golpes\/","og_site_name":"Pol\u00edcia Militar da Para\u00edba","article_published_time":"2017-11-04T19:36:45+00:00","og_image":[{"width":800,"height":445,"url":"https:\/\/www.pm.pb.gov.br\/portal\/wp-content\/uploads\/2017\/11\/apreensaodedrogas.jpeg","type":"image\/jpeg"}],"author":"Tarcisio Oliveira","twitter_card":"summary_large_image","twitter_misc":{"Escrito por":"Tarcisio Oliveira","Est. tempo de leitura":"1 minuto"},"schema":{"@context":"https:\/\/schema.org","@graph":[{"@type":"Article","@id":"https:\/\/www.pm.pb.gov.br\/portal\/2017\/11\/04\/policia-militar-prende-suspeita-de-trafico-com-360-comprimidos-para-uso-em-golpes\/#article","isPartOf":{"@id":"https:\/\/www.pm.pb.gov.br\/portal\/2017\/11\/04\/policia-militar-prende-suspeita-de-trafico-com-360-comprimidos-para-uso-em-golpes\/"},"author":{"name":"Tarcisio Oliveira","@id":"https:\/\/www.pm.pb.gov.br\/portal\/#\/schema\/person\/f84f56dcc78ce4357054da888b8247fd"},"headline":"Pol\u00edcia Militar prende suspeita de tr\u00e1fico com 360 comprimidos para uso em golpes","datePublished":"2017-11-04T19:36:45+00:00","dateModified":"2017-11-04T19:36:45+00:00","mainEntityOfPage":{"@id":"https:\/\/www.pm.pb.gov.br\/portal\/2017\/11\/04\/policia-militar-prende-suspeita-de-trafico-com-360-comprimidos-para-uso-em-golpes\/"},"wordCount":304,"publisher":{"@id":"https:\/\/www.pm.pb.gov.br\/portal\/#organization"},"articleSection":["A\u00e7\u00f5es Policiais"],"inLanguage":"pt-BR"},{"@type":"WebPage","@id":"https:\/\/www.pm.pb.gov.br\/portal\/2017\/11\/04\/policia-militar-prende-suspeita-de-trafico-com-360-comprimidos-para-uso-em-golpes\/","url":"https:\/\/www.pm.pb.gov.br\/portal\/2017\/11\/04\/policia-militar-prende-suspeita-de-trafico-com-360-comprimidos-para-uso-em-golpes\/","name":"Pol\u00edcia Militar prende suspeita de tr\u00e1fico com 360 comprimidos para uso em golpes - Pol\u00edcia Militar da Para\u00edba","isPartOf":{"@id":"https:\/\/www.pm.pb.gov.br\/portal\/#website"},"datePublished":"2017-11-04T19:36:45+00:00","dateModified":"2017-11-04T19:36:45+00:00","breadcrumb":{"@id":"https:\/\/www.pm.pb.gov.br\/portal\/2017\/11\/04\/policia-militar-prende-suspeita-de-trafico-com-360-comprimidos-para-uso-em-golpes\/#breadcrumb"},"inLanguage":"pt-BR","potentialAction":[{"@type":"ReadAction","target":["https:\/\/www.pm.pb.gov.br\/portal\/2017\/11\/04\/policia-militar-prende-suspeita-de-trafico-com-360-comprimidos-para-uso-em-golpes\/"]}]},{"@type":"BreadcrumbList","@id":"https:\/\/www.pm.pb.gov.br\/portal\/2017\/11\/04\/policia-militar-prende-suspeita-de-trafico-com-360-comprimidos-para-uso-em-golpes\/#breadcrumb","itemListElement":[{"@type":"ListItem","position":1,"name":"In\u00edcio","item":"https:\/\/www.pm.pb.gov.br\/portal\/"},{"@type":"ListItem","position":2,"name":"Pol\u00edcia Militar prende suspeita de tr\u00e1fico com 360 comprimidos para uso em golpes"}]},{"@type":"WebSite","@id":"https:\/\/www.pm.pb.gov.br\/portal\/#website","url":"https:\/\/www.pm.pb.gov.br\/portal\/","name":"Pol\u00edcia Militar da Para\u00edba","description":"","publisher":{"@id":"https:\/\/www.pm.pb.gov.br\/portal\/#organization"},"potentialAction":[{"@type":"SearchAction","target":{"@type":"EntryPoint","urlTemplate":"https:\/\/www.pm.pb.gov.br\/portal\/?s={search_term_string}"},"query-input":"required name=search_term_string"}],"inLanguage":"pt-BR"},{"@type":"Organization","@id":"https:\/\/www.pm.pb.gov.br\/portal\/#organization","name":"Pol\u00edcia Militar da Para\u00edba","url":"https:\/\/www.pm.pb.gov.br\/portal\/","logo":{"@type":"ImageObject","inLanguage":"pt-BR","@id":"https:\/\/www.pm.pb.gov.br\/portal\/#\/schema\/logo\/image\/","url":"https:\/\/www.pm.pb.gov.br\/portal\/wp-content\/uploads\/2025\/03\/cropped-logo-site-mag2-1.png","contentUrl":"https:\/\/www.pm.pb.gov.br\/portal\/wp-content\/uploads\/2025\/03\/cropped-logo-site-mag2-1.png","width":320,"height":90,"caption":"Pol\u00edcia Militar da Para\u00edba"},"image":{"@id":"https:\/\/www.pm.pb.gov.br\/portal\/#\/schema\/logo\/image\/"}},{"@type":"Person","@id":"https:\/\/www.pm.pb.gov.br\/portal\/#\/schema\/person\/f84f56dcc78ce4357054da888b8247fd","name":"Tarcisio Oliveira","image":{"@type":"ImageObject","inLanguage":"pt-BR","@id":"https:\/\/www.pm.pb.gov.br\/portal\/#\/schema\/person\/image\/","url":"https:\/\/secure.gravatar.com\/avatar\/72917b630b69d31cd0297507f34bac97?s=96&d=mm&r=g","contentUrl":"https:\/\/secure.gravatar.com\/avatar\/72917b630b69d31cd0297507f34bac97?s=96&d=mm&r=g","caption":"Tarcisio Oliveira"},"url":"https:\/\/www.pm.pb.gov.br\/portal\/author\/tarcisio\/"}]}},"_links":{"self":[{"href":"https:\/\/www.pm.pb.gov.br\/portal\/wp-json\/wp\/v2\/posts\/895821"}],"collection":[{"href":"https:\/\/www.pm.pb.gov.br\/portal\/wp-json\/wp\/v2\/posts"}],"about":[{"href":"https:\/\/www.pm.pb.gov.br\/portal\/wp-json\/wp\/v2\/types\/post"}],"author":[{"embeddable":true,"href":"https:\/\/www.pm.pb.gov.br\/portal\/wp-json\/wp\/v2\/users\/12"}],"replies":[{"embeddable":true,"href":"https:\/\/www.pm.pb.gov.br\/portal\/wp-json\/wp\/v2\/comments?post=895821"}],"version-history":[{"count":1,"href":"https:\/\/www.pm.pb.gov.br\/portal\/wp-json\/wp\/v2\/posts\/895821\/revisions"}],"predecessor-version":[{"id":895823,"href":"https:\/\/www.pm.pb.gov.br\/portal\/wp-json\/wp\/v2\/posts\/895821\/revisions\/895823"}],"wp:featuredmedia":[{"embeddable":true,"href":"https:\/\/www.pm.pb.gov.br\/portal\/wp-json\/wp\/v2\/media\/895822"}],"wp:attachment":[{"href":"https:\/\/www.pm.pb.gov.br\/portal\/wp-json\/wp\/v2\/media?parent=895821"}],"wp:term":[{"taxonomy":"category","embeddable":true,"href":"https:\/\/www.pm.pb.gov.br\/portal\/wp-json\/wp\/v2\/categories?post=895821"},{"taxonomy":"post_tag","embeddable":true,"href":"https:\/\/www.pm.pb.gov.br\/portal\/wp-json\/wp\/v2\/tags?post=895821"}],"curies":[{"name":"wp","href":"https:\/\/api.w.org\/{rel}","templated":true}]}}