{"id":895818,"date":"2017-11-04T16:18:15","date_gmt":"2017-11-04T19:18:15","guid":{"rendered":"http:\/\/www.pm.pb.gov.br\/portal\/?p=895818"},"modified":"2017-11-04T16:18:15","modified_gmt":"2017-11-04T19:18:15","slug":"policia-militar-prende-trio-apos-assalto-a-comercio-em-sape","status":"publish","type":"post","link":"https:\/\/www.pm.pb.gov.br\/portal\/2017\/11\/04\/policia-militar-prende-trio-apos-assalto-a-comercio-em-sape\/","title":{"rendered":"Pol\u00edcia Militar prende trio ap\u00f3s assalto a com\u00e9rcio em Sap\u00e9"},"content":{"rendered":"<p style=\"text-align: justify;\">A Pol\u00edcia Militar prendeu em flagrante, no fim da tarde da sexta-feira (3), um trio suspeito de cometer assalto a um estabelecimento comercial na cidade de Sap\u00e9. Com os detidos, os policiais da 3\u00aa Companhia do 7\u00ba Batalh\u00e3o apreenderam as duas armas de fogo utilizadas na a\u00e7\u00e3o criminosa, recuperaram celulares, rel\u00f3gios e outros objetos pessoas roubados das v\u00edtimas.<\/p>\n<p style=\"text-align: justify;\">Segundo o comandante da Companhia, o capit\u00e3o Jos\u00e9 Targino, dois homens chegaram em uma loja de conserto de aparelhos eletr\u00f4nicos, renderam funcion\u00e1rios e clientes, levando objetos pessoais, mercadoria e dinheiro. Ap\u00f3s o assalto, a dupla fugiu mas foi surpreendida por um policial militar \u00e0 paisana.<\/p>\n<p style=\"text-align: justify;\">Houve troca de tiros mas ningu\u00e9m foi atingido. Os suspeitos foram perseguidos e detidos pelo policiamento da \u00e1rea. O terceiro suspeito, que estava em um carro aguardado a dupla para a fuga, tamb\u00e9m foi detido e conduzido para a delegacia.<\/p>\n<p style=\"text-align: justify;\">As armas utilizadas pelos criminosos, dois revolveres calibre 32, tamb\u00e9m foram apreendidos na a\u00e7\u00e3o. Ainda de acordo com o comandante da Companhia, os dois primeiros suspeitos detidos s\u00e3o ex-presidi\u00e1rios. O trio foi conduzido para delegacia.<\/p>\n<p style=\"text-align: justify;\"><strong>L\u00edder de quadrilha<\/strong>\u00a0\u2013 No in\u00edcio da sexta-feira (3), policiais militares da 3\u00aa Companhia do 7\u00ba Batalh\u00e3o prenderam um homem suspeito de ser o l\u00edder do grupo que praticava roubos a estabelecimentos comerciais, danificando as portas dos locais utilizando carros.<\/p>\n<p style=\"text-align: justify;\">O grupo agiu em pelo menos cinco cidades e, durante a\u00e7\u00e3o nesta sexta, teve o l\u00edder preso em flagrante pelos policiais, e mercadorias roubadas encontradas. Dois outros suspeitos seguem foragidos.<\/p>\n","protected":false},"excerpt":{"rendered":"<p>A Pol\u00edcia Militar prendeu em flagrante, no fim da tarde da sexta-feira (3), um trio suspeito de cometer assalto a<\/p>\n","protected":false},"author":12,"featured_media":895819,"comment_status":"closed","ping_status":"closed","sticky":false,"template":"","format":"standard","meta":{"_exactmetrics_skip_tracking":false,"_exactmetrics_sitenote_active":false,"_exactmetrics_sitenote_note":"","_exactmetrics_sitenote_category":0,"footnotes":""},"categories":[4],"tags":[],"yoast_head":"<!-- This site is optimized with the Yoast SEO plugin v22.0 - https:\/\/yoast.com\/wordpress\/plugins\/seo\/ -->\n<title>Pol\u00edcia Militar prende trio ap\u00f3s assalto a com\u00e9rcio em Sap\u00e9 - Pol\u00edcia Militar da Para\u00edba<\/title>\n<meta name=\"robots\" content=\"index, follow, max-snippet:-1, max-image-preview:large, max-video-preview:-1\" \/>\n<link rel=\"canonical\" href=\"https:\/\/www.pm.pb.gov.br\/portal\/2017\/11\/04\/policia-militar-prende-trio-apos-assalto-a-comercio-em-sape\/\" \/>\n<meta property=\"og:locale\" content=\"pt_BR\" \/>\n<meta property=\"og:type\" content=\"article\" \/>\n<meta property=\"og:title\" content=\"Pol\u00edcia Militar prende trio ap\u00f3s assalto a com\u00e9rcio em Sap\u00e9 - Pol\u00edcia Militar da Para\u00edba\" \/>\n<meta property=\"og:description\" content=\"A Pol\u00edcia Militar prendeu em flagrante, no fim da tarde da sexta-feira (3), um trio suspeito de cometer assalto a\" \/>\n<meta property=\"og:url\" content=\"https:\/\/www.pm.pb.gov.br\/portal\/2017\/11\/04\/policia-militar-prende-trio-apos-assalto-a-comercio-em-sape\/\" \/>\n<meta property=\"og:site_name\" content=\"Pol\u00edcia Militar da Para\u00edba\" \/>\n<meta property=\"article:published_time\" content=\"2017-11-04T19:18:15+00:00\" \/>\n<meta property=\"og:image\" content=\"https:\/\/www.pm.pb.gov.br\/portal\/wp-content\/uploads\/2017\/11\/sap\u00e9.jpeg\" \/>\n\t<meta property=\"og:image:width\" content=\"800\" \/>\n\t<meta property=\"og:image:height\" content=\"445\" \/>\n\t<meta property=\"og:image:type\" content=\"image\/jpeg\" \/>\n<meta name=\"author\" content=\"Tarcisio Oliveira\" \/>\n<meta name=\"twitter:card\" content=\"summary_large_image\" \/>\n<meta name=\"twitter:label1\" content=\"Escrito por\" \/>\n\t<meta name=\"twitter:data1\" content=\"Tarcisio Oliveira\" \/>\n\t<meta name=\"twitter:label2\" content=\"Est. tempo de leitura\" \/>\n\t<meta name=\"twitter:data2\" content=\"1 minuto\" \/>\n<script type=\"application\/ld+json\" class=\"yoast-schema-graph\">{\"@context\":\"https:\/\/schema.org\",\"@graph\":[{\"@type\":\"Article\",\"@id\":\"https:\/\/www.pm.pb.gov.br\/portal\/2017\/11\/04\/policia-militar-prende-trio-apos-assalto-a-comercio-em-sape\/#article\",\"isPartOf\":{\"@id\":\"https:\/\/www.pm.pb.gov.br\/portal\/2017\/11\/04\/policia-militar-prende-trio-apos-assalto-a-comercio-em-sape\/\"},\"author\":{\"name\":\"Tarcisio Oliveira\",\"@id\":\"https:\/\/www.pm.pb.gov.br\/portal\/#\/schema\/person\/f84f56dcc78ce4357054da888b8247fd\"},\"headline\":\"Pol\u00edcia Militar prende trio ap\u00f3s assalto a com\u00e9rcio em Sap\u00e9\",\"datePublished\":\"2017-11-04T19:18:15+00:00\",\"dateModified\":\"2017-11-04T19:18:15+00:00\",\"mainEntityOfPage\":{\"@id\":\"https:\/\/www.pm.pb.gov.br\/portal\/2017\/11\/04\/policia-militar-prende-trio-apos-assalto-a-comercio-em-sape\/\"},\"wordCount\":273,\"publisher\":{\"@id\":\"https:\/\/www.pm.pb.gov.br\/portal\/#organization\"},\"articleSection\":[\"A\u00e7\u00f5es Policiais\"],\"inLanguage\":\"pt-BR\"},{\"@type\":\"WebPage\",\"@id\":\"https:\/\/www.pm.pb.gov.br\/portal\/2017\/11\/04\/policia-militar-prende-trio-apos-assalto-a-comercio-em-sape\/\",\"url\":\"https:\/\/www.pm.pb.gov.br\/portal\/2017\/11\/04\/policia-militar-prende-trio-apos-assalto-a-comercio-em-sape\/\",\"name\":\"Pol\u00edcia Militar prende trio ap\u00f3s assalto a com\u00e9rcio em Sap\u00e9 - Pol\u00edcia Militar da Para\u00edba\",\"isPartOf\":{\"@id\":\"https:\/\/www.pm.pb.gov.br\/portal\/#website\"},\"datePublished\":\"2017-11-04T19:18:15+00:00\",\"dateModified\":\"2017-11-04T19:18:15+00:00\",\"breadcrumb\":{\"@id\":\"https:\/\/www.pm.pb.gov.br\/portal\/2017\/11\/04\/policia-militar-prende-trio-apos-assalto-a-comercio-em-sape\/#breadcrumb\"},\"inLanguage\":\"pt-BR\",\"potentialAction\":[{\"@type\":\"ReadAction\",\"target\":[\"https:\/\/www.pm.pb.gov.br\/portal\/2017\/11\/04\/policia-militar-prende-trio-apos-assalto-a-comercio-em-sape\/\"]}]},{\"@type\":\"BreadcrumbList\",\"@id\":\"https:\/\/www.pm.pb.gov.br\/portal\/2017\/11\/04\/policia-militar-prende-trio-apos-assalto-a-comercio-em-sape\/#breadcrumb\",\"itemListElement\":[{\"@type\":\"ListItem\",\"position\":1,\"name\":\"In\u00edcio\",\"item\":\"https:\/\/www.pm.pb.gov.br\/portal\/\"},{\"@type\":\"ListItem\",\"position\":2,\"name\":\"Pol\u00edcia Militar prende trio ap\u00f3s assalto a com\u00e9rcio em Sap\u00e9\"}]},{\"@type\":\"WebSite\",\"@id\":\"https:\/\/www.pm.pb.gov.br\/portal\/#website\",\"url\":\"https:\/\/www.pm.pb.gov.br\/portal\/\",\"name\":\"Pol\u00edcia Militar da Para\u00edba\",\"description\":\"\",\"publisher\":{\"@id\":\"https:\/\/www.pm.pb.gov.br\/portal\/#organization\"},\"potentialAction\":[{\"@type\":\"SearchAction\",\"target\":{\"@type\":\"EntryPoint\",\"urlTemplate\":\"https:\/\/www.pm.pb.gov.br\/portal\/?s={search_term_string}\"},\"query-input\":\"required name=search_term_string\"}],\"inLanguage\":\"pt-BR\"},{\"@type\":\"Organization\",\"@id\":\"https:\/\/www.pm.pb.gov.br\/portal\/#organization\",\"name\":\"Pol\u00edcia Militar da Para\u00edba\",\"url\":\"https:\/\/www.pm.pb.gov.br\/portal\/\",\"logo\":{\"@type\":\"ImageObject\",\"inLanguage\":\"pt-BR\",\"@id\":\"https:\/\/www.pm.pb.gov.br\/portal\/#\/schema\/logo\/image\/\",\"url\":\"https:\/\/www.pm.pb.gov.br\/portal\/wp-content\/uploads\/2025\/03\/cropped-logo-site-mag2-1.png\",\"contentUrl\":\"https:\/\/www.pm.pb.gov.br\/portal\/wp-content\/uploads\/2025\/03\/cropped-logo-site-mag2-1.png\",\"width\":320,\"height\":90,\"caption\":\"Pol\u00edcia Militar da Para\u00edba\"},\"image\":{\"@id\":\"https:\/\/www.pm.pb.gov.br\/portal\/#\/schema\/logo\/image\/\"}},{\"@type\":\"Person\",\"@id\":\"https:\/\/www.pm.pb.gov.br\/portal\/#\/schema\/person\/f84f56dcc78ce4357054da888b8247fd\",\"name\":\"Tarcisio Oliveira\",\"image\":{\"@type\":\"ImageObject\",\"inLanguage\":\"pt-BR\",\"@id\":\"https:\/\/www.pm.pb.gov.br\/portal\/#\/schema\/person\/image\/\",\"url\":\"https:\/\/secure.gravatar.com\/avatar\/72917b630b69d31cd0297507f34bac97?s=96&d=mm&r=g\",\"contentUrl\":\"https:\/\/secure.gravatar.com\/avatar\/72917b630b69d31cd0297507f34bac97?s=96&d=mm&r=g\",\"caption\":\"Tarcisio Oliveira\"},\"url\":\"https:\/\/www.pm.pb.gov.br\/portal\/author\/tarcisio\/\"}]}<\/script>\n<!-- \/ Yoast SEO plugin. -->","yoast_head_json":{"title":"Pol\u00edcia Militar prende trio ap\u00f3s assalto a com\u00e9rcio em Sap\u00e9 - Pol\u00edcia Militar da Para\u00edba","robots":{"index":"index","follow":"follow","max-snippet":"max-snippet:-1","max-image-preview":"max-image-preview:large","max-video-preview":"max-video-preview:-1"},"canonical":"https:\/\/www.pm.pb.gov.br\/portal\/2017\/11\/04\/policia-militar-prende-trio-apos-assalto-a-comercio-em-sape\/","og_locale":"pt_BR","og_type":"article","og_title":"Pol\u00edcia Militar prende trio ap\u00f3s assalto a com\u00e9rcio em Sap\u00e9 - Pol\u00edcia Militar da Para\u00edba","og_description":"A Pol\u00edcia Militar prendeu em flagrante, no fim da tarde da sexta-feira (3), um trio suspeito de cometer assalto a","og_url":"https:\/\/www.pm.pb.gov.br\/portal\/2017\/11\/04\/policia-militar-prende-trio-apos-assalto-a-comercio-em-sape\/","og_site_name":"Pol\u00edcia Militar da Para\u00edba","article_published_time":"2017-11-04T19:18:15+00:00","og_image":[{"width":800,"height":445,"url":"https:\/\/www.pm.pb.gov.br\/portal\/wp-content\/uploads\/2017\/11\/sap\u00e9.jpeg","type":"image\/jpeg"}],"author":"Tarcisio Oliveira","twitter_card":"summary_large_image","twitter_misc":{"Escrito por":"Tarcisio Oliveira","Est. tempo de leitura":"1 minuto"},"schema":{"@context":"https:\/\/schema.org","@graph":[{"@type":"Article","@id":"https:\/\/www.pm.pb.gov.br\/portal\/2017\/11\/04\/policia-militar-prende-trio-apos-assalto-a-comercio-em-sape\/#article","isPartOf":{"@id":"https:\/\/www.pm.pb.gov.br\/portal\/2017\/11\/04\/policia-militar-prende-trio-apos-assalto-a-comercio-em-sape\/"},"author":{"name":"Tarcisio Oliveira","@id":"https:\/\/www.pm.pb.gov.br\/portal\/#\/schema\/person\/f84f56dcc78ce4357054da888b8247fd"},"headline":"Pol\u00edcia Militar prende trio ap\u00f3s assalto a com\u00e9rcio em Sap\u00e9","datePublished":"2017-11-04T19:18:15+00:00","dateModified":"2017-11-04T19:18:15+00:00","mainEntityOfPage":{"@id":"https:\/\/www.pm.pb.gov.br\/portal\/2017\/11\/04\/policia-militar-prende-trio-apos-assalto-a-comercio-em-sape\/"},"wordCount":273,"publisher":{"@id":"https:\/\/www.pm.pb.gov.br\/portal\/#organization"},"articleSection":["A\u00e7\u00f5es Policiais"],"inLanguage":"pt-BR"},{"@type":"WebPage","@id":"https:\/\/www.pm.pb.gov.br\/portal\/2017\/11\/04\/policia-militar-prende-trio-apos-assalto-a-comercio-em-sape\/","url":"https:\/\/www.pm.pb.gov.br\/portal\/2017\/11\/04\/policia-militar-prende-trio-apos-assalto-a-comercio-em-sape\/","name":"Pol\u00edcia Militar prende trio ap\u00f3s assalto a com\u00e9rcio em Sap\u00e9 - Pol\u00edcia Militar da Para\u00edba","isPartOf":{"@id":"https:\/\/www.pm.pb.gov.br\/portal\/#website"},"datePublished":"2017-11-04T19:18:15+00:00","dateModified":"2017-11-04T19:18:15+00:00","breadcrumb":{"@id":"https:\/\/www.pm.pb.gov.br\/portal\/2017\/11\/04\/policia-militar-prende-trio-apos-assalto-a-comercio-em-sape\/#breadcrumb"},"inLanguage":"pt-BR","potentialAction":[{"@type":"ReadAction","target":["https:\/\/www.pm.pb.gov.br\/portal\/2017\/11\/04\/policia-militar-prende-trio-apos-assalto-a-comercio-em-sape\/"]}]},{"@type":"BreadcrumbList","@id":"https:\/\/www.pm.pb.gov.br\/portal\/2017\/11\/04\/policia-militar-prende-trio-apos-assalto-a-comercio-em-sape\/#breadcrumb","itemListElement":[{"@type":"ListItem","position":1,"name":"In\u00edcio","item":"https:\/\/www.pm.pb.gov.br\/portal\/"},{"@type":"ListItem","position":2,"name":"Pol\u00edcia Militar prende trio ap\u00f3s assalto a com\u00e9rcio em Sap\u00e9"}]},{"@type":"WebSite","@id":"https:\/\/www.pm.pb.gov.br\/portal\/#website","url":"https:\/\/www.pm.pb.gov.br\/portal\/","name":"Pol\u00edcia Militar da Para\u00edba","description":"","publisher":{"@id":"https:\/\/www.pm.pb.gov.br\/portal\/#organization"},"potentialAction":[{"@type":"SearchAction","target":{"@type":"EntryPoint","urlTemplate":"https:\/\/www.pm.pb.gov.br\/portal\/?s={search_term_string}"},"query-input":"required name=search_term_string"}],"inLanguage":"pt-BR"},{"@type":"Organization","@id":"https:\/\/www.pm.pb.gov.br\/portal\/#organization","name":"Pol\u00edcia Militar da Para\u00edba","url":"https:\/\/www.pm.pb.gov.br\/portal\/","logo":{"@type":"ImageObject","inLanguage":"pt-BR","@id":"https:\/\/www.pm.pb.gov.br\/portal\/#\/schema\/logo\/image\/","url":"https:\/\/www.pm.pb.gov.br\/portal\/wp-content\/uploads\/2025\/03\/cropped-logo-site-mag2-1.png","contentUrl":"https:\/\/www.pm.pb.gov.br\/portal\/wp-content\/uploads\/2025\/03\/cropped-logo-site-mag2-1.png","width":320,"height":90,"caption":"Pol\u00edcia Militar da Para\u00edba"},"image":{"@id":"https:\/\/www.pm.pb.gov.br\/portal\/#\/schema\/logo\/image\/"}},{"@type":"Person","@id":"https:\/\/www.pm.pb.gov.br\/portal\/#\/schema\/person\/f84f56dcc78ce4357054da888b8247fd","name":"Tarcisio Oliveira","image":{"@type":"ImageObject","inLanguage":"pt-BR","@id":"https:\/\/www.pm.pb.gov.br\/portal\/#\/schema\/person\/image\/","url":"https:\/\/secure.gravatar.com\/avatar\/72917b630b69d31cd0297507f34bac97?s=96&d=mm&r=g","contentUrl":"https:\/\/secure.gravatar.com\/avatar\/72917b630b69d31cd0297507f34bac97?s=96&d=mm&r=g","caption":"Tarcisio Oliveira"},"url":"https:\/\/www.pm.pb.gov.br\/portal\/author\/tarcisio\/"}]}},"_links":{"self":[{"href":"https:\/\/www.pm.pb.gov.br\/portal\/wp-json\/wp\/v2\/posts\/895818"}],"collection":[{"href":"https:\/\/www.pm.pb.gov.br\/portal\/wp-json\/wp\/v2\/posts"}],"about":[{"href":"https:\/\/www.pm.pb.gov.br\/portal\/wp-json\/wp\/v2\/types\/post"}],"author":[{"embeddable":true,"href":"https:\/\/www.pm.pb.gov.br\/portal\/wp-json\/wp\/v2\/users\/12"}],"replies":[{"embeddable":true,"href":"https:\/\/www.pm.pb.gov.br\/portal\/wp-json\/wp\/v2\/comments?post=895818"}],"version-history":[{"count":1,"href":"https:\/\/www.pm.pb.gov.br\/portal\/wp-json\/wp\/v2\/posts\/895818\/revisions"}],"predecessor-version":[{"id":895820,"href":"https:\/\/www.pm.pb.gov.br\/portal\/wp-json\/wp\/v2\/posts\/895818\/revisions\/895820"}],"wp:featuredmedia":[{"embeddable":true,"href":"https:\/\/www.pm.pb.gov.br\/portal\/wp-json\/wp\/v2\/media\/895819"}],"wp:attachment":[{"href":"https:\/\/www.pm.pb.gov.br\/portal\/wp-json\/wp\/v2\/media?parent=895818"}],"wp:term":[{"taxonomy":"category","embeddable":true,"href":"https:\/\/www.pm.pb.gov.br\/portal\/wp-json\/wp\/v2\/categories?post=895818"},{"taxonomy":"post_tag","embeddable":true,"href":"https:\/\/www.pm.pb.gov.br\/portal\/wp-json\/wp\/v2\/tags?post=895818"}],"curies":[{"name":"wp","href":"https:\/\/api.w.org\/{rel}","templated":true}]}}