{"id":895814,"date":"2017-11-03T14:41:28","date_gmt":"2017-11-03T17:41:28","guid":{"rendered":"http:\/\/www.pm.pb.gov.br\/portal\/?p=895814"},"modified":"2017-11-03T14:41:28","modified_gmt":"2017-11-03T17:41:28","slug":"policia-militar-desarticula-quadrilha-da-marcha-re-que-praticava-arrombamentos-no-comercio-de-pelo-menos-cinco-cidades-paraibanas","status":"publish","type":"post","link":"https:\/\/www.pm.pb.gov.br\/portal\/2017\/11\/03\/policia-militar-desarticula-quadrilha-da-marcha-re-que-praticava-arrombamentos-no-comercio-de-pelo-menos-cinco-cidades-paraibanas\/","title":{"rendered":"Pol\u00edcia Militar desarticula \u2018quadrilha da marcha r\u00e9\u2019 que praticava arrombamentos no com\u00e9rcio de pelo menos cinco cidades paraibanas"},"content":{"rendered":"<p style=\"text-align: justify;\">A Pol\u00edcia Militar desarticulou uma quadrilha que vinha praticando arrombamentos a lojas do com\u00e9rcio de pelo menos cinco cidades paraibanas, utilizando um carro para destruir as portas dos estabelecimentos dando marcha r\u00e9 nos ve\u00edculos. A pris\u00e3o do l\u00edder da quadrilha, um suspeito de 18 anos, aconteceu ap\u00f3s o grupo arrombar uma loja de grife masculina, na madrugada desta sexta-feira (3), no centro da cidade Sap\u00e9.<\/p>\n<p style=\"text-align: justify;\">De acordo com o comandante da 3\u00aa Companhia do 7\u00ba Batalh\u00e3o, capit\u00e3o Jos\u00e9 Targino, o grupo \u00e9 de Campina Grande e costumava se reunir em um cemit\u00e9rio para planejar as a\u00e7\u00f5es criminosas. \u201cO bando \u00e9 composto por tr\u00eas suspeitos, dos quais j\u00e1 prendemos um, que era o l\u00edder da quadrilha, e eles s\u00e3o do bairro do Monte Santo, em Campina Grande. O preso revelou que eles usavam o cemit\u00e9rio do bairro onde eles moravam como uma esp\u00e9cie de escrit\u00f3rio do crime, onde eles planejavam o roubo de carros para com esses ve\u00edculos praticarem os arrombamentos nas lojas, dando macha r\u00e9 para danificar a porta dos estabelecimentos e depois pegar v\u00e1rias mercadorias\u201d, disse.<\/p>\n<p style=\"text-align: justify;\">Ainda segundo o capit\u00e3o, no arrombamento da madrugada desta sexta-feira eles estavam em dois carros. \u201cO que foi preso estava em carro que foi roubado no dia 27 de outubro, em frente a um restaurante de Campina Grande. Os outros dois suspeitos estavam em outro ve\u00edculo, tamb\u00e9m roubado em Campina Grande. Ap\u00f3s arrombarem a loja em Sap\u00e9, as guarni\u00e7\u00f5es montaram um cerco e na fuga eles se dividiram, mas o carro que era onde estavam as mercadorias furtadas e o l\u00edder do bando, foi alcan\u00e7ado e o suspeito preso\u201d, completou, ao informar que os acusados que conseguiram fugir j\u00e1 foram identificados.<\/p>\n<p style=\"text-align: justify;\">O grupo \u00e9 suspeito de arrombar, na madrugada do \u00faltimo s\u00e1bado (28), no centro da cidade de Itabaiana, uma loja da mesma marca da que foi alvo nesta madrugada em Sap\u00e9, usando a mesma forma de agir, inclusive, segundo testemunhas, o carro usado na a\u00e7\u00e3o foi o mesmo que foi apreendido. Al\u00e9m das duas cidades (Sap\u00e9 e Itabaiana), eles teriam atuado com este tipo de crime nos com\u00e9rcios de Campina Grande, Alagoa Grande e Esperan\u00e7a.<\/p>\n<p style=\"text-align: justify;\">O preso foi apresentado na Delegacia de Pol\u00edcia Civil, em Sap\u00e9. No carro, foram recuperadas v\u00e1rias pe\u00e7as de roupas. A pol\u00edcia vai investigar o destino das roupas que eles furtavam nas a\u00e7\u00f5es.<\/p>\n","protected":false},"excerpt":{"rendered":"<p>A Pol\u00edcia Militar desarticulou uma quadrilha que vinha praticando arrombamentos a lojas do com\u00e9rcio de pelo menos cinco cidades paraibanas,<\/p>\n","protected":false},"author":12,"featured_media":895497,"comment_status":"closed","ping_status":"closed","sticky":false,"template":"","format":"standard","meta":{"_exactmetrics_skip_tracking":false,"_exactmetrics_sitenote_active":false,"_exactmetrics_sitenote_note":"","_exactmetrics_sitenote_category":0,"footnotes":""},"categories":[4],"tags":[],"yoast_head":"<!-- This site is optimized with the Yoast SEO plugin v22.0 - https:\/\/yoast.com\/wordpress\/plugins\/seo\/ -->\n<title>Pol\u00edcia Militar desarticula \u2018quadrilha da marcha r\u00e9\u2019 que praticava arrombamentos no com\u00e9rcio de pelo menos cinco cidades paraibanas - Pol\u00edcia Militar da Para\u00edba<\/title>\n<meta name=\"robots\" content=\"index, follow, max-snippet:-1, max-image-preview:large, max-video-preview:-1\" \/>\n<link rel=\"canonical\" href=\"https:\/\/www.pm.pb.gov.br\/portal\/2017\/11\/03\/policia-militar-desarticula-quadrilha-da-marcha-re-que-praticava-arrombamentos-no-comercio-de-pelo-menos-cinco-cidades-paraibanas\/\" \/>\n<meta property=\"og:locale\" content=\"pt_BR\" \/>\n<meta property=\"og:type\" content=\"article\" \/>\n<meta property=\"og:title\" content=\"Pol\u00edcia Militar desarticula \u2018quadrilha da marcha r\u00e9\u2019 que praticava arrombamentos no com\u00e9rcio de pelo menos cinco cidades paraibanas - Pol\u00edcia Militar da Para\u00edba\" \/>\n<meta property=\"og:description\" content=\"A Pol\u00edcia Militar desarticulou uma quadrilha que vinha praticando arrombamentos a lojas do com\u00e9rcio de pelo menos cinco cidades paraibanas,\" \/>\n<meta property=\"og:url\" content=\"https:\/\/www.pm.pb.gov.br\/portal\/2017\/11\/03\/policia-militar-desarticula-quadrilha-da-marcha-re-que-praticava-arrombamentos-no-comercio-de-pelo-menos-cinco-cidades-paraibanas\/\" \/>\n<meta property=\"og:site_name\" content=\"Pol\u00edcia Militar da Para\u00edba\" \/>\n<meta property=\"article:published_time\" content=\"2017-11-03T17:41:28+00:00\" \/>\n<meta property=\"og:image\" content=\"https:\/\/www.pm.pb.gov.br\/portal\/wp-content\/uploads\/2017\/09\/imagem-ilustrativa1.jpg\" \/>\n\t<meta property=\"og:image:width\" content=\"800\" \/>\n\t<meta property=\"og:image:height\" content=\"445\" \/>\n\t<meta property=\"og:image:type\" content=\"image\/jpeg\" \/>\n<meta name=\"author\" content=\"Tarcisio Oliveira\" \/>\n<meta name=\"twitter:card\" content=\"summary_large_image\" \/>\n<meta name=\"twitter:label1\" content=\"Escrito por\" \/>\n\t<meta name=\"twitter:data1\" content=\"Tarcisio Oliveira\" \/>\n\t<meta name=\"twitter:label2\" content=\"Est. tempo de leitura\" \/>\n\t<meta name=\"twitter:data2\" content=\"2 minutos\" \/>\n<script type=\"application\/ld+json\" class=\"yoast-schema-graph\">{\"@context\":\"https:\/\/schema.org\",\"@graph\":[{\"@type\":\"Article\",\"@id\":\"https:\/\/www.pm.pb.gov.br\/portal\/2017\/11\/03\/policia-militar-desarticula-quadrilha-da-marcha-re-que-praticava-arrombamentos-no-comercio-de-pelo-menos-cinco-cidades-paraibanas\/#article\",\"isPartOf\":{\"@id\":\"https:\/\/www.pm.pb.gov.br\/portal\/2017\/11\/03\/policia-militar-desarticula-quadrilha-da-marcha-re-que-praticava-arrombamentos-no-comercio-de-pelo-menos-cinco-cidades-paraibanas\/\"},\"author\":{\"name\":\"Tarcisio Oliveira\",\"@id\":\"https:\/\/www.pm.pb.gov.br\/portal\/#\/schema\/person\/f84f56dcc78ce4357054da888b8247fd\"},\"headline\":\"Pol\u00edcia Militar desarticula \u2018quadrilha da marcha r\u00e9\u2019 que praticava arrombamentos no com\u00e9rcio de pelo menos cinco cidades paraibanas\",\"datePublished\":\"2017-11-03T17:41:28+00:00\",\"dateModified\":\"2017-11-03T17:41:28+00:00\",\"mainEntityOfPage\":{\"@id\":\"https:\/\/www.pm.pb.gov.br\/portal\/2017\/11\/03\/policia-militar-desarticula-quadrilha-da-marcha-re-que-praticava-arrombamentos-no-comercio-de-pelo-menos-cinco-cidades-paraibanas\/\"},\"wordCount\":431,\"publisher\":{\"@id\":\"https:\/\/www.pm.pb.gov.br\/portal\/#organization\"},\"articleSection\":[\"A\u00e7\u00f5es Policiais\"],\"inLanguage\":\"pt-BR\"},{\"@type\":\"WebPage\",\"@id\":\"https:\/\/www.pm.pb.gov.br\/portal\/2017\/11\/03\/policia-militar-desarticula-quadrilha-da-marcha-re-que-praticava-arrombamentos-no-comercio-de-pelo-menos-cinco-cidades-paraibanas\/\",\"url\":\"https:\/\/www.pm.pb.gov.br\/portal\/2017\/11\/03\/policia-militar-desarticula-quadrilha-da-marcha-re-que-praticava-arrombamentos-no-comercio-de-pelo-menos-cinco-cidades-paraibanas\/\",\"name\":\"Pol\u00edcia Militar desarticula \u2018quadrilha da marcha r\u00e9\u2019 que praticava arrombamentos no com\u00e9rcio de pelo menos cinco cidades paraibanas - Pol\u00edcia Militar da Para\u00edba\",\"isPartOf\":{\"@id\":\"https:\/\/www.pm.pb.gov.br\/portal\/#website\"},\"datePublished\":\"2017-11-03T17:41:28+00:00\",\"dateModified\":\"2017-11-03T17:41:28+00:00\",\"breadcrumb\":{\"@id\":\"https:\/\/www.pm.pb.gov.br\/portal\/2017\/11\/03\/policia-militar-desarticula-quadrilha-da-marcha-re-que-praticava-arrombamentos-no-comercio-de-pelo-menos-cinco-cidades-paraibanas\/#breadcrumb\"},\"inLanguage\":\"pt-BR\",\"potentialAction\":[{\"@type\":\"ReadAction\",\"target\":[\"https:\/\/www.pm.pb.gov.br\/portal\/2017\/11\/03\/policia-militar-desarticula-quadrilha-da-marcha-re-que-praticava-arrombamentos-no-comercio-de-pelo-menos-cinco-cidades-paraibanas\/\"]}]},{\"@type\":\"BreadcrumbList\",\"@id\":\"https:\/\/www.pm.pb.gov.br\/portal\/2017\/11\/03\/policia-militar-desarticula-quadrilha-da-marcha-re-que-praticava-arrombamentos-no-comercio-de-pelo-menos-cinco-cidades-paraibanas\/#breadcrumb\",\"itemListElement\":[{\"@type\":\"ListItem\",\"position\":1,\"name\":\"In\u00edcio\",\"item\":\"https:\/\/www.pm.pb.gov.br\/portal\/\"},{\"@type\":\"ListItem\",\"position\":2,\"name\":\"Pol\u00edcia Militar desarticula \u2018quadrilha da marcha r\u00e9\u2019 que praticava arrombamentos no com\u00e9rcio de pelo menos cinco cidades paraibanas\"}]},{\"@type\":\"WebSite\",\"@id\":\"https:\/\/www.pm.pb.gov.br\/portal\/#website\",\"url\":\"https:\/\/www.pm.pb.gov.br\/portal\/\",\"name\":\"Pol\u00edcia Militar da Para\u00edba\",\"description\":\"\",\"publisher\":{\"@id\":\"https:\/\/www.pm.pb.gov.br\/portal\/#organization\"},\"potentialAction\":[{\"@type\":\"SearchAction\",\"target\":{\"@type\":\"EntryPoint\",\"urlTemplate\":\"https:\/\/www.pm.pb.gov.br\/portal\/?s={search_term_string}\"},\"query-input\":\"required name=search_term_string\"}],\"inLanguage\":\"pt-BR\"},{\"@type\":\"Organization\",\"@id\":\"https:\/\/www.pm.pb.gov.br\/portal\/#organization\",\"name\":\"Pol\u00edcia Militar da Para\u00edba\",\"url\":\"https:\/\/www.pm.pb.gov.br\/portal\/\",\"logo\":{\"@type\":\"ImageObject\",\"inLanguage\":\"pt-BR\",\"@id\":\"https:\/\/www.pm.pb.gov.br\/portal\/#\/schema\/logo\/image\/\",\"url\":\"https:\/\/www.pm.pb.gov.br\/portal\/wp-content\/uploads\/2025\/03\/cropped-logo-site-mag2-1.png\",\"contentUrl\":\"https:\/\/www.pm.pb.gov.br\/portal\/wp-content\/uploads\/2025\/03\/cropped-logo-site-mag2-1.png\",\"width\":320,\"height\":90,\"caption\":\"Pol\u00edcia Militar da Para\u00edba\"},\"image\":{\"@id\":\"https:\/\/www.pm.pb.gov.br\/portal\/#\/schema\/logo\/image\/\"}},{\"@type\":\"Person\",\"@id\":\"https:\/\/www.pm.pb.gov.br\/portal\/#\/schema\/person\/f84f56dcc78ce4357054da888b8247fd\",\"name\":\"Tarcisio Oliveira\",\"image\":{\"@type\":\"ImageObject\",\"inLanguage\":\"pt-BR\",\"@id\":\"https:\/\/www.pm.pb.gov.br\/portal\/#\/schema\/person\/image\/\",\"url\":\"https:\/\/secure.gravatar.com\/avatar\/72917b630b69d31cd0297507f34bac97?s=96&d=mm&r=g\",\"contentUrl\":\"https:\/\/secure.gravatar.com\/avatar\/72917b630b69d31cd0297507f34bac97?s=96&d=mm&r=g\",\"caption\":\"Tarcisio Oliveira\"},\"url\":\"https:\/\/www.pm.pb.gov.br\/portal\/author\/tarcisio\/\"}]}<\/script>\n<!-- \/ Yoast SEO plugin. -->","yoast_head_json":{"title":"Pol\u00edcia Militar desarticula \u2018quadrilha da marcha r\u00e9\u2019 que praticava arrombamentos no com\u00e9rcio de pelo menos cinco cidades paraibanas - Pol\u00edcia Militar da Para\u00edba","robots":{"index":"index","follow":"follow","max-snippet":"max-snippet:-1","max-image-preview":"max-image-preview:large","max-video-preview":"max-video-preview:-1"},"canonical":"https:\/\/www.pm.pb.gov.br\/portal\/2017\/11\/03\/policia-militar-desarticula-quadrilha-da-marcha-re-que-praticava-arrombamentos-no-comercio-de-pelo-menos-cinco-cidades-paraibanas\/","og_locale":"pt_BR","og_type":"article","og_title":"Pol\u00edcia Militar desarticula \u2018quadrilha da marcha r\u00e9\u2019 que praticava arrombamentos no com\u00e9rcio de pelo menos cinco cidades paraibanas - Pol\u00edcia Militar da Para\u00edba","og_description":"A Pol\u00edcia Militar desarticulou uma quadrilha que vinha praticando arrombamentos a lojas do com\u00e9rcio de pelo menos cinco cidades paraibanas,","og_url":"https:\/\/www.pm.pb.gov.br\/portal\/2017\/11\/03\/policia-militar-desarticula-quadrilha-da-marcha-re-que-praticava-arrombamentos-no-comercio-de-pelo-menos-cinco-cidades-paraibanas\/","og_site_name":"Pol\u00edcia Militar da Para\u00edba","article_published_time":"2017-11-03T17:41:28+00:00","og_image":[{"width":800,"height":445,"url":"https:\/\/www.pm.pb.gov.br\/portal\/wp-content\/uploads\/2017\/09\/imagem-ilustrativa1.jpg","type":"image\/jpeg"}],"author":"Tarcisio Oliveira","twitter_card":"summary_large_image","twitter_misc":{"Escrito por":"Tarcisio Oliveira","Est. tempo de leitura":"2 minutos"},"schema":{"@context":"https:\/\/schema.org","@graph":[{"@type":"Article","@id":"https:\/\/www.pm.pb.gov.br\/portal\/2017\/11\/03\/policia-militar-desarticula-quadrilha-da-marcha-re-que-praticava-arrombamentos-no-comercio-de-pelo-menos-cinco-cidades-paraibanas\/#article","isPartOf":{"@id":"https:\/\/www.pm.pb.gov.br\/portal\/2017\/11\/03\/policia-militar-desarticula-quadrilha-da-marcha-re-que-praticava-arrombamentos-no-comercio-de-pelo-menos-cinco-cidades-paraibanas\/"},"author":{"name":"Tarcisio Oliveira","@id":"https:\/\/www.pm.pb.gov.br\/portal\/#\/schema\/person\/f84f56dcc78ce4357054da888b8247fd"},"headline":"Pol\u00edcia Militar desarticula \u2018quadrilha da marcha r\u00e9\u2019 que praticava arrombamentos no com\u00e9rcio de pelo menos cinco cidades paraibanas","datePublished":"2017-11-03T17:41:28+00:00","dateModified":"2017-11-03T17:41:28+00:00","mainEntityOfPage":{"@id":"https:\/\/www.pm.pb.gov.br\/portal\/2017\/11\/03\/policia-militar-desarticula-quadrilha-da-marcha-re-que-praticava-arrombamentos-no-comercio-de-pelo-menos-cinco-cidades-paraibanas\/"},"wordCount":431,"publisher":{"@id":"https:\/\/www.pm.pb.gov.br\/portal\/#organization"},"articleSection":["A\u00e7\u00f5es Policiais"],"inLanguage":"pt-BR"},{"@type":"WebPage","@id":"https:\/\/www.pm.pb.gov.br\/portal\/2017\/11\/03\/policia-militar-desarticula-quadrilha-da-marcha-re-que-praticava-arrombamentos-no-comercio-de-pelo-menos-cinco-cidades-paraibanas\/","url":"https:\/\/www.pm.pb.gov.br\/portal\/2017\/11\/03\/policia-militar-desarticula-quadrilha-da-marcha-re-que-praticava-arrombamentos-no-comercio-de-pelo-menos-cinco-cidades-paraibanas\/","name":"Pol\u00edcia Militar desarticula \u2018quadrilha da marcha r\u00e9\u2019 que praticava arrombamentos no com\u00e9rcio de pelo menos cinco cidades paraibanas - Pol\u00edcia Militar da Para\u00edba","isPartOf":{"@id":"https:\/\/www.pm.pb.gov.br\/portal\/#website"},"datePublished":"2017-11-03T17:41:28+00:00","dateModified":"2017-11-03T17:41:28+00:00","breadcrumb":{"@id":"https:\/\/www.pm.pb.gov.br\/portal\/2017\/11\/03\/policia-militar-desarticula-quadrilha-da-marcha-re-que-praticava-arrombamentos-no-comercio-de-pelo-menos-cinco-cidades-paraibanas\/#breadcrumb"},"inLanguage":"pt-BR","potentialAction":[{"@type":"ReadAction","target":["https:\/\/www.pm.pb.gov.br\/portal\/2017\/11\/03\/policia-militar-desarticula-quadrilha-da-marcha-re-que-praticava-arrombamentos-no-comercio-de-pelo-menos-cinco-cidades-paraibanas\/"]}]},{"@type":"BreadcrumbList","@id":"https:\/\/www.pm.pb.gov.br\/portal\/2017\/11\/03\/policia-militar-desarticula-quadrilha-da-marcha-re-que-praticava-arrombamentos-no-comercio-de-pelo-menos-cinco-cidades-paraibanas\/#breadcrumb","itemListElement":[{"@type":"ListItem","position":1,"name":"In\u00edcio","item":"https:\/\/www.pm.pb.gov.br\/portal\/"},{"@type":"ListItem","position":2,"name":"Pol\u00edcia Militar desarticula \u2018quadrilha da marcha r\u00e9\u2019 que praticava arrombamentos no com\u00e9rcio de pelo menos cinco cidades paraibanas"}]},{"@type":"WebSite","@id":"https:\/\/www.pm.pb.gov.br\/portal\/#website","url":"https:\/\/www.pm.pb.gov.br\/portal\/","name":"Pol\u00edcia Militar da Para\u00edba","description":"","publisher":{"@id":"https:\/\/www.pm.pb.gov.br\/portal\/#organization"},"potentialAction":[{"@type":"SearchAction","target":{"@type":"EntryPoint","urlTemplate":"https:\/\/www.pm.pb.gov.br\/portal\/?s={search_term_string}"},"query-input":"required name=search_term_string"}],"inLanguage":"pt-BR"},{"@type":"Organization","@id":"https:\/\/www.pm.pb.gov.br\/portal\/#organization","name":"Pol\u00edcia Militar da Para\u00edba","url":"https:\/\/www.pm.pb.gov.br\/portal\/","logo":{"@type":"ImageObject","inLanguage":"pt-BR","@id":"https:\/\/www.pm.pb.gov.br\/portal\/#\/schema\/logo\/image\/","url":"https:\/\/www.pm.pb.gov.br\/portal\/wp-content\/uploads\/2025\/03\/cropped-logo-site-mag2-1.png","contentUrl":"https:\/\/www.pm.pb.gov.br\/portal\/wp-content\/uploads\/2025\/03\/cropped-logo-site-mag2-1.png","width":320,"height":90,"caption":"Pol\u00edcia Militar da Para\u00edba"},"image":{"@id":"https:\/\/www.pm.pb.gov.br\/portal\/#\/schema\/logo\/image\/"}},{"@type":"Person","@id":"https:\/\/www.pm.pb.gov.br\/portal\/#\/schema\/person\/f84f56dcc78ce4357054da888b8247fd","name":"Tarcisio Oliveira","image":{"@type":"ImageObject","inLanguage":"pt-BR","@id":"https:\/\/www.pm.pb.gov.br\/portal\/#\/schema\/person\/image\/","url":"https:\/\/secure.gravatar.com\/avatar\/72917b630b69d31cd0297507f34bac97?s=96&d=mm&r=g","contentUrl":"https:\/\/secure.gravatar.com\/avatar\/72917b630b69d31cd0297507f34bac97?s=96&d=mm&r=g","caption":"Tarcisio Oliveira"},"url":"https:\/\/www.pm.pb.gov.br\/portal\/author\/tarcisio\/"}]}},"_links":{"self":[{"href":"https:\/\/www.pm.pb.gov.br\/portal\/wp-json\/wp\/v2\/posts\/895814"}],"collection":[{"href":"https:\/\/www.pm.pb.gov.br\/portal\/wp-json\/wp\/v2\/posts"}],"about":[{"href":"https:\/\/www.pm.pb.gov.br\/portal\/wp-json\/wp\/v2\/types\/post"}],"author":[{"embeddable":true,"href":"https:\/\/www.pm.pb.gov.br\/portal\/wp-json\/wp\/v2\/users\/12"}],"replies":[{"embeddable":true,"href":"https:\/\/www.pm.pb.gov.br\/portal\/wp-json\/wp\/v2\/comments?post=895814"}],"version-history":[{"count":1,"href":"https:\/\/www.pm.pb.gov.br\/portal\/wp-json\/wp\/v2\/posts\/895814\/revisions"}],"predecessor-version":[{"id":895815,"href":"https:\/\/www.pm.pb.gov.br\/portal\/wp-json\/wp\/v2\/posts\/895814\/revisions\/895815"}],"wp:featuredmedia":[{"embeddable":true,"href":"https:\/\/www.pm.pb.gov.br\/portal\/wp-json\/wp\/v2\/media\/895497"}],"wp:attachment":[{"href":"https:\/\/www.pm.pb.gov.br\/portal\/wp-json\/wp\/v2\/media?parent=895814"}],"wp:term":[{"taxonomy":"category","embeddable":true,"href":"https:\/\/www.pm.pb.gov.br\/portal\/wp-json\/wp\/v2\/categories?post=895814"},{"taxonomy":"post_tag","embeddable":true,"href":"https:\/\/www.pm.pb.gov.br\/portal\/wp-json\/wp\/v2\/tags?post=895814"}],"curies":[{"name":"wp","href":"https:\/\/api.w.org\/{rel}","templated":true}]}}