{"id":895811,"date":"2017-11-03T14:35:34","date_gmt":"2017-11-03T17:35:34","guid":{"rendered":"http:\/\/www.pm.pb.gov.br\/portal\/?p=895811"},"modified":"2017-11-03T14:35:34","modified_gmt":"2017-11-03T17:35:34","slug":"policia-militar-prende-dois-suspeitos-de-trafico-no-bairro-de-jaguaribe-na-capital","status":"publish","type":"post","link":"https:\/\/www.pm.pb.gov.br\/portal\/2017\/11\/03\/policia-militar-prende-dois-suspeitos-de-trafico-no-bairro-de-jaguaribe-na-capital\/","title":{"rendered":"Pol\u00edcia Militar prende dois suspeitos de tr\u00e1fico no bairro de Jaguaribe, na Capital"},"content":{"rendered":"<p style=\"text-align: justify;\">A Pol\u00edcia Militar prendeu mais dois suspeitos de atuar no tr\u00e1fico de drogas da comunidade Paulo Afonso, no bairro de Jaguaribe, em Jo\u00e3o Pessoa, durante uma a\u00e7\u00e3o realizada pela For\u00e7a T\u00e1tica do 1\u00ba Batalh\u00e3o, na noite dessa quinta-feira (2). Os suspeitos, de 19 e 21 anos, foram presos com 153 papelotes de maconha prontos para a venda e ainda um rev\u00f3lver calibre 32.<\/p>\n<p style=\"text-align: justify;\">A dupla tentou fugir quando percebeu a entrada das viaturas na comunidade, jogou um saco com as drogas e dinheiro trocado e foi em dire\u00e7\u00e3o a uma \u00e1rea de vegeta\u00e7\u00e3o que cerca a localidade, mas os dois foram perseguidos e presos em flagrante. Na casa de um dos suspeitos, a PM encontrou o rev\u00f3lver.<\/p>\n<p style=\"text-align: justify;\">Os dois seriam os respons\u00e1veis por exercerem a fun\u00e7\u00e3o da venda das drogas no varejo, fun\u00e7\u00e3o chamada de &#8216;vapor&#8217; no mundo do tr\u00e1fico. No m\u00eas passado, a PM prendeu na mesma comunidade um homem de 29 anos, suspeito de ser um dos l\u00edderes do tr\u00e1fico local e que j\u00e1 tinha passagens pela pol\u00edcia tamb\u00e9m por forma\u00e7\u00e3o de quadrilha, porte ilegal de arma, envolvimento com explos\u00f5es a bancos e arrombamentos de lojas de departamentos.<\/p>\n<p style=\"text-align: justify;\">Os presos na a\u00e7\u00e3o dessa quinta-feira foram apresentados na Central da Pol\u00edcia Civil, no bairro do Geisel, em Jo\u00e3o Pessoa.<\/p>\n","protected":false},"excerpt":{"rendered":"<p>A Pol\u00edcia Militar prendeu mais dois suspeitos de atuar no tr\u00e1fico de drogas da comunidade Paulo Afonso, no bairro de<\/p>\n","protected":false},"author":12,"featured_media":895812,"comment_status":"closed","ping_status":"closed","sticky":false,"template":"","format":"standard","meta":{"_exactmetrics_skip_tracking":false,"_exactmetrics_sitenote_active":false,"_exactmetrics_sitenote_note":"","_exactmetrics_sitenote_category":0,"footnotes":""},"categories":[4],"tags":[],"yoast_head":"<!-- This site is optimized with the Yoast SEO plugin v22.0 - https:\/\/yoast.com\/wordpress\/plugins\/seo\/ -->\n<title>Pol\u00edcia Militar prende dois suspeitos de tr\u00e1fico no bairro de Jaguaribe, na Capital - Pol\u00edcia Militar da Para\u00edba<\/title>\n<meta name=\"robots\" content=\"index, follow, max-snippet:-1, max-image-preview:large, max-video-preview:-1\" \/>\n<link rel=\"canonical\" href=\"https:\/\/www.pm.pb.gov.br\/portal\/2017\/11\/03\/policia-militar-prende-dois-suspeitos-de-trafico-no-bairro-de-jaguaribe-na-capital\/\" \/>\n<meta property=\"og:locale\" content=\"pt_BR\" \/>\n<meta property=\"og:type\" content=\"article\" \/>\n<meta property=\"og:title\" content=\"Pol\u00edcia Militar prende dois suspeitos de tr\u00e1fico no bairro de Jaguaribe, na Capital - Pol\u00edcia Militar da Para\u00edba\" \/>\n<meta property=\"og:description\" content=\"A Pol\u00edcia Militar prendeu mais dois suspeitos de atuar no tr\u00e1fico de drogas da comunidade Paulo Afonso, no bairro de\" \/>\n<meta property=\"og:url\" content=\"https:\/\/www.pm.pb.gov.br\/portal\/2017\/11\/03\/policia-militar-prende-dois-suspeitos-de-trafico-no-bairro-de-jaguaribe-na-capital\/\" \/>\n<meta property=\"og:site_name\" content=\"Pol\u00edcia Militar da Para\u00edba\" \/>\n<meta property=\"article:published_time\" content=\"2017-11-03T17:35:34+00:00\" \/>\n<meta property=\"og:image\" content=\"https:\/\/www.pm.pb.gov.br\/portal\/wp-content\/uploads\/2017\/11\/1.jpg\" \/>\n\t<meta property=\"og:image:width\" content=\"800\" \/>\n\t<meta property=\"og:image:height\" content=\"445\" \/>\n\t<meta property=\"og:image:type\" content=\"image\/jpeg\" \/>\n<meta name=\"author\" content=\"Tarcisio Oliveira\" \/>\n<meta name=\"twitter:card\" content=\"summary_large_image\" \/>\n<meta name=\"twitter:label1\" content=\"Escrito por\" \/>\n\t<meta name=\"twitter:data1\" content=\"Tarcisio Oliveira\" \/>\n\t<meta name=\"twitter:label2\" content=\"Est. tempo de leitura\" \/>\n\t<meta name=\"twitter:data2\" content=\"1 minuto\" \/>\n<script type=\"application\/ld+json\" class=\"yoast-schema-graph\">{\"@context\":\"https:\/\/schema.org\",\"@graph\":[{\"@type\":\"Article\",\"@id\":\"https:\/\/www.pm.pb.gov.br\/portal\/2017\/11\/03\/policia-militar-prende-dois-suspeitos-de-trafico-no-bairro-de-jaguaribe-na-capital\/#article\",\"isPartOf\":{\"@id\":\"https:\/\/www.pm.pb.gov.br\/portal\/2017\/11\/03\/policia-militar-prende-dois-suspeitos-de-trafico-no-bairro-de-jaguaribe-na-capital\/\"},\"author\":{\"name\":\"Tarcisio Oliveira\",\"@id\":\"https:\/\/www.pm.pb.gov.br\/portal\/#\/schema\/person\/f84f56dcc78ce4357054da888b8247fd\"},\"headline\":\"Pol\u00edcia Militar prende dois suspeitos de tr\u00e1fico no bairro de Jaguaribe, na Capital\",\"datePublished\":\"2017-11-03T17:35:34+00:00\",\"dateModified\":\"2017-11-03T17:35:34+00:00\",\"mainEntityOfPage\":{\"@id\":\"https:\/\/www.pm.pb.gov.br\/portal\/2017\/11\/03\/policia-militar-prende-dois-suspeitos-de-trafico-no-bairro-de-jaguaribe-na-capital\/\"},\"wordCount\":243,\"publisher\":{\"@id\":\"https:\/\/www.pm.pb.gov.br\/portal\/#organization\"},\"articleSection\":[\"A\u00e7\u00f5es Policiais\"],\"inLanguage\":\"pt-BR\"},{\"@type\":\"WebPage\",\"@id\":\"https:\/\/www.pm.pb.gov.br\/portal\/2017\/11\/03\/policia-militar-prende-dois-suspeitos-de-trafico-no-bairro-de-jaguaribe-na-capital\/\",\"url\":\"https:\/\/www.pm.pb.gov.br\/portal\/2017\/11\/03\/policia-militar-prende-dois-suspeitos-de-trafico-no-bairro-de-jaguaribe-na-capital\/\",\"name\":\"Pol\u00edcia Militar prende dois suspeitos de tr\u00e1fico no bairro de Jaguaribe, na Capital - Pol\u00edcia Militar da Para\u00edba\",\"isPartOf\":{\"@id\":\"https:\/\/www.pm.pb.gov.br\/portal\/#website\"},\"datePublished\":\"2017-11-03T17:35:34+00:00\",\"dateModified\":\"2017-11-03T17:35:34+00:00\",\"breadcrumb\":{\"@id\":\"https:\/\/www.pm.pb.gov.br\/portal\/2017\/11\/03\/policia-militar-prende-dois-suspeitos-de-trafico-no-bairro-de-jaguaribe-na-capital\/#breadcrumb\"},\"inLanguage\":\"pt-BR\",\"potentialAction\":[{\"@type\":\"ReadAction\",\"target\":[\"https:\/\/www.pm.pb.gov.br\/portal\/2017\/11\/03\/policia-militar-prende-dois-suspeitos-de-trafico-no-bairro-de-jaguaribe-na-capital\/\"]}]},{\"@type\":\"BreadcrumbList\",\"@id\":\"https:\/\/www.pm.pb.gov.br\/portal\/2017\/11\/03\/policia-militar-prende-dois-suspeitos-de-trafico-no-bairro-de-jaguaribe-na-capital\/#breadcrumb\",\"itemListElement\":[{\"@type\":\"ListItem\",\"position\":1,\"name\":\"In\u00edcio\",\"item\":\"https:\/\/www.pm.pb.gov.br\/portal\/\"},{\"@type\":\"ListItem\",\"position\":2,\"name\":\"Pol\u00edcia Militar prende dois suspeitos de tr\u00e1fico no bairro de Jaguaribe, na Capital\"}]},{\"@type\":\"WebSite\",\"@id\":\"https:\/\/www.pm.pb.gov.br\/portal\/#website\",\"url\":\"https:\/\/www.pm.pb.gov.br\/portal\/\",\"name\":\"Pol\u00edcia Militar da Para\u00edba\",\"description\":\"\",\"publisher\":{\"@id\":\"https:\/\/www.pm.pb.gov.br\/portal\/#organization\"},\"potentialAction\":[{\"@type\":\"SearchAction\",\"target\":{\"@type\":\"EntryPoint\",\"urlTemplate\":\"https:\/\/www.pm.pb.gov.br\/portal\/?s={search_term_string}\"},\"query-input\":\"required name=search_term_string\"}],\"inLanguage\":\"pt-BR\"},{\"@type\":\"Organization\",\"@id\":\"https:\/\/www.pm.pb.gov.br\/portal\/#organization\",\"name\":\"Pol\u00edcia Militar da Para\u00edba\",\"url\":\"https:\/\/www.pm.pb.gov.br\/portal\/\",\"logo\":{\"@type\":\"ImageObject\",\"inLanguage\":\"pt-BR\",\"@id\":\"https:\/\/www.pm.pb.gov.br\/portal\/#\/schema\/logo\/image\/\",\"url\":\"https:\/\/www.pm.pb.gov.br\/portal\/wp-content\/uploads\/2025\/03\/cropped-logo-site-mag2-1.png\",\"contentUrl\":\"https:\/\/www.pm.pb.gov.br\/portal\/wp-content\/uploads\/2025\/03\/cropped-logo-site-mag2-1.png\",\"width\":320,\"height\":90,\"caption\":\"Pol\u00edcia Militar da Para\u00edba\"},\"image\":{\"@id\":\"https:\/\/www.pm.pb.gov.br\/portal\/#\/schema\/logo\/image\/\"}},{\"@type\":\"Person\",\"@id\":\"https:\/\/www.pm.pb.gov.br\/portal\/#\/schema\/person\/f84f56dcc78ce4357054da888b8247fd\",\"name\":\"Tarcisio Oliveira\",\"image\":{\"@type\":\"ImageObject\",\"inLanguage\":\"pt-BR\",\"@id\":\"https:\/\/www.pm.pb.gov.br\/portal\/#\/schema\/person\/image\/\",\"url\":\"https:\/\/secure.gravatar.com\/avatar\/72917b630b69d31cd0297507f34bac97?s=96&d=mm&r=g\",\"contentUrl\":\"https:\/\/secure.gravatar.com\/avatar\/72917b630b69d31cd0297507f34bac97?s=96&d=mm&r=g\",\"caption\":\"Tarcisio Oliveira\"},\"url\":\"https:\/\/www.pm.pb.gov.br\/portal\/author\/tarcisio\/\"}]}<\/script>\n<!-- \/ Yoast SEO plugin. -->","yoast_head_json":{"title":"Pol\u00edcia Militar prende dois suspeitos de tr\u00e1fico no bairro de Jaguaribe, na Capital - Pol\u00edcia Militar da Para\u00edba","robots":{"index":"index","follow":"follow","max-snippet":"max-snippet:-1","max-image-preview":"max-image-preview:large","max-video-preview":"max-video-preview:-1"},"canonical":"https:\/\/www.pm.pb.gov.br\/portal\/2017\/11\/03\/policia-militar-prende-dois-suspeitos-de-trafico-no-bairro-de-jaguaribe-na-capital\/","og_locale":"pt_BR","og_type":"article","og_title":"Pol\u00edcia Militar prende dois suspeitos de tr\u00e1fico no bairro de Jaguaribe, na Capital - Pol\u00edcia Militar da Para\u00edba","og_description":"A Pol\u00edcia Militar prendeu mais dois suspeitos de atuar no tr\u00e1fico de drogas da comunidade Paulo Afonso, no bairro de","og_url":"https:\/\/www.pm.pb.gov.br\/portal\/2017\/11\/03\/policia-militar-prende-dois-suspeitos-de-trafico-no-bairro-de-jaguaribe-na-capital\/","og_site_name":"Pol\u00edcia Militar da Para\u00edba","article_published_time":"2017-11-03T17:35:34+00:00","og_image":[{"width":800,"height":445,"url":"https:\/\/www.pm.pb.gov.br\/portal\/wp-content\/uploads\/2017\/11\/1.jpg","type":"image\/jpeg"}],"author":"Tarcisio Oliveira","twitter_card":"summary_large_image","twitter_misc":{"Escrito por":"Tarcisio Oliveira","Est. tempo de leitura":"1 minuto"},"schema":{"@context":"https:\/\/schema.org","@graph":[{"@type":"Article","@id":"https:\/\/www.pm.pb.gov.br\/portal\/2017\/11\/03\/policia-militar-prende-dois-suspeitos-de-trafico-no-bairro-de-jaguaribe-na-capital\/#article","isPartOf":{"@id":"https:\/\/www.pm.pb.gov.br\/portal\/2017\/11\/03\/policia-militar-prende-dois-suspeitos-de-trafico-no-bairro-de-jaguaribe-na-capital\/"},"author":{"name":"Tarcisio Oliveira","@id":"https:\/\/www.pm.pb.gov.br\/portal\/#\/schema\/person\/f84f56dcc78ce4357054da888b8247fd"},"headline":"Pol\u00edcia Militar prende dois suspeitos de tr\u00e1fico no bairro de Jaguaribe, na Capital","datePublished":"2017-11-03T17:35:34+00:00","dateModified":"2017-11-03T17:35:34+00:00","mainEntityOfPage":{"@id":"https:\/\/www.pm.pb.gov.br\/portal\/2017\/11\/03\/policia-militar-prende-dois-suspeitos-de-trafico-no-bairro-de-jaguaribe-na-capital\/"},"wordCount":243,"publisher":{"@id":"https:\/\/www.pm.pb.gov.br\/portal\/#organization"},"articleSection":["A\u00e7\u00f5es Policiais"],"inLanguage":"pt-BR"},{"@type":"WebPage","@id":"https:\/\/www.pm.pb.gov.br\/portal\/2017\/11\/03\/policia-militar-prende-dois-suspeitos-de-trafico-no-bairro-de-jaguaribe-na-capital\/","url":"https:\/\/www.pm.pb.gov.br\/portal\/2017\/11\/03\/policia-militar-prende-dois-suspeitos-de-trafico-no-bairro-de-jaguaribe-na-capital\/","name":"Pol\u00edcia Militar prende dois suspeitos de tr\u00e1fico no bairro de Jaguaribe, na Capital - Pol\u00edcia Militar da Para\u00edba","isPartOf":{"@id":"https:\/\/www.pm.pb.gov.br\/portal\/#website"},"datePublished":"2017-11-03T17:35:34+00:00","dateModified":"2017-11-03T17:35:34+00:00","breadcrumb":{"@id":"https:\/\/www.pm.pb.gov.br\/portal\/2017\/11\/03\/policia-militar-prende-dois-suspeitos-de-trafico-no-bairro-de-jaguaribe-na-capital\/#breadcrumb"},"inLanguage":"pt-BR","potentialAction":[{"@type":"ReadAction","target":["https:\/\/www.pm.pb.gov.br\/portal\/2017\/11\/03\/policia-militar-prende-dois-suspeitos-de-trafico-no-bairro-de-jaguaribe-na-capital\/"]}]},{"@type":"BreadcrumbList","@id":"https:\/\/www.pm.pb.gov.br\/portal\/2017\/11\/03\/policia-militar-prende-dois-suspeitos-de-trafico-no-bairro-de-jaguaribe-na-capital\/#breadcrumb","itemListElement":[{"@type":"ListItem","position":1,"name":"In\u00edcio","item":"https:\/\/www.pm.pb.gov.br\/portal\/"},{"@type":"ListItem","position":2,"name":"Pol\u00edcia Militar prende dois suspeitos de tr\u00e1fico no bairro de Jaguaribe, na Capital"}]},{"@type":"WebSite","@id":"https:\/\/www.pm.pb.gov.br\/portal\/#website","url":"https:\/\/www.pm.pb.gov.br\/portal\/","name":"Pol\u00edcia Militar da Para\u00edba","description":"","publisher":{"@id":"https:\/\/www.pm.pb.gov.br\/portal\/#organization"},"potentialAction":[{"@type":"SearchAction","target":{"@type":"EntryPoint","urlTemplate":"https:\/\/www.pm.pb.gov.br\/portal\/?s={search_term_string}"},"query-input":"required name=search_term_string"}],"inLanguage":"pt-BR"},{"@type":"Organization","@id":"https:\/\/www.pm.pb.gov.br\/portal\/#organization","name":"Pol\u00edcia Militar da Para\u00edba","url":"https:\/\/www.pm.pb.gov.br\/portal\/","logo":{"@type":"ImageObject","inLanguage":"pt-BR","@id":"https:\/\/www.pm.pb.gov.br\/portal\/#\/schema\/logo\/image\/","url":"https:\/\/www.pm.pb.gov.br\/portal\/wp-content\/uploads\/2025\/03\/cropped-logo-site-mag2-1.png","contentUrl":"https:\/\/www.pm.pb.gov.br\/portal\/wp-content\/uploads\/2025\/03\/cropped-logo-site-mag2-1.png","width":320,"height":90,"caption":"Pol\u00edcia Militar da Para\u00edba"},"image":{"@id":"https:\/\/www.pm.pb.gov.br\/portal\/#\/schema\/logo\/image\/"}},{"@type":"Person","@id":"https:\/\/www.pm.pb.gov.br\/portal\/#\/schema\/person\/f84f56dcc78ce4357054da888b8247fd","name":"Tarcisio Oliveira","image":{"@type":"ImageObject","inLanguage":"pt-BR","@id":"https:\/\/www.pm.pb.gov.br\/portal\/#\/schema\/person\/image\/","url":"https:\/\/secure.gravatar.com\/avatar\/72917b630b69d31cd0297507f34bac97?s=96&d=mm&r=g","contentUrl":"https:\/\/secure.gravatar.com\/avatar\/72917b630b69d31cd0297507f34bac97?s=96&d=mm&r=g","caption":"Tarcisio Oliveira"},"url":"https:\/\/www.pm.pb.gov.br\/portal\/author\/tarcisio\/"}]}},"_links":{"self":[{"href":"https:\/\/www.pm.pb.gov.br\/portal\/wp-json\/wp\/v2\/posts\/895811"}],"collection":[{"href":"https:\/\/www.pm.pb.gov.br\/portal\/wp-json\/wp\/v2\/posts"}],"about":[{"href":"https:\/\/www.pm.pb.gov.br\/portal\/wp-json\/wp\/v2\/types\/post"}],"author":[{"embeddable":true,"href":"https:\/\/www.pm.pb.gov.br\/portal\/wp-json\/wp\/v2\/users\/12"}],"replies":[{"embeddable":true,"href":"https:\/\/www.pm.pb.gov.br\/portal\/wp-json\/wp\/v2\/comments?post=895811"}],"version-history":[{"count":1,"href":"https:\/\/www.pm.pb.gov.br\/portal\/wp-json\/wp\/v2\/posts\/895811\/revisions"}],"predecessor-version":[{"id":895813,"href":"https:\/\/www.pm.pb.gov.br\/portal\/wp-json\/wp\/v2\/posts\/895811\/revisions\/895813"}],"wp:featuredmedia":[{"embeddable":true,"href":"https:\/\/www.pm.pb.gov.br\/portal\/wp-json\/wp\/v2\/media\/895812"}],"wp:attachment":[{"href":"https:\/\/www.pm.pb.gov.br\/portal\/wp-json\/wp\/v2\/media?parent=895811"}],"wp:term":[{"taxonomy":"category","embeddable":true,"href":"https:\/\/www.pm.pb.gov.br\/portal\/wp-json\/wp\/v2\/categories?post=895811"},{"taxonomy":"post_tag","embeddable":true,"href":"https:\/\/www.pm.pb.gov.br\/portal\/wp-json\/wp\/v2\/tags?post=895811"}],"curies":[{"name":"wp","href":"https:\/\/api.w.org\/{rel}","templated":true}]}}