{"id":895782,"date":"2017-10-31T13:07:51","date_gmt":"2017-10-31T16:07:51","guid":{"rendered":"http:\/\/www.pm.pb.gov.br\/portal\/?p=895782"},"modified":"2017-10-31T13:07:51","modified_gmt":"2017-10-31T16:07:51","slug":"paraiba-tem-a-2a-menor-taxa-de-mortes-violentas-do-nordeste","status":"publish","type":"post","link":"https:\/\/www.pm.pb.gov.br\/portal\/2017\/10\/31\/paraiba-tem-a-2a-menor-taxa-de-mortes-violentas-do-nordeste\/","title":{"rendered":"Para\u00edba tem a 2\u00aa menor taxa de mortes violentas do Nordeste"},"content":{"rendered":"<p style=\"text-align: justify;\">O governador Ricardo Coutinho destacou, em seu programa semanal Fala Governador, o resultado que a Para\u00edba apresentou no 11\u00b0 Anu\u00e1rio Brasileiro de Seguran\u00e7a P\u00fablica \u2013 F\u00f3rum Brasileiro de Seguran\u00e7a P\u00fablica. O estudo, repercutido pelo jornal Folha de S\u00e3o Paulo, foi divulgado nesta segunda-feira (30) e traz informa\u00e7\u00f5es sobre a viol\u00eancia no pa\u00eds. A Para\u00edba desponta com o segundo menor \u00edndice de mortes violentas intencionais no Nordeste em 2016, de 33,10 por 100 mil habitantes, perdendo apenas para o Piau\u00ed, com 21,90.<\/p>\n<p style=\"text-align: justify;\">Durante o programa Fala Governador, transmitindo pela R\u00e1dio Tabajara, Ricardo afirmou que os resultados s\u00e3o ainda mais positivos se analisados diante do contexto nacional. \u201cEu venho dizendo h\u00e1 muito tempo, falando sobre os resultados. O saldo da Para\u00edba \u00e9 extremamente positivo, em meio \u00e0 situa\u00e7\u00e3o em que o Brasil extrapolou a marca de 61 mil homic\u00eddios\u201d, explica o gestor.<\/p>\n<p style=\"text-align: justify;\">Classificando essa estat\u00edstica nacional como \u201capavorante\u201d e \u201cestarrecedora\u201d, o governador da Para\u00edba lembrou que ela \u00e9 motivo de preocupa\u00e7\u00e3o de todos os brasileiros e cobra uma solu\u00e7\u00e3o para o problema da viol\u00eancia \u00e0s inst\u00e2ncias federais. \u201cN\u00e3o \u00e9 poss\u00edvel que haja um exterm\u00ednio de jovens, pobres e majoritariamente negros nesse pa\u00eds. Isso n\u00e3o pode ser meramente estat\u00edstico, \u00e9 preciso de uma pol\u00edtica p\u00fablica em n\u00edvel nacional que solucione o problema\u201d, argumenta.<\/p>\n<p style=\"text-align: justify;\">A pesquisa mostra ainda que a Para\u00edba saiu de 37,80 mortes por grupo de 100 mil, em 2015, para 33,10, em 2016. Em dados absolutos, o n\u00famero de homic\u00eddios caiu de 1.502 para 1.322, uma redu\u00e7\u00e3o de 12,58% em rela\u00e7\u00e3o ao ano anterior. Somente na classifica\u00e7\u00e3o de homic\u00eddio doloso, quando h\u00e1 inten\u00e7\u00e3o de matar, a redu\u00e7\u00e3o em n\u00fameros absolutos foi de 1.446 para 1.278.<\/p>\n<p style=\"text-align: justify;\">De acordo com o estudo, o n\u00famero de latroc\u00ednio tamb\u00e9m caiu. Em 2015, foram registrados 48 roubos seguidos de morte, enquanto em 2016 foram 33, o que equivale a uma redu\u00e7\u00e3o de 31,25%.<\/p>\n<p style=\"text-align: justify;\">O governador tamb\u00e9m destacou outras informa\u00e7\u00f5es positivas que o anu\u00e1rio revela sobre a Para\u00edba, como a maior redu\u00e7\u00e3o do assassinato de mulheres (feminic\u00eddio) do Nordeste, al\u00e9m de ser o \u00fanico estado do pa\u00eds desde 2012 a reduzir anualmente o n\u00famero de homic\u00eddios. \u201cIsso \u00e9 resultado do trabalho das for\u00e7as de seguran\u00e7a. Das pol\u00edcias que, independente de qualquer coisa, vem cumprindo com seu papel e dando respostas qualificadas\u201d, observou.<\/p>\n<p style=\"text-align: justify;\">A respeito da veracidade dos dados, Ricardo Coutinho \u00e9 enf\u00e1tico: \u201cs\u00e3o absolutamente fidedignos\u201d, revelando ainda acompanhar de perto as estat\u00edsticas. \u201cEu recebo todos os dias por e-mail, de meia-noite e meia, os dados de homic\u00eddios de Campina Grande e Jo\u00e3o Pessoa. Acompanho diariamente. Mensalmente tamb\u00e9m acompanho uma reuni\u00e3o com todos os comandantes de \u00e1rea com as pol\u00edcias Civil e Militar\u201d, ressaltou.<\/p>\n","protected":false},"excerpt":{"rendered":"<p>O governador Ricardo Coutinho destacou, em seu programa semanal Fala Governador, o resultado que a Para\u00edba apresentou no 11\u00b0 Anu\u00e1rio<\/p>\n","protected":false},"author":12,"featured_media":895784,"comment_status":"closed","ping_status":"closed","sticky":false,"template":"","format":"standard","meta":{"_exactmetrics_skip_tracking":false,"_exactmetrics_sitenote_active":false,"_exactmetrics_sitenote_note":"","_exactmetrics_sitenote_category":0,"footnotes":""},"categories":[4],"tags":[],"yoast_head":"<!-- This site is optimized with the Yoast SEO plugin v22.0 - https:\/\/yoast.com\/wordpress\/plugins\/seo\/ -->\n<title>Para\u00edba tem a 2\u00aa menor taxa de mortes violentas do Nordeste - Pol\u00edcia Militar da Para\u00edba<\/title>\n<meta name=\"robots\" content=\"index, follow, max-snippet:-1, max-image-preview:large, max-video-preview:-1\" \/>\n<link rel=\"canonical\" href=\"https:\/\/www.pm.pb.gov.br\/portal\/2017\/10\/31\/paraiba-tem-a-2a-menor-taxa-de-mortes-violentas-do-nordeste\/\" \/>\n<meta property=\"og:locale\" content=\"pt_BR\" \/>\n<meta property=\"og:type\" content=\"article\" \/>\n<meta property=\"og:title\" content=\"Para\u00edba tem a 2\u00aa menor taxa de mortes violentas do Nordeste - Pol\u00edcia Militar da Para\u00edba\" \/>\n<meta property=\"og:description\" content=\"O governador Ricardo Coutinho destacou, em seu programa semanal Fala Governador, o resultado que a Para\u00edba apresentou no 11\u00b0 Anu\u00e1rio\" \/>\n<meta property=\"og:url\" content=\"https:\/\/www.pm.pb.gov.br\/portal\/2017\/10\/31\/paraiba-tem-a-2a-menor-taxa-de-mortes-violentas-do-nordeste\/\" \/>\n<meta property=\"og:site_name\" content=\"Pol\u00edcia Militar da Para\u00edba\" \/>\n<meta property=\"article:published_time\" content=\"2017-10-31T16:07:51+00:00\" \/>\n<meta property=\"og:image\" content=\"https:\/\/www.pm.pb.gov.br\/portal\/wp-content\/uploads\/2017\/10\/REUNI\u00c3O-SEGURAN\u00c7A12-.jpg\" \/>\n\t<meta property=\"og:image:width\" content=\"800\" \/>\n\t<meta property=\"og:image:height\" content=\"445\" \/>\n\t<meta property=\"og:image:type\" content=\"image\/jpeg\" \/>\n<meta name=\"author\" content=\"Tarcisio Oliveira\" \/>\n<meta name=\"twitter:card\" content=\"summary_large_image\" \/>\n<meta name=\"twitter:label1\" content=\"Escrito por\" \/>\n\t<meta name=\"twitter:data1\" content=\"Tarcisio Oliveira\" \/>\n\t<meta name=\"twitter:label2\" content=\"Est. tempo de leitura\" \/>\n\t<meta name=\"twitter:data2\" content=\"2 minutos\" \/>\n<script type=\"application\/ld+json\" class=\"yoast-schema-graph\">{\"@context\":\"https:\/\/schema.org\",\"@graph\":[{\"@type\":\"Article\",\"@id\":\"https:\/\/www.pm.pb.gov.br\/portal\/2017\/10\/31\/paraiba-tem-a-2a-menor-taxa-de-mortes-violentas-do-nordeste\/#article\",\"isPartOf\":{\"@id\":\"https:\/\/www.pm.pb.gov.br\/portal\/2017\/10\/31\/paraiba-tem-a-2a-menor-taxa-de-mortes-violentas-do-nordeste\/\"},\"author\":{\"name\":\"Tarcisio Oliveira\",\"@id\":\"https:\/\/www.pm.pb.gov.br\/portal\/#\/schema\/person\/f84f56dcc78ce4357054da888b8247fd\"},\"headline\":\"Para\u00edba tem a 2\u00aa menor taxa de mortes violentas do Nordeste\",\"datePublished\":\"2017-10-31T16:07:51+00:00\",\"dateModified\":\"2017-10-31T16:07:51+00:00\",\"mainEntityOfPage\":{\"@id\":\"https:\/\/www.pm.pb.gov.br\/portal\/2017\/10\/31\/paraiba-tem-a-2a-menor-taxa-de-mortes-violentas-do-nordeste\/\"},\"wordCount\":483,\"publisher\":{\"@id\":\"https:\/\/www.pm.pb.gov.br\/portal\/#organization\"},\"articleSection\":[\"A\u00e7\u00f5es Policiais\"],\"inLanguage\":\"pt-BR\"},{\"@type\":\"WebPage\",\"@id\":\"https:\/\/www.pm.pb.gov.br\/portal\/2017\/10\/31\/paraiba-tem-a-2a-menor-taxa-de-mortes-violentas-do-nordeste\/\",\"url\":\"https:\/\/www.pm.pb.gov.br\/portal\/2017\/10\/31\/paraiba-tem-a-2a-menor-taxa-de-mortes-violentas-do-nordeste\/\",\"name\":\"Para\u00edba tem a 2\u00aa menor taxa de mortes violentas do Nordeste - Pol\u00edcia Militar da Para\u00edba\",\"isPartOf\":{\"@id\":\"https:\/\/www.pm.pb.gov.br\/portal\/#website\"},\"datePublished\":\"2017-10-31T16:07:51+00:00\",\"dateModified\":\"2017-10-31T16:07:51+00:00\",\"breadcrumb\":{\"@id\":\"https:\/\/www.pm.pb.gov.br\/portal\/2017\/10\/31\/paraiba-tem-a-2a-menor-taxa-de-mortes-violentas-do-nordeste\/#breadcrumb\"},\"inLanguage\":\"pt-BR\",\"potentialAction\":[{\"@type\":\"ReadAction\",\"target\":[\"https:\/\/www.pm.pb.gov.br\/portal\/2017\/10\/31\/paraiba-tem-a-2a-menor-taxa-de-mortes-violentas-do-nordeste\/\"]}]},{\"@type\":\"BreadcrumbList\",\"@id\":\"https:\/\/www.pm.pb.gov.br\/portal\/2017\/10\/31\/paraiba-tem-a-2a-menor-taxa-de-mortes-violentas-do-nordeste\/#breadcrumb\",\"itemListElement\":[{\"@type\":\"ListItem\",\"position\":1,\"name\":\"In\u00edcio\",\"item\":\"https:\/\/www.pm.pb.gov.br\/portal\/\"},{\"@type\":\"ListItem\",\"position\":2,\"name\":\"Para\u00edba tem a 2\u00aa menor taxa de mortes violentas do Nordeste\"}]},{\"@type\":\"WebSite\",\"@id\":\"https:\/\/www.pm.pb.gov.br\/portal\/#website\",\"url\":\"https:\/\/www.pm.pb.gov.br\/portal\/\",\"name\":\"Pol\u00edcia Militar da Para\u00edba\",\"description\":\"\",\"publisher\":{\"@id\":\"https:\/\/www.pm.pb.gov.br\/portal\/#organization\"},\"potentialAction\":[{\"@type\":\"SearchAction\",\"target\":{\"@type\":\"EntryPoint\",\"urlTemplate\":\"https:\/\/www.pm.pb.gov.br\/portal\/?s={search_term_string}\"},\"query-input\":\"required name=search_term_string\"}],\"inLanguage\":\"pt-BR\"},{\"@type\":\"Organization\",\"@id\":\"https:\/\/www.pm.pb.gov.br\/portal\/#organization\",\"name\":\"Pol\u00edcia Militar da Para\u00edba\",\"url\":\"https:\/\/www.pm.pb.gov.br\/portal\/\",\"logo\":{\"@type\":\"ImageObject\",\"inLanguage\":\"pt-BR\",\"@id\":\"https:\/\/www.pm.pb.gov.br\/portal\/#\/schema\/logo\/image\/\",\"url\":\"https:\/\/www.pm.pb.gov.br\/portal\/wp-content\/uploads\/2025\/03\/cropped-logo-site-mag2-1.png\",\"contentUrl\":\"https:\/\/www.pm.pb.gov.br\/portal\/wp-content\/uploads\/2025\/03\/cropped-logo-site-mag2-1.png\",\"width\":320,\"height\":90,\"caption\":\"Pol\u00edcia Militar da Para\u00edba\"},\"image\":{\"@id\":\"https:\/\/www.pm.pb.gov.br\/portal\/#\/schema\/logo\/image\/\"}},{\"@type\":\"Person\",\"@id\":\"https:\/\/www.pm.pb.gov.br\/portal\/#\/schema\/person\/f84f56dcc78ce4357054da888b8247fd\",\"name\":\"Tarcisio Oliveira\",\"image\":{\"@type\":\"ImageObject\",\"inLanguage\":\"pt-BR\",\"@id\":\"https:\/\/www.pm.pb.gov.br\/portal\/#\/schema\/person\/image\/\",\"url\":\"https:\/\/secure.gravatar.com\/avatar\/72917b630b69d31cd0297507f34bac97?s=96&d=mm&r=g\",\"contentUrl\":\"https:\/\/secure.gravatar.com\/avatar\/72917b630b69d31cd0297507f34bac97?s=96&d=mm&r=g\",\"caption\":\"Tarcisio Oliveira\"},\"url\":\"https:\/\/www.pm.pb.gov.br\/portal\/author\/tarcisio\/\"}]}<\/script>\n<!-- \/ Yoast SEO plugin. -->","yoast_head_json":{"title":"Para\u00edba tem a 2\u00aa menor taxa de mortes violentas do Nordeste - Pol\u00edcia Militar da Para\u00edba","robots":{"index":"index","follow":"follow","max-snippet":"max-snippet:-1","max-image-preview":"max-image-preview:large","max-video-preview":"max-video-preview:-1"},"canonical":"https:\/\/www.pm.pb.gov.br\/portal\/2017\/10\/31\/paraiba-tem-a-2a-menor-taxa-de-mortes-violentas-do-nordeste\/","og_locale":"pt_BR","og_type":"article","og_title":"Para\u00edba tem a 2\u00aa menor taxa de mortes violentas do Nordeste - Pol\u00edcia Militar da Para\u00edba","og_description":"O governador Ricardo Coutinho destacou, em seu programa semanal Fala Governador, o resultado que a Para\u00edba apresentou no 11\u00b0 Anu\u00e1rio","og_url":"https:\/\/www.pm.pb.gov.br\/portal\/2017\/10\/31\/paraiba-tem-a-2a-menor-taxa-de-mortes-violentas-do-nordeste\/","og_site_name":"Pol\u00edcia Militar da Para\u00edba","article_published_time":"2017-10-31T16:07:51+00:00","og_image":[{"width":800,"height":445,"url":"https:\/\/www.pm.pb.gov.br\/portal\/wp-content\/uploads\/2017\/10\/REUNI\u00c3O-SEGURAN\u00c7A12-.jpg","type":"image\/jpeg"}],"author":"Tarcisio Oliveira","twitter_card":"summary_large_image","twitter_misc":{"Escrito por":"Tarcisio Oliveira","Est. tempo de leitura":"2 minutos"},"schema":{"@context":"https:\/\/schema.org","@graph":[{"@type":"Article","@id":"https:\/\/www.pm.pb.gov.br\/portal\/2017\/10\/31\/paraiba-tem-a-2a-menor-taxa-de-mortes-violentas-do-nordeste\/#article","isPartOf":{"@id":"https:\/\/www.pm.pb.gov.br\/portal\/2017\/10\/31\/paraiba-tem-a-2a-menor-taxa-de-mortes-violentas-do-nordeste\/"},"author":{"name":"Tarcisio Oliveira","@id":"https:\/\/www.pm.pb.gov.br\/portal\/#\/schema\/person\/f84f56dcc78ce4357054da888b8247fd"},"headline":"Para\u00edba tem a 2\u00aa menor taxa de mortes violentas do Nordeste","datePublished":"2017-10-31T16:07:51+00:00","dateModified":"2017-10-31T16:07:51+00:00","mainEntityOfPage":{"@id":"https:\/\/www.pm.pb.gov.br\/portal\/2017\/10\/31\/paraiba-tem-a-2a-menor-taxa-de-mortes-violentas-do-nordeste\/"},"wordCount":483,"publisher":{"@id":"https:\/\/www.pm.pb.gov.br\/portal\/#organization"},"articleSection":["A\u00e7\u00f5es Policiais"],"inLanguage":"pt-BR"},{"@type":"WebPage","@id":"https:\/\/www.pm.pb.gov.br\/portal\/2017\/10\/31\/paraiba-tem-a-2a-menor-taxa-de-mortes-violentas-do-nordeste\/","url":"https:\/\/www.pm.pb.gov.br\/portal\/2017\/10\/31\/paraiba-tem-a-2a-menor-taxa-de-mortes-violentas-do-nordeste\/","name":"Para\u00edba tem a 2\u00aa menor taxa de mortes violentas do Nordeste - Pol\u00edcia Militar da Para\u00edba","isPartOf":{"@id":"https:\/\/www.pm.pb.gov.br\/portal\/#website"},"datePublished":"2017-10-31T16:07:51+00:00","dateModified":"2017-10-31T16:07:51+00:00","breadcrumb":{"@id":"https:\/\/www.pm.pb.gov.br\/portal\/2017\/10\/31\/paraiba-tem-a-2a-menor-taxa-de-mortes-violentas-do-nordeste\/#breadcrumb"},"inLanguage":"pt-BR","potentialAction":[{"@type":"ReadAction","target":["https:\/\/www.pm.pb.gov.br\/portal\/2017\/10\/31\/paraiba-tem-a-2a-menor-taxa-de-mortes-violentas-do-nordeste\/"]}]},{"@type":"BreadcrumbList","@id":"https:\/\/www.pm.pb.gov.br\/portal\/2017\/10\/31\/paraiba-tem-a-2a-menor-taxa-de-mortes-violentas-do-nordeste\/#breadcrumb","itemListElement":[{"@type":"ListItem","position":1,"name":"In\u00edcio","item":"https:\/\/www.pm.pb.gov.br\/portal\/"},{"@type":"ListItem","position":2,"name":"Para\u00edba tem a 2\u00aa menor taxa de mortes violentas do Nordeste"}]},{"@type":"WebSite","@id":"https:\/\/www.pm.pb.gov.br\/portal\/#website","url":"https:\/\/www.pm.pb.gov.br\/portal\/","name":"Pol\u00edcia Militar da Para\u00edba","description":"","publisher":{"@id":"https:\/\/www.pm.pb.gov.br\/portal\/#organization"},"potentialAction":[{"@type":"SearchAction","target":{"@type":"EntryPoint","urlTemplate":"https:\/\/www.pm.pb.gov.br\/portal\/?s={search_term_string}"},"query-input":"required name=search_term_string"}],"inLanguage":"pt-BR"},{"@type":"Organization","@id":"https:\/\/www.pm.pb.gov.br\/portal\/#organization","name":"Pol\u00edcia Militar da Para\u00edba","url":"https:\/\/www.pm.pb.gov.br\/portal\/","logo":{"@type":"ImageObject","inLanguage":"pt-BR","@id":"https:\/\/www.pm.pb.gov.br\/portal\/#\/schema\/logo\/image\/","url":"https:\/\/www.pm.pb.gov.br\/portal\/wp-content\/uploads\/2025\/03\/cropped-logo-site-mag2-1.png","contentUrl":"https:\/\/www.pm.pb.gov.br\/portal\/wp-content\/uploads\/2025\/03\/cropped-logo-site-mag2-1.png","width":320,"height":90,"caption":"Pol\u00edcia Militar da Para\u00edba"},"image":{"@id":"https:\/\/www.pm.pb.gov.br\/portal\/#\/schema\/logo\/image\/"}},{"@type":"Person","@id":"https:\/\/www.pm.pb.gov.br\/portal\/#\/schema\/person\/f84f56dcc78ce4357054da888b8247fd","name":"Tarcisio Oliveira","image":{"@type":"ImageObject","inLanguage":"pt-BR","@id":"https:\/\/www.pm.pb.gov.br\/portal\/#\/schema\/person\/image\/","url":"https:\/\/secure.gravatar.com\/avatar\/72917b630b69d31cd0297507f34bac97?s=96&d=mm&r=g","contentUrl":"https:\/\/secure.gravatar.com\/avatar\/72917b630b69d31cd0297507f34bac97?s=96&d=mm&r=g","caption":"Tarcisio Oliveira"},"url":"https:\/\/www.pm.pb.gov.br\/portal\/author\/tarcisio\/"}]}},"_links":{"self":[{"href":"https:\/\/www.pm.pb.gov.br\/portal\/wp-json\/wp\/v2\/posts\/895782"}],"collection":[{"href":"https:\/\/www.pm.pb.gov.br\/portal\/wp-json\/wp\/v2\/posts"}],"about":[{"href":"https:\/\/www.pm.pb.gov.br\/portal\/wp-json\/wp\/v2\/types\/post"}],"author":[{"embeddable":true,"href":"https:\/\/www.pm.pb.gov.br\/portal\/wp-json\/wp\/v2\/users\/12"}],"replies":[{"embeddable":true,"href":"https:\/\/www.pm.pb.gov.br\/portal\/wp-json\/wp\/v2\/comments?post=895782"}],"version-history":[{"count":1,"href":"https:\/\/www.pm.pb.gov.br\/portal\/wp-json\/wp\/v2\/posts\/895782\/revisions"}],"predecessor-version":[{"id":895785,"href":"https:\/\/www.pm.pb.gov.br\/portal\/wp-json\/wp\/v2\/posts\/895782\/revisions\/895785"}],"wp:featuredmedia":[{"embeddable":true,"href":"https:\/\/www.pm.pb.gov.br\/portal\/wp-json\/wp\/v2\/media\/895784"}],"wp:attachment":[{"href":"https:\/\/www.pm.pb.gov.br\/portal\/wp-json\/wp\/v2\/media?parent=895782"}],"wp:term":[{"taxonomy":"category","embeddable":true,"href":"https:\/\/www.pm.pb.gov.br\/portal\/wp-json\/wp\/v2\/categories?post=895782"},{"taxonomy":"post_tag","embeddable":true,"href":"https:\/\/www.pm.pb.gov.br\/portal\/wp-json\/wp\/v2\/tags?post=895782"}],"curies":[{"name":"wp","href":"https:\/\/api.w.org\/{rel}","templated":true}]}}