{"id":895780,"date":"2017-10-30T16:36:29","date_gmt":"2017-10-30T19:36:29","guid":{"rendered":"http:\/\/www.pm.pb.gov.br\/portal\/?p=895780"},"modified":"2017-10-30T16:36:29","modified_gmt":"2017-10-30T19:36:29","slug":"policia-militar-cumpre-7-mandados-de-prisao-por-homicidio-roubo-e-estupro-durante-as-operacoes-do-fim-de-semana","status":"publish","type":"post","link":"https:\/\/www.pm.pb.gov.br\/portal\/2017\/10\/30\/policia-militar-cumpre-7-mandados-de-prisao-por-homicidio-roubo-e-estupro-durante-as-operacoes-do-fim-de-semana\/","title":{"rendered":"Pol\u00edcia Militar cumpre 7 mandados de pris\u00e3o por homic\u00eddio, roubo e estupro durante as opera\u00e7\u00f5es do fim de semana"},"content":{"rendered":"<p style=\"text-align: justify;\">A Pol\u00edcia Militar cumpriu 7 mandados de pris\u00e3o nas cidades de Santa Rita, Sol\u00e2nea, Pocinhos, Jo\u00e3o Pessoa e Cajazeiras, apresentando nas delegacias criminosos procurados pela justi\u00e7a por homic\u00eddios, roubos e estupro. Os mandados foram executados durante as opera\u00e7\u00f5es realizadas no fim de semana, que foram conclu\u00eddas ao meio-dia desta segunda-feira (30).<\/p>\n<p style=\"text-align: justify;\">Em Santa Rita, uma mulher de 38 anos que estava com um mandando de pris\u00e3o em aberto foi localizada na manh\u00e3 desta segunda-feira, no bairro de V\u00e1rzea Nova. Ela \u00e9 acusada de um homic\u00eddio que aconteceu no ano de 2012 e confessou, durante a pris\u00e3o, que cometeu outro assassinato em 2017, na cidade de Jo\u00e3o Pessoa.<\/p>\n<p style=\"text-align: justify;\">Na cidade de Sol\u00e2nea, a PM cumpriu um mandando de pris\u00e3o contra um homem de 28 anos que \u00e9 acusado de\u00a0participa\u00e7\u00e3o em v\u00e1rios homic\u00eddios no munic\u00edpio de Bananeiras, bem como teria liga\u00e7\u00e3o com o tr\u00e1fico de drogas na regi\u00e3o.<\/p>\n<p style=\"text-align: justify;\">Al\u00e9m dos 7 mandados de pris\u00e3o cumpridos, as opera\u00e7\u00f5es resultaram ainda na apreens\u00e3o de 25 ve\u00edculos com queixas de roubos (13 carros e 12 motos) e no resgate de 38 aves silvestres que estavam sendo comercializadas de forma ilegal.<\/p>\n<p style=\"text-align: justify;\"><strong>Resultado das opera\u00e7\u00f5es<\/strong>\u00a0\u2013 A PM anunciou o balan\u00e7o final das opera\u00e7\u00f5es realizadas no fim de semana, que resultaram na pris\u00e3o de 60 suspeitos, apreens\u00e3o de 31 armas de fogo, mais de 12 kg de drogas e 25 motos com registros de roubos ou furtos. Dos 60 presos, 18 foram porte ilegal de arma, 17 por roubos, 11 por tr\u00e1fico de drogas, 7 em cumprimento a mandados de pris\u00e3o, 5 por furto e 2 por crime ambiental.<\/p>\n","protected":false},"excerpt":{"rendered":"<p>A Pol\u00edcia Militar cumpriu 7 mandados de pris\u00e3o nas cidades de Santa Rita, Sol\u00e2nea, Pocinhos, Jo\u00e3o Pessoa e Cajazeiras, apresentando<\/p>\n","protected":false},"author":12,"featured_media":895497,"comment_status":"closed","ping_status":"closed","sticky":false,"template":"","format":"standard","meta":{"_exactmetrics_skip_tracking":false,"_exactmetrics_sitenote_active":false,"_exactmetrics_sitenote_note":"","_exactmetrics_sitenote_category":0,"footnotes":""},"categories":[4],"tags":[],"yoast_head":"<!-- This site is optimized with the Yoast SEO plugin v22.0 - https:\/\/yoast.com\/wordpress\/plugins\/seo\/ -->\n<title>Pol\u00edcia Militar cumpre 7 mandados de pris\u00e3o por homic\u00eddio, roubo e estupro durante as opera\u00e7\u00f5es do fim de semana - Pol\u00edcia Militar da Para\u00edba<\/title>\n<meta name=\"robots\" content=\"index, follow, max-snippet:-1, max-image-preview:large, max-video-preview:-1\" \/>\n<link rel=\"canonical\" href=\"https:\/\/www.pm.pb.gov.br\/portal\/2017\/10\/30\/policia-militar-cumpre-7-mandados-de-prisao-por-homicidio-roubo-e-estupro-durante-as-operacoes-do-fim-de-semana\/\" \/>\n<meta property=\"og:locale\" content=\"pt_BR\" \/>\n<meta property=\"og:type\" content=\"article\" \/>\n<meta property=\"og:title\" content=\"Pol\u00edcia Militar cumpre 7 mandados de pris\u00e3o por homic\u00eddio, roubo e estupro durante as opera\u00e7\u00f5es do fim de semana - Pol\u00edcia Militar da Para\u00edba\" \/>\n<meta property=\"og:description\" content=\"A Pol\u00edcia Militar cumpriu 7 mandados de pris\u00e3o nas cidades de Santa Rita, Sol\u00e2nea, Pocinhos, Jo\u00e3o Pessoa e Cajazeiras, apresentando\" \/>\n<meta property=\"og:url\" content=\"https:\/\/www.pm.pb.gov.br\/portal\/2017\/10\/30\/policia-militar-cumpre-7-mandados-de-prisao-por-homicidio-roubo-e-estupro-durante-as-operacoes-do-fim-de-semana\/\" \/>\n<meta property=\"og:site_name\" content=\"Pol\u00edcia Militar da Para\u00edba\" \/>\n<meta property=\"article:published_time\" content=\"2017-10-30T19:36:29+00:00\" \/>\n<meta property=\"og:image\" content=\"https:\/\/www.pm.pb.gov.br\/portal\/wp-content\/uploads\/2017\/09\/imagem-ilustrativa1.jpg\" \/>\n\t<meta property=\"og:image:width\" content=\"800\" \/>\n\t<meta property=\"og:image:height\" content=\"445\" \/>\n\t<meta property=\"og:image:type\" content=\"image\/jpeg\" \/>\n<meta name=\"author\" content=\"Tarcisio Oliveira\" \/>\n<meta name=\"twitter:card\" content=\"summary_large_image\" \/>\n<meta name=\"twitter:label1\" content=\"Escrito por\" \/>\n\t<meta name=\"twitter:data1\" content=\"Tarcisio Oliveira\" \/>\n\t<meta name=\"twitter:label2\" content=\"Est. tempo de leitura\" \/>\n\t<meta name=\"twitter:data2\" content=\"1 minuto\" \/>\n<script type=\"application\/ld+json\" class=\"yoast-schema-graph\">{\"@context\":\"https:\/\/schema.org\",\"@graph\":[{\"@type\":\"Article\",\"@id\":\"https:\/\/www.pm.pb.gov.br\/portal\/2017\/10\/30\/policia-militar-cumpre-7-mandados-de-prisao-por-homicidio-roubo-e-estupro-durante-as-operacoes-do-fim-de-semana\/#article\",\"isPartOf\":{\"@id\":\"https:\/\/www.pm.pb.gov.br\/portal\/2017\/10\/30\/policia-militar-cumpre-7-mandados-de-prisao-por-homicidio-roubo-e-estupro-durante-as-operacoes-do-fim-de-semana\/\"},\"author\":{\"name\":\"Tarcisio Oliveira\",\"@id\":\"https:\/\/www.pm.pb.gov.br\/portal\/#\/schema\/person\/f84f56dcc78ce4357054da888b8247fd\"},\"headline\":\"Pol\u00edcia Militar cumpre 7 mandados de pris\u00e3o por homic\u00eddio, roubo e estupro durante as opera\u00e7\u00f5es do fim de semana\",\"datePublished\":\"2017-10-30T19:36:29+00:00\",\"dateModified\":\"2017-10-30T19:36:29+00:00\",\"mainEntityOfPage\":{\"@id\":\"https:\/\/www.pm.pb.gov.br\/portal\/2017\/10\/30\/policia-militar-cumpre-7-mandados-de-prisao-por-homicidio-roubo-e-estupro-durante-as-operacoes-do-fim-de-semana\/\"},\"wordCount\":294,\"publisher\":{\"@id\":\"https:\/\/www.pm.pb.gov.br\/portal\/#organization\"},\"articleSection\":[\"A\u00e7\u00f5es Policiais\"],\"inLanguage\":\"pt-BR\"},{\"@type\":\"WebPage\",\"@id\":\"https:\/\/www.pm.pb.gov.br\/portal\/2017\/10\/30\/policia-militar-cumpre-7-mandados-de-prisao-por-homicidio-roubo-e-estupro-durante-as-operacoes-do-fim-de-semana\/\",\"url\":\"https:\/\/www.pm.pb.gov.br\/portal\/2017\/10\/30\/policia-militar-cumpre-7-mandados-de-prisao-por-homicidio-roubo-e-estupro-durante-as-operacoes-do-fim-de-semana\/\",\"name\":\"Pol\u00edcia Militar cumpre 7 mandados de pris\u00e3o por homic\u00eddio, roubo e estupro durante as opera\u00e7\u00f5es do fim de semana - Pol\u00edcia Militar da Para\u00edba\",\"isPartOf\":{\"@id\":\"https:\/\/www.pm.pb.gov.br\/portal\/#website\"},\"datePublished\":\"2017-10-30T19:36:29+00:00\",\"dateModified\":\"2017-10-30T19:36:29+00:00\",\"breadcrumb\":{\"@id\":\"https:\/\/www.pm.pb.gov.br\/portal\/2017\/10\/30\/policia-militar-cumpre-7-mandados-de-prisao-por-homicidio-roubo-e-estupro-durante-as-operacoes-do-fim-de-semana\/#breadcrumb\"},\"inLanguage\":\"pt-BR\",\"potentialAction\":[{\"@type\":\"ReadAction\",\"target\":[\"https:\/\/www.pm.pb.gov.br\/portal\/2017\/10\/30\/policia-militar-cumpre-7-mandados-de-prisao-por-homicidio-roubo-e-estupro-durante-as-operacoes-do-fim-de-semana\/\"]}]},{\"@type\":\"BreadcrumbList\",\"@id\":\"https:\/\/www.pm.pb.gov.br\/portal\/2017\/10\/30\/policia-militar-cumpre-7-mandados-de-prisao-por-homicidio-roubo-e-estupro-durante-as-operacoes-do-fim-de-semana\/#breadcrumb\",\"itemListElement\":[{\"@type\":\"ListItem\",\"position\":1,\"name\":\"In\u00edcio\",\"item\":\"https:\/\/www.pm.pb.gov.br\/portal\/\"},{\"@type\":\"ListItem\",\"position\":2,\"name\":\"Pol\u00edcia Militar cumpre 7 mandados de pris\u00e3o por homic\u00eddio, roubo e estupro durante as opera\u00e7\u00f5es do fim de semana\"}]},{\"@type\":\"WebSite\",\"@id\":\"https:\/\/www.pm.pb.gov.br\/portal\/#website\",\"url\":\"https:\/\/www.pm.pb.gov.br\/portal\/\",\"name\":\"Pol\u00edcia Militar da Para\u00edba\",\"description\":\"\",\"publisher\":{\"@id\":\"https:\/\/www.pm.pb.gov.br\/portal\/#organization\"},\"potentialAction\":[{\"@type\":\"SearchAction\",\"target\":{\"@type\":\"EntryPoint\",\"urlTemplate\":\"https:\/\/www.pm.pb.gov.br\/portal\/?s={search_term_string}\"},\"query-input\":\"required name=search_term_string\"}],\"inLanguage\":\"pt-BR\"},{\"@type\":\"Organization\",\"@id\":\"https:\/\/www.pm.pb.gov.br\/portal\/#organization\",\"name\":\"Pol\u00edcia Militar da Para\u00edba\",\"url\":\"https:\/\/www.pm.pb.gov.br\/portal\/\",\"logo\":{\"@type\":\"ImageObject\",\"inLanguage\":\"pt-BR\",\"@id\":\"https:\/\/www.pm.pb.gov.br\/portal\/#\/schema\/logo\/image\/\",\"url\":\"https:\/\/www.pm.pb.gov.br\/portal\/wp-content\/uploads\/2025\/03\/cropped-logo-site-mag2-1.png\",\"contentUrl\":\"https:\/\/www.pm.pb.gov.br\/portal\/wp-content\/uploads\/2025\/03\/cropped-logo-site-mag2-1.png\",\"width\":320,\"height\":90,\"caption\":\"Pol\u00edcia Militar da Para\u00edba\"},\"image\":{\"@id\":\"https:\/\/www.pm.pb.gov.br\/portal\/#\/schema\/logo\/image\/\"}},{\"@type\":\"Person\",\"@id\":\"https:\/\/www.pm.pb.gov.br\/portal\/#\/schema\/person\/f84f56dcc78ce4357054da888b8247fd\",\"name\":\"Tarcisio Oliveira\",\"image\":{\"@type\":\"ImageObject\",\"inLanguage\":\"pt-BR\",\"@id\":\"https:\/\/www.pm.pb.gov.br\/portal\/#\/schema\/person\/image\/\",\"url\":\"https:\/\/secure.gravatar.com\/avatar\/72917b630b69d31cd0297507f34bac97?s=96&d=mm&r=g\",\"contentUrl\":\"https:\/\/secure.gravatar.com\/avatar\/72917b630b69d31cd0297507f34bac97?s=96&d=mm&r=g\",\"caption\":\"Tarcisio Oliveira\"},\"url\":\"https:\/\/www.pm.pb.gov.br\/portal\/author\/tarcisio\/\"}]}<\/script>\n<!-- \/ Yoast SEO plugin. -->","yoast_head_json":{"title":"Pol\u00edcia Militar cumpre 7 mandados de pris\u00e3o por homic\u00eddio, roubo e estupro durante as opera\u00e7\u00f5es do fim de semana - Pol\u00edcia Militar da Para\u00edba","robots":{"index":"index","follow":"follow","max-snippet":"max-snippet:-1","max-image-preview":"max-image-preview:large","max-video-preview":"max-video-preview:-1"},"canonical":"https:\/\/www.pm.pb.gov.br\/portal\/2017\/10\/30\/policia-militar-cumpre-7-mandados-de-prisao-por-homicidio-roubo-e-estupro-durante-as-operacoes-do-fim-de-semana\/","og_locale":"pt_BR","og_type":"article","og_title":"Pol\u00edcia Militar cumpre 7 mandados de pris\u00e3o por homic\u00eddio, roubo e estupro durante as opera\u00e7\u00f5es do fim de semana - Pol\u00edcia Militar da Para\u00edba","og_description":"A Pol\u00edcia Militar cumpriu 7 mandados de pris\u00e3o nas cidades de Santa Rita, Sol\u00e2nea, Pocinhos, Jo\u00e3o Pessoa e Cajazeiras, apresentando","og_url":"https:\/\/www.pm.pb.gov.br\/portal\/2017\/10\/30\/policia-militar-cumpre-7-mandados-de-prisao-por-homicidio-roubo-e-estupro-durante-as-operacoes-do-fim-de-semana\/","og_site_name":"Pol\u00edcia Militar da Para\u00edba","article_published_time":"2017-10-30T19:36:29+00:00","og_image":[{"width":800,"height":445,"url":"https:\/\/www.pm.pb.gov.br\/portal\/wp-content\/uploads\/2017\/09\/imagem-ilustrativa1.jpg","type":"image\/jpeg"}],"author":"Tarcisio Oliveira","twitter_card":"summary_large_image","twitter_misc":{"Escrito por":"Tarcisio Oliveira","Est. tempo de leitura":"1 minuto"},"schema":{"@context":"https:\/\/schema.org","@graph":[{"@type":"Article","@id":"https:\/\/www.pm.pb.gov.br\/portal\/2017\/10\/30\/policia-militar-cumpre-7-mandados-de-prisao-por-homicidio-roubo-e-estupro-durante-as-operacoes-do-fim-de-semana\/#article","isPartOf":{"@id":"https:\/\/www.pm.pb.gov.br\/portal\/2017\/10\/30\/policia-militar-cumpre-7-mandados-de-prisao-por-homicidio-roubo-e-estupro-durante-as-operacoes-do-fim-de-semana\/"},"author":{"name":"Tarcisio Oliveira","@id":"https:\/\/www.pm.pb.gov.br\/portal\/#\/schema\/person\/f84f56dcc78ce4357054da888b8247fd"},"headline":"Pol\u00edcia Militar cumpre 7 mandados de pris\u00e3o por homic\u00eddio, roubo e estupro durante as opera\u00e7\u00f5es do fim de semana","datePublished":"2017-10-30T19:36:29+00:00","dateModified":"2017-10-30T19:36:29+00:00","mainEntityOfPage":{"@id":"https:\/\/www.pm.pb.gov.br\/portal\/2017\/10\/30\/policia-militar-cumpre-7-mandados-de-prisao-por-homicidio-roubo-e-estupro-durante-as-operacoes-do-fim-de-semana\/"},"wordCount":294,"publisher":{"@id":"https:\/\/www.pm.pb.gov.br\/portal\/#organization"},"articleSection":["A\u00e7\u00f5es Policiais"],"inLanguage":"pt-BR"},{"@type":"WebPage","@id":"https:\/\/www.pm.pb.gov.br\/portal\/2017\/10\/30\/policia-militar-cumpre-7-mandados-de-prisao-por-homicidio-roubo-e-estupro-durante-as-operacoes-do-fim-de-semana\/","url":"https:\/\/www.pm.pb.gov.br\/portal\/2017\/10\/30\/policia-militar-cumpre-7-mandados-de-prisao-por-homicidio-roubo-e-estupro-durante-as-operacoes-do-fim-de-semana\/","name":"Pol\u00edcia Militar cumpre 7 mandados de pris\u00e3o por homic\u00eddio, roubo e estupro durante as opera\u00e7\u00f5es do fim de semana - Pol\u00edcia Militar da Para\u00edba","isPartOf":{"@id":"https:\/\/www.pm.pb.gov.br\/portal\/#website"},"datePublished":"2017-10-30T19:36:29+00:00","dateModified":"2017-10-30T19:36:29+00:00","breadcrumb":{"@id":"https:\/\/www.pm.pb.gov.br\/portal\/2017\/10\/30\/policia-militar-cumpre-7-mandados-de-prisao-por-homicidio-roubo-e-estupro-durante-as-operacoes-do-fim-de-semana\/#breadcrumb"},"inLanguage":"pt-BR","potentialAction":[{"@type":"ReadAction","target":["https:\/\/www.pm.pb.gov.br\/portal\/2017\/10\/30\/policia-militar-cumpre-7-mandados-de-prisao-por-homicidio-roubo-e-estupro-durante-as-operacoes-do-fim-de-semana\/"]}]},{"@type":"BreadcrumbList","@id":"https:\/\/www.pm.pb.gov.br\/portal\/2017\/10\/30\/policia-militar-cumpre-7-mandados-de-prisao-por-homicidio-roubo-e-estupro-durante-as-operacoes-do-fim-de-semana\/#breadcrumb","itemListElement":[{"@type":"ListItem","position":1,"name":"In\u00edcio","item":"https:\/\/www.pm.pb.gov.br\/portal\/"},{"@type":"ListItem","position":2,"name":"Pol\u00edcia Militar cumpre 7 mandados de pris\u00e3o por homic\u00eddio, roubo e estupro durante as opera\u00e7\u00f5es do fim de semana"}]},{"@type":"WebSite","@id":"https:\/\/www.pm.pb.gov.br\/portal\/#website","url":"https:\/\/www.pm.pb.gov.br\/portal\/","name":"Pol\u00edcia Militar da Para\u00edba","description":"","publisher":{"@id":"https:\/\/www.pm.pb.gov.br\/portal\/#organization"},"potentialAction":[{"@type":"SearchAction","target":{"@type":"EntryPoint","urlTemplate":"https:\/\/www.pm.pb.gov.br\/portal\/?s={search_term_string}"},"query-input":"required name=search_term_string"}],"inLanguage":"pt-BR"},{"@type":"Organization","@id":"https:\/\/www.pm.pb.gov.br\/portal\/#organization","name":"Pol\u00edcia Militar da Para\u00edba","url":"https:\/\/www.pm.pb.gov.br\/portal\/","logo":{"@type":"ImageObject","inLanguage":"pt-BR","@id":"https:\/\/www.pm.pb.gov.br\/portal\/#\/schema\/logo\/image\/","url":"https:\/\/www.pm.pb.gov.br\/portal\/wp-content\/uploads\/2025\/03\/cropped-logo-site-mag2-1.png","contentUrl":"https:\/\/www.pm.pb.gov.br\/portal\/wp-content\/uploads\/2025\/03\/cropped-logo-site-mag2-1.png","width":320,"height":90,"caption":"Pol\u00edcia Militar da Para\u00edba"},"image":{"@id":"https:\/\/www.pm.pb.gov.br\/portal\/#\/schema\/logo\/image\/"}},{"@type":"Person","@id":"https:\/\/www.pm.pb.gov.br\/portal\/#\/schema\/person\/f84f56dcc78ce4357054da888b8247fd","name":"Tarcisio Oliveira","image":{"@type":"ImageObject","inLanguage":"pt-BR","@id":"https:\/\/www.pm.pb.gov.br\/portal\/#\/schema\/person\/image\/","url":"https:\/\/secure.gravatar.com\/avatar\/72917b630b69d31cd0297507f34bac97?s=96&d=mm&r=g","contentUrl":"https:\/\/secure.gravatar.com\/avatar\/72917b630b69d31cd0297507f34bac97?s=96&d=mm&r=g","caption":"Tarcisio Oliveira"},"url":"https:\/\/www.pm.pb.gov.br\/portal\/author\/tarcisio\/"}]}},"_links":{"self":[{"href":"https:\/\/www.pm.pb.gov.br\/portal\/wp-json\/wp\/v2\/posts\/895780"}],"collection":[{"href":"https:\/\/www.pm.pb.gov.br\/portal\/wp-json\/wp\/v2\/posts"}],"about":[{"href":"https:\/\/www.pm.pb.gov.br\/portal\/wp-json\/wp\/v2\/types\/post"}],"author":[{"embeddable":true,"href":"https:\/\/www.pm.pb.gov.br\/portal\/wp-json\/wp\/v2\/users\/12"}],"replies":[{"embeddable":true,"href":"https:\/\/www.pm.pb.gov.br\/portal\/wp-json\/wp\/v2\/comments?post=895780"}],"version-history":[{"count":1,"href":"https:\/\/www.pm.pb.gov.br\/portal\/wp-json\/wp\/v2\/posts\/895780\/revisions"}],"predecessor-version":[{"id":895781,"href":"https:\/\/www.pm.pb.gov.br\/portal\/wp-json\/wp\/v2\/posts\/895780\/revisions\/895781"}],"wp:featuredmedia":[{"embeddable":true,"href":"https:\/\/www.pm.pb.gov.br\/portal\/wp-json\/wp\/v2\/media\/895497"}],"wp:attachment":[{"href":"https:\/\/www.pm.pb.gov.br\/portal\/wp-json\/wp\/v2\/media?parent=895780"}],"wp:term":[{"taxonomy":"category","embeddable":true,"href":"https:\/\/www.pm.pb.gov.br\/portal\/wp-json\/wp\/v2\/categories?post=895780"},{"taxonomy":"post_tag","embeddable":true,"href":"https:\/\/www.pm.pb.gov.br\/portal\/wp-json\/wp\/v2\/tags?post=895780"}],"curies":[{"name":"wp","href":"https:\/\/api.w.org\/{rel}","templated":true}]}}