{"id":895777,"date":"2017-10-30T16:29:10","date_gmt":"2017-10-30T19:29:10","guid":{"rendered":"http:\/\/www.pm.pb.gov.br\/portal\/?p=895777"},"modified":"2017-10-30T16:29:10","modified_gmt":"2017-10-30T19:29:10","slug":"policia-militar-apreende-31-armas-de-fogo-e-mais-de-500-municoes-no-final-de-semana-na-paraiba","status":"publish","type":"post","link":"https:\/\/www.pm.pb.gov.br\/portal\/2017\/10\/30\/policia-militar-apreende-31-armas-de-fogo-e-mais-de-500-municoes-no-final-de-semana-na-paraiba\/","title":{"rendered":"Pol\u00edcia Militar apreende 31 armas de fogo e mais de 500 muni\u00e7\u00f5es no final de semana na Para\u00edba"},"content":{"rendered":"<p style=\"text-align: justify;\">A Pol\u00edcia Militar apreendeu 13 rev\u00f3lveres, 13 espingardas, 5 pistolas e 512 muni\u00e7\u00f5es de mais de dez calibres diferentes, at\u00e9 o meio-dia desta segunda-feira (30), quando a corpora\u00e7\u00e3o encerrou a s\u00e9rie de opera\u00e7\u00f5es realizadas no fim de semana, que come\u00e7ou com a 26\u00aa fase da Opera\u00e7\u00e3o Impacto, na noite da sexta-feira (27).<\/p>\n<p style=\"text-align: justify;\">As armas foram apreendidas nas cidades de\u00a0Jo\u00e3o Pessoa, Patos, Cuit\u00e9, Juripiranga, Bayeux, Imaculada, Aroeiras, Campina Grande, Ibiara, S\u00e3o Jos\u00e9 de Caiana, Pombal, Santana de Mangueira,\u00a0Juripiranga e Itabaiana, o que resultou na pris\u00e3o de 18 suspeitos com idades entre 19 e 64 anos. Outros suspeitos que foram presos estavam utilizando as armas para cometer crimes, a exemplo de assaltos, e foram autuados por roubo.<\/p>\n<p style=\"text-align: justify;\">As apreens\u00f5es aconteceram durante abordagens, incurs\u00f5es em locais considerados de maiores \u00edndices de ocorr\u00eancias e em dilig\u00eancias ap\u00f3s os crimes. A \u00faltima apreens\u00e3o foi registrada na madrugada desta segunda-feira (30), na Ilha do Bispo, na Capital. Um suspeito de 20 anos foi preso com um rev\u00f3lver calibre 38 no Condom\u00ednio Sass\u00e1 e encaminhado para a Central de Flagrantes.<\/p>\n<p style=\"text-align: justify;\"><strong>Apreens\u00f5es de r\u00e9plicas\u00a0<\/strong>\u2013 Al\u00e9m de apreender armas de verdade, a PM tamb\u00e9m apreendeu simulacros de pistolas nas opera\u00e7\u00f5es. Em Cruz das Armas, na Capital, por exemplo, dois suspeitos de 18 anos, cada, tentaram desviar de uma blitz e fugiram em uma moto, mas foram perseguidos e detidos com dois simulacros de pistola. A pol\u00edcia suspeita de que eles estariam planejando cometer assaltos na regi\u00e3o.<\/p>\n","protected":false},"excerpt":{"rendered":"<p>A Pol\u00edcia Militar apreendeu 13 rev\u00f3lveres, 13 espingardas, 5 pistolas e 512 muni\u00e7\u00f5es de mais de dez calibres diferentes, at\u00e9<\/p>\n","protected":false},"author":12,"featured_media":895778,"comment_status":"closed","ping_status":"closed","sticky":false,"template":"","format":"standard","meta":{"_exactmetrics_skip_tracking":false,"_exactmetrics_sitenote_active":false,"_exactmetrics_sitenote_note":"","_exactmetrics_sitenote_category":0,"footnotes":""},"categories":[4],"tags":[],"yoast_head":"<!-- This site is optimized with the Yoast SEO plugin v22.0 - https:\/\/yoast.com\/wordpress\/plugins\/seo\/ -->\n<title>Pol\u00edcia Militar apreende 31 armas de fogo e mais de 500 muni\u00e7\u00f5es no final de semana na Para\u00edba - Pol\u00edcia Militar da Para\u00edba<\/title>\n<meta name=\"robots\" content=\"index, follow, max-snippet:-1, max-image-preview:large, max-video-preview:-1\" \/>\n<link rel=\"canonical\" href=\"https:\/\/www.pm.pb.gov.br\/portal\/2017\/10\/30\/policia-militar-apreende-31-armas-de-fogo-e-mais-de-500-municoes-no-final-de-semana-na-paraiba\/\" \/>\n<meta property=\"og:locale\" content=\"pt_BR\" \/>\n<meta property=\"og:type\" content=\"article\" \/>\n<meta property=\"og:title\" content=\"Pol\u00edcia Militar apreende 31 armas de fogo e mais de 500 muni\u00e7\u00f5es no final de semana na Para\u00edba - Pol\u00edcia Militar da Para\u00edba\" \/>\n<meta property=\"og:description\" content=\"A Pol\u00edcia Militar apreendeu 13 rev\u00f3lveres, 13 espingardas, 5 pistolas e 512 muni\u00e7\u00f5es de mais de dez calibres diferentes, at\u00e9\" \/>\n<meta property=\"og:url\" content=\"https:\/\/www.pm.pb.gov.br\/portal\/2017\/10\/30\/policia-militar-apreende-31-armas-de-fogo-e-mais-de-500-municoes-no-final-de-semana-na-paraiba\/\" \/>\n<meta property=\"og:site_name\" content=\"Pol\u00edcia Militar da Para\u00edba\" \/>\n<meta property=\"article:published_time\" content=\"2017-10-30T19:29:10+00:00\" \/>\n<meta property=\"og:image\" content=\"https:\/\/www.pm.pb.gov.br\/portal\/wp-content\/uploads\/2017\/10\/armas.jpg\" \/>\n\t<meta property=\"og:image:width\" content=\"800\" \/>\n\t<meta property=\"og:image:height\" content=\"445\" \/>\n\t<meta property=\"og:image:type\" content=\"image\/jpeg\" \/>\n<meta name=\"author\" content=\"Tarcisio Oliveira\" \/>\n<meta name=\"twitter:card\" content=\"summary_large_image\" \/>\n<meta name=\"twitter:label1\" content=\"Escrito por\" \/>\n\t<meta name=\"twitter:data1\" content=\"Tarcisio Oliveira\" \/>\n\t<meta name=\"twitter:label2\" content=\"Est. tempo de leitura\" \/>\n\t<meta name=\"twitter:data2\" content=\"1 minuto\" \/>\n<script type=\"application\/ld+json\" class=\"yoast-schema-graph\">{\"@context\":\"https:\/\/schema.org\",\"@graph\":[{\"@type\":\"Article\",\"@id\":\"https:\/\/www.pm.pb.gov.br\/portal\/2017\/10\/30\/policia-militar-apreende-31-armas-de-fogo-e-mais-de-500-municoes-no-final-de-semana-na-paraiba\/#article\",\"isPartOf\":{\"@id\":\"https:\/\/www.pm.pb.gov.br\/portal\/2017\/10\/30\/policia-militar-apreende-31-armas-de-fogo-e-mais-de-500-municoes-no-final-de-semana-na-paraiba\/\"},\"author\":{\"name\":\"Tarcisio Oliveira\",\"@id\":\"https:\/\/www.pm.pb.gov.br\/portal\/#\/schema\/person\/f84f56dcc78ce4357054da888b8247fd\"},\"headline\":\"Pol\u00edcia Militar apreende 31 armas de fogo e mais de 500 muni\u00e7\u00f5es no final de semana na Para\u00edba\",\"datePublished\":\"2017-10-30T19:29:10+00:00\",\"dateModified\":\"2017-10-30T19:29:10+00:00\",\"mainEntityOfPage\":{\"@id\":\"https:\/\/www.pm.pb.gov.br\/portal\/2017\/10\/30\/policia-militar-apreende-31-armas-de-fogo-e-mais-de-500-municoes-no-final-de-semana-na-paraiba\/\"},\"wordCount\":270,\"publisher\":{\"@id\":\"https:\/\/www.pm.pb.gov.br\/portal\/#organization\"},\"articleSection\":[\"A\u00e7\u00f5es Policiais\"],\"inLanguage\":\"pt-BR\"},{\"@type\":\"WebPage\",\"@id\":\"https:\/\/www.pm.pb.gov.br\/portal\/2017\/10\/30\/policia-militar-apreende-31-armas-de-fogo-e-mais-de-500-municoes-no-final-de-semana-na-paraiba\/\",\"url\":\"https:\/\/www.pm.pb.gov.br\/portal\/2017\/10\/30\/policia-militar-apreende-31-armas-de-fogo-e-mais-de-500-municoes-no-final-de-semana-na-paraiba\/\",\"name\":\"Pol\u00edcia Militar apreende 31 armas de fogo e mais de 500 muni\u00e7\u00f5es no final de semana na Para\u00edba - Pol\u00edcia Militar da Para\u00edba\",\"isPartOf\":{\"@id\":\"https:\/\/www.pm.pb.gov.br\/portal\/#website\"},\"datePublished\":\"2017-10-30T19:29:10+00:00\",\"dateModified\":\"2017-10-30T19:29:10+00:00\",\"breadcrumb\":{\"@id\":\"https:\/\/www.pm.pb.gov.br\/portal\/2017\/10\/30\/policia-militar-apreende-31-armas-de-fogo-e-mais-de-500-municoes-no-final-de-semana-na-paraiba\/#breadcrumb\"},\"inLanguage\":\"pt-BR\",\"potentialAction\":[{\"@type\":\"ReadAction\",\"target\":[\"https:\/\/www.pm.pb.gov.br\/portal\/2017\/10\/30\/policia-militar-apreende-31-armas-de-fogo-e-mais-de-500-municoes-no-final-de-semana-na-paraiba\/\"]}]},{\"@type\":\"BreadcrumbList\",\"@id\":\"https:\/\/www.pm.pb.gov.br\/portal\/2017\/10\/30\/policia-militar-apreende-31-armas-de-fogo-e-mais-de-500-municoes-no-final-de-semana-na-paraiba\/#breadcrumb\",\"itemListElement\":[{\"@type\":\"ListItem\",\"position\":1,\"name\":\"In\u00edcio\",\"item\":\"https:\/\/www.pm.pb.gov.br\/portal\/\"},{\"@type\":\"ListItem\",\"position\":2,\"name\":\"Pol\u00edcia Militar apreende 31 armas de fogo e mais de 500 muni\u00e7\u00f5es no final de semana na Para\u00edba\"}]},{\"@type\":\"WebSite\",\"@id\":\"https:\/\/www.pm.pb.gov.br\/portal\/#website\",\"url\":\"https:\/\/www.pm.pb.gov.br\/portal\/\",\"name\":\"Pol\u00edcia Militar da Para\u00edba\",\"description\":\"\",\"publisher\":{\"@id\":\"https:\/\/www.pm.pb.gov.br\/portal\/#organization\"},\"potentialAction\":[{\"@type\":\"SearchAction\",\"target\":{\"@type\":\"EntryPoint\",\"urlTemplate\":\"https:\/\/www.pm.pb.gov.br\/portal\/?s={search_term_string}\"},\"query-input\":\"required name=search_term_string\"}],\"inLanguage\":\"pt-BR\"},{\"@type\":\"Organization\",\"@id\":\"https:\/\/www.pm.pb.gov.br\/portal\/#organization\",\"name\":\"Pol\u00edcia Militar da Para\u00edba\",\"url\":\"https:\/\/www.pm.pb.gov.br\/portal\/\",\"logo\":{\"@type\":\"ImageObject\",\"inLanguage\":\"pt-BR\",\"@id\":\"https:\/\/www.pm.pb.gov.br\/portal\/#\/schema\/logo\/image\/\",\"url\":\"https:\/\/www.pm.pb.gov.br\/portal\/wp-content\/uploads\/2025\/03\/cropped-logo-site-mag2-1.png\",\"contentUrl\":\"https:\/\/www.pm.pb.gov.br\/portal\/wp-content\/uploads\/2025\/03\/cropped-logo-site-mag2-1.png\",\"width\":320,\"height\":90,\"caption\":\"Pol\u00edcia Militar da Para\u00edba\"},\"image\":{\"@id\":\"https:\/\/www.pm.pb.gov.br\/portal\/#\/schema\/logo\/image\/\"}},{\"@type\":\"Person\",\"@id\":\"https:\/\/www.pm.pb.gov.br\/portal\/#\/schema\/person\/f84f56dcc78ce4357054da888b8247fd\",\"name\":\"Tarcisio Oliveira\",\"image\":{\"@type\":\"ImageObject\",\"inLanguage\":\"pt-BR\",\"@id\":\"https:\/\/www.pm.pb.gov.br\/portal\/#\/schema\/person\/image\/\",\"url\":\"https:\/\/secure.gravatar.com\/avatar\/72917b630b69d31cd0297507f34bac97?s=96&d=mm&r=g\",\"contentUrl\":\"https:\/\/secure.gravatar.com\/avatar\/72917b630b69d31cd0297507f34bac97?s=96&d=mm&r=g\",\"caption\":\"Tarcisio Oliveira\"},\"url\":\"https:\/\/www.pm.pb.gov.br\/portal\/author\/tarcisio\/\"}]}<\/script>\n<!-- \/ Yoast SEO plugin. -->","yoast_head_json":{"title":"Pol\u00edcia Militar apreende 31 armas de fogo e mais de 500 muni\u00e7\u00f5es no final de semana na Para\u00edba - Pol\u00edcia Militar da Para\u00edba","robots":{"index":"index","follow":"follow","max-snippet":"max-snippet:-1","max-image-preview":"max-image-preview:large","max-video-preview":"max-video-preview:-1"},"canonical":"https:\/\/www.pm.pb.gov.br\/portal\/2017\/10\/30\/policia-militar-apreende-31-armas-de-fogo-e-mais-de-500-municoes-no-final-de-semana-na-paraiba\/","og_locale":"pt_BR","og_type":"article","og_title":"Pol\u00edcia Militar apreende 31 armas de fogo e mais de 500 muni\u00e7\u00f5es no final de semana na Para\u00edba - Pol\u00edcia Militar da Para\u00edba","og_description":"A Pol\u00edcia Militar apreendeu 13 rev\u00f3lveres, 13 espingardas, 5 pistolas e 512 muni\u00e7\u00f5es de mais de dez calibres diferentes, at\u00e9","og_url":"https:\/\/www.pm.pb.gov.br\/portal\/2017\/10\/30\/policia-militar-apreende-31-armas-de-fogo-e-mais-de-500-municoes-no-final-de-semana-na-paraiba\/","og_site_name":"Pol\u00edcia Militar da Para\u00edba","article_published_time":"2017-10-30T19:29:10+00:00","og_image":[{"width":800,"height":445,"url":"https:\/\/www.pm.pb.gov.br\/portal\/wp-content\/uploads\/2017\/10\/armas.jpg","type":"image\/jpeg"}],"author":"Tarcisio Oliveira","twitter_card":"summary_large_image","twitter_misc":{"Escrito por":"Tarcisio Oliveira","Est. tempo de leitura":"1 minuto"},"schema":{"@context":"https:\/\/schema.org","@graph":[{"@type":"Article","@id":"https:\/\/www.pm.pb.gov.br\/portal\/2017\/10\/30\/policia-militar-apreende-31-armas-de-fogo-e-mais-de-500-municoes-no-final-de-semana-na-paraiba\/#article","isPartOf":{"@id":"https:\/\/www.pm.pb.gov.br\/portal\/2017\/10\/30\/policia-militar-apreende-31-armas-de-fogo-e-mais-de-500-municoes-no-final-de-semana-na-paraiba\/"},"author":{"name":"Tarcisio Oliveira","@id":"https:\/\/www.pm.pb.gov.br\/portal\/#\/schema\/person\/f84f56dcc78ce4357054da888b8247fd"},"headline":"Pol\u00edcia Militar apreende 31 armas de fogo e mais de 500 muni\u00e7\u00f5es no final de semana na Para\u00edba","datePublished":"2017-10-30T19:29:10+00:00","dateModified":"2017-10-30T19:29:10+00:00","mainEntityOfPage":{"@id":"https:\/\/www.pm.pb.gov.br\/portal\/2017\/10\/30\/policia-militar-apreende-31-armas-de-fogo-e-mais-de-500-municoes-no-final-de-semana-na-paraiba\/"},"wordCount":270,"publisher":{"@id":"https:\/\/www.pm.pb.gov.br\/portal\/#organization"},"articleSection":["A\u00e7\u00f5es Policiais"],"inLanguage":"pt-BR"},{"@type":"WebPage","@id":"https:\/\/www.pm.pb.gov.br\/portal\/2017\/10\/30\/policia-militar-apreende-31-armas-de-fogo-e-mais-de-500-municoes-no-final-de-semana-na-paraiba\/","url":"https:\/\/www.pm.pb.gov.br\/portal\/2017\/10\/30\/policia-militar-apreende-31-armas-de-fogo-e-mais-de-500-municoes-no-final-de-semana-na-paraiba\/","name":"Pol\u00edcia Militar apreende 31 armas de fogo e mais de 500 muni\u00e7\u00f5es no final de semana na Para\u00edba - Pol\u00edcia Militar da Para\u00edba","isPartOf":{"@id":"https:\/\/www.pm.pb.gov.br\/portal\/#website"},"datePublished":"2017-10-30T19:29:10+00:00","dateModified":"2017-10-30T19:29:10+00:00","breadcrumb":{"@id":"https:\/\/www.pm.pb.gov.br\/portal\/2017\/10\/30\/policia-militar-apreende-31-armas-de-fogo-e-mais-de-500-municoes-no-final-de-semana-na-paraiba\/#breadcrumb"},"inLanguage":"pt-BR","potentialAction":[{"@type":"ReadAction","target":["https:\/\/www.pm.pb.gov.br\/portal\/2017\/10\/30\/policia-militar-apreende-31-armas-de-fogo-e-mais-de-500-municoes-no-final-de-semana-na-paraiba\/"]}]},{"@type":"BreadcrumbList","@id":"https:\/\/www.pm.pb.gov.br\/portal\/2017\/10\/30\/policia-militar-apreende-31-armas-de-fogo-e-mais-de-500-municoes-no-final-de-semana-na-paraiba\/#breadcrumb","itemListElement":[{"@type":"ListItem","position":1,"name":"In\u00edcio","item":"https:\/\/www.pm.pb.gov.br\/portal\/"},{"@type":"ListItem","position":2,"name":"Pol\u00edcia Militar apreende 31 armas de fogo e mais de 500 muni\u00e7\u00f5es no final de semana na Para\u00edba"}]},{"@type":"WebSite","@id":"https:\/\/www.pm.pb.gov.br\/portal\/#website","url":"https:\/\/www.pm.pb.gov.br\/portal\/","name":"Pol\u00edcia Militar da Para\u00edba","description":"","publisher":{"@id":"https:\/\/www.pm.pb.gov.br\/portal\/#organization"},"potentialAction":[{"@type":"SearchAction","target":{"@type":"EntryPoint","urlTemplate":"https:\/\/www.pm.pb.gov.br\/portal\/?s={search_term_string}"},"query-input":"required name=search_term_string"}],"inLanguage":"pt-BR"},{"@type":"Organization","@id":"https:\/\/www.pm.pb.gov.br\/portal\/#organization","name":"Pol\u00edcia Militar da Para\u00edba","url":"https:\/\/www.pm.pb.gov.br\/portal\/","logo":{"@type":"ImageObject","inLanguage":"pt-BR","@id":"https:\/\/www.pm.pb.gov.br\/portal\/#\/schema\/logo\/image\/","url":"https:\/\/www.pm.pb.gov.br\/portal\/wp-content\/uploads\/2025\/03\/cropped-logo-site-mag2-1.png","contentUrl":"https:\/\/www.pm.pb.gov.br\/portal\/wp-content\/uploads\/2025\/03\/cropped-logo-site-mag2-1.png","width":320,"height":90,"caption":"Pol\u00edcia Militar da Para\u00edba"},"image":{"@id":"https:\/\/www.pm.pb.gov.br\/portal\/#\/schema\/logo\/image\/"}},{"@type":"Person","@id":"https:\/\/www.pm.pb.gov.br\/portal\/#\/schema\/person\/f84f56dcc78ce4357054da888b8247fd","name":"Tarcisio Oliveira","image":{"@type":"ImageObject","inLanguage":"pt-BR","@id":"https:\/\/www.pm.pb.gov.br\/portal\/#\/schema\/person\/image\/","url":"https:\/\/secure.gravatar.com\/avatar\/72917b630b69d31cd0297507f34bac97?s=96&d=mm&r=g","contentUrl":"https:\/\/secure.gravatar.com\/avatar\/72917b630b69d31cd0297507f34bac97?s=96&d=mm&r=g","caption":"Tarcisio Oliveira"},"url":"https:\/\/www.pm.pb.gov.br\/portal\/author\/tarcisio\/"}]}},"_links":{"self":[{"href":"https:\/\/www.pm.pb.gov.br\/portal\/wp-json\/wp\/v2\/posts\/895777"}],"collection":[{"href":"https:\/\/www.pm.pb.gov.br\/portal\/wp-json\/wp\/v2\/posts"}],"about":[{"href":"https:\/\/www.pm.pb.gov.br\/portal\/wp-json\/wp\/v2\/types\/post"}],"author":[{"embeddable":true,"href":"https:\/\/www.pm.pb.gov.br\/portal\/wp-json\/wp\/v2\/users\/12"}],"replies":[{"embeddable":true,"href":"https:\/\/www.pm.pb.gov.br\/portal\/wp-json\/wp\/v2\/comments?post=895777"}],"version-history":[{"count":1,"href":"https:\/\/www.pm.pb.gov.br\/portal\/wp-json\/wp\/v2\/posts\/895777\/revisions"}],"predecessor-version":[{"id":895779,"href":"https:\/\/www.pm.pb.gov.br\/portal\/wp-json\/wp\/v2\/posts\/895777\/revisions\/895779"}],"wp:featuredmedia":[{"embeddable":true,"href":"https:\/\/www.pm.pb.gov.br\/portal\/wp-json\/wp\/v2\/media\/895778"}],"wp:attachment":[{"href":"https:\/\/www.pm.pb.gov.br\/portal\/wp-json\/wp\/v2\/media?parent=895777"}],"wp:term":[{"taxonomy":"category","embeddable":true,"href":"https:\/\/www.pm.pb.gov.br\/portal\/wp-json\/wp\/v2\/categories?post=895777"},{"taxonomy":"post_tag","embeddable":true,"href":"https:\/\/www.pm.pb.gov.br\/portal\/wp-json\/wp\/v2\/tags?post=895777"}],"curies":[{"name":"wp","href":"https:\/\/api.w.org\/{rel}","templated":true}]}}