{"id":895746,"date":"2017-10-25T18:20:14","date_gmt":"2017-10-25T21:20:14","guid":{"rendered":"http:\/\/www.pm.pb.gov.br\/portal\/?p=895746"},"modified":"2017-10-25T18:20:14","modified_gmt":"2017-10-25T21:20:14","slug":"policia-militar-apreende-dois-adolescentes-com-simulacro-de-pistola-e-moto-roubada","status":"publish","type":"post","link":"https:\/\/www.pm.pb.gov.br\/portal\/2017\/10\/25\/policia-militar-apreende-dois-adolescentes-com-simulacro-de-pistola-e-moto-roubada\/","title":{"rendered":"Pol\u00edcia Militar apreende dois adolescentes com simulacro de pistola e moto roubada"},"content":{"rendered":"<p style=\"text-align: justify;\">A Pol\u00edcia Militar conseguiu apreender, no in\u00edcio da tarde desta quarta-feira (25), dois adolescentes que estavam praticando assaltos no munic\u00edpio de Santa Rita. Com eles, a PM apreendeu um simulacro de arma de fogo e recuperou uma moto roubada.<\/p>\n<p style=\"text-align: justify;\">Os policiais da Companhia de Choque estavam em patrulhamento na BR 230, em Santa Rita, quando receberam informa\u00e7\u00f5es do Centro Integrado de Opera\u00e7\u00f5es Policiais \u2013 Ciop de que dois indiv\u00edduos armados estavam em uma moto vermelha praticando assaltos. Ao avistarem uma moto com dois homens com as mesmas caracter\u00edsticas repassadas, deram ordem de parada e procederam a abordagem. Durante a revista, foi encontrado com o garupa, um adolescente de 15 anos, um simulacro de uma pistola. Ap\u00f3s consultar o ve\u00edculo pelo Ciop, foi constatado que a moto estava cadastrada no sistema como roubada. Os jovens apreendidos t\u00eam 15 e 17 anos e s\u00e3o moradores de Santa Rita. O adolescente de 15 anos foi reconhecido na delegacia, por ter sido apreendido em outras ocorr\u00eancias na cidade.<\/p>\n<p style=\"text-align: justify;\">Os adolescentes apreendidos, o simulacro e a moto recuperada foram entregues na 6\u00aa Delegacia em Santa Rita.<\/p>\n","protected":false},"excerpt":{"rendered":"<p>A Pol\u00edcia Militar conseguiu apreender, no in\u00edcio da tarde desta quarta-feira (25), dois adolescentes que estavam praticando assaltos no munic\u00edpio<\/p>\n","protected":false},"author":15,"featured_media":895747,"comment_status":"closed","ping_status":"closed","sticky":false,"template":"","format":"standard","meta":{"_exactmetrics_skip_tracking":false,"_exactmetrics_sitenote_active":false,"_exactmetrics_sitenote_note":"","_exactmetrics_sitenote_category":0,"footnotes":""},"categories":[4],"tags":[],"yoast_head":"<!-- This site is optimized with the Yoast SEO plugin v22.0 - https:\/\/yoast.com\/wordpress\/plugins\/seo\/ -->\n<title>Pol\u00edcia Militar apreende dois adolescentes com simulacro de pistola e moto roubada - Pol\u00edcia Militar da Para\u00edba<\/title>\n<meta name=\"robots\" content=\"index, follow, max-snippet:-1, max-image-preview:large, max-video-preview:-1\" \/>\n<link rel=\"canonical\" href=\"https:\/\/www.pm.pb.gov.br\/portal\/2017\/10\/25\/policia-militar-apreende-dois-adolescentes-com-simulacro-de-pistola-e-moto-roubada\/\" \/>\n<meta property=\"og:locale\" content=\"pt_BR\" \/>\n<meta property=\"og:type\" content=\"article\" \/>\n<meta property=\"og:title\" content=\"Pol\u00edcia Militar apreende dois adolescentes com simulacro de pistola e moto roubada - Pol\u00edcia Militar da Para\u00edba\" \/>\n<meta property=\"og:description\" content=\"A Pol\u00edcia Militar conseguiu apreender, no in\u00edcio da tarde desta quarta-feira (25), dois adolescentes que estavam praticando assaltos no munic\u00edpio\" \/>\n<meta property=\"og:url\" content=\"https:\/\/www.pm.pb.gov.br\/portal\/2017\/10\/25\/policia-militar-apreende-dois-adolescentes-com-simulacro-de-pistola-e-moto-roubada\/\" \/>\n<meta property=\"og:site_name\" content=\"Pol\u00edcia Militar da Para\u00edba\" \/>\n<meta property=\"article:published_time\" content=\"2017-10-25T21:20:14+00:00\" \/>\n<meta property=\"og:image\" content=\"https:\/\/www.pm.pb.gov.br\/portal\/wp-content\/uploads\/2017\/10\/simulacro_santa_rita.jpeg\" \/>\n\t<meta property=\"og:image:width\" content=\"800\" \/>\n\t<meta property=\"og:image:height\" content=\"444\" \/>\n\t<meta property=\"og:image:type\" content=\"image\/jpeg\" \/>\n<meta name=\"author\" content=\"Marcio Gomes dos Santos\" \/>\n<meta name=\"twitter:card\" content=\"summary_large_image\" \/>\n<meta name=\"twitter:label1\" content=\"Escrito por\" \/>\n\t<meta name=\"twitter:data1\" content=\"Marcio Gomes dos Santos\" \/>\n\t<meta name=\"twitter:label2\" content=\"Est. tempo de leitura\" \/>\n\t<meta name=\"twitter:data2\" content=\"1 minuto\" \/>\n<script type=\"application\/ld+json\" class=\"yoast-schema-graph\">{\"@context\":\"https:\/\/schema.org\",\"@graph\":[{\"@type\":\"Article\",\"@id\":\"https:\/\/www.pm.pb.gov.br\/portal\/2017\/10\/25\/policia-militar-apreende-dois-adolescentes-com-simulacro-de-pistola-e-moto-roubada\/#article\",\"isPartOf\":{\"@id\":\"https:\/\/www.pm.pb.gov.br\/portal\/2017\/10\/25\/policia-militar-apreende-dois-adolescentes-com-simulacro-de-pistola-e-moto-roubada\/\"},\"author\":{\"name\":\"Marcio Gomes dos Santos\",\"@id\":\"https:\/\/www.pm.pb.gov.br\/portal\/#\/schema\/person\/30d571652b38533c2211e4e89bf5a502\"},\"headline\":\"Pol\u00edcia Militar apreende dois adolescentes com simulacro de pistola e moto roubada\",\"datePublished\":\"2017-10-25T21:20:14+00:00\",\"dateModified\":\"2017-10-25T21:20:14+00:00\",\"mainEntityOfPage\":{\"@id\":\"https:\/\/www.pm.pb.gov.br\/portal\/2017\/10\/25\/policia-militar-apreende-dois-adolescentes-com-simulacro-de-pistola-e-moto-roubada\/\"},\"wordCount\":198,\"publisher\":{\"@id\":\"https:\/\/www.pm.pb.gov.br\/portal\/#organization\"},\"articleSection\":[\"A\u00e7\u00f5es Policiais\"],\"inLanguage\":\"pt-BR\"},{\"@type\":\"WebPage\",\"@id\":\"https:\/\/www.pm.pb.gov.br\/portal\/2017\/10\/25\/policia-militar-apreende-dois-adolescentes-com-simulacro-de-pistola-e-moto-roubada\/\",\"url\":\"https:\/\/www.pm.pb.gov.br\/portal\/2017\/10\/25\/policia-militar-apreende-dois-adolescentes-com-simulacro-de-pistola-e-moto-roubada\/\",\"name\":\"Pol\u00edcia Militar apreende dois adolescentes com simulacro de pistola e moto roubada - Pol\u00edcia Militar da Para\u00edba\",\"isPartOf\":{\"@id\":\"https:\/\/www.pm.pb.gov.br\/portal\/#website\"},\"datePublished\":\"2017-10-25T21:20:14+00:00\",\"dateModified\":\"2017-10-25T21:20:14+00:00\",\"breadcrumb\":{\"@id\":\"https:\/\/www.pm.pb.gov.br\/portal\/2017\/10\/25\/policia-militar-apreende-dois-adolescentes-com-simulacro-de-pistola-e-moto-roubada\/#breadcrumb\"},\"inLanguage\":\"pt-BR\",\"potentialAction\":[{\"@type\":\"ReadAction\",\"target\":[\"https:\/\/www.pm.pb.gov.br\/portal\/2017\/10\/25\/policia-militar-apreende-dois-adolescentes-com-simulacro-de-pistola-e-moto-roubada\/\"]}]},{\"@type\":\"BreadcrumbList\",\"@id\":\"https:\/\/www.pm.pb.gov.br\/portal\/2017\/10\/25\/policia-militar-apreende-dois-adolescentes-com-simulacro-de-pistola-e-moto-roubada\/#breadcrumb\",\"itemListElement\":[{\"@type\":\"ListItem\",\"position\":1,\"name\":\"In\u00edcio\",\"item\":\"https:\/\/www.pm.pb.gov.br\/portal\/\"},{\"@type\":\"ListItem\",\"position\":2,\"name\":\"Pol\u00edcia Militar apreende dois adolescentes com simulacro de pistola e moto roubada\"}]},{\"@type\":\"WebSite\",\"@id\":\"https:\/\/www.pm.pb.gov.br\/portal\/#website\",\"url\":\"https:\/\/www.pm.pb.gov.br\/portal\/\",\"name\":\"Pol\u00edcia Militar da Para\u00edba\",\"description\":\"\",\"publisher\":{\"@id\":\"https:\/\/www.pm.pb.gov.br\/portal\/#organization\"},\"potentialAction\":[{\"@type\":\"SearchAction\",\"target\":{\"@type\":\"EntryPoint\",\"urlTemplate\":\"https:\/\/www.pm.pb.gov.br\/portal\/?s={search_term_string}\"},\"query-input\":\"required name=search_term_string\"}],\"inLanguage\":\"pt-BR\"},{\"@type\":\"Organization\",\"@id\":\"https:\/\/www.pm.pb.gov.br\/portal\/#organization\",\"name\":\"Pol\u00edcia Militar da Para\u00edba\",\"url\":\"https:\/\/www.pm.pb.gov.br\/portal\/\",\"logo\":{\"@type\":\"ImageObject\",\"inLanguage\":\"pt-BR\",\"@id\":\"https:\/\/www.pm.pb.gov.br\/portal\/#\/schema\/logo\/image\/\",\"url\":\"https:\/\/www.pm.pb.gov.br\/portal\/wp-content\/uploads\/2025\/03\/cropped-logo-site-mag2-1.png\",\"contentUrl\":\"https:\/\/www.pm.pb.gov.br\/portal\/wp-content\/uploads\/2025\/03\/cropped-logo-site-mag2-1.png\",\"width\":320,\"height\":90,\"caption\":\"Pol\u00edcia Militar da Para\u00edba\"},\"image\":{\"@id\":\"https:\/\/www.pm.pb.gov.br\/portal\/#\/schema\/logo\/image\/\"}},{\"@type\":\"Person\",\"@id\":\"https:\/\/www.pm.pb.gov.br\/portal\/#\/schema\/person\/30d571652b38533c2211e4e89bf5a502\",\"name\":\"Marcio Gomes dos Santos\",\"image\":{\"@type\":\"ImageObject\",\"inLanguage\":\"pt-BR\",\"@id\":\"https:\/\/www.pm.pb.gov.br\/portal\/#\/schema\/person\/image\/\",\"url\":\"https:\/\/secure.gravatar.com\/avatar\/cf4ec2cb690101e1581c7773aa350c19?s=96&d=mm&r=g\",\"contentUrl\":\"https:\/\/secure.gravatar.com\/avatar\/cf4ec2cb690101e1581c7773aa350c19?s=96&d=mm&r=g\",\"caption\":\"Marcio Gomes dos Santos\"},\"url\":\"https:\/\/www.pm.pb.gov.br\/portal\/author\/mgomes\/\"}]}<\/script>\n<!-- \/ Yoast SEO plugin. -->","yoast_head_json":{"title":"Pol\u00edcia Militar apreende dois adolescentes com simulacro de pistola e moto roubada - Pol\u00edcia Militar da Para\u00edba","robots":{"index":"index","follow":"follow","max-snippet":"max-snippet:-1","max-image-preview":"max-image-preview:large","max-video-preview":"max-video-preview:-1"},"canonical":"https:\/\/www.pm.pb.gov.br\/portal\/2017\/10\/25\/policia-militar-apreende-dois-adolescentes-com-simulacro-de-pistola-e-moto-roubada\/","og_locale":"pt_BR","og_type":"article","og_title":"Pol\u00edcia Militar apreende dois adolescentes com simulacro de pistola e moto roubada - Pol\u00edcia Militar da Para\u00edba","og_description":"A Pol\u00edcia Militar conseguiu apreender, no in\u00edcio da tarde desta quarta-feira (25), dois adolescentes que estavam praticando assaltos no munic\u00edpio","og_url":"https:\/\/www.pm.pb.gov.br\/portal\/2017\/10\/25\/policia-militar-apreende-dois-adolescentes-com-simulacro-de-pistola-e-moto-roubada\/","og_site_name":"Pol\u00edcia Militar da Para\u00edba","article_published_time":"2017-10-25T21:20:14+00:00","og_image":[{"width":800,"height":444,"url":"https:\/\/www.pm.pb.gov.br\/portal\/wp-content\/uploads\/2017\/10\/simulacro_santa_rita.jpeg","type":"image\/jpeg"}],"author":"Marcio Gomes dos Santos","twitter_card":"summary_large_image","twitter_misc":{"Escrito por":"Marcio Gomes dos Santos","Est. tempo de leitura":"1 minuto"},"schema":{"@context":"https:\/\/schema.org","@graph":[{"@type":"Article","@id":"https:\/\/www.pm.pb.gov.br\/portal\/2017\/10\/25\/policia-militar-apreende-dois-adolescentes-com-simulacro-de-pistola-e-moto-roubada\/#article","isPartOf":{"@id":"https:\/\/www.pm.pb.gov.br\/portal\/2017\/10\/25\/policia-militar-apreende-dois-adolescentes-com-simulacro-de-pistola-e-moto-roubada\/"},"author":{"name":"Marcio Gomes dos Santos","@id":"https:\/\/www.pm.pb.gov.br\/portal\/#\/schema\/person\/30d571652b38533c2211e4e89bf5a502"},"headline":"Pol\u00edcia Militar apreende dois adolescentes com simulacro de pistola e moto roubada","datePublished":"2017-10-25T21:20:14+00:00","dateModified":"2017-10-25T21:20:14+00:00","mainEntityOfPage":{"@id":"https:\/\/www.pm.pb.gov.br\/portal\/2017\/10\/25\/policia-militar-apreende-dois-adolescentes-com-simulacro-de-pistola-e-moto-roubada\/"},"wordCount":198,"publisher":{"@id":"https:\/\/www.pm.pb.gov.br\/portal\/#organization"},"articleSection":["A\u00e7\u00f5es Policiais"],"inLanguage":"pt-BR"},{"@type":"WebPage","@id":"https:\/\/www.pm.pb.gov.br\/portal\/2017\/10\/25\/policia-militar-apreende-dois-adolescentes-com-simulacro-de-pistola-e-moto-roubada\/","url":"https:\/\/www.pm.pb.gov.br\/portal\/2017\/10\/25\/policia-militar-apreende-dois-adolescentes-com-simulacro-de-pistola-e-moto-roubada\/","name":"Pol\u00edcia Militar apreende dois adolescentes com simulacro de pistola e moto roubada - Pol\u00edcia Militar da Para\u00edba","isPartOf":{"@id":"https:\/\/www.pm.pb.gov.br\/portal\/#website"},"datePublished":"2017-10-25T21:20:14+00:00","dateModified":"2017-10-25T21:20:14+00:00","breadcrumb":{"@id":"https:\/\/www.pm.pb.gov.br\/portal\/2017\/10\/25\/policia-militar-apreende-dois-adolescentes-com-simulacro-de-pistola-e-moto-roubada\/#breadcrumb"},"inLanguage":"pt-BR","potentialAction":[{"@type":"ReadAction","target":["https:\/\/www.pm.pb.gov.br\/portal\/2017\/10\/25\/policia-militar-apreende-dois-adolescentes-com-simulacro-de-pistola-e-moto-roubada\/"]}]},{"@type":"BreadcrumbList","@id":"https:\/\/www.pm.pb.gov.br\/portal\/2017\/10\/25\/policia-militar-apreende-dois-adolescentes-com-simulacro-de-pistola-e-moto-roubada\/#breadcrumb","itemListElement":[{"@type":"ListItem","position":1,"name":"In\u00edcio","item":"https:\/\/www.pm.pb.gov.br\/portal\/"},{"@type":"ListItem","position":2,"name":"Pol\u00edcia Militar apreende dois adolescentes com simulacro de pistola e moto roubada"}]},{"@type":"WebSite","@id":"https:\/\/www.pm.pb.gov.br\/portal\/#website","url":"https:\/\/www.pm.pb.gov.br\/portal\/","name":"Pol\u00edcia Militar da Para\u00edba","description":"","publisher":{"@id":"https:\/\/www.pm.pb.gov.br\/portal\/#organization"},"potentialAction":[{"@type":"SearchAction","target":{"@type":"EntryPoint","urlTemplate":"https:\/\/www.pm.pb.gov.br\/portal\/?s={search_term_string}"},"query-input":"required name=search_term_string"}],"inLanguage":"pt-BR"},{"@type":"Organization","@id":"https:\/\/www.pm.pb.gov.br\/portal\/#organization","name":"Pol\u00edcia Militar da Para\u00edba","url":"https:\/\/www.pm.pb.gov.br\/portal\/","logo":{"@type":"ImageObject","inLanguage":"pt-BR","@id":"https:\/\/www.pm.pb.gov.br\/portal\/#\/schema\/logo\/image\/","url":"https:\/\/www.pm.pb.gov.br\/portal\/wp-content\/uploads\/2025\/03\/cropped-logo-site-mag2-1.png","contentUrl":"https:\/\/www.pm.pb.gov.br\/portal\/wp-content\/uploads\/2025\/03\/cropped-logo-site-mag2-1.png","width":320,"height":90,"caption":"Pol\u00edcia Militar da Para\u00edba"},"image":{"@id":"https:\/\/www.pm.pb.gov.br\/portal\/#\/schema\/logo\/image\/"}},{"@type":"Person","@id":"https:\/\/www.pm.pb.gov.br\/portal\/#\/schema\/person\/30d571652b38533c2211e4e89bf5a502","name":"Marcio Gomes dos Santos","image":{"@type":"ImageObject","inLanguage":"pt-BR","@id":"https:\/\/www.pm.pb.gov.br\/portal\/#\/schema\/person\/image\/","url":"https:\/\/secure.gravatar.com\/avatar\/cf4ec2cb690101e1581c7773aa350c19?s=96&d=mm&r=g","contentUrl":"https:\/\/secure.gravatar.com\/avatar\/cf4ec2cb690101e1581c7773aa350c19?s=96&d=mm&r=g","caption":"Marcio Gomes dos Santos"},"url":"https:\/\/www.pm.pb.gov.br\/portal\/author\/mgomes\/"}]}},"_links":{"self":[{"href":"https:\/\/www.pm.pb.gov.br\/portal\/wp-json\/wp\/v2\/posts\/895746"}],"collection":[{"href":"https:\/\/www.pm.pb.gov.br\/portal\/wp-json\/wp\/v2\/posts"}],"about":[{"href":"https:\/\/www.pm.pb.gov.br\/portal\/wp-json\/wp\/v2\/types\/post"}],"author":[{"embeddable":true,"href":"https:\/\/www.pm.pb.gov.br\/portal\/wp-json\/wp\/v2\/users\/15"}],"replies":[{"embeddable":true,"href":"https:\/\/www.pm.pb.gov.br\/portal\/wp-json\/wp\/v2\/comments?post=895746"}],"version-history":[{"count":1,"href":"https:\/\/www.pm.pb.gov.br\/portal\/wp-json\/wp\/v2\/posts\/895746\/revisions"}],"predecessor-version":[{"id":895748,"href":"https:\/\/www.pm.pb.gov.br\/portal\/wp-json\/wp\/v2\/posts\/895746\/revisions\/895748"}],"wp:featuredmedia":[{"embeddable":true,"href":"https:\/\/www.pm.pb.gov.br\/portal\/wp-json\/wp\/v2\/media\/895747"}],"wp:attachment":[{"href":"https:\/\/www.pm.pb.gov.br\/portal\/wp-json\/wp\/v2\/media?parent=895746"}],"wp:term":[{"taxonomy":"category","embeddable":true,"href":"https:\/\/www.pm.pb.gov.br\/portal\/wp-json\/wp\/v2\/categories?post=895746"},{"taxonomy":"post_tag","embeddable":true,"href":"https:\/\/www.pm.pb.gov.br\/portal\/wp-json\/wp\/v2\/tags?post=895746"}],"curies":[{"name":"wp","href":"https:\/\/api.w.org\/{rel}","templated":true}]}}