{"id":895743,"date":"2017-10-25T10:05:47","date_gmt":"2017-10-25T13:05:47","guid":{"rendered":"http:\/\/www.pm.pb.gov.br\/portal\/?p=895743"},"modified":"2017-10-25T10:05:47","modified_gmt":"2017-10-25T13:05:47","slug":"policia-militar-prende-suspeitos-de-roubar-moto-assaltar-lanchonete-e-fazer-familia-refem-na-capital","status":"publish","type":"post","link":"https:\/\/www.pm.pb.gov.br\/portal\/2017\/10\/25\/policia-militar-prende-suspeitos-de-roubar-moto-assaltar-lanchonete-e-fazer-familia-refem-na-capital\/","title":{"rendered":"Pol\u00edcia Militar prende suspeitos de roubar moto, assaltar lanchonete e fazer fam\u00edlia ref\u00e9m na Capital"},"content":{"rendered":"<p style=\"text-align: justify;\">A Pol\u00edcia Militar prendeu dois suspeitos que roubaram uma moto no bairro Bessa e em seguida praticaram um assalto a uma lanchonete, no bairro de Mangabeira VIII, na noite dessa ter\u00e7a-feira (24), em Jo\u00e3o Pessoa. Os dois criminosos, de 19 e 26 anos, foram presos dentro de uma casa que fica perto da lanchonete, na Rua Leopoldo Pereira de Lima, onde chegaram a fazer uma fam\u00edlia ref\u00e9m para tentar fugir do cerco montado por policiais da 2\u00aa Companhia do 5\u00ba Batalh\u00e3o.<\/p>\n<p style=\"text-align: justify;\">Com a dupla, a PM apreendeu as armas usadas para amedrontar as v\u00edtimas &#8211; uma pistola calibre 380 e duas facas &#8211; e recuperou a moto roubada, tr\u00eas celulares, quatro rel\u00f3gios de pulso e o dinheiro levado do estabelecimento comercial.<\/p>\n<p style=\"text-align: justify;\">Os homens s\u00e3o do Bairro S\u00e3o Jos\u00e9 e foram encaminhados para a Central de Pol\u00edcia Civil, no Geisel.<\/p>\n","protected":false},"excerpt":{"rendered":"<p>A Pol\u00edcia Militar prendeu dois suspeitos que roubaram uma moto no bairro Bessa e em seguida praticaram um assalto a<\/p>\n","protected":false},"author":15,"featured_media":895744,"comment_status":"closed","ping_status":"closed","sticky":false,"template":"","format":"standard","meta":{"_exactmetrics_skip_tracking":false,"_exactmetrics_sitenote_active":false,"_exactmetrics_sitenote_note":"","_exactmetrics_sitenote_category":0,"footnotes":""},"categories":[4],"tags":[],"yoast_head":"<!-- This site is optimized with the Yoast SEO plugin v22.0 - https:\/\/yoast.com\/wordpress\/plugins\/seo\/ -->\n<title>Pol\u00edcia Militar prende suspeitos de roubar moto, assaltar lanchonete e fazer fam\u00edlia ref\u00e9m na Capital - Pol\u00edcia Militar da Para\u00edba<\/title>\n<meta name=\"robots\" content=\"index, follow, max-snippet:-1, max-image-preview:large, max-video-preview:-1\" \/>\n<link rel=\"canonical\" href=\"https:\/\/www.pm.pb.gov.br\/portal\/2017\/10\/25\/policia-militar-prende-suspeitos-de-roubar-moto-assaltar-lanchonete-e-fazer-familia-refem-na-capital\/\" \/>\n<meta property=\"og:locale\" content=\"pt_BR\" \/>\n<meta property=\"og:type\" content=\"article\" \/>\n<meta property=\"og:title\" content=\"Pol\u00edcia Militar prende suspeitos de roubar moto, assaltar lanchonete e fazer fam\u00edlia ref\u00e9m na Capital - Pol\u00edcia Militar da Para\u00edba\" \/>\n<meta property=\"og:description\" content=\"A Pol\u00edcia Militar prendeu dois suspeitos que roubaram uma moto no bairro Bessa e em seguida praticaram um assalto a\" \/>\n<meta property=\"og:url\" content=\"https:\/\/www.pm.pb.gov.br\/portal\/2017\/10\/25\/policia-militar-prende-suspeitos-de-roubar-moto-assaltar-lanchonete-e-fazer-familia-refem-na-capital\/\" \/>\n<meta property=\"og:site_name\" content=\"Pol\u00edcia Militar da Para\u00edba\" \/>\n<meta property=\"article:published_time\" content=\"2017-10-25T13:05:47+00:00\" \/>\n<meta property=\"og:image\" content=\"https:\/\/www.pm.pb.gov.br\/portal\/wp-content\/uploads\/2017\/10\/aprrensao_24-10-17_mangabeira.png\" \/>\n\t<meta property=\"og:image:width\" content=\"799\" \/>\n\t<meta property=\"og:image:height\" content=\"446\" \/>\n\t<meta property=\"og:image:type\" content=\"image\/png\" \/>\n<meta name=\"author\" content=\"Marcio Gomes dos Santos\" \/>\n<meta name=\"twitter:card\" content=\"summary_large_image\" \/>\n<meta name=\"twitter:label1\" content=\"Escrito por\" \/>\n\t<meta name=\"twitter:data1\" content=\"Marcio Gomes dos Santos\" \/>\n\t<meta name=\"twitter:label2\" content=\"Est. tempo de leitura\" \/>\n\t<meta name=\"twitter:data2\" content=\"1 minuto\" \/>\n<script type=\"application\/ld+json\" class=\"yoast-schema-graph\">{\"@context\":\"https:\/\/schema.org\",\"@graph\":[{\"@type\":\"Article\",\"@id\":\"https:\/\/www.pm.pb.gov.br\/portal\/2017\/10\/25\/policia-militar-prende-suspeitos-de-roubar-moto-assaltar-lanchonete-e-fazer-familia-refem-na-capital\/#article\",\"isPartOf\":{\"@id\":\"https:\/\/www.pm.pb.gov.br\/portal\/2017\/10\/25\/policia-militar-prende-suspeitos-de-roubar-moto-assaltar-lanchonete-e-fazer-familia-refem-na-capital\/\"},\"author\":{\"name\":\"Marcio Gomes dos Santos\",\"@id\":\"https:\/\/www.pm.pb.gov.br\/portal\/#\/schema\/person\/30d571652b38533c2211e4e89bf5a502\"},\"headline\":\"Pol\u00edcia Militar prende suspeitos de roubar moto, assaltar lanchonete e fazer fam\u00edlia ref\u00e9m na Capital\",\"datePublished\":\"2017-10-25T13:05:47+00:00\",\"dateModified\":\"2017-10-25T13:05:47+00:00\",\"mainEntityOfPage\":{\"@id\":\"https:\/\/www.pm.pb.gov.br\/portal\/2017\/10\/25\/policia-militar-prende-suspeitos-de-roubar-moto-assaltar-lanchonete-e-fazer-familia-refem-na-capital\/\"},\"wordCount\":163,\"publisher\":{\"@id\":\"https:\/\/www.pm.pb.gov.br\/portal\/#organization\"},\"articleSection\":[\"A\u00e7\u00f5es Policiais\"],\"inLanguage\":\"pt-BR\"},{\"@type\":\"WebPage\",\"@id\":\"https:\/\/www.pm.pb.gov.br\/portal\/2017\/10\/25\/policia-militar-prende-suspeitos-de-roubar-moto-assaltar-lanchonete-e-fazer-familia-refem-na-capital\/\",\"url\":\"https:\/\/www.pm.pb.gov.br\/portal\/2017\/10\/25\/policia-militar-prende-suspeitos-de-roubar-moto-assaltar-lanchonete-e-fazer-familia-refem-na-capital\/\",\"name\":\"Pol\u00edcia Militar prende suspeitos de roubar moto, assaltar lanchonete e fazer fam\u00edlia ref\u00e9m na Capital - Pol\u00edcia Militar da Para\u00edba\",\"isPartOf\":{\"@id\":\"https:\/\/www.pm.pb.gov.br\/portal\/#website\"},\"datePublished\":\"2017-10-25T13:05:47+00:00\",\"dateModified\":\"2017-10-25T13:05:47+00:00\",\"breadcrumb\":{\"@id\":\"https:\/\/www.pm.pb.gov.br\/portal\/2017\/10\/25\/policia-militar-prende-suspeitos-de-roubar-moto-assaltar-lanchonete-e-fazer-familia-refem-na-capital\/#breadcrumb\"},\"inLanguage\":\"pt-BR\",\"potentialAction\":[{\"@type\":\"ReadAction\",\"target\":[\"https:\/\/www.pm.pb.gov.br\/portal\/2017\/10\/25\/policia-militar-prende-suspeitos-de-roubar-moto-assaltar-lanchonete-e-fazer-familia-refem-na-capital\/\"]}]},{\"@type\":\"BreadcrumbList\",\"@id\":\"https:\/\/www.pm.pb.gov.br\/portal\/2017\/10\/25\/policia-militar-prende-suspeitos-de-roubar-moto-assaltar-lanchonete-e-fazer-familia-refem-na-capital\/#breadcrumb\",\"itemListElement\":[{\"@type\":\"ListItem\",\"position\":1,\"name\":\"In\u00edcio\",\"item\":\"https:\/\/www.pm.pb.gov.br\/portal\/\"},{\"@type\":\"ListItem\",\"position\":2,\"name\":\"Pol\u00edcia Militar prende suspeitos de roubar moto, assaltar lanchonete e fazer fam\u00edlia ref\u00e9m na Capital\"}]},{\"@type\":\"WebSite\",\"@id\":\"https:\/\/www.pm.pb.gov.br\/portal\/#website\",\"url\":\"https:\/\/www.pm.pb.gov.br\/portal\/\",\"name\":\"Pol\u00edcia Militar da Para\u00edba\",\"description\":\"\",\"publisher\":{\"@id\":\"https:\/\/www.pm.pb.gov.br\/portal\/#organization\"},\"potentialAction\":[{\"@type\":\"SearchAction\",\"target\":{\"@type\":\"EntryPoint\",\"urlTemplate\":\"https:\/\/www.pm.pb.gov.br\/portal\/?s={search_term_string}\"},\"query-input\":\"required name=search_term_string\"}],\"inLanguage\":\"pt-BR\"},{\"@type\":\"Organization\",\"@id\":\"https:\/\/www.pm.pb.gov.br\/portal\/#organization\",\"name\":\"Pol\u00edcia Militar da Para\u00edba\",\"url\":\"https:\/\/www.pm.pb.gov.br\/portal\/\",\"logo\":{\"@type\":\"ImageObject\",\"inLanguage\":\"pt-BR\",\"@id\":\"https:\/\/www.pm.pb.gov.br\/portal\/#\/schema\/logo\/image\/\",\"url\":\"https:\/\/www.pm.pb.gov.br\/portal\/wp-content\/uploads\/2025\/03\/cropped-logo-site-mag2-1.png\",\"contentUrl\":\"https:\/\/www.pm.pb.gov.br\/portal\/wp-content\/uploads\/2025\/03\/cropped-logo-site-mag2-1.png\",\"width\":320,\"height\":90,\"caption\":\"Pol\u00edcia Militar da Para\u00edba\"},\"image\":{\"@id\":\"https:\/\/www.pm.pb.gov.br\/portal\/#\/schema\/logo\/image\/\"}},{\"@type\":\"Person\",\"@id\":\"https:\/\/www.pm.pb.gov.br\/portal\/#\/schema\/person\/30d571652b38533c2211e4e89bf5a502\",\"name\":\"Marcio Gomes dos Santos\",\"image\":{\"@type\":\"ImageObject\",\"inLanguage\":\"pt-BR\",\"@id\":\"https:\/\/www.pm.pb.gov.br\/portal\/#\/schema\/person\/image\/\",\"url\":\"https:\/\/secure.gravatar.com\/avatar\/cf4ec2cb690101e1581c7773aa350c19?s=96&d=mm&r=g\",\"contentUrl\":\"https:\/\/secure.gravatar.com\/avatar\/cf4ec2cb690101e1581c7773aa350c19?s=96&d=mm&r=g\",\"caption\":\"Marcio Gomes dos Santos\"},\"url\":\"https:\/\/www.pm.pb.gov.br\/portal\/author\/mgomes\/\"}]}<\/script>\n<!-- \/ Yoast SEO plugin. -->","yoast_head_json":{"title":"Pol\u00edcia Militar prende suspeitos de roubar moto, assaltar lanchonete e fazer fam\u00edlia ref\u00e9m na Capital - Pol\u00edcia Militar da Para\u00edba","robots":{"index":"index","follow":"follow","max-snippet":"max-snippet:-1","max-image-preview":"max-image-preview:large","max-video-preview":"max-video-preview:-1"},"canonical":"https:\/\/www.pm.pb.gov.br\/portal\/2017\/10\/25\/policia-militar-prende-suspeitos-de-roubar-moto-assaltar-lanchonete-e-fazer-familia-refem-na-capital\/","og_locale":"pt_BR","og_type":"article","og_title":"Pol\u00edcia Militar prende suspeitos de roubar moto, assaltar lanchonete e fazer fam\u00edlia ref\u00e9m na Capital - Pol\u00edcia Militar da Para\u00edba","og_description":"A Pol\u00edcia Militar prendeu dois suspeitos que roubaram uma moto no bairro Bessa e em seguida praticaram um assalto a","og_url":"https:\/\/www.pm.pb.gov.br\/portal\/2017\/10\/25\/policia-militar-prende-suspeitos-de-roubar-moto-assaltar-lanchonete-e-fazer-familia-refem-na-capital\/","og_site_name":"Pol\u00edcia Militar da Para\u00edba","article_published_time":"2017-10-25T13:05:47+00:00","og_image":[{"width":799,"height":446,"url":"https:\/\/www.pm.pb.gov.br\/portal\/wp-content\/uploads\/2017\/10\/aprrensao_24-10-17_mangabeira.png","type":"image\/png"}],"author":"Marcio Gomes dos Santos","twitter_card":"summary_large_image","twitter_misc":{"Escrito por":"Marcio Gomes dos Santos","Est. tempo de leitura":"1 minuto"},"schema":{"@context":"https:\/\/schema.org","@graph":[{"@type":"Article","@id":"https:\/\/www.pm.pb.gov.br\/portal\/2017\/10\/25\/policia-militar-prende-suspeitos-de-roubar-moto-assaltar-lanchonete-e-fazer-familia-refem-na-capital\/#article","isPartOf":{"@id":"https:\/\/www.pm.pb.gov.br\/portal\/2017\/10\/25\/policia-militar-prende-suspeitos-de-roubar-moto-assaltar-lanchonete-e-fazer-familia-refem-na-capital\/"},"author":{"name":"Marcio Gomes dos Santos","@id":"https:\/\/www.pm.pb.gov.br\/portal\/#\/schema\/person\/30d571652b38533c2211e4e89bf5a502"},"headline":"Pol\u00edcia Militar prende suspeitos de roubar moto, assaltar lanchonete e fazer fam\u00edlia ref\u00e9m na Capital","datePublished":"2017-10-25T13:05:47+00:00","dateModified":"2017-10-25T13:05:47+00:00","mainEntityOfPage":{"@id":"https:\/\/www.pm.pb.gov.br\/portal\/2017\/10\/25\/policia-militar-prende-suspeitos-de-roubar-moto-assaltar-lanchonete-e-fazer-familia-refem-na-capital\/"},"wordCount":163,"publisher":{"@id":"https:\/\/www.pm.pb.gov.br\/portal\/#organization"},"articleSection":["A\u00e7\u00f5es Policiais"],"inLanguage":"pt-BR"},{"@type":"WebPage","@id":"https:\/\/www.pm.pb.gov.br\/portal\/2017\/10\/25\/policia-militar-prende-suspeitos-de-roubar-moto-assaltar-lanchonete-e-fazer-familia-refem-na-capital\/","url":"https:\/\/www.pm.pb.gov.br\/portal\/2017\/10\/25\/policia-militar-prende-suspeitos-de-roubar-moto-assaltar-lanchonete-e-fazer-familia-refem-na-capital\/","name":"Pol\u00edcia Militar prende suspeitos de roubar moto, assaltar lanchonete e fazer fam\u00edlia ref\u00e9m na Capital - Pol\u00edcia Militar da Para\u00edba","isPartOf":{"@id":"https:\/\/www.pm.pb.gov.br\/portal\/#website"},"datePublished":"2017-10-25T13:05:47+00:00","dateModified":"2017-10-25T13:05:47+00:00","breadcrumb":{"@id":"https:\/\/www.pm.pb.gov.br\/portal\/2017\/10\/25\/policia-militar-prende-suspeitos-de-roubar-moto-assaltar-lanchonete-e-fazer-familia-refem-na-capital\/#breadcrumb"},"inLanguage":"pt-BR","potentialAction":[{"@type":"ReadAction","target":["https:\/\/www.pm.pb.gov.br\/portal\/2017\/10\/25\/policia-militar-prende-suspeitos-de-roubar-moto-assaltar-lanchonete-e-fazer-familia-refem-na-capital\/"]}]},{"@type":"BreadcrumbList","@id":"https:\/\/www.pm.pb.gov.br\/portal\/2017\/10\/25\/policia-militar-prende-suspeitos-de-roubar-moto-assaltar-lanchonete-e-fazer-familia-refem-na-capital\/#breadcrumb","itemListElement":[{"@type":"ListItem","position":1,"name":"In\u00edcio","item":"https:\/\/www.pm.pb.gov.br\/portal\/"},{"@type":"ListItem","position":2,"name":"Pol\u00edcia Militar prende suspeitos de roubar moto, assaltar lanchonete e fazer fam\u00edlia ref\u00e9m na Capital"}]},{"@type":"WebSite","@id":"https:\/\/www.pm.pb.gov.br\/portal\/#website","url":"https:\/\/www.pm.pb.gov.br\/portal\/","name":"Pol\u00edcia Militar da Para\u00edba","description":"","publisher":{"@id":"https:\/\/www.pm.pb.gov.br\/portal\/#organization"},"potentialAction":[{"@type":"SearchAction","target":{"@type":"EntryPoint","urlTemplate":"https:\/\/www.pm.pb.gov.br\/portal\/?s={search_term_string}"},"query-input":"required name=search_term_string"}],"inLanguage":"pt-BR"},{"@type":"Organization","@id":"https:\/\/www.pm.pb.gov.br\/portal\/#organization","name":"Pol\u00edcia Militar da Para\u00edba","url":"https:\/\/www.pm.pb.gov.br\/portal\/","logo":{"@type":"ImageObject","inLanguage":"pt-BR","@id":"https:\/\/www.pm.pb.gov.br\/portal\/#\/schema\/logo\/image\/","url":"https:\/\/www.pm.pb.gov.br\/portal\/wp-content\/uploads\/2025\/03\/cropped-logo-site-mag2-1.png","contentUrl":"https:\/\/www.pm.pb.gov.br\/portal\/wp-content\/uploads\/2025\/03\/cropped-logo-site-mag2-1.png","width":320,"height":90,"caption":"Pol\u00edcia Militar da Para\u00edba"},"image":{"@id":"https:\/\/www.pm.pb.gov.br\/portal\/#\/schema\/logo\/image\/"}},{"@type":"Person","@id":"https:\/\/www.pm.pb.gov.br\/portal\/#\/schema\/person\/30d571652b38533c2211e4e89bf5a502","name":"Marcio Gomes dos Santos","image":{"@type":"ImageObject","inLanguage":"pt-BR","@id":"https:\/\/www.pm.pb.gov.br\/portal\/#\/schema\/person\/image\/","url":"https:\/\/secure.gravatar.com\/avatar\/cf4ec2cb690101e1581c7773aa350c19?s=96&d=mm&r=g","contentUrl":"https:\/\/secure.gravatar.com\/avatar\/cf4ec2cb690101e1581c7773aa350c19?s=96&d=mm&r=g","caption":"Marcio Gomes dos Santos"},"url":"https:\/\/www.pm.pb.gov.br\/portal\/author\/mgomes\/"}]}},"_links":{"self":[{"href":"https:\/\/www.pm.pb.gov.br\/portal\/wp-json\/wp\/v2\/posts\/895743"}],"collection":[{"href":"https:\/\/www.pm.pb.gov.br\/portal\/wp-json\/wp\/v2\/posts"}],"about":[{"href":"https:\/\/www.pm.pb.gov.br\/portal\/wp-json\/wp\/v2\/types\/post"}],"author":[{"embeddable":true,"href":"https:\/\/www.pm.pb.gov.br\/portal\/wp-json\/wp\/v2\/users\/15"}],"replies":[{"embeddable":true,"href":"https:\/\/www.pm.pb.gov.br\/portal\/wp-json\/wp\/v2\/comments?post=895743"}],"version-history":[{"count":1,"href":"https:\/\/www.pm.pb.gov.br\/portal\/wp-json\/wp\/v2\/posts\/895743\/revisions"}],"predecessor-version":[{"id":895745,"href":"https:\/\/www.pm.pb.gov.br\/portal\/wp-json\/wp\/v2\/posts\/895743\/revisions\/895745"}],"wp:featuredmedia":[{"embeddable":true,"href":"https:\/\/www.pm.pb.gov.br\/portal\/wp-json\/wp\/v2\/media\/895744"}],"wp:attachment":[{"href":"https:\/\/www.pm.pb.gov.br\/portal\/wp-json\/wp\/v2\/media?parent=895743"}],"wp:term":[{"taxonomy":"category","embeddable":true,"href":"https:\/\/www.pm.pb.gov.br\/portal\/wp-json\/wp\/v2\/categories?post=895743"},{"taxonomy":"post_tag","embeddable":true,"href":"https:\/\/www.pm.pb.gov.br\/portal\/wp-json\/wp\/v2\/tags?post=895743"}],"curies":[{"name":"wp","href":"https:\/\/api.w.org\/{rel}","templated":true}]}}