{"id":895697,"date":"2017-10-19T17:54:59","date_gmt":"2017-10-19T20:54:59","guid":{"rendered":"http:\/\/www.pm.pb.gov.br\/portal\/?p=895697"},"modified":"2017-10-19T17:54:59","modified_gmt":"2017-10-19T20:54:59","slug":"operacao-policial-detem-quatro-pessoas-por-trafico-de-drogas-em-santa-rita","status":"publish","type":"post","link":"https:\/\/www.pm.pb.gov.br\/portal\/2017\/10\/19\/operacao-policial-detem-quatro-pessoas-por-trafico-de-drogas-em-santa-rita\/","title":{"rendered":"Opera\u00e7\u00e3o Policial det\u00e9m quatro pessoas por tr\u00e1fico de drogas em Santa Rita"},"content":{"rendered":"<p>As Pol\u00edcias Militar e Civil da Para\u00edba, em uma a\u00e7\u00e3o conjunta, deflagraram, na manh\u00e3 desta quinta-feira (19), a Opera\u00e7\u00e3o Liberdade. A a\u00e7\u00e3o foi desencadeada no bairro Alto das Populares e tamb\u00e9m no bairro de V\u00e1rzea Nova,\u00a0 no munic\u00edpio de Santa Rita, Regi\u00e3o Metropolitana de Jo\u00e3o Pessoa. Foram cumpridos 18\u00a0 mandados de busca e apreens\u00e3o e quatro pessoas foram presas em flagrantes e ainda dois adolescentes apreendidos. O objetivo da Opera\u00e7\u00e3o Liberdade foi desarticular grupos que agiam no tr\u00e1fico de drogas na regi\u00e3o de Santa Rita.<\/p>\n<p>&nbsp;<\/p>\n<p>De acordo com o delegado Carlos Othon, as investiga\u00e7\u00f5es duraram dois meses e nesse per\u00edodo foi poss\u00edvel identificar criminosos que articulavam a comercializa\u00e7\u00e3o ilegal de entorpecentes em Santa Rita. \u201cRecebemos diversas queixas de moradores relatando que criminosos estavam amea\u00e7ando a comunidade, tentando tomar as resid\u00eancias. E tudo isso relacionado ao crime do tr\u00e1fico de drogas na regi\u00e3o\u201d, disse a autoridade policial.<\/p>\n<p>&nbsp;<\/p>\n<p>Durante a Opera\u00e7\u00e3o Liberdade, foram apreendidas\u00a0 drogas (maconha, crack e coca\u00edna), balan\u00e7a de precis\u00e3o, simulacro de uma pistola e uma quantia em dinheiro.\u00a0 Os presos foram encaminhados para a sede da 5\u00aa Delegacia Seccional, sede em Santa Rita, onde prestaram depoimento. Eles ficar\u00e3o \u00e0 disposi\u00e7\u00e3o da Justi\u00e7a para as medidas cab\u00edveis.<\/p>\n","protected":false},"excerpt":{"rendered":"<p>As Pol\u00edcias Militar e Civil da Para\u00edba, em uma a\u00e7\u00e3o conjunta, deflagraram, na manh\u00e3 desta quinta-feira (19), a Opera\u00e7\u00e3o Liberdade.<\/p>\n","protected":false},"author":15,"featured_media":895698,"comment_status":"closed","ping_status":"closed","sticky":false,"template":"","format":"standard","meta":{"_exactmetrics_skip_tracking":false,"_exactmetrics_sitenote_active":false,"_exactmetrics_sitenote_note":"","_exactmetrics_sitenote_category":0,"footnotes":""},"categories":[4],"tags":[],"yoast_head":"<!-- This site is optimized with the Yoast SEO plugin v22.0 - https:\/\/yoast.com\/wordpress\/plugins\/seo\/ -->\n<title>Opera\u00e7\u00e3o Policial det\u00e9m quatro pessoas por tr\u00e1fico de drogas em Santa Rita - Pol\u00edcia Militar da Para\u00edba<\/title>\n<meta name=\"robots\" content=\"index, follow, max-snippet:-1, max-image-preview:large, max-video-preview:-1\" \/>\n<link rel=\"canonical\" href=\"https:\/\/www.pm.pb.gov.br\/portal\/2017\/10\/19\/operacao-policial-detem-quatro-pessoas-por-trafico-de-drogas-em-santa-rita\/\" \/>\n<meta property=\"og:locale\" content=\"pt_BR\" \/>\n<meta property=\"og:type\" content=\"article\" \/>\n<meta property=\"og:title\" content=\"Opera\u00e7\u00e3o Policial det\u00e9m quatro pessoas por tr\u00e1fico de drogas em Santa Rita - Pol\u00edcia Militar da Para\u00edba\" \/>\n<meta property=\"og:description\" content=\"As Pol\u00edcias Militar e Civil da Para\u00edba, em uma a\u00e7\u00e3o conjunta, deflagraram, na manh\u00e3 desta quinta-feira (19), a Opera\u00e7\u00e3o Liberdade.\" \/>\n<meta property=\"og:url\" content=\"https:\/\/www.pm.pb.gov.br\/portal\/2017\/10\/19\/operacao-policial-detem-quatro-pessoas-por-trafico-de-drogas-em-santa-rita\/\" \/>\n<meta property=\"og:site_name\" content=\"Pol\u00edcia Militar da Para\u00edba\" \/>\n<meta property=\"article:published_time\" content=\"2017-10-19T20:54:59+00:00\" \/>\n<meta property=\"og:image\" content=\"https:\/\/www.pm.pb.gov.br\/portal\/wp-content\/uploads\/2017\/10\/OPERA\u00c7\u00c3O-LIBERDADE.jpg\" \/>\n\t<meta property=\"og:image:width\" content=\"800\" \/>\n\t<meta property=\"og:image:height\" content=\"445\" \/>\n\t<meta property=\"og:image:type\" content=\"image\/jpeg\" \/>\n<meta name=\"author\" content=\"Marcio Gomes dos Santos\" \/>\n<meta name=\"twitter:card\" content=\"summary_large_image\" \/>\n<meta name=\"twitter:label1\" content=\"Escrito por\" \/>\n\t<meta name=\"twitter:data1\" content=\"Marcio Gomes dos Santos\" \/>\n\t<meta name=\"twitter:label2\" content=\"Est. tempo de leitura\" \/>\n\t<meta name=\"twitter:data2\" content=\"1 minuto\" \/>\n<script type=\"application\/ld+json\" class=\"yoast-schema-graph\">{\"@context\":\"https:\/\/schema.org\",\"@graph\":[{\"@type\":\"Article\",\"@id\":\"https:\/\/www.pm.pb.gov.br\/portal\/2017\/10\/19\/operacao-policial-detem-quatro-pessoas-por-trafico-de-drogas-em-santa-rita\/#article\",\"isPartOf\":{\"@id\":\"https:\/\/www.pm.pb.gov.br\/portal\/2017\/10\/19\/operacao-policial-detem-quatro-pessoas-por-trafico-de-drogas-em-santa-rita\/\"},\"author\":{\"name\":\"Marcio Gomes dos Santos\",\"@id\":\"https:\/\/www.pm.pb.gov.br\/portal\/#\/schema\/person\/30d571652b38533c2211e4e89bf5a502\"},\"headline\":\"Opera\u00e7\u00e3o Policial det\u00e9m quatro pessoas por tr\u00e1fico de drogas em Santa Rita\",\"datePublished\":\"2017-10-19T20:54:59+00:00\",\"dateModified\":\"2017-10-19T20:54:59+00:00\",\"mainEntityOfPage\":{\"@id\":\"https:\/\/www.pm.pb.gov.br\/portal\/2017\/10\/19\/operacao-policial-detem-quatro-pessoas-por-trafico-de-drogas-em-santa-rita\/\"},\"wordCount\":240,\"publisher\":{\"@id\":\"https:\/\/www.pm.pb.gov.br\/portal\/#organization\"},\"articleSection\":[\"A\u00e7\u00f5es Policiais\"],\"inLanguage\":\"pt-BR\"},{\"@type\":\"WebPage\",\"@id\":\"https:\/\/www.pm.pb.gov.br\/portal\/2017\/10\/19\/operacao-policial-detem-quatro-pessoas-por-trafico-de-drogas-em-santa-rita\/\",\"url\":\"https:\/\/www.pm.pb.gov.br\/portal\/2017\/10\/19\/operacao-policial-detem-quatro-pessoas-por-trafico-de-drogas-em-santa-rita\/\",\"name\":\"Opera\u00e7\u00e3o Policial det\u00e9m quatro pessoas por tr\u00e1fico de drogas em Santa Rita - Pol\u00edcia Militar da Para\u00edba\",\"isPartOf\":{\"@id\":\"https:\/\/www.pm.pb.gov.br\/portal\/#website\"},\"datePublished\":\"2017-10-19T20:54:59+00:00\",\"dateModified\":\"2017-10-19T20:54:59+00:00\",\"breadcrumb\":{\"@id\":\"https:\/\/www.pm.pb.gov.br\/portal\/2017\/10\/19\/operacao-policial-detem-quatro-pessoas-por-trafico-de-drogas-em-santa-rita\/#breadcrumb\"},\"inLanguage\":\"pt-BR\",\"potentialAction\":[{\"@type\":\"ReadAction\",\"target\":[\"https:\/\/www.pm.pb.gov.br\/portal\/2017\/10\/19\/operacao-policial-detem-quatro-pessoas-por-trafico-de-drogas-em-santa-rita\/\"]}]},{\"@type\":\"BreadcrumbList\",\"@id\":\"https:\/\/www.pm.pb.gov.br\/portal\/2017\/10\/19\/operacao-policial-detem-quatro-pessoas-por-trafico-de-drogas-em-santa-rita\/#breadcrumb\",\"itemListElement\":[{\"@type\":\"ListItem\",\"position\":1,\"name\":\"In\u00edcio\",\"item\":\"https:\/\/www.pm.pb.gov.br\/portal\/\"},{\"@type\":\"ListItem\",\"position\":2,\"name\":\"Opera\u00e7\u00e3o Policial det\u00e9m quatro pessoas por tr\u00e1fico de drogas em Santa Rita\"}]},{\"@type\":\"WebSite\",\"@id\":\"https:\/\/www.pm.pb.gov.br\/portal\/#website\",\"url\":\"https:\/\/www.pm.pb.gov.br\/portal\/\",\"name\":\"Pol\u00edcia Militar da Para\u00edba\",\"description\":\"\",\"publisher\":{\"@id\":\"https:\/\/www.pm.pb.gov.br\/portal\/#organization\"},\"potentialAction\":[{\"@type\":\"SearchAction\",\"target\":{\"@type\":\"EntryPoint\",\"urlTemplate\":\"https:\/\/www.pm.pb.gov.br\/portal\/?s={search_term_string}\"},\"query-input\":\"required name=search_term_string\"}],\"inLanguage\":\"pt-BR\"},{\"@type\":\"Organization\",\"@id\":\"https:\/\/www.pm.pb.gov.br\/portal\/#organization\",\"name\":\"Pol\u00edcia Militar da Para\u00edba\",\"url\":\"https:\/\/www.pm.pb.gov.br\/portal\/\",\"logo\":{\"@type\":\"ImageObject\",\"inLanguage\":\"pt-BR\",\"@id\":\"https:\/\/www.pm.pb.gov.br\/portal\/#\/schema\/logo\/image\/\",\"url\":\"https:\/\/www.pm.pb.gov.br\/portal\/wp-content\/uploads\/2025\/03\/cropped-logo-site-mag2-1.png\",\"contentUrl\":\"https:\/\/www.pm.pb.gov.br\/portal\/wp-content\/uploads\/2025\/03\/cropped-logo-site-mag2-1.png\",\"width\":320,\"height\":90,\"caption\":\"Pol\u00edcia Militar da Para\u00edba\"},\"image\":{\"@id\":\"https:\/\/www.pm.pb.gov.br\/portal\/#\/schema\/logo\/image\/\"}},{\"@type\":\"Person\",\"@id\":\"https:\/\/www.pm.pb.gov.br\/portal\/#\/schema\/person\/30d571652b38533c2211e4e89bf5a502\",\"name\":\"Marcio Gomes dos Santos\",\"image\":{\"@type\":\"ImageObject\",\"inLanguage\":\"pt-BR\",\"@id\":\"https:\/\/www.pm.pb.gov.br\/portal\/#\/schema\/person\/image\/\",\"url\":\"https:\/\/secure.gravatar.com\/avatar\/cf4ec2cb690101e1581c7773aa350c19?s=96&d=mm&r=g\",\"contentUrl\":\"https:\/\/secure.gravatar.com\/avatar\/cf4ec2cb690101e1581c7773aa350c19?s=96&d=mm&r=g\",\"caption\":\"Marcio Gomes dos Santos\"},\"url\":\"https:\/\/www.pm.pb.gov.br\/portal\/author\/mgomes\/\"}]}<\/script>\n<!-- \/ Yoast SEO plugin. -->","yoast_head_json":{"title":"Opera\u00e7\u00e3o Policial det\u00e9m quatro pessoas por tr\u00e1fico de drogas em Santa Rita - Pol\u00edcia Militar da Para\u00edba","robots":{"index":"index","follow":"follow","max-snippet":"max-snippet:-1","max-image-preview":"max-image-preview:large","max-video-preview":"max-video-preview:-1"},"canonical":"https:\/\/www.pm.pb.gov.br\/portal\/2017\/10\/19\/operacao-policial-detem-quatro-pessoas-por-trafico-de-drogas-em-santa-rita\/","og_locale":"pt_BR","og_type":"article","og_title":"Opera\u00e7\u00e3o Policial det\u00e9m quatro pessoas por tr\u00e1fico de drogas em Santa Rita - Pol\u00edcia Militar da Para\u00edba","og_description":"As Pol\u00edcias Militar e Civil da Para\u00edba, em uma a\u00e7\u00e3o conjunta, deflagraram, na manh\u00e3 desta quinta-feira (19), a Opera\u00e7\u00e3o Liberdade.","og_url":"https:\/\/www.pm.pb.gov.br\/portal\/2017\/10\/19\/operacao-policial-detem-quatro-pessoas-por-trafico-de-drogas-em-santa-rita\/","og_site_name":"Pol\u00edcia Militar da Para\u00edba","article_published_time":"2017-10-19T20:54:59+00:00","og_image":[{"width":800,"height":445,"url":"https:\/\/www.pm.pb.gov.br\/portal\/wp-content\/uploads\/2017\/10\/OPERA\u00c7\u00c3O-LIBERDADE.jpg","type":"image\/jpeg"}],"author":"Marcio Gomes dos Santos","twitter_card":"summary_large_image","twitter_misc":{"Escrito por":"Marcio Gomes dos Santos","Est. tempo de leitura":"1 minuto"},"schema":{"@context":"https:\/\/schema.org","@graph":[{"@type":"Article","@id":"https:\/\/www.pm.pb.gov.br\/portal\/2017\/10\/19\/operacao-policial-detem-quatro-pessoas-por-trafico-de-drogas-em-santa-rita\/#article","isPartOf":{"@id":"https:\/\/www.pm.pb.gov.br\/portal\/2017\/10\/19\/operacao-policial-detem-quatro-pessoas-por-trafico-de-drogas-em-santa-rita\/"},"author":{"name":"Marcio Gomes dos Santos","@id":"https:\/\/www.pm.pb.gov.br\/portal\/#\/schema\/person\/30d571652b38533c2211e4e89bf5a502"},"headline":"Opera\u00e7\u00e3o Policial det\u00e9m quatro pessoas por tr\u00e1fico de drogas em Santa Rita","datePublished":"2017-10-19T20:54:59+00:00","dateModified":"2017-10-19T20:54:59+00:00","mainEntityOfPage":{"@id":"https:\/\/www.pm.pb.gov.br\/portal\/2017\/10\/19\/operacao-policial-detem-quatro-pessoas-por-trafico-de-drogas-em-santa-rita\/"},"wordCount":240,"publisher":{"@id":"https:\/\/www.pm.pb.gov.br\/portal\/#organization"},"articleSection":["A\u00e7\u00f5es Policiais"],"inLanguage":"pt-BR"},{"@type":"WebPage","@id":"https:\/\/www.pm.pb.gov.br\/portal\/2017\/10\/19\/operacao-policial-detem-quatro-pessoas-por-trafico-de-drogas-em-santa-rita\/","url":"https:\/\/www.pm.pb.gov.br\/portal\/2017\/10\/19\/operacao-policial-detem-quatro-pessoas-por-trafico-de-drogas-em-santa-rita\/","name":"Opera\u00e7\u00e3o Policial det\u00e9m quatro pessoas por tr\u00e1fico de drogas em Santa Rita - Pol\u00edcia Militar da Para\u00edba","isPartOf":{"@id":"https:\/\/www.pm.pb.gov.br\/portal\/#website"},"datePublished":"2017-10-19T20:54:59+00:00","dateModified":"2017-10-19T20:54:59+00:00","breadcrumb":{"@id":"https:\/\/www.pm.pb.gov.br\/portal\/2017\/10\/19\/operacao-policial-detem-quatro-pessoas-por-trafico-de-drogas-em-santa-rita\/#breadcrumb"},"inLanguage":"pt-BR","potentialAction":[{"@type":"ReadAction","target":["https:\/\/www.pm.pb.gov.br\/portal\/2017\/10\/19\/operacao-policial-detem-quatro-pessoas-por-trafico-de-drogas-em-santa-rita\/"]}]},{"@type":"BreadcrumbList","@id":"https:\/\/www.pm.pb.gov.br\/portal\/2017\/10\/19\/operacao-policial-detem-quatro-pessoas-por-trafico-de-drogas-em-santa-rita\/#breadcrumb","itemListElement":[{"@type":"ListItem","position":1,"name":"In\u00edcio","item":"https:\/\/www.pm.pb.gov.br\/portal\/"},{"@type":"ListItem","position":2,"name":"Opera\u00e7\u00e3o Policial det\u00e9m quatro pessoas por tr\u00e1fico de drogas em Santa Rita"}]},{"@type":"WebSite","@id":"https:\/\/www.pm.pb.gov.br\/portal\/#website","url":"https:\/\/www.pm.pb.gov.br\/portal\/","name":"Pol\u00edcia Militar da Para\u00edba","description":"","publisher":{"@id":"https:\/\/www.pm.pb.gov.br\/portal\/#organization"},"potentialAction":[{"@type":"SearchAction","target":{"@type":"EntryPoint","urlTemplate":"https:\/\/www.pm.pb.gov.br\/portal\/?s={search_term_string}"},"query-input":"required name=search_term_string"}],"inLanguage":"pt-BR"},{"@type":"Organization","@id":"https:\/\/www.pm.pb.gov.br\/portal\/#organization","name":"Pol\u00edcia Militar da Para\u00edba","url":"https:\/\/www.pm.pb.gov.br\/portal\/","logo":{"@type":"ImageObject","inLanguage":"pt-BR","@id":"https:\/\/www.pm.pb.gov.br\/portal\/#\/schema\/logo\/image\/","url":"https:\/\/www.pm.pb.gov.br\/portal\/wp-content\/uploads\/2025\/03\/cropped-logo-site-mag2-1.png","contentUrl":"https:\/\/www.pm.pb.gov.br\/portal\/wp-content\/uploads\/2025\/03\/cropped-logo-site-mag2-1.png","width":320,"height":90,"caption":"Pol\u00edcia Militar da Para\u00edba"},"image":{"@id":"https:\/\/www.pm.pb.gov.br\/portal\/#\/schema\/logo\/image\/"}},{"@type":"Person","@id":"https:\/\/www.pm.pb.gov.br\/portal\/#\/schema\/person\/30d571652b38533c2211e4e89bf5a502","name":"Marcio Gomes dos Santos","image":{"@type":"ImageObject","inLanguage":"pt-BR","@id":"https:\/\/www.pm.pb.gov.br\/portal\/#\/schema\/person\/image\/","url":"https:\/\/secure.gravatar.com\/avatar\/cf4ec2cb690101e1581c7773aa350c19?s=96&d=mm&r=g","contentUrl":"https:\/\/secure.gravatar.com\/avatar\/cf4ec2cb690101e1581c7773aa350c19?s=96&d=mm&r=g","caption":"Marcio Gomes dos Santos"},"url":"https:\/\/www.pm.pb.gov.br\/portal\/author\/mgomes\/"}]}},"_links":{"self":[{"href":"https:\/\/www.pm.pb.gov.br\/portal\/wp-json\/wp\/v2\/posts\/895697"}],"collection":[{"href":"https:\/\/www.pm.pb.gov.br\/portal\/wp-json\/wp\/v2\/posts"}],"about":[{"href":"https:\/\/www.pm.pb.gov.br\/portal\/wp-json\/wp\/v2\/types\/post"}],"author":[{"embeddable":true,"href":"https:\/\/www.pm.pb.gov.br\/portal\/wp-json\/wp\/v2\/users\/15"}],"replies":[{"embeddable":true,"href":"https:\/\/www.pm.pb.gov.br\/portal\/wp-json\/wp\/v2\/comments?post=895697"}],"version-history":[{"count":2,"href":"https:\/\/www.pm.pb.gov.br\/portal\/wp-json\/wp\/v2\/posts\/895697\/revisions"}],"predecessor-version":[{"id":895700,"href":"https:\/\/www.pm.pb.gov.br\/portal\/wp-json\/wp\/v2\/posts\/895697\/revisions\/895700"}],"wp:featuredmedia":[{"embeddable":true,"href":"https:\/\/www.pm.pb.gov.br\/portal\/wp-json\/wp\/v2\/media\/895698"}],"wp:attachment":[{"href":"https:\/\/www.pm.pb.gov.br\/portal\/wp-json\/wp\/v2\/media?parent=895697"}],"wp:term":[{"taxonomy":"category","embeddable":true,"href":"https:\/\/www.pm.pb.gov.br\/portal\/wp-json\/wp\/v2\/categories?post=895697"},{"taxonomy":"post_tag","embeddable":true,"href":"https:\/\/www.pm.pb.gov.br\/portal\/wp-json\/wp\/v2\/tags?post=895697"}],"curies":[{"name":"wp","href":"https:\/\/api.w.org\/{rel}","templated":true}]}}