{"id":895692,"date":"2017-10-18T17:26:51","date_gmt":"2017-10-18T20:26:51","guid":{"rendered":"http:\/\/www.pm.pb.gov.br\/portal\/?p=895692"},"modified":"2017-10-18T17:26:51","modified_gmt":"2017-10-18T20:26:51","slug":"policia-militar-prende-tres-suspeitos-com-dois-revolveres-e-um-simulacro-de-fuzil-em-dois-bairros-da-capital","status":"publish","type":"post","link":"https:\/\/www.pm.pb.gov.br\/portal\/2017\/10\/18\/policia-militar-prende-tres-suspeitos-com-dois-revolveres-e-um-simulacro-de-fuzil-em-dois-bairros-da-capital\/","title":{"rendered":"Pol\u00edcia Militar prende tr\u00eas suspeitos com dois rev\u00f3lveres e um simulacro de fuzil em dois bairros da capital"},"content":{"rendered":"<p style=\"text-align: justify;\">Tr\u00eas homens foram presos em flagrante pela Pol\u00edcia Militar, na tarde desta quarta-feira (18), com dois rev\u00f3lveres e um simulacro de fuzil Calibre 5,56. As pris\u00f5es aconteceram em dois bairros de Jo\u00e3o Pessoa.<\/p>\n<p style=\"text-align: justify;\">\n<p style=\"text-align: justify;\">Policias militares do 5\u00ba Batalh\u00e3o estavam realizando rondas no bairro de Mangabeira VII, quando abordaram um ve\u00edculo com dois suspeitos e, ap\u00f3s realizarem uma revista, foi apreendido um rev\u00f3lver calibre 38 com seis muni\u00e7\u00f5es e um simulacro de fuzil calibre 5,56. Os suspeitos t\u00eam 18 e 25 anos de idade e residem na comunidade do Baleado, em Cruz das Armas. A outra arma foi localizada ap\u00f3s os policiais realizarem dilig\u00eancias na mesma comunidade, quando se depararam com um jovem de 18 anos em atitude suspeita e, ao abord\u00e1-lo, constataram que ele estava portando um rev\u00f3lver calibre 32 com seis muni\u00e7\u00f5es.<\/p>\n<p style=\"text-align: justify;\">\n<p style=\"text-align: justify;\">Os tr\u00eas suspeitos e as armas apreendidas foram conduzidos \u00e0 Central de Flagrantes, no bairro do Geisel.<\/p>\n","protected":false},"excerpt":{"rendered":"<p>Tr\u00eas homens foram presos em flagrante pela Pol\u00edcia Militar, na tarde desta quarta-feira (18), com dois rev\u00f3lveres e um simulacro<\/p>\n","protected":false},"author":15,"featured_media":895695,"comment_status":"closed","ping_status":"closed","sticky":false,"template":"","format":"standard","meta":{"_exactmetrics_skip_tracking":false,"_exactmetrics_sitenote_active":false,"_exactmetrics_sitenote_note":"","_exactmetrics_sitenote_category":0,"footnotes":""},"categories":[4],"tags":[],"yoast_head":"<!-- This site is optimized with the Yoast SEO plugin v22.0 - https:\/\/yoast.com\/wordpress\/plugins\/seo\/ -->\n<title>Pol\u00edcia Militar prende tr\u00eas suspeitos com dois rev\u00f3lveres e um simulacro de fuzil em dois bairros da capital - Pol\u00edcia Militar da Para\u00edba<\/title>\n<meta name=\"robots\" content=\"index, follow, max-snippet:-1, max-image-preview:large, max-video-preview:-1\" \/>\n<link rel=\"canonical\" href=\"https:\/\/www.pm.pb.gov.br\/portal\/2017\/10\/18\/policia-militar-prende-tres-suspeitos-com-dois-revolveres-e-um-simulacro-de-fuzil-em-dois-bairros-da-capital\/\" \/>\n<meta property=\"og:locale\" content=\"pt_BR\" \/>\n<meta property=\"og:type\" content=\"article\" \/>\n<meta property=\"og:title\" content=\"Pol\u00edcia Militar prende tr\u00eas suspeitos com dois rev\u00f3lveres e um simulacro de fuzil em dois bairros da capital - Pol\u00edcia Militar da Para\u00edba\" \/>\n<meta property=\"og:description\" content=\"Tr\u00eas homens foram presos em flagrante pela Pol\u00edcia Militar, na tarde desta quarta-feira (18), com dois rev\u00f3lveres e um simulacro\" \/>\n<meta property=\"og:url\" content=\"https:\/\/www.pm.pb.gov.br\/portal\/2017\/10\/18\/policia-militar-prende-tres-suspeitos-com-dois-revolveres-e-um-simulacro-de-fuzil-em-dois-bairros-da-capital\/\" \/>\n<meta property=\"og:site_name\" content=\"Pol\u00edcia Militar da Para\u00edba\" \/>\n<meta property=\"article:published_time\" content=\"2017-10-18T20:26:51+00:00\" \/>\n<meta property=\"og:image\" content=\"https:\/\/www.pm.pb.gov.br\/portal\/wp-content\/uploads\/2017\/10\/armas-18-10-2017-1.jpeg\" \/>\n\t<meta property=\"og:image:width\" content=\"800\" \/>\n\t<meta property=\"og:image:height\" content=\"445\" \/>\n\t<meta property=\"og:image:type\" content=\"image\/jpeg\" \/>\n<meta name=\"author\" content=\"Marcio Gomes dos Santos\" \/>\n<meta name=\"twitter:card\" content=\"summary_large_image\" \/>\n<meta name=\"twitter:label1\" content=\"Escrito por\" \/>\n\t<meta name=\"twitter:data1\" content=\"Marcio Gomes dos Santos\" \/>\n\t<meta name=\"twitter:label2\" content=\"Est. tempo de leitura\" \/>\n\t<meta name=\"twitter:data2\" content=\"1 minuto\" \/>\n<script type=\"application\/ld+json\" class=\"yoast-schema-graph\">{\"@context\":\"https:\/\/schema.org\",\"@graph\":[{\"@type\":\"Article\",\"@id\":\"https:\/\/www.pm.pb.gov.br\/portal\/2017\/10\/18\/policia-militar-prende-tres-suspeitos-com-dois-revolveres-e-um-simulacro-de-fuzil-em-dois-bairros-da-capital\/#article\",\"isPartOf\":{\"@id\":\"https:\/\/www.pm.pb.gov.br\/portal\/2017\/10\/18\/policia-militar-prende-tres-suspeitos-com-dois-revolveres-e-um-simulacro-de-fuzil-em-dois-bairros-da-capital\/\"},\"author\":{\"name\":\"Marcio Gomes dos Santos\",\"@id\":\"https:\/\/www.pm.pb.gov.br\/portal\/#\/schema\/person\/30d571652b38533c2211e4e89bf5a502\"},\"headline\":\"Pol\u00edcia Militar prende tr\u00eas suspeitos com dois rev\u00f3lveres e um simulacro de fuzil em dois bairros da capital\",\"datePublished\":\"2017-10-18T20:26:51+00:00\",\"dateModified\":\"2017-10-18T20:26:51+00:00\",\"mainEntityOfPage\":{\"@id\":\"https:\/\/www.pm.pb.gov.br\/portal\/2017\/10\/18\/policia-militar-prende-tres-suspeitos-com-dois-revolveres-e-um-simulacro-de-fuzil-em-dois-bairros-da-capital\/\"},\"wordCount\":178,\"publisher\":{\"@id\":\"https:\/\/www.pm.pb.gov.br\/portal\/#organization\"},\"articleSection\":[\"A\u00e7\u00f5es Policiais\"],\"inLanguage\":\"pt-BR\"},{\"@type\":\"WebPage\",\"@id\":\"https:\/\/www.pm.pb.gov.br\/portal\/2017\/10\/18\/policia-militar-prende-tres-suspeitos-com-dois-revolveres-e-um-simulacro-de-fuzil-em-dois-bairros-da-capital\/\",\"url\":\"https:\/\/www.pm.pb.gov.br\/portal\/2017\/10\/18\/policia-militar-prende-tres-suspeitos-com-dois-revolveres-e-um-simulacro-de-fuzil-em-dois-bairros-da-capital\/\",\"name\":\"Pol\u00edcia Militar prende tr\u00eas suspeitos com dois rev\u00f3lveres e um simulacro de fuzil em dois bairros da capital - Pol\u00edcia Militar da Para\u00edba\",\"isPartOf\":{\"@id\":\"https:\/\/www.pm.pb.gov.br\/portal\/#website\"},\"datePublished\":\"2017-10-18T20:26:51+00:00\",\"dateModified\":\"2017-10-18T20:26:51+00:00\",\"breadcrumb\":{\"@id\":\"https:\/\/www.pm.pb.gov.br\/portal\/2017\/10\/18\/policia-militar-prende-tres-suspeitos-com-dois-revolveres-e-um-simulacro-de-fuzil-em-dois-bairros-da-capital\/#breadcrumb\"},\"inLanguage\":\"pt-BR\",\"potentialAction\":[{\"@type\":\"ReadAction\",\"target\":[\"https:\/\/www.pm.pb.gov.br\/portal\/2017\/10\/18\/policia-militar-prende-tres-suspeitos-com-dois-revolveres-e-um-simulacro-de-fuzil-em-dois-bairros-da-capital\/\"]}]},{\"@type\":\"BreadcrumbList\",\"@id\":\"https:\/\/www.pm.pb.gov.br\/portal\/2017\/10\/18\/policia-militar-prende-tres-suspeitos-com-dois-revolveres-e-um-simulacro-de-fuzil-em-dois-bairros-da-capital\/#breadcrumb\",\"itemListElement\":[{\"@type\":\"ListItem\",\"position\":1,\"name\":\"In\u00edcio\",\"item\":\"https:\/\/www.pm.pb.gov.br\/portal\/\"},{\"@type\":\"ListItem\",\"position\":2,\"name\":\"Pol\u00edcia Militar prende tr\u00eas suspeitos com dois rev\u00f3lveres e um simulacro de fuzil em dois bairros da capital\"}]},{\"@type\":\"WebSite\",\"@id\":\"https:\/\/www.pm.pb.gov.br\/portal\/#website\",\"url\":\"https:\/\/www.pm.pb.gov.br\/portal\/\",\"name\":\"Pol\u00edcia Militar da Para\u00edba\",\"description\":\"\",\"publisher\":{\"@id\":\"https:\/\/www.pm.pb.gov.br\/portal\/#organization\"},\"potentialAction\":[{\"@type\":\"SearchAction\",\"target\":{\"@type\":\"EntryPoint\",\"urlTemplate\":\"https:\/\/www.pm.pb.gov.br\/portal\/?s={search_term_string}\"},\"query-input\":\"required name=search_term_string\"}],\"inLanguage\":\"pt-BR\"},{\"@type\":\"Organization\",\"@id\":\"https:\/\/www.pm.pb.gov.br\/portal\/#organization\",\"name\":\"Pol\u00edcia Militar da Para\u00edba\",\"url\":\"https:\/\/www.pm.pb.gov.br\/portal\/\",\"logo\":{\"@type\":\"ImageObject\",\"inLanguage\":\"pt-BR\",\"@id\":\"https:\/\/www.pm.pb.gov.br\/portal\/#\/schema\/logo\/image\/\",\"url\":\"https:\/\/www.pm.pb.gov.br\/portal\/wp-content\/uploads\/2025\/03\/cropped-logo-site-mag2-1.png\",\"contentUrl\":\"https:\/\/www.pm.pb.gov.br\/portal\/wp-content\/uploads\/2025\/03\/cropped-logo-site-mag2-1.png\",\"width\":320,\"height\":90,\"caption\":\"Pol\u00edcia Militar da Para\u00edba\"},\"image\":{\"@id\":\"https:\/\/www.pm.pb.gov.br\/portal\/#\/schema\/logo\/image\/\"}},{\"@type\":\"Person\",\"@id\":\"https:\/\/www.pm.pb.gov.br\/portal\/#\/schema\/person\/30d571652b38533c2211e4e89bf5a502\",\"name\":\"Marcio Gomes dos Santos\",\"image\":{\"@type\":\"ImageObject\",\"inLanguage\":\"pt-BR\",\"@id\":\"https:\/\/www.pm.pb.gov.br\/portal\/#\/schema\/person\/image\/\",\"url\":\"https:\/\/secure.gravatar.com\/avatar\/cf4ec2cb690101e1581c7773aa350c19?s=96&d=mm&r=g\",\"contentUrl\":\"https:\/\/secure.gravatar.com\/avatar\/cf4ec2cb690101e1581c7773aa350c19?s=96&d=mm&r=g\",\"caption\":\"Marcio Gomes dos Santos\"},\"url\":\"https:\/\/www.pm.pb.gov.br\/portal\/author\/mgomes\/\"}]}<\/script>\n<!-- \/ Yoast SEO plugin. -->","yoast_head_json":{"title":"Pol\u00edcia Militar prende tr\u00eas suspeitos com dois rev\u00f3lveres e um simulacro de fuzil em dois bairros da capital - Pol\u00edcia Militar da Para\u00edba","robots":{"index":"index","follow":"follow","max-snippet":"max-snippet:-1","max-image-preview":"max-image-preview:large","max-video-preview":"max-video-preview:-1"},"canonical":"https:\/\/www.pm.pb.gov.br\/portal\/2017\/10\/18\/policia-militar-prende-tres-suspeitos-com-dois-revolveres-e-um-simulacro-de-fuzil-em-dois-bairros-da-capital\/","og_locale":"pt_BR","og_type":"article","og_title":"Pol\u00edcia Militar prende tr\u00eas suspeitos com dois rev\u00f3lveres e um simulacro de fuzil em dois bairros da capital - Pol\u00edcia Militar da Para\u00edba","og_description":"Tr\u00eas homens foram presos em flagrante pela Pol\u00edcia Militar, na tarde desta quarta-feira (18), com dois rev\u00f3lveres e um simulacro","og_url":"https:\/\/www.pm.pb.gov.br\/portal\/2017\/10\/18\/policia-militar-prende-tres-suspeitos-com-dois-revolveres-e-um-simulacro-de-fuzil-em-dois-bairros-da-capital\/","og_site_name":"Pol\u00edcia Militar da Para\u00edba","article_published_time":"2017-10-18T20:26:51+00:00","og_image":[{"width":800,"height":445,"url":"https:\/\/www.pm.pb.gov.br\/portal\/wp-content\/uploads\/2017\/10\/armas-18-10-2017-1.jpeg","type":"image\/jpeg"}],"author":"Marcio Gomes dos Santos","twitter_card":"summary_large_image","twitter_misc":{"Escrito por":"Marcio Gomes dos Santos","Est. tempo de leitura":"1 minuto"},"schema":{"@context":"https:\/\/schema.org","@graph":[{"@type":"Article","@id":"https:\/\/www.pm.pb.gov.br\/portal\/2017\/10\/18\/policia-militar-prende-tres-suspeitos-com-dois-revolveres-e-um-simulacro-de-fuzil-em-dois-bairros-da-capital\/#article","isPartOf":{"@id":"https:\/\/www.pm.pb.gov.br\/portal\/2017\/10\/18\/policia-militar-prende-tres-suspeitos-com-dois-revolveres-e-um-simulacro-de-fuzil-em-dois-bairros-da-capital\/"},"author":{"name":"Marcio Gomes dos Santos","@id":"https:\/\/www.pm.pb.gov.br\/portal\/#\/schema\/person\/30d571652b38533c2211e4e89bf5a502"},"headline":"Pol\u00edcia Militar prende tr\u00eas suspeitos com dois rev\u00f3lveres e um simulacro de fuzil em dois bairros da capital","datePublished":"2017-10-18T20:26:51+00:00","dateModified":"2017-10-18T20:26:51+00:00","mainEntityOfPage":{"@id":"https:\/\/www.pm.pb.gov.br\/portal\/2017\/10\/18\/policia-militar-prende-tres-suspeitos-com-dois-revolveres-e-um-simulacro-de-fuzil-em-dois-bairros-da-capital\/"},"wordCount":178,"publisher":{"@id":"https:\/\/www.pm.pb.gov.br\/portal\/#organization"},"articleSection":["A\u00e7\u00f5es Policiais"],"inLanguage":"pt-BR"},{"@type":"WebPage","@id":"https:\/\/www.pm.pb.gov.br\/portal\/2017\/10\/18\/policia-militar-prende-tres-suspeitos-com-dois-revolveres-e-um-simulacro-de-fuzil-em-dois-bairros-da-capital\/","url":"https:\/\/www.pm.pb.gov.br\/portal\/2017\/10\/18\/policia-militar-prende-tres-suspeitos-com-dois-revolveres-e-um-simulacro-de-fuzil-em-dois-bairros-da-capital\/","name":"Pol\u00edcia Militar prende tr\u00eas suspeitos com dois rev\u00f3lveres e um simulacro de fuzil em dois bairros da capital - Pol\u00edcia Militar da Para\u00edba","isPartOf":{"@id":"https:\/\/www.pm.pb.gov.br\/portal\/#website"},"datePublished":"2017-10-18T20:26:51+00:00","dateModified":"2017-10-18T20:26:51+00:00","breadcrumb":{"@id":"https:\/\/www.pm.pb.gov.br\/portal\/2017\/10\/18\/policia-militar-prende-tres-suspeitos-com-dois-revolveres-e-um-simulacro-de-fuzil-em-dois-bairros-da-capital\/#breadcrumb"},"inLanguage":"pt-BR","potentialAction":[{"@type":"ReadAction","target":["https:\/\/www.pm.pb.gov.br\/portal\/2017\/10\/18\/policia-militar-prende-tres-suspeitos-com-dois-revolveres-e-um-simulacro-de-fuzil-em-dois-bairros-da-capital\/"]}]},{"@type":"BreadcrumbList","@id":"https:\/\/www.pm.pb.gov.br\/portal\/2017\/10\/18\/policia-militar-prende-tres-suspeitos-com-dois-revolveres-e-um-simulacro-de-fuzil-em-dois-bairros-da-capital\/#breadcrumb","itemListElement":[{"@type":"ListItem","position":1,"name":"In\u00edcio","item":"https:\/\/www.pm.pb.gov.br\/portal\/"},{"@type":"ListItem","position":2,"name":"Pol\u00edcia Militar prende tr\u00eas suspeitos com dois rev\u00f3lveres e um simulacro de fuzil em dois bairros da capital"}]},{"@type":"WebSite","@id":"https:\/\/www.pm.pb.gov.br\/portal\/#website","url":"https:\/\/www.pm.pb.gov.br\/portal\/","name":"Pol\u00edcia Militar da Para\u00edba","description":"","publisher":{"@id":"https:\/\/www.pm.pb.gov.br\/portal\/#organization"},"potentialAction":[{"@type":"SearchAction","target":{"@type":"EntryPoint","urlTemplate":"https:\/\/www.pm.pb.gov.br\/portal\/?s={search_term_string}"},"query-input":"required name=search_term_string"}],"inLanguage":"pt-BR"},{"@type":"Organization","@id":"https:\/\/www.pm.pb.gov.br\/portal\/#organization","name":"Pol\u00edcia Militar da Para\u00edba","url":"https:\/\/www.pm.pb.gov.br\/portal\/","logo":{"@type":"ImageObject","inLanguage":"pt-BR","@id":"https:\/\/www.pm.pb.gov.br\/portal\/#\/schema\/logo\/image\/","url":"https:\/\/www.pm.pb.gov.br\/portal\/wp-content\/uploads\/2025\/03\/cropped-logo-site-mag2-1.png","contentUrl":"https:\/\/www.pm.pb.gov.br\/portal\/wp-content\/uploads\/2025\/03\/cropped-logo-site-mag2-1.png","width":320,"height":90,"caption":"Pol\u00edcia Militar da Para\u00edba"},"image":{"@id":"https:\/\/www.pm.pb.gov.br\/portal\/#\/schema\/logo\/image\/"}},{"@type":"Person","@id":"https:\/\/www.pm.pb.gov.br\/portal\/#\/schema\/person\/30d571652b38533c2211e4e89bf5a502","name":"Marcio Gomes dos Santos","image":{"@type":"ImageObject","inLanguage":"pt-BR","@id":"https:\/\/www.pm.pb.gov.br\/portal\/#\/schema\/person\/image\/","url":"https:\/\/secure.gravatar.com\/avatar\/cf4ec2cb690101e1581c7773aa350c19?s=96&d=mm&r=g","contentUrl":"https:\/\/secure.gravatar.com\/avatar\/cf4ec2cb690101e1581c7773aa350c19?s=96&d=mm&r=g","caption":"Marcio Gomes dos Santos"},"url":"https:\/\/www.pm.pb.gov.br\/portal\/author\/mgomes\/"}]}},"_links":{"self":[{"href":"https:\/\/www.pm.pb.gov.br\/portal\/wp-json\/wp\/v2\/posts\/895692"}],"collection":[{"href":"https:\/\/www.pm.pb.gov.br\/portal\/wp-json\/wp\/v2\/posts"}],"about":[{"href":"https:\/\/www.pm.pb.gov.br\/portal\/wp-json\/wp\/v2\/types\/post"}],"author":[{"embeddable":true,"href":"https:\/\/www.pm.pb.gov.br\/portal\/wp-json\/wp\/v2\/users\/15"}],"replies":[{"embeddable":true,"href":"https:\/\/www.pm.pb.gov.br\/portal\/wp-json\/wp\/v2\/comments?post=895692"}],"version-history":[{"count":1,"href":"https:\/\/www.pm.pb.gov.br\/portal\/wp-json\/wp\/v2\/posts\/895692\/revisions"}],"predecessor-version":[{"id":895694,"href":"https:\/\/www.pm.pb.gov.br\/portal\/wp-json\/wp\/v2\/posts\/895692\/revisions\/895694"}],"wp:featuredmedia":[{"embeddable":true,"href":"https:\/\/www.pm.pb.gov.br\/portal\/wp-json\/wp\/v2\/media\/895695"}],"wp:attachment":[{"href":"https:\/\/www.pm.pb.gov.br\/portal\/wp-json\/wp\/v2\/media?parent=895692"}],"wp:term":[{"taxonomy":"category","embeddable":true,"href":"https:\/\/www.pm.pb.gov.br\/portal\/wp-json\/wp\/v2\/categories?post=895692"},{"taxonomy":"post_tag","embeddable":true,"href":"https:\/\/www.pm.pb.gov.br\/portal\/wp-json\/wp\/v2\/tags?post=895692"}],"curies":[{"name":"wp","href":"https:\/\/api.w.org\/{rel}","templated":true}]}}