{"id":895690,"date":"2017-10-17T12:14:14","date_gmt":"2017-10-17T15:14:14","guid":{"rendered":"http:\/\/www.pm.pb.gov.br\/portal\/?p=895690"},"modified":"2017-10-18T12:51:18","modified_gmt":"2017-10-18T15:51:18","slug":"acao-conjunta-prende-suspeitos-de-trafico-e-porte-ilegal-de-arma-na-pb-e-pe","status":"publish","type":"post","link":"https:\/\/www.pm.pb.gov.br\/portal\/2017\/10\/17\/acao-conjunta-prende-suspeitos-de-trafico-e-porte-ilegal-de-arma-na-pb-e-pe\/","title":{"rendered":"A\u00e7\u00e3o conjunta prende suspeitos de tr\u00e1fico e porte ilegal de arma na PB e PE"},"content":{"rendered":"<p>As Pol\u00edcias Militar e Civil da Para\u00edba realizaram, na manh\u00e3 desta ter\u00e7a-feira (17), a Opera\u00e7\u00e3o Al\u00e9m Divisa, que resultou na pris\u00e3o de quatro pessoas na 15\u00aa \u00c1rea Integrada de Seguran\u00e7a P\u00fablica (Aisp), com sede em Patos. A a\u00e7\u00e3o deu cumprimento a nove mandados de busca e apreens\u00e3o, decorrentes de investiga\u00e7\u00e3o criminal que apura a pr\u00e1tica de tr\u00e1fico de drogas e posse\/porte ilegal de arma de fogo na comarca de Teixeira e munic\u00edpios circunvizinhos.<\/p>\n<p>O trabalho contou com aproximadamente 70 policiais civis e militares, que realizaram dilig\u00eancias em Teixeira e Desterro, na Para\u00edba, e Brejinho, em Pernambuco. Foram presos em Teixeira Alexandre Ferreira da Silva, 21 anos, ele portava duas espingardas de calibre indefinido, p\u00f3lvora, chumbo e cartucheira; Robson Aires, 29 anos, em posse de cinco muni\u00e7\u00f5es calibre .38; Pedro Oliveira Bernardo, 53 anos, em posse de uma espingarda calibre 12, um rev\u00f3lver calibre .38, 21 muni\u00e7\u00f5es intactas de .38, tr\u00eas muni\u00e7\u00f5es intactas de calibre .12 e cinco muni\u00e7\u00f5es intactas .32.<\/p>\n<p>Foi preso ainda em Brejinho, Jos\u00e9 Anselmo Moura de Lima, 50 anos, em posse de duas espingardas de calibre indefinido, 45 muni\u00e7\u00f5es intactas de calibre 20, uma muni\u00e7\u00e3o intacta de calibre .38, chumbo e p\u00f3lvora.<\/p>\n<p>Todos os presos foram autuados em flagrante por posse ilegal de arma de fogo de uso permitido, sendo postos em liberdade ap\u00f3s o recolhimento de fian\u00e7a.<\/p>\n<p>&nbsp;<\/p>\n<p>&nbsp;<\/p>\n<p>&nbsp;<\/p>\n<p>&nbsp;<\/p>\n<p>&nbsp;<\/p>\n<p>&nbsp;<\/p>\n<p>&nbsp;<\/p>\n<p>&nbsp;<\/p>\n<p>&nbsp;<\/p>\n<p>&nbsp;<\/p>\n<p>&nbsp;<\/p>\n<p>&nbsp;<\/p>\n<p>&nbsp;<\/p>\n<p>&nbsp;<\/p>\n<p>&nbsp;<\/p>\n<p>&nbsp;<\/p>\n<p>&nbsp;<\/p>\n<p>&nbsp;<\/p>\n<p>&nbsp;<\/p>\n<p>&nbsp;<\/p>\n<p>&nbsp;<\/p>\n<p>&nbsp;<\/p>\n<p>&nbsp;<\/p>\n<p>&nbsp;<\/p>\n<p>&nbsp;<\/p>\n<p>&nbsp;<\/p>\n<p>&nbsp;<\/p>\n<p>&nbsp;<\/p>\n<p>&nbsp;<\/p>\n<p>&nbsp;<\/p>\n<p>&nbsp;<\/p>\n<p>&nbsp;<\/p>\n<p>&nbsp;<\/p>\n<p>&nbsp;<\/p>\n<p>&nbsp;<\/p>\n<p>&nbsp;<\/p>\n<p>&nbsp;<\/p>\n<p>&nbsp;<\/p>\n<p>&nbsp;<\/p>\n<p>&nbsp;<\/p>\n<p>&nbsp;<\/p>\n<p>&nbsp;<\/p>\n<p>&nbsp;<\/p>\n<p>&nbsp;<\/p>\n<p>&nbsp;<\/p>\n<p>&nbsp;<\/p>\n<p>&nbsp;<\/p>\n<p>&nbsp;<\/p>\n<p>&nbsp;<\/p>\n<p>&nbsp;<\/p>\n<p>&nbsp;<\/p>\n<p>&nbsp;<\/p>\n<p>&nbsp;<\/p>\n<p>&nbsp;<\/p>\n<p>&nbsp;<\/p>\n<p>&nbsp;<\/p>\n<p>&nbsp;<\/p>\n","protected":false},"excerpt":{"rendered":"<p>As Pol\u00edcias Militar e Civil da Para\u00edba realizaram, na manh\u00e3 desta ter\u00e7a-feira (17), a Opera\u00e7\u00e3o Al\u00e9m Divisa, que resultou na<\/p>\n","protected":false},"author":11,"featured_media":895192,"comment_status":"closed","ping_status":"closed","sticky":false,"template":"","format":"standard","meta":{"_exactmetrics_skip_tracking":false,"_exactmetrics_sitenote_active":false,"_exactmetrics_sitenote_note":"","_exactmetrics_sitenote_category":0,"footnotes":""},"categories":[4],"tags":[],"yoast_head":"<!-- This site is optimized with the Yoast SEO plugin v22.0 - https:\/\/yoast.com\/wordpress\/plugins\/seo\/ -->\n<title>A\u00e7\u00e3o conjunta prende suspeitos de tr\u00e1fico e porte ilegal de arma na PB e PE - Pol\u00edcia Militar da Para\u00edba<\/title>\n<meta name=\"robots\" content=\"index, follow, max-snippet:-1, max-image-preview:large, max-video-preview:-1\" \/>\n<link rel=\"canonical\" href=\"https:\/\/www.pm.pb.gov.br\/portal\/2017\/10\/17\/acao-conjunta-prende-suspeitos-de-trafico-e-porte-ilegal-de-arma-na-pb-e-pe\/\" \/>\n<meta property=\"og:locale\" content=\"pt_BR\" \/>\n<meta property=\"og:type\" content=\"article\" \/>\n<meta property=\"og:title\" content=\"A\u00e7\u00e3o conjunta prende suspeitos de tr\u00e1fico e porte ilegal de arma na PB e PE - Pol\u00edcia Militar da Para\u00edba\" \/>\n<meta property=\"og:description\" content=\"As Pol\u00edcias Militar e Civil da Para\u00edba realizaram, na manh\u00e3 desta ter\u00e7a-feira (17), a Opera\u00e7\u00e3o Al\u00e9m Divisa, que resultou na\" \/>\n<meta property=\"og:url\" content=\"https:\/\/www.pm.pb.gov.br\/portal\/2017\/10\/17\/acao-conjunta-prende-suspeitos-de-trafico-e-porte-ilegal-de-arma-na-pb-e-pe\/\" \/>\n<meta property=\"og:site_name\" content=\"Pol\u00edcia Militar da Para\u00edba\" \/>\n<meta property=\"article:published_time\" content=\"2017-10-17T15:14:14+00:00\" \/>\n<meta property=\"article:modified_time\" content=\"2017-10-18T15:51:18+00:00\" \/>\n<meta property=\"og:image\" content=\"https:\/\/www.pm.pb.gov.br\/portal\/wp-content\/uploads\/2017\/09\/pmpb_logo_materia-1.jpg\" \/>\n\t<meta property=\"og:image:width\" content=\"800\" \/>\n\t<meta property=\"og:image:height\" content=\"445\" \/>\n\t<meta property=\"og:image:type\" content=\"image\/jpeg\" \/>\n<meta name=\"author\" content=\"Hermerson Pedro\" \/>\n<meta name=\"twitter:card\" content=\"summary_large_image\" \/>\n<meta name=\"twitter:label1\" content=\"Escrito por\" \/>\n\t<meta name=\"twitter:data1\" content=\"Hermerson Pedro\" \/>\n\t<meta name=\"twitter:label2\" content=\"Est. tempo de leitura\" \/>\n\t<meta name=\"twitter:data2\" content=\"1 minuto\" \/>\n<script type=\"application\/ld+json\" class=\"yoast-schema-graph\">{\"@context\":\"https:\/\/schema.org\",\"@graph\":[{\"@type\":\"Article\",\"@id\":\"https:\/\/www.pm.pb.gov.br\/portal\/2017\/10\/17\/acao-conjunta-prende-suspeitos-de-trafico-e-porte-ilegal-de-arma-na-pb-e-pe\/#article\",\"isPartOf\":{\"@id\":\"https:\/\/www.pm.pb.gov.br\/portal\/2017\/10\/17\/acao-conjunta-prende-suspeitos-de-trafico-e-porte-ilegal-de-arma-na-pb-e-pe\/\"},\"author\":{\"name\":\"Hermerson Pedro\",\"@id\":\"https:\/\/www.pm.pb.gov.br\/portal\/#\/schema\/person\/d14ec57cfec6ba094c033291a557dc3b\"},\"headline\":\"A\u00e7\u00e3o conjunta prende suspeitos de tr\u00e1fico e porte ilegal de arma na PB e PE\",\"datePublished\":\"2017-10-17T15:14:14+00:00\",\"dateModified\":\"2017-10-18T15:51:18+00:00\",\"mainEntityOfPage\":{\"@id\":\"https:\/\/www.pm.pb.gov.br\/portal\/2017\/10\/17\/acao-conjunta-prende-suspeitos-de-trafico-e-porte-ilegal-de-arma-na-pb-e-pe\/\"},\"wordCount\":307,\"publisher\":{\"@id\":\"https:\/\/www.pm.pb.gov.br\/portal\/#organization\"},\"articleSection\":[\"A\u00e7\u00f5es Policiais\"],\"inLanguage\":\"pt-BR\"},{\"@type\":\"WebPage\",\"@id\":\"https:\/\/www.pm.pb.gov.br\/portal\/2017\/10\/17\/acao-conjunta-prende-suspeitos-de-trafico-e-porte-ilegal-de-arma-na-pb-e-pe\/\",\"url\":\"https:\/\/www.pm.pb.gov.br\/portal\/2017\/10\/17\/acao-conjunta-prende-suspeitos-de-trafico-e-porte-ilegal-de-arma-na-pb-e-pe\/\",\"name\":\"A\u00e7\u00e3o conjunta prende suspeitos de tr\u00e1fico e porte ilegal de arma na PB e PE - Pol\u00edcia Militar da Para\u00edba\",\"isPartOf\":{\"@id\":\"https:\/\/www.pm.pb.gov.br\/portal\/#website\"},\"datePublished\":\"2017-10-17T15:14:14+00:00\",\"dateModified\":\"2017-10-18T15:51:18+00:00\",\"breadcrumb\":{\"@id\":\"https:\/\/www.pm.pb.gov.br\/portal\/2017\/10\/17\/acao-conjunta-prende-suspeitos-de-trafico-e-porte-ilegal-de-arma-na-pb-e-pe\/#breadcrumb\"},\"inLanguage\":\"pt-BR\",\"potentialAction\":[{\"@type\":\"ReadAction\",\"target\":[\"https:\/\/www.pm.pb.gov.br\/portal\/2017\/10\/17\/acao-conjunta-prende-suspeitos-de-trafico-e-porte-ilegal-de-arma-na-pb-e-pe\/\"]}]},{\"@type\":\"BreadcrumbList\",\"@id\":\"https:\/\/www.pm.pb.gov.br\/portal\/2017\/10\/17\/acao-conjunta-prende-suspeitos-de-trafico-e-porte-ilegal-de-arma-na-pb-e-pe\/#breadcrumb\",\"itemListElement\":[{\"@type\":\"ListItem\",\"position\":1,\"name\":\"In\u00edcio\",\"item\":\"https:\/\/www.pm.pb.gov.br\/portal\/\"},{\"@type\":\"ListItem\",\"position\":2,\"name\":\"A\u00e7\u00e3o conjunta prende suspeitos de tr\u00e1fico e porte ilegal de arma na PB e PE\"}]},{\"@type\":\"WebSite\",\"@id\":\"https:\/\/www.pm.pb.gov.br\/portal\/#website\",\"url\":\"https:\/\/www.pm.pb.gov.br\/portal\/\",\"name\":\"Pol\u00edcia Militar da Para\u00edba\",\"description\":\"\",\"publisher\":{\"@id\":\"https:\/\/www.pm.pb.gov.br\/portal\/#organization\"},\"potentialAction\":[{\"@type\":\"SearchAction\",\"target\":{\"@type\":\"EntryPoint\",\"urlTemplate\":\"https:\/\/www.pm.pb.gov.br\/portal\/?s={search_term_string}\"},\"query-input\":\"required name=search_term_string\"}],\"inLanguage\":\"pt-BR\"},{\"@type\":\"Organization\",\"@id\":\"https:\/\/www.pm.pb.gov.br\/portal\/#organization\",\"name\":\"Pol\u00edcia Militar da Para\u00edba\",\"url\":\"https:\/\/www.pm.pb.gov.br\/portal\/\",\"logo\":{\"@type\":\"ImageObject\",\"inLanguage\":\"pt-BR\",\"@id\":\"https:\/\/www.pm.pb.gov.br\/portal\/#\/schema\/logo\/image\/\",\"url\":\"https:\/\/www.pm.pb.gov.br\/portal\/wp-content\/uploads\/2025\/03\/cropped-logo-site-mag2-1.png\",\"contentUrl\":\"https:\/\/www.pm.pb.gov.br\/portal\/wp-content\/uploads\/2025\/03\/cropped-logo-site-mag2-1.png\",\"width\":320,\"height\":90,\"caption\":\"Pol\u00edcia Militar da Para\u00edba\"},\"image\":{\"@id\":\"https:\/\/www.pm.pb.gov.br\/portal\/#\/schema\/logo\/image\/\"}},{\"@type\":\"Person\",\"@id\":\"https:\/\/www.pm.pb.gov.br\/portal\/#\/schema\/person\/d14ec57cfec6ba094c033291a557dc3b\",\"name\":\"Hermerson Pedro\",\"image\":{\"@type\":\"ImageObject\",\"inLanguage\":\"pt-BR\",\"@id\":\"https:\/\/www.pm.pb.gov.br\/portal\/#\/schema\/person\/image\/\",\"url\":\"https:\/\/secure.gravatar.com\/avatar\/179290e0ec2caf97139df534dc3e55df?s=96&d=mm&r=g\",\"contentUrl\":\"https:\/\/secure.gravatar.com\/avatar\/179290e0ec2caf97139df534dc3e55df?s=96&d=mm&r=g\",\"caption\":\"Hermerson Pedro\"},\"url\":\"https:\/\/www.pm.pb.gov.br\/portal\/author\/hermerson\/\"}]}<\/script>\n<!-- \/ Yoast SEO plugin. -->","yoast_head_json":{"title":"A\u00e7\u00e3o conjunta prende suspeitos de tr\u00e1fico e porte ilegal de arma na PB e PE - Pol\u00edcia Militar da Para\u00edba","robots":{"index":"index","follow":"follow","max-snippet":"max-snippet:-1","max-image-preview":"max-image-preview:large","max-video-preview":"max-video-preview:-1"},"canonical":"https:\/\/www.pm.pb.gov.br\/portal\/2017\/10\/17\/acao-conjunta-prende-suspeitos-de-trafico-e-porte-ilegal-de-arma-na-pb-e-pe\/","og_locale":"pt_BR","og_type":"article","og_title":"A\u00e7\u00e3o conjunta prende suspeitos de tr\u00e1fico e porte ilegal de arma na PB e PE - Pol\u00edcia Militar da Para\u00edba","og_description":"As Pol\u00edcias Militar e Civil da Para\u00edba realizaram, na manh\u00e3 desta ter\u00e7a-feira (17), a Opera\u00e7\u00e3o Al\u00e9m Divisa, que resultou na","og_url":"https:\/\/www.pm.pb.gov.br\/portal\/2017\/10\/17\/acao-conjunta-prende-suspeitos-de-trafico-e-porte-ilegal-de-arma-na-pb-e-pe\/","og_site_name":"Pol\u00edcia Militar da Para\u00edba","article_published_time":"2017-10-17T15:14:14+00:00","article_modified_time":"2017-10-18T15:51:18+00:00","og_image":[{"width":800,"height":445,"url":"https:\/\/www.pm.pb.gov.br\/portal\/wp-content\/uploads\/2017\/09\/pmpb_logo_materia-1.jpg","type":"image\/jpeg"}],"author":"Hermerson Pedro","twitter_card":"summary_large_image","twitter_misc":{"Escrito por":"Hermerson Pedro","Est. tempo de leitura":"1 minuto"},"schema":{"@context":"https:\/\/schema.org","@graph":[{"@type":"Article","@id":"https:\/\/www.pm.pb.gov.br\/portal\/2017\/10\/17\/acao-conjunta-prende-suspeitos-de-trafico-e-porte-ilegal-de-arma-na-pb-e-pe\/#article","isPartOf":{"@id":"https:\/\/www.pm.pb.gov.br\/portal\/2017\/10\/17\/acao-conjunta-prende-suspeitos-de-trafico-e-porte-ilegal-de-arma-na-pb-e-pe\/"},"author":{"name":"Hermerson Pedro","@id":"https:\/\/www.pm.pb.gov.br\/portal\/#\/schema\/person\/d14ec57cfec6ba094c033291a557dc3b"},"headline":"A\u00e7\u00e3o conjunta prende suspeitos de tr\u00e1fico e porte ilegal de arma na PB e PE","datePublished":"2017-10-17T15:14:14+00:00","dateModified":"2017-10-18T15:51:18+00:00","mainEntityOfPage":{"@id":"https:\/\/www.pm.pb.gov.br\/portal\/2017\/10\/17\/acao-conjunta-prende-suspeitos-de-trafico-e-porte-ilegal-de-arma-na-pb-e-pe\/"},"wordCount":307,"publisher":{"@id":"https:\/\/www.pm.pb.gov.br\/portal\/#organization"},"articleSection":["A\u00e7\u00f5es Policiais"],"inLanguage":"pt-BR"},{"@type":"WebPage","@id":"https:\/\/www.pm.pb.gov.br\/portal\/2017\/10\/17\/acao-conjunta-prende-suspeitos-de-trafico-e-porte-ilegal-de-arma-na-pb-e-pe\/","url":"https:\/\/www.pm.pb.gov.br\/portal\/2017\/10\/17\/acao-conjunta-prende-suspeitos-de-trafico-e-porte-ilegal-de-arma-na-pb-e-pe\/","name":"A\u00e7\u00e3o conjunta prende suspeitos de tr\u00e1fico e porte ilegal de arma na PB e PE - Pol\u00edcia Militar da Para\u00edba","isPartOf":{"@id":"https:\/\/www.pm.pb.gov.br\/portal\/#website"},"datePublished":"2017-10-17T15:14:14+00:00","dateModified":"2017-10-18T15:51:18+00:00","breadcrumb":{"@id":"https:\/\/www.pm.pb.gov.br\/portal\/2017\/10\/17\/acao-conjunta-prende-suspeitos-de-trafico-e-porte-ilegal-de-arma-na-pb-e-pe\/#breadcrumb"},"inLanguage":"pt-BR","potentialAction":[{"@type":"ReadAction","target":["https:\/\/www.pm.pb.gov.br\/portal\/2017\/10\/17\/acao-conjunta-prende-suspeitos-de-trafico-e-porte-ilegal-de-arma-na-pb-e-pe\/"]}]},{"@type":"BreadcrumbList","@id":"https:\/\/www.pm.pb.gov.br\/portal\/2017\/10\/17\/acao-conjunta-prende-suspeitos-de-trafico-e-porte-ilegal-de-arma-na-pb-e-pe\/#breadcrumb","itemListElement":[{"@type":"ListItem","position":1,"name":"In\u00edcio","item":"https:\/\/www.pm.pb.gov.br\/portal\/"},{"@type":"ListItem","position":2,"name":"A\u00e7\u00e3o conjunta prende suspeitos de tr\u00e1fico e porte ilegal de arma na PB e PE"}]},{"@type":"WebSite","@id":"https:\/\/www.pm.pb.gov.br\/portal\/#website","url":"https:\/\/www.pm.pb.gov.br\/portal\/","name":"Pol\u00edcia Militar da Para\u00edba","description":"","publisher":{"@id":"https:\/\/www.pm.pb.gov.br\/portal\/#organization"},"potentialAction":[{"@type":"SearchAction","target":{"@type":"EntryPoint","urlTemplate":"https:\/\/www.pm.pb.gov.br\/portal\/?s={search_term_string}"},"query-input":"required name=search_term_string"}],"inLanguage":"pt-BR"},{"@type":"Organization","@id":"https:\/\/www.pm.pb.gov.br\/portal\/#organization","name":"Pol\u00edcia Militar da Para\u00edba","url":"https:\/\/www.pm.pb.gov.br\/portal\/","logo":{"@type":"ImageObject","inLanguage":"pt-BR","@id":"https:\/\/www.pm.pb.gov.br\/portal\/#\/schema\/logo\/image\/","url":"https:\/\/www.pm.pb.gov.br\/portal\/wp-content\/uploads\/2025\/03\/cropped-logo-site-mag2-1.png","contentUrl":"https:\/\/www.pm.pb.gov.br\/portal\/wp-content\/uploads\/2025\/03\/cropped-logo-site-mag2-1.png","width":320,"height":90,"caption":"Pol\u00edcia Militar da Para\u00edba"},"image":{"@id":"https:\/\/www.pm.pb.gov.br\/portal\/#\/schema\/logo\/image\/"}},{"@type":"Person","@id":"https:\/\/www.pm.pb.gov.br\/portal\/#\/schema\/person\/d14ec57cfec6ba094c033291a557dc3b","name":"Hermerson Pedro","image":{"@type":"ImageObject","inLanguage":"pt-BR","@id":"https:\/\/www.pm.pb.gov.br\/portal\/#\/schema\/person\/image\/","url":"https:\/\/secure.gravatar.com\/avatar\/179290e0ec2caf97139df534dc3e55df?s=96&d=mm&r=g","contentUrl":"https:\/\/secure.gravatar.com\/avatar\/179290e0ec2caf97139df534dc3e55df?s=96&d=mm&r=g","caption":"Hermerson Pedro"},"url":"https:\/\/www.pm.pb.gov.br\/portal\/author\/hermerson\/"}]}},"_links":{"self":[{"href":"https:\/\/www.pm.pb.gov.br\/portal\/wp-json\/wp\/v2\/posts\/895690"}],"collection":[{"href":"https:\/\/www.pm.pb.gov.br\/portal\/wp-json\/wp\/v2\/posts"}],"about":[{"href":"https:\/\/www.pm.pb.gov.br\/portal\/wp-json\/wp\/v2\/types\/post"}],"author":[{"embeddable":true,"href":"https:\/\/www.pm.pb.gov.br\/portal\/wp-json\/wp\/v2\/users\/11"}],"replies":[{"embeddable":true,"href":"https:\/\/www.pm.pb.gov.br\/portal\/wp-json\/wp\/v2\/comments?post=895690"}],"version-history":[{"count":1,"href":"https:\/\/www.pm.pb.gov.br\/portal\/wp-json\/wp\/v2\/posts\/895690\/revisions"}],"predecessor-version":[{"id":895691,"href":"https:\/\/www.pm.pb.gov.br\/portal\/wp-json\/wp\/v2\/posts\/895690\/revisions\/895691"}],"wp:featuredmedia":[{"embeddable":true,"href":"https:\/\/www.pm.pb.gov.br\/portal\/wp-json\/wp\/v2\/media\/895192"}],"wp:attachment":[{"href":"https:\/\/www.pm.pb.gov.br\/portal\/wp-json\/wp\/v2\/media?parent=895690"}],"wp:term":[{"taxonomy":"category","embeddable":true,"href":"https:\/\/www.pm.pb.gov.br\/portal\/wp-json\/wp\/v2\/categories?post=895690"},{"taxonomy":"post_tag","embeddable":true,"href":"https:\/\/www.pm.pb.gov.br\/portal\/wp-json\/wp\/v2\/tags?post=895690"}],"curies":[{"name":"wp","href":"https:\/\/api.w.org\/{rel}","templated":true}]}}