{"id":895686,"date":"2017-10-18T11:42:34","date_gmt":"2017-10-18T14:42:34","guid":{"rendered":"http:\/\/www.pm.pb.gov.br\/portal\/?p=895686"},"modified":"2017-10-18T11:55:07","modified_gmt":"2017-10-18T14:55:07","slug":"policias-realizam-operacao-nemesis-e-prendem-suspeitos-de-homicidios-roubos-e-trafico-em-soledade-e-juazeirinho","status":"publish","type":"post","link":"https:\/\/www.pm.pb.gov.br\/portal\/2017\/10\/18\/policias-realizam-operacao-nemesis-e-prendem-suspeitos-de-homicidios-roubos-e-trafico-em-soledade-e-juazeirinho\/","title":{"rendered":"Opera\u00e7\u00e3o N\u00eamesis prende suspeitos de homic\u00eddios, roubos e tr\u00e1fico em Soledade e Juazeirinho"},"content":{"rendered":"<table>\n<tbody>\n<tr>\n<td><\/td>\n<td>&nbsp;<\/p>\n<p>As Pol\u00edcias Militar e Civil realizaram, na manh\u00e3 desta ter\u00e7a-feira (17), a \u2018Opera\u00e7\u00e3o N\u00eamesis\u2019, nas cidades de Soledade e Juazeirinho. O objetivo foi cumprir mandados de pris\u00e3o e de busca e apreens\u00e3o, que resultaram em v\u00e1rias pris\u00f5es de suspeitos da pr\u00e1tica de homic\u00eddios, crimes patrimoniais e tr\u00e1fico na regi\u00e3o.<\/p>\n<p>Ao todo, participaram da a\u00e7\u00e3o policial 100 policiais civis, 80 policiais militares e duas viaturas da Pol\u00edcia Rodovi\u00e1ria Federal, que atuaram na atividade de conten\u00e7\u00e3o nas rodovias que d\u00e3o acesso aos munic\u00edpios. O helic\u00f3ptero Acau\u00e3, da Seguran\u00e7a e da Defesa Social, tamb\u00e9m esteve presente na opera\u00e7\u00e3o, cujo nome faz refer\u00eancia ao equil\u00edbrio da Justi\u00e7a Divina.<\/p>\n<p>Foram cumpridos 14 mandados de pris\u00e3o preventiva, um mandado de busca e apreens\u00e3o de adolescente, al\u00e9m de mais quatro pris\u00f5es preventivas de presos que est\u00e3o recolhidos nas unidades prisionais de Patos, Soledade e Campina Grande. A a\u00e7\u00e3o resultou no cumprimento a 19 mandados judiciais.<\/p>\n<p>Os envolvidos foram encaminhados \u00e0 Delegacia Seccional de Campina Grande para a formaliza\u00e7\u00e3o dos procedimentos devidos e, posteriormente,\u00a0\u00a0\u00e0 audi\u00eancia de cust\u00f3dia no F\u00f3rum de Soledade. Todos ser\u00e3o indiciados pelos crimes de organiza\u00e7\u00e3o criminosa, tr\u00e1fico de drogas e associa\u00e7\u00e3o ao tr\u00e1fico, al\u00e9m de outros crimes que est\u00e3o sendo investigados.<\/p>\n<p>&nbsp;<\/p>\n<p>\u00c1rea de anexos<\/p>\n<table>\n<tbody>\n<tr>\n<td><\/td>\n<td>Clique aqui para\u00a0Responder\u00a0ou\u00a0Encaminhar<\/td>\n<\/tr>\n<\/tbody>\n<\/table>\n<p>15,34 GB\u00a0(102%) de\u00a015 GB\u00a0usados<\/p>\n<p><a href=\"https:\/\/www.google.com\/settings\/u\/0\/storage?hl=pt-BR\">Gerenciar<\/a><\/p>\n<p><a href=\"https:\/\/www.google.com\/intl\/pt-BR\/policies\/terms\/\">Termos de Servi\u00e7o<\/a>\u00a0&#8211;\u00a0<a href=\"https:\/\/www.google.com\/intl\/pt-BR\/policies\/privacy\/\">Privacidade<\/a><\/p>\n<p>\u00daltima atividade da conta: H\u00e1 0 minutos<\/p>\n<p>Detalhes<\/td>\n<td><\/td>\n<td><\/td>\n<\/tr>\n<\/tbody>\n<\/table>\n","protected":false},"excerpt":{"rendered":"<p>&nbsp; As Pol\u00edcias Militar e Civil realizaram, na manh\u00e3 desta ter\u00e7a-feira (17), a \u2018Opera\u00e7\u00e3o N\u00eamesis\u2019, nas cidades de Soledade e<\/p>\n","protected":false},"author":11,"featured_media":895192,"comment_status":"closed","ping_status":"closed","sticky":false,"template":"","format":"standard","meta":{"_exactmetrics_skip_tracking":false,"_exactmetrics_sitenote_active":false,"_exactmetrics_sitenote_note":"","_exactmetrics_sitenote_category":0,"footnotes":""},"categories":[4],"tags":[],"yoast_head":"<!-- This site is optimized with the Yoast SEO plugin v22.0 - https:\/\/yoast.com\/wordpress\/plugins\/seo\/ -->\n<title>Opera\u00e7\u00e3o N\u00eamesis prende suspeitos de homic\u00eddios, roubos e tr\u00e1fico em Soledade e Juazeirinho - Pol\u00edcia Militar da Para\u00edba<\/title>\n<meta name=\"robots\" content=\"index, follow, max-snippet:-1, max-image-preview:large, max-video-preview:-1\" \/>\n<link rel=\"canonical\" href=\"https:\/\/www.pm.pb.gov.br\/portal\/2017\/10\/18\/policias-realizam-operacao-nemesis-e-prendem-suspeitos-de-homicidios-roubos-e-trafico-em-soledade-e-juazeirinho\/\" \/>\n<meta property=\"og:locale\" content=\"pt_BR\" \/>\n<meta property=\"og:type\" content=\"article\" \/>\n<meta property=\"og:title\" content=\"Opera\u00e7\u00e3o N\u00eamesis prende suspeitos de homic\u00eddios, roubos e tr\u00e1fico em Soledade e Juazeirinho - Pol\u00edcia Militar da Para\u00edba\" \/>\n<meta property=\"og:description\" content=\"&nbsp; As Pol\u00edcias Militar e Civil realizaram, na manh\u00e3 desta ter\u00e7a-feira (17), a \u2018Opera\u00e7\u00e3o N\u00eamesis\u2019, nas cidades de Soledade e\" \/>\n<meta property=\"og:url\" content=\"https:\/\/www.pm.pb.gov.br\/portal\/2017\/10\/18\/policias-realizam-operacao-nemesis-e-prendem-suspeitos-de-homicidios-roubos-e-trafico-em-soledade-e-juazeirinho\/\" \/>\n<meta property=\"og:site_name\" content=\"Pol\u00edcia Militar da Para\u00edba\" \/>\n<meta property=\"article:published_time\" content=\"2017-10-18T14:42:34+00:00\" \/>\n<meta property=\"article:modified_time\" content=\"2017-10-18T14:55:07+00:00\" \/>\n<meta property=\"og:image\" content=\"https:\/\/www.pm.pb.gov.br\/portal\/wp-content\/uploads\/2017\/09\/pmpb_logo_materia-1.jpg\" \/>\n\t<meta property=\"og:image:width\" content=\"800\" \/>\n\t<meta property=\"og:image:height\" content=\"445\" \/>\n\t<meta property=\"og:image:type\" content=\"image\/jpeg\" \/>\n<meta name=\"author\" content=\"Hermerson Pedro\" \/>\n<meta name=\"twitter:card\" content=\"summary_large_image\" \/>\n<meta name=\"twitter:label1\" content=\"Escrito por\" \/>\n\t<meta name=\"twitter:data1\" content=\"Hermerson Pedro\" \/>\n\t<meta name=\"twitter:label2\" content=\"Est. tempo de leitura\" \/>\n\t<meta name=\"twitter:data2\" content=\"1 minuto\" \/>\n<script type=\"application\/ld+json\" class=\"yoast-schema-graph\">{\"@context\":\"https:\/\/schema.org\",\"@graph\":[{\"@type\":\"Article\",\"@id\":\"https:\/\/www.pm.pb.gov.br\/portal\/2017\/10\/18\/policias-realizam-operacao-nemesis-e-prendem-suspeitos-de-homicidios-roubos-e-trafico-em-soledade-e-juazeirinho\/#article\",\"isPartOf\":{\"@id\":\"https:\/\/www.pm.pb.gov.br\/portal\/2017\/10\/18\/policias-realizam-operacao-nemesis-e-prendem-suspeitos-de-homicidios-roubos-e-trafico-em-soledade-e-juazeirinho\/\"},\"author\":{\"name\":\"Hermerson Pedro\",\"@id\":\"https:\/\/www.pm.pb.gov.br\/portal\/#\/schema\/person\/d14ec57cfec6ba094c033291a557dc3b\"},\"headline\":\"Opera\u00e7\u00e3o N\u00eamesis prende suspeitos de homic\u00eddios, roubos e tr\u00e1fico em Soledade e Juazeirinho\",\"datePublished\":\"2017-10-18T14:42:34+00:00\",\"dateModified\":\"2017-10-18T14:55:07+00:00\",\"mainEntityOfPage\":{\"@id\":\"https:\/\/www.pm.pb.gov.br\/portal\/2017\/10\/18\/policias-realizam-operacao-nemesis-e-prendem-suspeitos-de-homicidios-roubos-e-trafico-em-soledade-e-juazeirinho\/\"},\"wordCount\":278,\"publisher\":{\"@id\":\"https:\/\/www.pm.pb.gov.br\/portal\/#organization\"},\"articleSection\":[\"A\u00e7\u00f5es Policiais\"],\"inLanguage\":\"pt-BR\"},{\"@type\":\"WebPage\",\"@id\":\"https:\/\/www.pm.pb.gov.br\/portal\/2017\/10\/18\/policias-realizam-operacao-nemesis-e-prendem-suspeitos-de-homicidios-roubos-e-trafico-em-soledade-e-juazeirinho\/\",\"url\":\"https:\/\/www.pm.pb.gov.br\/portal\/2017\/10\/18\/policias-realizam-operacao-nemesis-e-prendem-suspeitos-de-homicidios-roubos-e-trafico-em-soledade-e-juazeirinho\/\",\"name\":\"Opera\u00e7\u00e3o N\u00eamesis prende suspeitos de homic\u00eddios, roubos e tr\u00e1fico em Soledade e Juazeirinho - Pol\u00edcia Militar da Para\u00edba\",\"isPartOf\":{\"@id\":\"https:\/\/www.pm.pb.gov.br\/portal\/#website\"},\"datePublished\":\"2017-10-18T14:42:34+00:00\",\"dateModified\":\"2017-10-18T14:55:07+00:00\",\"breadcrumb\":{\"@id\":\"https:\/\/www.pm.pb.gov.br\/portal\/2017\/10\/18\/policias-realizam-operacao-nemesis-e-prendem-suspeitos-de-homicidios-roubos-e-trafico-em-soledade-e-juazeirinho\/#breadcrumb\"},\"inLanguage\":\"pt-BR\",\"potentialAction\":[{\"@type\":\"ReadAction\",\"target\":[\"https:\/\/www.pm.pb.gov.br\/portal\/2017\/10\/18\/policias-realizam-operacao-nemesis-e-prendem-suspeitos-de-homicidios-roubos-e-trafico-em-soledade-e-juazeirinho\/\"]}]},{\"@type\":\"BreadcrumbList\",\"@id\":\"https:\/\/www.pm.pb.gov.br\/portal\/2017\/10\/18\/policias-realizam-operacao-nemesis-e-prendem-suspeitos-de-homicidios-roubos-e-trafico-em-soledade-e-juazeirinho\/#breadcrumb\",\"itemListElement\":[{\"@type\":\"ListItem\",\"position\":1,\"name\":\"In\u00edcio\",\"item\":\"https:\/\/www.pm.pb.gov.br\/portal\/\"},{\"@type\":\"ListItem\",\"position\":2,\"name\":\"Opera\u00e7\u00e3o N\u00eamesis prende suspeitos de homic\u00eddios, roubos e tr\u00e1fico em Soledade e Juazeirinho\"}]},{\"@type\":\"WebSite\",\"@id\":\"https:\/\/www.pm.pb.gov.br\/portal\/#website\",\"url\":\"https:\/\/www.pm.pb.gov.br\/portal\/\",\"name\":\"Pol\u00edcia Militar da Para\u00edba\",\"description\":\"\",\"publisher\":{\"@id\":\"https:\/\/www.pm.pb.gov.br\/portal\/#organization\"},\"potentialAction\":[{\"@type\":\"SearchAction\",\"target\":{\"@type\":\"EntryPoint\",\"urlTemplate\":\"https:\/\/www.pm.pb.gov.br\/portal\/?s={search_term_string}\"},\"query-input\":\"required name=search_term_string\"}],\"inLanguage\":\"pt-BR\"},{\"@type\":\"Organization\",\"@id\":\"https:\/\/www.pm.pb.gov.br\/portal\/#organization\",\"name\":\"Pol\u00edcia Militar da Para\u00edba\",\"url\":\"https:\/\/www.pm.pb.gov.br\/portal\/\",\"logo\":{\"@type\":\"ImageObject\",\"inLanguage\":\"pt-BR\",\"@id\":\"https:\/\/www.pm.pb.gov.br\/portal\/#\/schema\/logo\/image\/\",\"url\":\"https:\/\/www.pm.pb.gov.br\/portal\/wp-content\/uploads\/2025\/03\/cropped-logo-site-mag2-1.png\",\"contentUrl\":\"https:\/\/www.pm.pb.gov.br\/portal\/wp-content\/uploads\/2025\/03\/cropped-logo-site-mag2-1.png\",\"width\":320,\"height\":90,\"caption\":\"Pol\u00edcia Militar da Para\u00edba\"},\"image\":{\"@id\":\"https:\/\/www.pm.pb.gov.br\/portal\/#\/schema\/logo\/image\/\"}},{\"@type\":\"Person\",\"@id\":\"https:\/\/www.pm.pb.gov.br\/portal\/#\/schema\/person\/d14ec57cfec6ba094c033291a557dc3b\",\"name\":\"Hermerson Pedro\",\"image\":{\"@type\":\"ImageObject\",\"inLanguage\":\"pt-BR\",\"@id\":\"https:\/\/www.pm.pb.gov.br\/portal\/#\/schema\/person\/image\/\",\"url\":\"https:\/\/secure.gravatar.com\/avatar\/179290e0ec2caf97139df534dc3e55df?s=96&d=mm&r=g\",\"contentUrl\":\"https:\/\/secure.gravatar.com\/avatar\/179290e0ec2caf97139df534dc3e55df?s=96&d=mm&r=g\",\"caption\":\"Hermerson Pedro\"},\"url\":\"https:\/\/www.pm.pb.gov.br\/portal\/author\/hermerson\/\"}]}<\/script>\n<!-- \/ Yoast SEO plugin. -->","yoast_head_json":{"title":"Opera\u00e7\u00e3o N\u00eamesis prende suspeitos de homic\u00eddios, roubos e tr\u00e1fico em Soledade e Juazeirinho - Pol\u00edcia Militar da Para\u00edba","robots":{"index":"index","follow":"follow","max-snippet":"max-snippet:-1","max-image-preview":"max-image-preview:large","max-video-preview":"max-video-preview:-1"},"canonical":"https:\/\/www.pm.pb.gov.br\/portal\/2017\/10\/18\/policias-realizam-operacao-nemesis-e-prendem-suspeitos-de-homicidios-roubos-e-trafico-em-soledade-e-juazeirinho\/","og_locale":"pt_BR","og_type":"article","og_title":"Opera\u00e7\u00e3o N\u00eamesis prende suspeitos de homic\u00eddios, roubos e tr\u00e1fico em Soledade e Juazeirinho - Pol\u00edcia Militar da Para\u00edba","og_description":"&nbsp; As Pol\u00edcias Militar e Civil realizaram, na manh\u00e3 desta ter\u00e7a-feira (17), a \u2018Opera\u00e7\u00e3o N\u00eamesis\u2019, nas cidades de Soledade e","og_url":"https:\/\/www.pm.pb.gov.br\/portal\/2017\/10\/18\/policias-realizam-operacao-nemesis-e-prendem-suspeitos-de-homicidios-roubos-e-trafico-em-soledade-e-juazeirinho\/","og_site_name":"Pol\u00edcia Militar da Para\u00edba","article_published_time":"2017-10-18T14:42:34+00:00","article_modified_time":"2017-10-18T14:55:07+00:00","og_image":[{"width":800,"height":445,"url":"https:\/\/www.pm.pb.gov.br\/portal\/wp-content\/uploads\/2017\/09\/pmpb_logo_materia-1.jpg","type":"image\/jpeg"}],"author":"Hermerson Pedro","twitter_card":"summary_large_image","twitter_misc":{"Escrito por":"Hermerson Pedro","Est. tempo de leitura":"1 minuto"},"schema":{"@context":"https:\/\/schema.org","@graph":[{"@type":"Article","@id":"https:\/\/www.pm.pb.gov.br\/portal\/2017\/10\/18\/policias-realizam-operacao-nemesis-e-prendem-suspeitos-de-homicidios-roubos-e-trafico-em-soledade-e-juazeirinho\/#article","isPartOf":{"@id":"https:\/\/www.pm.pb.gov.br\/portal\/2017\/10\/18\/policias-realizam-operacao-nemesis-e-prendem-suspeitos-de-homicidios-roubos-e-trafico-em-soledade-e-juazeirinho\/"},"author":{"name":"Hermerson Pedro","@id":"https:\/\/www.pm.pb.gov.br\/portal\/#\/schema\/person\/d14ec57cfec6ba094c033291a557dc3b"},"headline":"Opera\u00e7\u00e3o N\u00eamesis prende suspeitos de homic\u00eddios, roubos e tr\u00e1fico em Soledade e Juazeirinho","datePublished":"2017-10-18T14:42:34+00:00","dateModified":"2017-10-18T14:55:07+00:00","mainEntityOfPage":{"@id":"https:\/\/www.pm.pb.gov.br\/portal\/2017\/10\/18\/policias-realizam-operacao-nemesis-e-prendem-suspeitos-de-homicidios-roubos-e-trafico-em-soledade-e-juazeirinho\/"},"wordCount":278,"publisher":{"@id":"https:\/\/www.pm.pb.gov.br\/portal\/#organization"},"articleSection":["A\u00e7\u00f5es Policiais"],"inLanguage":"pt-BR"},{"@type":"WebPage","@id":"https:\/\/www.pm.pb.gov.br\/portal\/2017\/10\/18\/policias-realizam-operacao-nemesis-e-prendem-suspeitos-de-homicidios-roubos-e-trafico-em-soledade-e-juazeirinho\/","url":"https:\/\/www.pm.pb.gov.br\/portal\/2017\/10\/18\/policias-realizam-operacao-nemesis-e-prendem-suspeitos-de-homicidios-roubos-e-trafico-em-soledade-e-juazeirinho\/","name":"Opera\u00e7\u00e3o N\u00eamesis prende suspeitos de homic\u00eddios, roubos e tr\u00e1fico em Soledade e Juazeirinho - Pol\u00edcia Militar da Para\u00edba","isPartOf":{"@id":"https:\/\/www.pm.pb.gov.br\/portal\/#website"},"datePublished":"2017-10-18T14:42:34+00:00","dateModified":"2017-10-18T14:55:07+00:00","breadcrumb":{"@id":"https:\/\/www.pm.pb.gov.br\/portal\/2017\/10\/18\/policias-realizam-operacao-nemesis-e-prendem-suspeitos-de-homicidios-roubos-e-trafico-em-soledade-e-juazeirinho\/#breadcrumb"},"inLanguage":"pt-BR","potentialAction":[{"@type":"ReadAction","target":["https:\/\/www.pm.pb.gov.br\/portal\/2017\/10\/18\/policias-realizam-operacao-nemesis-e-prendem-suspeitos-de-homicidios-roubos-e-trafico-em-soledade-e-juazeirinho\/"]}]},{"@type":"BreadcrumbList","@id":"https:\/\/www.pm.pb.gov.br\/portal\/2017\/10\/18\/policias-realizam-operacao-nemesis-e-prendem-suspeitos-de-homicidios-roubos-e-trafico-em-soledade-e-juazeirinho\/#breadcrumb","itemListElement":[{"@type":"ListItem","position":1,"name":"In\u00edcio","item":"https:\/\/www.pm.pb.gov.br\/portal\/"},{"@type":"ListItem","position":2,"name":"Opera\u00e7\u00e3o N\u00eamesis prende suspeitos de homic\u00eddios, roubos e tr\u00e1fico em Soledade e Juazeirinho"}]},{"@type":"WebSite","@id":"https:\/\/www.pm.pb.gov.br\/portal\/#website","url":"https:\/\/www.pm.pb.gov.br\/portal\/","name":"Pol\u00edcia Militar da Para\u00edba","description":"","publisher":{"@id":"https:\/\/www.pm.pb.gov.br\/portal\/#organization"},"potentialAction":[{"@type":"SearchAction","target":{"@type":"EntryPoint","urlTemplate":"https:\/\/www.pm.pb.gov.br\/portal\/?s={search_term_string}"},"query-input":"required name=search_term_string"}],"inLanguage":"pt-BR"},{"@type":"Organization","@id":"https:\/\/www.pm.pb.gov.br\/portal\/#organization","name":"Pol\u00edcia Militar da Para\u00edba","url":"https:\/\/www.pm.pb.gov.br\/portal\/","logo":{"@type":"ImageObject","inLanguage":"pt-BR","@id":"https:\/\/www.pm.pb.gov.br\/portal\/#\/schema\/logo\/image\/","url":"https:\/\/www.pm.pb.gov.br\/portal\/wp-content\/uploads\/2025\/03\/cropped-logo-site-mag2-1.png","contentUrl":"https:\/\/www.pm.pb.gov.br\/portal\/wp-content\/uploads\/2025\/03\/cropped-logo-site-mag2-1.png","width":320,"height":90,"caption":"Pol\u00edcia Militar da Para\u00edba"},"image":{"@id":"https:\/\/www.pm.pb.gov.br\/portal\/#\/schema\/logo\/image\/"}},{"@type":"Person","@id":"https:\/\/www.pm.pb.gov.br\/portal\/#\/schema\/person\/d14ec57cfec6ba094c033291a557dc3b","name":"Hermerson Pedro","image":{"@type":"ImageObject","inLanguage":"pt-BR","@id":"https:\/\/www.pm.pb.gov.br\/portal\/#\/schema\/person\/image\/","url":"https:\/\/secure.gravatar.com\/avatar\/179290e0ec2caf97139df534dc3e55df?s=96&d=mm&r=g","contentUrl":"https:\/\/secure.gravatar.com\/avatar\/179290e0ec2caf97139df534dc3e55df?s=96&d=mm&r=g","caption":"Hermerson Pedro"},"url":"https:\/\/www.pm.pb.gov.br\/portal\/author\/hermerson\/"}]}},"_links":{"self":[{"href":"https:\/\/www.pm.pb.gov.br\/portal\/wp-json\/wp\/v2\/posts\/895686"}],"collection":[{"href":"https:\/\/www.pm.pb.gov.br\/portal\/wp-json\/wp\/v2\/posts"}],"about":[{"href":"https:\/\/www.pm.pb.gov.br\/portal\/wp-json\/wp\/v2\/types\/post"}],"author":[{"embeddable":true,"href":"https:\/\/www.pm.pb.gov.br\/portal\/wp-json\/wp\/v2\/users\/11"}],"replies":[{"embeddable":true,"href":"https:\/\/www.pm.pb.gov.br\/portal\/wp-json\/wp\/v2\/comments?post=895686"}],"version-history":[{"count":3,"href":"https:\/\/www.pm.pb.gov.br\/portal\/wp-json\/wp\/v2\/posts\/895686\/revisions"}],"predecessor-version":[{"id":895689,"href":"https:\/\/www.pm.pb.gov.br\/portal\/wp-json\/wp\/v2\/posts\/895686\/revisions\/895689"}],"wp:featuredmedia":[{"embeddable":true,"href":"https:\/\/www.pm.pb.gov.br\/portal\/wp-json\/wp\/v2\/media\/895192"}],"wp:attachment":[{"href":"https:\/\/www.pm.pb.gov.br\/portal\/wp-json\/wp\/v2\/media?parent=895686"}],"wp:term":[{"taxonomy":"category","embeddable":true,"href":"https:\/\/www.pm.pb.gov.br\/portal\/wp-json\/wp\/v2\/categories?post=895686"},{"taxonomy":"post_tag","embeddable":true,"href":"https:\/\/www.pm.pb.gov.br\/portal\/wp-json\/wp\/v2\/tags?post=895686"}],"curies":[{"name":"wp","href":"https:\/\/api.w.org\/{rel}","templated":true}]}}