{"id":895647,"date":"2017-10-10T17:00:33","date_gmt":"2017-10-10T20:00:33","guid":{"rendered":"http:\/\/www.pm.pb.gov.br\/portal\/?p=895647"},"modified":"2017-10-10T17:00:33","modified_gmt":"2017-10-10T20:00:33","slug":"operacao-crianca-feliz-recebe-ultimas-doacoes-e-comeca-distribuicao-de-brinquedos-na-paraiba","status":"publish","type":"post","link":"https:\/\/www.pm.pb.gov.br\/portal\/2017\/10\/10\/operacao-crianca-feliz-recebe-ultimas-doacoes-e-comeca-distribuicao-de-brinquedos-na-paraiba\/","title":{"rendered":"Opera\u00e7\u00e3o Crian\u00e7a Feliz recebe \u00faltimas doa\u00e7\u00f5es e come\u00e7a distribui\u00e7\u00e3o de brinquedos na Para\u00edba"},"content":{"rendered":"<p style=\"text-align: justify;\">Come\u00e7ou a \u00faltima fase da Opera\u00e7\u00e3o Crian\u00e7a Feliz, realizada pela Pol\u00edcia Militar em todo o estado da Para\u00edba, e que atende crian\u00e7as em situa\u00e7\u00e3o de vulnerabilidade, levando brinquedos, roupas, al\u00e9m de brincadeiras e divers\u00e3o para meninos e meninas de diversas comunidades. As \u00faltimas doa\u00e7\u00f5es seguem acontecendo nos quart\u00e9is da Pol\u00edcia Militar e Unidades de Pol\u00edcia Solid\u00e1ria (UPS). Algumas unidades da PM anteciparam a doa\u00e7\u00e3o e j\u00e1 come\u00e7aram a distribuir os presentes. Na regi\u00e3o metropolitana da capital, o \u2018Dia D\u2019 da Opera\u00e7\u00e3o acontece quarta-feira (11).<\/p>\n<p style=\"text-align: justify;\">1200 brinquedos entre bolas, bonecas, carrinhos e jogos foram distribu\u00eddos para crian\u00e7as das comunidades do Jardim Veneza, Nova Trindade, Bairro dos Novais, Vieira Diniz e Bairro das Ind\u00fastrias, nesta ter\u00e7a.\u00a0 A distribui\u00e7\u00e3o aconteceu junto com as apresenta\u00e7\u00f5es do dogshow do Canil, Proerd, brincadeiras de pula-pula, show de palha\u00e7o, sorteios, atividades esportivas, e distribui\u00e7\u00e3o de cestas b\u00e1sicas e lanches na Diretoria de Apoio Log\u00edstico (DAL), no conjunto de Mar\u00e9s, em Jo\u00e3o Pessoa.<\/p>\n<figure id=\"attachment_895650\" aria-describedby=\"caption-attachment-895650\" style=\"width: 592px\" class=\"wp-caption aligncenter\"><img loading=\"lazy\" decoding=\"async\" class=\"wp-image-895650\" src=\"http:\/\/www.pm.pb.gov.br\/portal\/wp-content\/uploads\/2017\/10\/dal-668x445.jpg\" alt=\"\" width=\"592\" height=\"395\" srcset=\"https:\/\/www.pm.pb.gov.br\/portal\/wp-content\/uploads\/2017\/10\/dal-668x445.jpg 668w, https:\/\/www.pm.pb.gov.br\/portal\/wp-content\/uploads\/2017\/10\/dal-768x512.jpg 768w, https:\/\/www.pm.pb.gov.br\/portal\/wp-content\/uploads\/2017\/10\/dal-272x182.jpg 272w, https:\/\/www.pm.pb.gov.br\/portal\/wp-content\/uploads\/2017\/10\/dal.jpg 800w\" sizes=\"(max-width: 592px) 100vw, 592px\" \/><figcaption id=\"caption-attachment-895650\" class=\"wp-caption-text\"><span style=\"font-size: 10pt;\">Dogshow do Canil tamb\u00e9m fez parte da comemora\u00e7\u00e3o da Opera\u00e7\u00e3o Crian\u00e7a Feliz, realizada nesta ter\u00e7a-feira.<\/span><\/figcaption><\/figure>\n<p style=\"text-align: justify;\">O comandante geral da Pol\u00edcia Militar, coronel Euller Chaves, destacou que a Opera\u00e7\u00e3o Crian\u00e7a Feliz \u00e9 mais uma a\u00e7\u00e3o que revela o car\u00e1ter cidad\u00e3o e solid\u00e1rio da corpora\u00e7\u00e3o. \u201cA execu\u00e7\u00e3o da Opera\u00e7\u00e3o Crian\u00e7a Feliz come\u00e7a agora, na Diretoria de Apoio Log\u00edstico, atendendo as crian\u00e7as destas comunidades do Jardim Veneza, Nova Trindade, Vieira Diniz e Bairro das Ind\u00fastrias, com um conjunto de atividades que mostram respeito \u00e0 popula\u00e7\u00e3o\u201d, disse.<\/p>\n<p style=\"text-align: justify;\">Segundo o comandante, as a\u00e7\u00f5es continuar\u00e3o em todo o estado. \u201cVamos \u00e0s comunidades oferecendo este gesto de carinho, essa simbologia, esse gesto de amor \u00e0s crian\u00e7as que representam nosso futuro. Para n\u00f3s, isso \u00e9 preven\u00e7\u00e3o, isso revela o di\u00e1logo da Pol\u00edcia Militar com sociedade e, sobretudo, com a sociedade mais carente\u201d, destacou. Cerca de 200 brinquedos tamb\u00e9m foram entregues para crian\u00e7as de cinco comunidades de Itabaiana, em a\u00e7\u00e3o realizada pelo 8\u00ba Batalh\u00e3o nesta ter\u00e7a.<\/p>\n<p style=\"text-align: justify;\">Entre as atividades previstas na capital para esta quarta ser\u00e3o distribu\u00eddos brinquedos e lanches para crian\u00e7as do Porto do Capim, no Varadouro, em Cruz das Armas, no Baixo Roger, nas comunidades do Aratu e Iraque, localizadas em Mangabeira VIII, entre outas. Em todo o estado, a entrega dos brinquedos acontece em mais de 50 cidades paraibanas. Os batalh\u00f5es e companhias fizeram uma competi\u00e7\u00e3o para ver quem mais arrecadava os presentes. At\u00e9 agora, o 4\u00ba Batalh\u00e3o, em Guarabira, est\u00e1 sendo a unidade que mais reuniu doa\u00e7\u00f5es.<\/p>\n<p style=\"text-align: justify;\">AINDA DA TEMPO PARTICIPAR \u2013 Para quem deseja contribuir com a Opera\u00e7\u00e3o Crian\u00e7a Feliz, as doa\u00e7\u00f5es ainda podem ser feitas nos quart\u00e9is e UPSs da Pol\u00edcia Militar. Nesta ter\u00e7a-feira, a Casa Militar do Governador doou 500 brinquedos na sede do Comando Geral. Policiais do Estado-Maior Estrat\u00e9gico da corpora\u00e7\u00e3o, Corregedoria e Assessoria Especial Administrativa tamb\u00e9m fizeram doa\u00e7\u00f5es de bolas, jogos, carrinhos e bonecas.<\/p>\n","protected":false},"excerpt":{"rendered":"<p>Come\u00e7ou a \u00faltima fase da Opera\u00e7\u00e3o Crian\u00e7a Feliz, realizada pela Pol\u00edcia Militar em todo o estado da Para\u00edba, e que<\/p>\n","protected":false},"author":12,"featured_media":895648,"comment_status":"closed","ping_status":"closed","sticky":false,"template":"","format":"standard","meta":{"_exactmetrics_skip_tracking":false,"_exactmetrics_sitenote_active":false,"_exactmetrics_sitenote_note":"","_exactmetrics_sitenote_category":0,"footnotes":""},"categories":[9],"tags":[],"yoast_head":"<!-- This site is optimized with the Yoast SEO plugin v22.0 - https:\/\/yoast.com\/wordpress\/plugins\/seo\/ -->\n<title>Opera\u00e7\u00e3o Crian\u00e7a Feliz recebe \u00faltimas doa\u00e7\u00f5es e come\u00e7a distribui\u00e7\u00e3o de brinquedos na Para\u00edba - Pol\u00edcia Militar da Para\u00edba<\/title>\n<meta name=\"robots\" content=\"index, follow, max-snippet:-1, max-image-preview:large, max-video-preview:-1\" \/>\n<link rel=\"canonical\" href=\"https:\/\/www.pm.pb.gov.br\/portal\/2017\/10\/10\/operacao-crianca-feliz-recebe-ultimas-doacoes-e-comeca-distribuicao-de-brinquedos-na-paraiba\/\" \/>\n<meta property=\"og:locale\" content=\"pt_BR\" \/>\n<meta property=\"og:type\" content=\"article\" \/>\n<meta property=\"og:title\" content=\"Opera\u00e7\u00e3o Crian\u00e7a Feliz recebe \u00faltimas doa\u00e7\u00f5es e come\u00e7a distribui\u00e7\u00e3o de brinquedos na Para\u00edba - Pol\u00edcia Militar da Para\u00edba\" \/>\n<meta property=\"og:description\" content=\"Come\u00e7ou a \u00faltima fase da Opera\u00e7\u00e3o Crian\u00e7a Feliz, realizada pela Pol\u00edcia Militar em todo o estado da Para\u00edba, e que\" \/>\n<meta property=\"og:url\" content=\"https:\/\/www.pm.pb.gov.br\/portal\/2017\/10\/10\/operacao-crianca-feliz-recebe-ultimas-doacoes-e-comeca-distribuicao-de-brinquedos-na-paraiba\/\" \/>\n<meta property=\"og:site_name\" content=\"Pol\u00edcia Militar da Para\u00edba\" \/>\n<meta property=\"article:published_time\" content=\"2017-10-10T20:00:33+00:00\" \/>\n<meta property=\"og:image\" content=\"https:\/\/www.pm.pb.gov.br\/portal\/wp-content\/uploads\/2017\/10\/crianca1.jpg\" \/>\n\t<meta property=\"og:image:width\" content=\"800\" \/>\n\t<meta property=\"og:image:height\" content=\"445\" \/>\n\t<meta property=\"og:image:type\" content=\"image\/jpeg\" \/>\n<meta name=\"author\" content=\"Tarcisio Oliveira\" \/>\n<meta name=\"twitter:card\" content=\"summary_large_image\" \/>\n<meta name=\"twitter:label1\" content=\"Escrito por\" \/>\n\t<meta name=\"twitter:data1\" content=\"Tarcisio Oliveira\" \/>\n\t<meta name=\"twitter:label2\" content=\"Est. tempo de leitura\" \/>\n\t<meta name=\"twitter:data2\" content=\"3 minutos\" \/>\n<script type=\"application\/ld+json\" class=\"yoast-schema-graph\">{\"@context\":\"https:\/\/schema.org\",\"@graph\":[{\"@type\":\"Article\",\"@id\":\"https:\/\/www.pm.pb.gov.br\/portal\/2017\/10\/10\/operacao-crianca-feliz-recebe-ultimas-doacoes-e-comeca-distribuicao-de-brinquedos-na-paraiba\/#article\",\"isPartOf\":{\"@id\":\"https:\/\/www.pm.pb.gov.br\/portal\/2017\/10\/10\/operacao-crianca-feliz-recebe-ultimas-doacoes-e-comeca-distribuicao-de-brinquedos-na-paraiba\/\"},\"author\":{\"name\":\"Tarcisio Oliveira\",\"@id\":\"https:\/\/www.pm.pb.gov.br\/portal\/#\/schema\/person\/f84f56dcc78ce4357054da888b8247fd\"},\"headline\":\"Opera\u00e7\u00e3o Crian\u00e7a Feliz recebe \u00faltimas doa\u00e7\u00f5es e come\u00e7a distribui\u00e7\u00e3o de brinquedos na Para\u00edba\",\"datePublished\":\"2017-10-10T20:00:33+00:00\",\"dateModified\":\"2017-10-10T20:00:33+00:00\",\"mainEntityOfPage\":{\"@id\":\"https:\/\/www.pm.pb.gov.br\/portal\/2017\/10\/10\/operacao-crianca-feliz-recebe-ultimas-doacoes-e-comeca-distribuicao-de-brinquedos-na-paraiba\/\"},\"wordCount\":554,\"publisher\":{\"@id\":\"https:\/\/www.pm.pb.gov.br\/portal\/#organization\"},\"articleSection\":[\"Eventos\"],\"inLanguage\":\"pt-BR\"},{\"@type\":\"WebPage\",\"@id\":\"https:\/\/www.pm.pb.gov.br\/portal\/2017\/10\/10\/operacao-crianca-feliz-recebe-ultimas-doacoes-e-comeca-distribuicao-de-brinquedos-na-paraiba\/\",\"url\":\"https:\/\/www.pm.pb.gov.br\/portal\/2017\/10\/10\/operacao-crianca-feliz-recebe-ultimas-doacoes-e-comeca-distribuicao-de-brinquedos-na-paraiba\/\",\"name\":\"Opera\u00e7\u00e3o Crian\u00e7a Feliz recebe \u00faltimas doa\u00e7\u00f5es e come\u00e7a distribui\u00e7\u00e3o de brinquedos na Para\u00edba - Pol\u00edcia Militar da Para\u00edba\",\"isPartOf\":{\"@id\":\"https:\/\/www.pm.pb.gov.br\/portal\/#website\"},\"datePublished\":\"2017-10-10T20:00:33+00:00\",\"dateModified\":\"2017-10-10T20:00:33+00:00\",\"breadcrumb\":{\"@id\":\"https:\/\/www.pm.pb.gov.br\/portal\/2017\/10\/10\/operacao-crianca-feliz-recebe-ultimas-doacoes-e-comeca-distribuicao-de-brinquedos-na-paraiba\/#breadcrumb\"},\"inLanguage\":\"pt-BR\",\"potentialAction\":[{\"@type\":\"ReadAction\",\"target\":[\"https:\/\/www.pm.pb.gov.br\/portal\/2017\/10\/10\/operacao-crianca-feliz-recebe-ultimas-doacoes-e-comeca-distribuicao-de-brinquedos-na-paraiba\/\"]}]},{\"@type\":\"BreadcrumbList\",\"@id\":\"https:\/\/www.pm.pb.gov.br\/portal\/2017\/10\/10\/operacao-crianca-feliz-recebe-ultimas-doacoes-e-comeca-distribuicao-de-brinquedos-na-paraiba\/#breadcrumb\",\"itemListElement\":[{\"@type\":\"ListItem\",\"position\":1,\"name\":\"In\u00edcio\",\"item\":\"https:\/\/www.pm.pb.gov.br\/portal\/\"},{\"@type\":\"ListItem\",\"position\":2,\"name\":\"Opera\u00e7\u00e3o Crian\u00e7a Feliz recebe \u00faltimas doa\u00e7\u00f5es e come\u00e7a distribui\u00e7\u00e3o de brinquedos na Para\u00edba\"}]},{\"@type\":\"WebSite\",\"@id\":\"https:\/\/www.pm.pb.gov.br\/portal\/#website\",\"url\":\"https:\/\/www.pm.pb.gov.br\/portal\/\",\"name\":\"Pol\u00edcia Militar da Para\u00edba\",\"description\":\"\",\"publisher\":{\"@id\":\"https:\/\/www.pm.pb.gov.br\/portal\/#organization\"},\"potentialAction\":[{\"@type\":\"SearchAction\",\"target\":{\"@type\":\"EntryPoint\",\"urlTemplate\":\"https:\/\/www.pm.pb.gov.br\/portal\/?s={search_term_string}\"},\"query-input\":\"required name=search_term_string\"}],\"inLanguage\":\"pt-BR\"},{\"@type\":\"Organization\",\"@id\":\"https:\/\/www.pm.pb.gov.br\/portal\/#organization\",\"name\":\"Pol\u00edcia Militar da Para\u00edba\",\"url\":\"https:\/\/www.pm.pb.gov.br\/portal\/\",\"logo\":{\"@type\":\"ImageObject\",\"inLanguage\":\"pt-BR\",\"@id\":\"https:\/\/www.pm.pb.gov.br\/portal\/#\/schema\/logo\/image\/\",\"url\":\"https:\/\/www.pm.pb.gov.br\/portal\/wp-content\/uploads\/2025\/03\/cropped-logo-site-mag2-1.png\",\"contentUrl\":\"https:\/\/www.pm.pb.gov.br\/portal\/wp-content\/uploads\/2025\/03\/cropped-logo-site-mag2-1.png\",\"width\":320,\"height\":90,\"caption\":\"Pol\u00edcia Militar da Para\u00edba\"},\"image\":{\"@id\":\"https:\/\/www.pm.pb.gov.br\/portal\/#\/schema\/logo\/image\/\"}},{\"@type\":\"Person\",\"@id\":\"https:\/\/www.pm.pb.gov.br\/portal\/#\/schema\/person\/f84f56dcc78ce4357054da888b8247fd\",\"name\":\"Tarcisio Oliveira\",\"image\":{\"@type\":\"ImageObject\",\"inLanguage\":\"pt-BR\",\"@id\":\"https:\/\/www.pm.pb.gov.br\/portal\/#\/schema\/person\/image\/\",\"url\":\"https:\/\/secure.gravatar.com\/avatar\/72917b630b69d31cd0297507f34bac97?s=96&d=mm&r=g\",\"contentUrl\":\"https:\/\/secure.gravatar.com\/avatar\/72917b630b69d31cd0297507f34bac97?s=96&d=mm&r=g\",\"caption\":\"Tarcisio Oliveira\"},\"url\":\"https:\/\/www.pm.pb.gov.br\/portal\/author\/tarcisio\/\"}]}<\/script>\n<!-- \/ Yoast SEO plugin. -->","yoast_head_json":{"title":"Opera\u00e7\u00e3o Crian\u00e7a Feliz recebe \u00faltimas doa\u00e7\u00f5es e come\u00e7a distribui\u00e7\u00e3o de brinquedos na Para\u00edba - Pol\u00edcia Militar da Para\u00edba","robots":{"index":"index","follow":"follow","max-snippet":"max-snippet:-1","max-image-preview":"max-image-preview:large","max-video-preview":"max-video-preview:-1"},"canonical":"https:\/\/www.pm.pb.gov.br\/portal\/2017\/10\/10\/operacao-crianca-feliz-recebe-ultimas-doacoes-e-comeca-distribuicao-de-brinquedos-na-paraiba\/","og_locale":"pt_BR","og_type":"article","og_title":"Opera\u00e7\u00e3o Crian\u00e7a Feliz recebe \u00faltimas doa\u00e7\u00f5es e come\u00e7a distribui\u00e7\u00e3o de brinquedos na Para\u00edba - Pol\u00edcia Militar da Para\u00edba","og_description":"Come\u00e7ou a \u00faltima fase da Opera\u00e7\u00e3o Crian\u00e7a Feliz, realizada pela Pol\u00edcia Militar em todo o estado da Para\u00edba, e que","og_url":"https:\/\/www.pm.pb.gov.br\/portal\/2017\/10\/10\/operacao-crianca-feliz-recebe-ultimas-doacoes-e-comeca-distribuicao-de-brinquedos-na-paraiba\/","og_site_name":"Pol\u00edcia Militar da Para\u00edba","article_published_time":"2017-10-10T20:00:33+00:00","og_image":[{"width":800,"height":445,"url":"https:\/\/www.pm.pb.gov.br\/portal\/wp-content\/uploads\/2017\/10\/crianca1.jpg","type":"image\/jpeg"}],"author":"Tarcisio Oliveira","twitter_card":"summary_large_image","twitter_misc":{"Escrito por":"Tarcisio Oliveira","Est. tempo de leitura":"3 minutos"},"schema":{"@context":"https:\/\/schema.org","@graph":[{"@type":"Article","@id":"https:\/\/www.pm.pb.gov.br\/portal\/2017\/10\/10\/operacao-crianca-feliz-recebe-ultimas-doacoes-e-comeca-distribuicao-de-brinquedos-na-paraiba\/#article","isPartOf":{"@id":"https:\/\/www.pm.pb.gov.br\/portal\/2017\/10\/10\/operacao-crianca-feliz-recebe-ultimas-doacoes-e-comeca-distribuicao-de-brinquedos-na-paraiba\/"},"author":{"name":"Tarcisio Oliveira","@id":"https:\/\/www.pm.pb.gov.br\/portal\/#\/schema\/person\/f84f56dcc78ce4357054da888b8247fd"},"headline":"Opera\u00e7\u00e3o Crian\u00e7a Feliz recebe \u00faltimas doa\u00e7\u00f5es e come\u00e7a distribui\u00e7\u00e3o de brinquedos na Para\u00edba","datePublished":"2017-10-10T20:00:33+00:00","dateModified":"2017-10-10T20:00:33+00:00","mainEntityOfPage":{"@id":"https:\/\/www.pm.pb.gov.br\/portal\/2017\/10\/10\/operacao-crianca-feliz-recebe-ultimas-doacoes-e-comeca-distribuicao-de-brinquedos-na-paraiba\/"},"wordCount":554,"publisher":{"@id":"https:\/\/www.pm.pb.gov.br\/portal\/#organization"},"articleSection":["Eventos"],"inLanguage":"pt-BR"},{"@type":"WebPage","@id":"https:\/\/www.pm.pb.gov.br\/portal\/2017\/10\/10\/operacao-crianca-feliz-recebe-ultimas-doacoes-e-comeca-distribuicao-de-brinquedos-na-paraiba\/","url":"https:\/\/www.pm.pb.gov.br\/portal\/2017\/10\/10\/operacao-crianca-feliz-recebe-ultimas-doacoes-e-comeca-distribuicao-de-brinquedos-na-paraiba\/","name":"Opera\u00e7\u00e3o Crian\u00e7a Feliz recebe \u00faltimas doa\u00e7\u00f5es e come\u00e7a distribui\u00e7\u00e3o de brinquedos na Para\u00edba - Pol\u00edcia Militar da Para\u00edba","isPartOf":{"@id":"https:\/\/www.pm.pb.gov.br\/portal\/#website"},"datePublished":"2017-10-10T20:00:33+00:00","dateModified":"2017-10-10T20:00:33+00:00","breadcrumb":{"@id":"https:\/\/www.pm.pb.gov.br\/portal\/2017\/10\/10\/operacao-crianca-feliz-recebe-ultimas-doacoes-e-comeca-distribuicao-de-brinquedos-na-paraiba\/#breadcrumb"},"inLanguage":"pt-BR","potentialAction":[{"@type":"ReadAction","target":["https:\/\/www.pm.pb.gov.br\/portal\/2017\/10\/10\/operacao-crianca-feliz-recebe-ultimas-doacoes-e-comeca-distribuicao-de-brinquedos-na-paraiba\/"]}]},{"@type":"BreadcrumbList","@id":"https:\/\/www.pm.pb.gov.br\/portal\/2017\/10\/10\/operacao-crianca-feliz-recebe-ultimas-doacoes-e-comeca-distribuicao-de-brinquedos-na-paraiba\/#breadcrumb","itemListElement":[{"@type":"ListItem","position":1,"name":"In\u00edcio","item":"https:\/\/www.pm.pb.gov.br\/portal\/"},{"@type":"ListItem","position":2,"name":"Opera\u00e7\u00e3o Crian\u00e7a Feliz recebe \u00faltimas doa\u00e7\u00f5es e come\u00e7a distribui\u00e7\u00e3o de brinquedos na Para\u00edba"}]},{"@type":"WebSite","@id":"https:\/\/www.pm.pb.gov.br\/portal\/#website","url":"https:\/\/www.pm.pb.gov.br\/portal\/","name":"Pol\u00edcia Militar da Para\u00edba","description":"","publisher":{"@id":"https:\/\/www.pm.pb.gov.br\/portal\/#organization"},"potentialAction":[{"@type":"SearchAction","target":{"@type":"EntryPoint","urlTemplate":"https:\/\/www.pm.pb.gov.br\/portal\/?s={search_term_string}"},"query-input":"required name=search_term_string"}],"inLanguage":"pt-BR"},{"@type":"Organization","@id":"https:\/\/www.pm.pb.gov.br\/portal\/#organization","name":"Pol\u00edcia Militar da Para\u00edba","url":"https:\/\/www.pm.pb.gov.br\/portal\/","logo":{"@type":"ImageObject","inLanguage":"pt-BR","@id":"https:\/\/www.pm.pb.gov.br\/portal\/#\/schema\/logo\/image\/","url":"https:\/\/www.pm.pb.gov.br\/portal\/wp-content\/uploads\/2025\/03\/cropped-logo-site-mag2-1.png","contentUrl":"https:\/\/www.pm.pb.gov.br\/portal\/wp-content\/uploads\/2025\/03\/cropped-logo-site-mag2-1.png","width":320,"height":90,"caption":"Pol\u00edcia Militar da Para\u00edba"},"image":{"@id":"https:\/\/www.pm.pb.gov.br\/portal\/#\/schema\/logo\/image\/"}},{"@type":"Person","@id":"https:\/\/www.pm.pb.gov.br\/portal\/#\/schema\/person\/f84f56dcc78ce4357054da888b8247fd","name":"Tarcisio Oliveira","image":{"@type":"ImageObject","inLanguage":"pt-BR","@id":"https:\/\/www.pm.pb.gov.br\/portal\/#\/schema\/person\/image\/","url":"https:\/\/secure.gravatar.com\/avatar\/72917b630b69d31cd0297507f34bac97?s=96&d=mm&r=g","contentUrl":"https:\/\/secure.gravatar.com\/avatar\/72917b630b69d31cd0297507f34bac97?s=96&d=mm&r=g","caption":"Tarcisio Oliveira"},"url":"https:\/\/www.pm.pb.gov.br\/portal\/author\/tarcisio\/"}]}},"_links":{"self":[{"href":"https:\/\/www.pm.pb.gov.br\/portal\/wp-json\/wp\/v2\/posts\/895647"}],"collection":[{"href":"https:\/\/www.pm.pb.gov.br\/portal\/wp-json\/wp\/v2\/posts"}],"about":[{"href":"https:\/\/www.pm.pb.gov.br\/portal\/wp-json\/wp\/v2\/types\/post"}],"author":[{"embeddable":true,"href":"https:\/\/www.pm.pb.gov.br\/portal\/wp-json\/wp\/v2\/users\/12"}],"replies":[{"embeddable":true,"href":"https:\/\/www.pm.pb.gov.br\/portal\/wp-json\/wp\/v2\/comments?post=895647"}],"version-history":[{"count":2,"href":"https:\/\/www.pm.pb.gov.br\/portal\/wp-json\/wp\/v2\/posts\/895647\/revisions"}],"predecessor-version":[{"id":895651,"href":"https:\/\/www.pm.pb.gov.br\/portal\/wp-json\/wp\/v2\/posts\/895647\/revisions\/895651"}],"wp:featuredmedia":[{"embeddable":true,"href":"https:\/\/www.pm.pb.gov.br\/portal\/wp-json\/wp\/v2\/media\/895648"}],"wp:attachment":[{"href":"https:\/\/www.pm.pb.gov.br\/portal\/wp-json\/wp\/v2\/media?parent=895647"}],"wp:term":[{"taxonomy":"category","embeddable":true,"href":"https:\/\/www.pm.pb.gov.br\/portal\/wp-json\/wp\/v2\/categories?post=895647"},{"taxonomy":"post_tag","embeddable":true,"href":"https:\/\/www.pm.pb.gov.br\/portal\/wp-json\/wp\/v2\/tags?post=895647"}],"curies":[{"name":"wp","href":"https:\/\/api.w.org\/{rel}","templated":true}]}}