{"id":895595,"date":"2017-10-07T00:13:39","date_gmt":"2017-10-07T03:13:39","guid":{"rendered":"http:\/\/www.pm.pb.gov.br\/portal\/?p=895595"},"modified":"2017-10-07T00:13:39","modified_gmt":"2017-10-07T03:13:39","slug":"governo-discute-planejamento-estrategico-para-a-area-da-seguranca-publica","status":"publish","type":"post","link":"https:\/\/www.pm.pb.gov.br\/portal\/2017\/10\/07\/governo-discute-planejamento-estrategico-para-a-area-da-seguranca-publica\/","title":{"rendered":"Governo discute planejamento estrat\u00e9gico para a \u00e1rea da Seguran\u00e7a P\u00fablica"},"content":{"rendered":"<p style=\"text-align: justify;\">O governador Ricardo Coutinho se reuniu, na manh\u00e3 desta sexta-feira (6), no Pal\u00e1cio da Reden\u00e7\u00e3o, com representantes das For\u00e7as da Seguran\u00e7a da Para\u00edba para discutir a segunda etapa de trabalhos desenvolvidos na confec\u00e7\u00e3o de um planejamento estrat\u00e9gico das a\u00e7\u00f5es de Seguran\u00e7a P\u00fablica para os pr\u00f3ximos dez anos. A primeira discuss\u00e3o foi realizada no m\u00eas de maio deste ano.<\/p>\n<p style=\"text-align: justify;\">O objetivo do encontro foi avaliar os pontos estabelecidos nas discuss\u00f5es da primeira etapa e apresentar os avan\u00e7os j\u00e1 conquistados do planejamento. O foco \u00e9 tra\u00e7ar metas para a gest\u00e3o em Seguran\u00e7a P\u00fablica, para que o enfrentamento da criminalidade seja realizado de forma eficaz a m\u00e9dio e longo prazo. Nesta segunda reuni\u00e3o, participaram secret\u00e1rios de outras pastas, como Educa\u00e7\u00e3o, Planejamento e Desenvolvimento Humano, j\u00e1 que faz parte do modelo do planejamento estrat\u00e9gico envolver diversas \u00e1reas da gest\u00e3o p\u00fablica na organiza\u00e7\u00e3o e manuten\u00e7\u00e3o da Seguran\u00e7a P\u00fablica.<\/p>\n<p style=\"text-align: justify;\">Para o governador Ricardo Coutinho, realizar a\u00e7\u00f5es como estas demonstram o comprometimento do Estado em avan\u00e7ar e buscar melhorias para a \u00e1rea da Seguran\u00e7a P\u00fablica, ressaltando a import\u00e2ncia do empenho das for\u00e7as de seguran\u00e7a nesse processo de crescimento e fortalecimento. \u201cEstamos construindo uma vis\u00e3o de pol\u00edtica de estado voltada para a Seguran\u00e7a P\u00fablica. Definir um planejamento estrat\u00e9gico em uma \u00e1rea t\u00e3o importante como a Seguran\u00e7a \u00e9 essencial. Precisamos estar todos alinhados em um mesmo prop\u00f3sito. Motivar profissionais, ocupar espa\u00e7os e com organiza\u00e7\u00e3o vamos estar sempre preparados para resolver as dificuldades quando elas surgirem. Ent\u00e3o, um encontro como esse de hoje nos estimula a realizar uma gest\u00e3o na \u00e1rea de Seguran\u00e7a P\u00fablica cada vez mais forte e operante, com resultados concretos para a sociedade\u201d, afirmou governador.<\/p>\n<figure id=\"attachment_895596\" aria-describedby=\"caption-attachment-895596\" style=\"width: 563px\" class=\"wp-caption aligncenter\"><img loading=\"lazy\" decoding=\"async\" class=\"wp-image-895596\" src=\"http:\/\/www.pm.pb.gov.br\/portal\/wp-content\/uploads\/2017\/10\/governo-realiza-planejamento-estrategico-de-seguranca-publica-foto-edvaldo-malaquias-4-668x445.jpg\" alt=\"\" width=\"563\" height=\"376\" srcset=\"https:\/\/www.pm.pb.gov.br\/portal\/wp-content\/uploads\/2017\/10\/governo-realiza-planejamento-estrategico-de-seguranca-publica-foto-edvaldo-malaquias-4-668x445.jpg 668w, https:\/\/www.pm.pb.gov.br\/portal\/wp-content\/uploads\/2017\/10\/governo-realiza-planejamento-estrategico-de-seguranca-publica-foto-edvaldo-malaquias-4-768x512.jpg 768w, https:\/\/www.pm.pb.gov.br\/portal\/wp-content\/uploads\/2017\/10\/governo-realiza-planejamento-estrategico-de-seguranca-publica-foto-edvaldo-malaquias-4-855x570.jpg 855w, https:\/\/www.pm.pb.gov.br\/portal\/wp-content\/uploads\/2017\/10\/governo-realiza-planejamento-estrategico-de-seguranca-publica-foto-edvaldo-malaquias-4-272x182.jpg 272w\" sizes=\"(max-width: 563px) 100vw, 563px\" \/><figcaption id=\"caption-attachment-895596\" class=\"wp-caption-text\"><span style=\"font-size: 10pt;\">Planejamento discute a\u00e7\u00f5es para os pr\u00f3ximos anos na \u00e1rea de Seguran\u00e7a P\u00fablica<\/span><\/figcaption><\/figure>\n<p style=\"text-align: justify;\">De acordo com o secret\u00e1rio da Seguran\u00e7a e Defesa Social, Cl\u00e1udio Lima, \u00e9 muito importante que a partir de agora os encontros para a defini\u00e7\u00e3o do planejamento estrat\u00e9gico n\u00e3o fiquem restritos apenas \u00e0s for\u00e7as de Seguran\u00e7a P\u00fablica; outras pastas devem estar presentes e assim construir um projeto com mais solidez. \u201cNesta reuni\u00e3o estamos reavaliando as a\u00e7\u00f5es e desenvolvendo metas mais complexas, que passam pela redu\u00e7\u00e3o de crimes contra a vida, contra o patrim\u00f4nio, combate ao tr\u00e1fico de drogas e ao porte de arma de fogo, e ainda pelo fortalecimento da transpar\u00eancia, Intelig\u00eancia Policial, corregedoria forte, entre outros aspectos. Mas, mais do que isso, pensar em planejamento estrat\u00e9gico implica tamb\u00e9m pensar em educa\u00e7\u00e3o, desenvolvimento humano, infraestrutura. Por isso, que hoje representantes destas \u00e1reas participaram conosco das discuss\u00f5es, para que de forma integrada possamos todos trabalhar para alcan\u00e7ar bons resultados na \u00e1rea de Seguran\u00e7a\u201d, revelou.<\/p>\n<p style=\"text-align: justify;\">Os detalhes do planejamento foram apresentados pelo consultor em gest\u00e3o de organiza\u00e7\u00f5es p\u00fablicas e privadas, Manoel Ferreira da Silva. Al\u00e9m dele, gestores da Pol\u00edcia Militar, Pol\u00edcia Civil e Corpo de Bombeiros detalharam um conjunto de pontos que s\u00e3o essenciais para a diminui\u00e7\u00e3o da criminalidade. Entre elas, est\u00e1 a valoriza\u00e7\u00e3o das boas pr\u00e1ticas.\u00a0\u00a0\u201cPrecisamos avan\u00e7ar em Seguran\u00e7a P\u00fablica. Devemos come\u00e7ar a pensar em preven\u00e7\u00e3o de crimes, al\u00e9m de repress\u00e3o. A presen\u00e7a do Manoel Ferreira \u00e9 muito importante. Ele est\u00e1 nos acompanhando nesta constru\u00e7\u00e3o. \u00c9 engenheiro civil, com p\u00f3s-gradua\u00e7\u00e3o em recursos humanos e planejamento, organiza\u00e7\u00e3o, sistemas e m\u00e9todos e tamb\u00e9m examinador da Funda\u00e7\u00e3o Nacional de Qualidade (FNQ), avaliando normas de padroniza\u00e7\u00e3o ISO\u201d, destacou o secret\u00e1rio Cl\u00e1udio Lima.<\/p>\n<p style=\"text-align: justify;\">Entre as a\u00e7\u00f5es estruturantes j\u00e1 realizadas pela Sesds est\u00e3o a compatibiliza\u00e7\u00e3o de \u00e1reas integradas de Seguran\u00e7a P\u00fablica, prevista na Lei Complementar 111\/2012, que dividiu a responsabilidade territorial entre os gestores dos \u00f3rg\u00e3os operativos da pasta, e o Sistema Estadual de Intelig\u00eancia, criado pela Lei Estadual 10.338\/2014. Atualmente, a Secretaria est\u00e1 implementando seu novo sistema de r\u00e1dio comunica\u00e7\u00e3o digital, que representa um investimento de R$ 33 milh\u00f5es e ser\u00e1 capaz de integrar as for\u00e7as de seguran\u00e7a, por meio de 40 torres espalhadas pelo estado, garantindo comunica\u00e7\u00e3o de qualidade e criptografada.<\/p>\n","protected":false},"excerpt":{"rendered":"<p>O governador Ricardo Coutinho se reuniu, na manh\u00e3 desta sexta-feira (6), no Pal\u00e1cio da Reden\u00e7\u00e3o, com representantes das For\u00e7as da<\/p>\n","protected":false},"author":12,"featured_media":895491,"comment_status":"closed","ping_status":"closed","sticky":false,"template":"","format":"standard","meta":{"_exactmetrics_skip_tracking":false,"_exactmetrics_sitenote_active":false,"_exactmetrics_sitenote_note":"","_exactmetrics_sitenote_category":0,"footnotes":""},"categories":[7],"tags":[],"yoast_head":"<!-- This site is optimized with the Yoast SEO plugin v22.0 - https:\/\/yoast.com\/wordpress\/plugins\/seo\/ -->\n<title>Governo discute planejamento estrat\u00e9gico para a \u00e1rea da Seguran\u00e7a P\u00fablica - Pol\u00edcia Militar da Para\u00edba<\/title>\n<meta name=\"robots\" content=\"index, follow, max-snippet:-1, max-image-preview:large, max-video-preview:-1\" \/>\n<link rel=\"canonical\" href=\"https:\/\/www.pm.pb.gov.br\/portal\/2017\/10\/07\/governo-discute-planejamento-estrategico-para-a-area-da-seguranca-publica\/\" \/>\n<meta property=\"og:locale\" content=\"pt_BR\" \/>\n<meta property=\"og:type\" content=\"article\" \/>\n<meta property=\"og:title\" content=\"Governo discute planejamento estrat\u00e9gico para a \u00e1rea da Seguran\u00e7a P\u00fablica - Pol\u00edcia Militar da Para\u00edba\" \/>\n<meta property=\"og:description\" content=\"O governador Ricardo Coutinho se reuniu, na manh\u00e3 desta sexta-feira (6), no Pal\u00e1cio da Reden\u00e7\u00e3o, com representantes das For\u00e7as da\" \/>\n<meta property=\"og:url\" content=\"https:\/\/www.pm.pb.gov.br\/portal\/2017\/10\/07\/governo-discute-planejamento-estrategico-para-a-area-da-seguranca-publica\/\" \/>\n<meta property=\"og:site_name\" content=\"Pol\u00edcia Militar da Para\u00edba\" \/>\n<meta property=\"article:published_time\" content=\"2017-10-07T03:13:39+00:00\" \/>\n<meta property=\"og:image\" content=\"https:\/\/www.pm.pb.gov.br\/portal\/wp-content\/uploads\/2017\/09\/imagem-ilustrativa-1.jpg\" \/>\n\t<meta property=\"og:image:width\" content=\"800\" \/>\n\t<meta property=\"og:image:height\" content=\"445\" \/>\n\t<meta property=\"og:image:type\" content=\"image\/jpeg\" \/>\n<meta name=\"author\" content=\"Tarcisio Oliveira\" \/>\n<meta name=\"twitter:card\" content=\"summary_large_image\" \/>\n<meta name=\"twitter:label1\" content=\"Escrito por\" \/>\n\t<meta name=\"twitter:data1\" content=\"Tarcisio Oliveira\" \/>\n\t<meta name=\"twitter:label2\" content=\"Est. tempo de leitura\" \/>\n\t<meta name=\"twitter:data2\" content=\"4 minutos\" \/>\n<script type=\"application\/ld+json\" class=\"yoast-schema-graph\">{\"@context\":\"https:\/\/schema.org\",\"@graph\":[{\"@type\":\"Article\",\"@id\":\"https:\/\/www.pm.pb.gov.br\/portal\/2017\/10\/07\/governo-discute-planejamento-estrategico-para-a-area-da-seguranca-publica\/#article\",\"isPartOf\":{\"@id\":\"https:\/\/www.pm.pb.gov.br\/portal\/2017\/10\/07\/governo-discute-planejamento-estrategico-para-a-area-da-seguranca-publica\/\"},\"author\":{\"name\":\"Tarcisio Oliveira\",\"@id\":\"https:\/\/www.pm.pb.gov.br\/portal\/#\/schema\/person\/f84f56dcc78ce4357054da888b8247fd\"},\"headline\":\"Governo discute planejamento estrat\u00e9gico para a \u00e1rea da Seguran\u00e7a P\u00fablica\",\"datePublished\":\"2017-10-07T03:13:39+00:00\",\"dateModified\":\"2017-10-07T03:13:39+00:00\",\"mainEntityOfPage\":{\"@id\":\"https:\/\/www.pm.pb.gov.br\/portal\/2017\/10\/07\/governo-discute-planejamento-estrategico-para-a-area-da-seguranca-publica\/\"},\"wordCount\":755,\"publisher\":{\"@id\":\"https:\/\/www.pm.pb.gov.br\/portal\/#organization\"},\"articleSection\":[\"Desenvolvimento e Tecnologia\"],\"inLanguage\":\"pt-BR\"},{\"@type\":\"WebPage\",\"@id\":\"https:\/\/www.pm.pb.gov.br\/portal\/2017\/10\/07\/governo-discute-planejamento-estrategico-para-a-area-da-seguranca-publica\/\",\"url\":\"https:\/\/www.pm.pb.gov.br\/portal\/2017\/10\/07\/governo-discute-planejamento-estrategico-para-a-area-da-seguranca-publica\/\",\"name\":\"Governo discute planejamento estrat\u00e9gico para a \u00e1rea da Seguran\u00e7a P\u00fablica - Pol\u00edcia Militar da Para\u00edba\",\"isPartOf\":{\"@id\":\"https:\/\/www.pm.pb.gov.br\/portal\/#website\"},\"datePublished\":\"2017-10-07T03:13:39+00:00\",\"dateModified\":\"2017-10-07T03:13:39+00:00\",\"breadcrumb\":{\"@id\":\"https:\/\/www.pm.pb.gov.br\/portal\/2017\/10\/07\/governo-discute-planejamento-estrategico-para-a-area-da-seguranca-publica\/#breadcrumb\"},\"inLanguage\":\"pt-BR\",\"potentialAction\":[{\"@type\":\"ReadAction\",\"target\":[\"https:\/\/www.pm.pb.gov.br\/portal\/2017\/10\/07\/governo-discute-planejamento-estrategico-para-a-area-da-seguranca-publica\/\"]}]},{\"@type\":\"BreadcrumbList\",\"@id\":\"https:\/\/www.pm.pb.gov.br\/portal\/2017\/10\/07\/governo-discute-planejamento-estrategico-para-a-area-da-seguranca-publica\/#breadcrumb\",\"itemListElement\":[{\"@type\":\"ListItem\",\"position\":1,\"name\":\"In\u00edcio\",\"item\":\"https:\/\/www.pm.pb.gov.br\/portal\/\"},{\"@type\":\"ListItem\",\"position\":2,\"name\":\"Governo discute planejamento estrat\u00e9gico para a \u00e1rea da Seguran\u00e7a P\u00fablica\"}]},{\"@type\":\"WebSite\",\"@id\":\"https:\/\/www.pm.pb.gov.br\/portal\/#website\",\"url\":\"https:\/\/www.pm.pb.gov.br\/portal\/\",\"name\":\"Pol\u00edcia Militar da Para\u00edba\",\"description\":\"\",\"publisher\":{\"@id\":\"https:\/\/www.pm.pb.gov.br\/portal\/#organization\"},\"potentialAction\":[{\"@type\":\"SearchAction\",\"target\":{\"@type\":\"EntryPoint\",\"urlTemplate\":\"https:\/\/www.pm.pb.gov.br\/portal\/?s={search_term_string}\"},\"query-input\":\"required name=search_term_string\"}],\"inLanguage\":\"pt-BR\"},{\"@type\":\"Organization\",\"@id\":\"https:\/\/www.pm.pb.gov.br\/portal\/#organization\",\"name\":\"Pol\u00edcia Militar da Para\u00edba\",\"url\":\"https:\/\/www.pm.pb.gov.br\/portal\/\",\"logo\":{\"@type\":\"ImageObject\",\"inLanguage\":\"pt-BR\",\"@id\":\"https:\/\/www.pm.pb.gov.br\/portal\/#\/schema\/logo\/image\/\",\"url\":\"https:\/\/www.pm.pb.gov.br\/portal\/wp-content\/uploads\/2025\/03\/cropped-logo-site-mag2-1.png\",\"contentUrl\":\"https:\/\/www.pm.pb.gov.br\/portal\/wp-content\/uploads\/2025\/03\/cropped-logo-site-mag2-1.png\",\"width\":320,\"height\":90,\"caption\":\"Pol\u00edcia Militar da Para\u00edba\"},\"image\":{\"@id\":\"https:\/\/www.pm.pb.gov.br\/portal\/#\/schema\/logo\/image\/\"}},{\"@type\":\"Person\",\"@id\":\"https:\/\/www.pm.pb.gov.br\/portal\/#\/schema\/person\/f84f56dcc78ce4357054da888b8247fd\",\"name\":\"Tarcisio Oliveira\",\"image\":{\"@type\":\"ImageObject\",\"inLanguage\":\"pt-BR\",\"@id\":\"https:\/\/www.pm.pb.gov.br\/portal\/#\/schema\/person\/image\/\",\"url\":\"https:\/\/secure.gravatar.com\/avatar\/72917b630b69d31cd0297507f34bac97?s=96&d=mm&r=g\",\"contentUrl\":\"https:\/\/secure.gravatar.com\/avatar\/72917b630b69d31cd0297507f34bac97?s=96&d=mm&r=g\",\"caption\":\"Tarcisio Oliveira\"},\"url\":\"https:\/\/www.pm.pb.gov.br\/portal\/author\/tarcisio\/\"}]}<\/script>\n<!-- \/ Yoast SEO plugin. -->","yoast_head_json":{"title":"Governo discute planejamento estrat\u00e9gico para a \u00e1rea da Seguran\u00e7a P\u00fablica - Pol\u00edcia Militar da Para\u00edba","robots":{"index":"index","follow":"follow","max-snippet":"max-snippet:-1","max-image-preview":"max-image-preview:large","max-video-preview":"max-video-preview:-1"},"canonical":"https:\/\/www.pm.pb.gov.br\/portal\/2017\/10\/07\/governo-discute-planejamento-estrategico-para-a-area-da-seguranca-publica\/","og_locale":"pt_BR","og_type":"article","og_title":"Governo discute planejamento estrat\u00e9gico para a \u00e1rea da Seguran\u00e7a P\u00fablica - Pol\u00edcia Militar da Para\u00edba","og_description":"O governador Ricardo Coutinho se reuniu, na manh\u00e3 desta sexta-feira (6), no Pal\u00e1cio da Reden\u00e7\u00e3o, com representantes das For\u00e7as da","og_url":"https:\/\/www.pm.pb.gov.br\/portal\/2017\/10\/07\/governo-discute-planejamento-estrategico-para-a-area-da-seguranca-publica\/","og_site_name":"Pol\u00edcia Militar da Para\u00edba","article_published_time":"2017-10-07T03:13:39+00:00","og_image":[{"width":800,"height":445,"url":"https:\/\/www.pm.pb.gov.br\/portal\/wp-content\/uploads\/2017\/09\/imagem-ilustrativa-1.jpg","type":"image\/jpeg"}],"author":"Tarcisio Oliveira","twitter_card":"summary_large_image","twitter_misc":{"Escrito por":"Tarcisio Oliveira","Est. tempo de leitura":"4 minutos"},"schema":{"@context":"https:\/\/schema.org","@graph":[{"@type":"Article","@id":"https:\/\/www.pm.pb.gov.br\/portal\/2017\/10\/07\/governo-discute-planejamento-estrategico-para-a-area-da-seguranca-publica\/#article","isPartOf":{"@id":"https:\/\/www.pm.pb.gov.br\/portal\/2017\/10\/07\/governo-discute-planejamento-estrategico-para-a-area-da-seguranca-publica\/"},"author":{"name":"Tarcisio Oliveira","@id":"https:\/\/www.pm.pb.gov.br\/portal\/#\/schema\/person\/f84f56dcc78ce4357054da888b8247fd"},"headline":"Governo discute planejamento estrat\u00e9gico para a \u00e1rea da Seguran\u00e7a P\u00fablica","datePublished":"2017-10-07T03:13:39+00:00","dateModified":"2017-10-07T03:13:39+00:00","mainEntityOfPage":{"@id":"https:\/\/www.pm.pb.gov.br\/portal\/2017\/10\/07\/governo-discute-planejamento-estrategico-para-a-area-da-seguranca-publica\/"},"wordCount":755,"publisher":{"@id":"https:\/\/www.pm.pb.gov.br\/portal\/#organization"},"articleSection":["Desenvolvimento e Tecnologia"],"inLanguage":"pt-BR"},{"@type":"WebPage","@id":"https:\/\/www.pm.pb.gov.br\/portal\/2017\/10\/07\/governo-discute-planejamento-estrategico-para-a-area-da-seguranca-publica\/","url":"https:\/\/www.pm.pb.gov.br\/portal\/2017\/10\/07\/governo-discute-planejamento-estrategico-para-a-area-da-seguranca-publica\/","name":"Governo discute planejamento estrat\u00e9gico para a \u00e1rea da Seguran\u00e7a P\u00fablica - Pol\u00edcia Militar da Para\u00edba","isPartOf":{"@id":"https:\/\/www.pm.pb.gov.br\/portal\/#website"},"datePublished":"2017-10-07T03:13:39+00:00","dateModified":"2017-10-07T03:13:39+00:00","breadcrumb":{"@id":"https:\/\/www.pm.pb.gov.br\/portal\/2017\/10\/07\/governo-discute-planejamento-estrategico-para-a-area-da-seguranca-publica\/#breadcrumb"},"inLanguage":"pt-BR","potentialAction":[{"@type":"ReadAction","target":["https:\/\/www.pm.pb.gov.br\/portal\/2017\/10\/07\/governo-discute-planejamento-estrategico-para-a-area-da-seguranca-publica\/"]}]},{"@type":"BreadcrumbList","@id":"https:\/\/www.pm.pb.gov.br\/portal\/2017\/10\/07\/governo-discute-planejamento-estrategico-para-a-area-da-seguranca-publica\/#breadcrumb","itemListElement":[{"@type":"ListItem","position":1,"name":"In\u00edcio","item":"https:\/\/www.pm.pb.gov.br\/portal\/"},{"@type":"ListItem","position":2,"name":"Governo discute planejamento estrat\u00e9gico para a \u00e1rea da Seguran\u00e7a P\u00fablica"}]},{"@type":"WebSite","@id":"https:\/\/www.pm.pb.gov.br\/portal\/#website","url":"https:\/\/www.pm.pb.gov.br\/portal\/","name":"Pol\u00edcia Militar da Para\u00edba","description":"","publisher":{"@id":"https:\/\/www.pm.pb.gov.br\/portal\/#organization"},"potentialAction":[{"@type":"SearchAction","target":{"@type":"EntryPoint","urlTemplate":"https:\/\/www.pm.pb.gov.br\/portal\/?s={search_term_string}"},"query-input":"required name=search_term_string"}],"inLanguage":"pt-BR"},{"@type":"Organization","@id":"https:\/\/www.pm.pb.gov.br\/portal\/#organization","name":"Pol\u00edcia Militar da Para\u00edba","url":"https:\/\/www.pm.pb.gov.br\/portal\/","logo":{"@type":"ImageObject","inLanguage":"pt-BR","@id":"https:\/\/www.pm.pb.gov.br\/portal\/#\/schema\/logo\/image\/","url":"https:\/\/www.pm.pb.gov.br\/portal\/wp-content\/uploads\/2025\/03\/cropped-logo-site-mag2-1.png","contentUrl":"https:\/\/www.pm.pb.gov.br\/portal\/wp-content\/uploads\/2025\/03\/cropped-logo-site-mag2-1.png","width":320,"height":90,"caption":"Pol\u00edcia Militar da Para\u00edba"},"image":{"@id":"https:\/\/www.pm.pb.gov.br\/portal\/#\/schema\/logo\/image\/"}},{"@type":"Person","@id":"https:\/\/www.pm.pb.gov.br\/portal\/#\/schema\/person\/f84f56dcc78ce4357054da888b8247fd","name":"Tarcisio Oliveira","image":{"@type":"ImageObject","inLanguage":"pt-BR","@id":"https:\/\/www.pm.pb.gov.br\/portal\/#\/schema\/person\/image\/","url":"https:\/\/secure.gravatar.com\/avatar\/72917b630b69d31cd0297507f34bac97?s=96&d=mm&r=g","contentUrl":"https:\/\/secure.gravatar.com\/avatar\/72917b630b69d31cd0297507f34bac97?s=96&d=mm&r=g","caption":"Tarcisio Oliveira"},"url":"https:\/\/www.pm.pb.gov.br\/portal\/author\/tarcisio\/"}]}},"_links":{"self":[{"href":"https:\/\/www.pm.pb.gov.br\/portal\/wp-json\/wp\/v2\/posts\/895595"}],"collection":[{"href":"https:\/\/www.pm.pb.gov.br\/portal\/wp-json\/wp\/v2\/posts"}],"about":[{"href":"https:\/\/www.pm.pb.gov.br\/portal\/wp-json\/wp\/v2\/types\/post"}],"author":[{"embeddable":true,"href":"https:\/\/www.pm.pb.gov.br\/portal\/wp-json\/wp\/v2\/users\/12"}],"replies":[{"embeddable":true,"href":"https:\/\/www.pm.pb.gov.br\/portal\/wp-json\/wp\/v2\/comments?post=895595"}],"version-history":[{"count":3,"href":"https:\/\/www.pm.pb.gov.br\/portal\/wp-json\/wp\/v2\/posts\/895595\/revisions"}],"predecessor-version":[{"id":895599,"href":"https:\/\/www.pm.pb.gov.br\/portal\/wp-json\/wp\/v2\/posts\/895595\/revisions\/895599"}],"wp:featuredmedia":[{"embeddable":true,"href":"https:\/\/www.pm.pb.gov.br\/portal\/wp-json\/wp\/v2\/media\/895491"}],"wp:attachment":[{"href":"https:\/\/www.pm.pb.gov.br\/portal\/wp-json\/wp\/v2\/media?parent=895595"}],"wp:term":[{"taxonomy":"category","embeddable":true,"href":"https:\/\/www.pm.pb.gov.br\/portal\/wp-json\/wp\/v2\/categories?post=895595"},{"taxonomy":"post_tag","embeddable":true,"href":"https:\/\/www.pm.pb.gov.br\/portal\/wp-json\/wp\/v2\/tags?post=895595"}],"curies":[{"name":"wp","href":"https:\/\/api.w.org\/{rel}","templated":true}]}}