{"id":895587,"date":"2017-10-06T10:38:55","date_gmt":"2017-10-06T13:38:55","guid":{"rendered":"http:\/\/www.pm.pb.gov.br\/portal\/?p=895587"},"modified":"2017-10-06T10:38:55","modified_gmt":"2017-10-06T13:38:55","slug":"policia-militar-celebra-aniversario-da-7a-cipm-na-regiao-de-solanea-e-homenageia-policiais","status":"publish","type":"post","link":"https:\/\/www.pm.pb.gov.br\/portal\/2017\/10\/06\/policia-militar-celebra-aniversario-da-7a-cipm-na-regiao-de-solanea-e-homenageia-policiais\/","title":{"rendered":"Pol\u00edcia Militar celebra anivers\u00e1rio da 7\u00aa CIPM na regi\u00e3o de Sol\u00e2nea e homenageia policiais"},"content":{"rendered":"<p style=\"text-align: justify;\">O Comandante-Geral da Pol\u00edcia Militar, coronel Euller Chaves, esteve na cidade de Sol\u00e2nea, nessa quinta-feira (5), para celebrar junto aos policiais o anivers\u00e1rio de um ano da 7\u00aa Companhia Independente, na cidade de Sol\u00e2nea. Na ocasi\u00e3o, o coronel Euller entregou 25 certificados de agradecimento pelos servi\u00e7os prestados por militares e civis \u00e0 unidade, bem como condecorou os policiais com a entrega de quase 20 l\u00e1ureas e medalhas.<\/p>\n<p style=\"text-align: justify;\">Em seu discurso, que foi acompanhado de perto por filhos e esposas dos policiais, estudantes, prefeitos e vereadores da regi\u00e3o, delegados, ju\u00edzes e promotores, o coronel Euller fez quest\u00e3o de exaltar o trabalho que vem sendo desempenhado pelos policiais militares. \u201cOs depoimentos que recebemos aqui em rela\u00e7\u00e3o ao trabalho desenvolvido pela 7\u00aa CIPM nos emocionam e trazem mais responsabilidade, pois as pessoas acreditam na Pol\u00edcia Militar da Para\u00edba e isso nos motiva a agradecer e continuar cuidando dos nossos homens e mulheres para que eles tenham as condi\u00e7\u00f5es necess\u00e1rias para servir mais e melhor a nossa sociedade\u201d, destacou.<\/p>\n<figure id=\"attachment_895585\" aria-describedby=\"caption-attachment-895585\" style=\"width: 667px\" class=\"wp-caption aligncenter\"><img loading=\"lazy\" decoding=\"async\" class=\"wp-image-895585 size-medium\" src=\"http:\/\/www.pm.pb.gov.br\/portal\/wp-content\/uploads\/2017\/10\/7cipm2-667x445.jpg\" alt=\"\" width=\"667\" height=\"445\" srcset=\"https:\/\/www.pm.pb.gov.br\/portal\/wp-content\/uploads\/2017\/10\/7cipm2-667x445.jpg 667w, https:\/\/www.pm.pb.gov.br\/portal\/wp-content\/uploads\/2017\/10\/7cipm2-768x513.jpg 768w, https:\/\/www.pm.pb.gov.br\/portal\/wp-content\/uploads\/2017\/10\/7cipm2-854x570.jpg 854w, https:\/\/www.pm.pb.gov.br\/portal\/wp-content\/uploads\/2017\/10\/7cipm2-272x182.jpg 272w, https:\/\/www.pm.pb.gov.br\/portal\/wp-content\/uploads\/2017\/10\/7cipm2.jpg 2048w\" sizes=\"(max-width: 667px) 100vw, 667px\" \/><figcaption id=\"caption-attachment-895585\" class=\"wp-caption-text\"><span style=\"font-size: 10pt;\">Anivers\u00e1rio da Companhia reuniu militares e civis e homenageou policiais<\/span><\/figcaption><\/figure>\n<p style=\"text-align: justify;\">\nA 7\u00aa CIPM foi criada em 27 maio de 2016, quando deixou de ser a 2\u00aa Companhia do 4\u00ba Batalh\u00e3o, passando a ganhar autonomia administrativa e operacional. A sede \u00e9 em Sol\u00e2nea e atende 142 mil habitantes das cidades de Sol\u00e2nea, Bananeiras, Borborema, Serraria, Arara, Casserengue, Araruna, Cacimba de Dentro, Riach\u00e3o, Dona In\u00eas e Tacima. A Companhia \u00e9 comandada pelo Major J Ferreira, que pelos resultados alcan\u00e7ados pela 7\u00aa CIPM, recebeu a promo\u00e7\u00e3o de major na \u00faltima quarta-feira (4).<\/p>\n","protected":false},"excerpt":{"rendered":"<p>O Comandante-Geral da Pol\u00edcia Militar, coronel Euller Chaves, esteve na cidade de Sol\u00e2nea, nessa quinta-feira (5), para celebrar junto aos<\/p>\n","protected":false},"author":12,"featured_media":895583,"comment_status":"closed","ping_status":"closed","sticky":false,"template":"","format":"standard","meta":{"_exactmetrics_skip_tracking":false,"_exactmetrics_sitenote_active":false,"_exactmetrics_sitenote_note":"","_exactmetrics_sitenote_category":0,"footnotes":""},"categories":[9],"tags":[],"yoast_head":"<!-- This site is optimized with the Yoast SEO plugin v22.0 - https:\/\/yoast.com\/wordpress\/plugins\/seo\/ -->\n<title>Pol\u00edcia Militar celebra anivers\u00e1rio da 7\u00aa CIPM na regi\u00e3o de Sol\u00e2nea e homenageia policiais - Pol\u00edcia Militar da Para\u00edba<\/title>\n<meta name=\"robots\" content=\"index, follow, max-snippet:-1, max-image-preview:large, max-video-preview:-1\" \/>\n<link rel=\"canonical\" href=\"https:\/\/www.pm.pb.gov.br\/portal\/2017\/10\/06\/policia-militar-celebra-aniversario-da-7a-cipm-na-regiao-de-solanea-e-homenageia-policiais\/\" \/>\n<meta property=\"og:locale\" content=\"pt_BR\" \/>\n<meta property=\"og:type\" content=\"article\" \/>\n<meta property=\"og:title\" content=\"Pol\u00edcia Militar celebra anivers\u00e1rio da 7\u00aa CIPM na regi\u00e3o de Sol\u00e2nea e homenageia policiais - Pol\u00edcia Militar da Para\u00edba\" \/>\n<meta property=\"og:description\" content=\"O Comandante-Geral da Pol\u00edcia Militar, coronel Euller Chaves, esteve na cidade de Sol\u00e2nea, nessa quinta-feira (5), para celebrar junto aos\" \/>\n<meta property=\"og:url\" content=\"https:\/\/www.pm.pb.gov.br\/portal\/2017\/10\/06\/policia-militar-celebra-aniversario-da-7a-cipm-na-regiao-de-solanea-e-homenageia-policiais\/\" \/>\n<meta property=\"og:site_name\" content=\"Pol\u00edcia Militar da Para\u00edba\" \/>\n<meta property=\"article:published_time\" content=\"2017-10-06T13:38:55+00:00\" \/>\n<meta property=\"og:image\" content=\"https:\/\/www.pm.pb.gov.br\/portal\/wp-content\/uploads\/2017\/10\/7cipm.jpg\" \/>\n\t<meta property=\"og:image:width\" content=\"800\" \/>\n\t<meta property=\"og:image:height\" content=\"445\" \/>\n\t<meta property=\"og:image:type\" content=\"image\/jpeg\" \/>\n<meta name=\"author\" content=\"Tarcisio Oliveira\" \/>\n<meta name=\"twitter:card\" content=\"summary_large_image\" \/>\n<meta name=\"twitter:label1\" content=\"Escrito por\" \/>\n\t<meta name=\"twitter:data1\" content=\"Tarcisio Oliveira\" \/>\n\t<meta name=\"twitter:label2\" content=\"Est. tempo de leitura\" \/>\n\t<meta name=\"twitter:data2\" content=\"1 minuto\" \/>\n<script type=\"application\/ld+json\" class=\"yoast-schema-graph\">{\"@context\":\"https:\/\/schema.org\",\"@graph\":[{\"@type\":\"Article\",\"@id\":\"https:\/\/www.pm.pb.gov.br\/portal\/2017\/10\/06\/policia-militar-celebra-aniversario-da-7a-cipm-na-regiao-de-solanea-e-homenageia-policiais\/#article\",\"isPartOf\":{\"@id\":\"https:\/\/www.pm.pb.gov.br\/portal\/2017\/10\/06\/policia-militar-celebra-aniversario-da-7a-cipm-na-regiao-de-solanea-e-homenageia-policiais\/\"},\"author\":{\"name\":\"Tarcisio Oliveira\",\"@id\":\"https:\/\/www.pm.pb.gov.br\/portal\/#\/schema\/person\/f84f56dcc78ce4357054da888b8247fd\"},\"headline\":\"Pol\u00edcia Militar celebra anivers\u00e1rio da 7\u00aa CIPM na regi\u00e3o de Sol\u00e2nea e homenageia policiais\",\"datePublished\":\"2017-10-06T13:38:55+00:00\",\"dateModified\":\"2017-10-06T13:38:55+00:00\",\"mainEntityOfPage\":{\"@id\":\"https:\/\/www.pm.pb.gov.br\/portal\/2017\/10\/06\/policia-militar-celebra-aniversario-da-7a-cipm-na-regiao-de-solanea-e-homenageia-policiais\/\"},\"wordCount\":285,\"publisher\":{\"@id\":\"https:\/\/www.pm.pb.gov.br\/portal\/#organization\"},\"articleSection\":[\"Eventos\"],\"inLanguage\":\"pt-BR\"},{\"@type\":\"WebPage\",\"@id\":\"https:\/\/www.pm.pb.gov.br\/portal\/2017\/10\/06\/policia-militar-celebra-aniversario-da-7a-cipm-na-regiao-de-solanea-e-homenageia-policiais\/\",\"url\":\"https:\/\/www.pm.pb.gov.br\/portal\/2017\/10\/06\/policia-militar-celebra-aniversario-da-7a-cipm-na-regiao-de-solanea-e-homenageia-policiais\/\",\"name\":\"Pol\u00edcia Militar celebra anivers\u00e1rio da 7\u00aa CIPM na regi\u00e3o de Sol\u00e2nea e homenageia policiais - Pol\u00edcia Militar da Para\u00edba\",\"isPartOf\":{\"@id\":\"https:\/\/www.pm.pb.gov.br\/portal\/#website\"},\"datePublished\":\"2017-10-06T13:38:55+00:00\",\"dateModified\":\"2017-10-06T13:38:55+00:00\",\"breadcrumb\":{\"@id\":\"https:\/\/www.pm.pb.gov.br\/portal\/2017\/10\/06\/policia-militar-celebra-aniversario-da-7a-cipm-na-regiao-de-solanea-e-homenageia-policiais\/#breadcrumb\"},\"inLanguage\":\"pt-BR\",\"potentialAction\":[{\"@type\":\"ReadAction\",\"target\":[\"https:\/\/www.pm.pb.gov.br\/portal\/2017\/10\/06\/policia-militar-celebra-aniversario-da-7a-cipm-na-regiao-de-solanea-e-homenageia-policiais\/\"]}]},{\"@type\":\"BreadcrumbList\",\"@id\":\"https:\/\/www.pm.pb.gov.br\/portal\/2017\/10\/06\/policia-militar-celebra-aniversario-da-7a-cipm-na-regiao-de-solanea-e-homenageia-policiais\/#breadcrumb\",\"itemListElement\":[{\"@type\":\"ListItem\",\"position\":1,\"name\":\"In\u00edcio\",\"item\":\"https:\/\/www.pm.pb.gov.br\/portal\/\"},{\"@type\":\"ListItem\",\"position\":2,\"name\":\"Pol\u00edcia Militar celebra anivers\u00e1rio da 7\u00aa CIPM na regi\u00e3o de Sol\u00e2nea e homenageia policiais\"}]},{\"@type\":\"WebSite\",\"@id\":\"https:\/\/www.pm.pb.gov.br\/portal\/#website\",\"url\":\"https:\/\/www.pm.pb.gov.br\/portal\/\",\"name\":\"Pol\u00edcia Militar da Para\u00edba\",\"description\":\"\",\"publisher\":{\"@id\":\"https:\/\/www.pm.pb.gov.br\/portal\/#organization\"},\"potentialAction\":[{\"@type\":\"SearchAction\",\"target\":{\"@type\":\"EntryPoint\",\"urlTemplate\":\"https:\/\/www.pm.pb.gov.br\/portal\/?s={search_term_string}\"},\"query-input\":\"required name=search_term_string\"}],\"inLanguage\":\"pt-BR\"},{\"@type\":\"Organization\",\"@id\":\"https:\/\/www.pm.pb.gov.br\/portal\/#organization\",\"name\":\"Pol\u00edcia Militar da Para\u00edba\",\"url\":\"https:\/\/www.pm.pb.gov.br\/portal\/\",\"logo\":{\"@type\":\"ImageObject\",\"inLanguage\":\"pt-BR\",\"@id\":\"https:\/\/www.pm.pb.gov.br\/portal\/#\/schema\/logo\/image\/\",\"url\":\"https:\/\/www.pm.pb.gov.br\/portal\/wp-content\/uploads\/2025\/03\/cropped-logo-site-mag2-1.png\",\"contentUrl\":\"https:\/\/www.pm.pb.gov.br\/portal\/wp-content\/uploads\/2025\/03\/cropped-logo-site-mag2-1.png\",\"width\":320,\"height\":90,\"caption\":\"Pol\u00edcia Militar da Para\u00edba\"},\"image\":{\"@id\":\"https:\/\/www.pm.pb.gov.br\/portal\/#\/schema\/logo\/image\/\"}},{\"@type\":\"Person\",\"@id\":\"https:\/\/www.pm.pb.gov.br\/portal\/#\/schema\/person\/f84f56dcc78ce4357054da888b8247fd\",\"name\":\"Tarcisio Oliveira\",\"image\":{\"@type\":\"ImageObject\",\"inLanguage\":\"pt-BR\",\"@id\":\"https:\/\/www.pm.pb.gov.br\/portal\/#\/schema\/person\/image\/\",\"url\":\"https:\/\/secure.gravatar.com\/avatar\/72917b630b69d31cd0297507f34bac97?s=96&d=mm&r=g\",\"contentUrl\":\"https:\/\/secure.gravatar.com\/avatar\/72917b630b69d31cd0297507f34bac97?s=96&d=mm&r=g\",\"caption\":\"Tarcisio Oliveira\"},\"url\":\"https:\/\/www.pm.pb.gov.br\/portal\/author\/tarcisio\/\"}]}<\/script>\n<!-- \/ Yoast SEO plugin. -->","yoast_head_json":{"title":"Pol\u00edcia Militar celebra anivers\u00e1rio da 7\u00aa CIPM na regi\u00e3o de Sol\u00e2nea e homenageia policiais - Pol\u00edcia Militar da Para\u00edba","robots":{"index":"index","follow":"follow","max-snippet":"max-snippet:-1","max-image-preview":"max-image-preview:large","max-video-preview":"max-video-preview:-1"},"canonical":"https:\/\/www.pm.pb.gov.br\/portal\/2017\/10\/06\/policia-militar-celebra-aniversario-da-7a-cipm-na-regiao-de-solanea-e-homenageia-policiais\/","og_locale":"pt_BR","og_type":"article","og_title":"Pol\u00edcia Militar celebra anivers\u00e1rio da 7\u00aa CIPM na regi\u00e3o de Sol\u00e2nea e homenageia policiais - Pol\u00edcia Militar da Para\u00edba","og_description":"O Comandante-Geral da Pol\u00edcia Militar, coronel Euller Chaves, esteve na cidade de Sol\u00e2nea, nessa quinta-feira (5), para celebrar junto aos","og_url":"https:\/\/www.pm.pb.gov.br\/portal\/2017\/10\/06\/policia-militar-celebra-aniversario-da-7a-cipm-na-regiao-de-solanea-e-homenageia-policiais\/","og_site_name":"Pol\u00edcia Militar da Para\u00edba","article_published_time":"2017-10-06T13:38:55+00:00","og_image":[{"width":800,"height":445,"url":"https:\/\/www.pm.pb.gov.br\/portal\/wp-content\/uploads\/2017\/10\/7cipm.jpg","type":"image\/jpeg"}],"author":"Tarcisio Oliveira","twitter_card":"summary_large_image","twitter_misc":{"Escrito por":"Tarcisio Oliveira","Est. tempo de leitura":"1 minuto"},"schema":{"@context":"https:\/\/schema.org","@graph":[{"@type":"Article","@id":"https:\/\/www.pm.pb.gov.br\/portal\/2017\/10\/06\/policia-militar-celebra-aniversario-da-7a-cipm-na-regiao-de-solanea-e-homenageia-policiais\/#article","isPartOf":{"@id":"https:\/\/www.pm.pb.gov.br\/portal\/2017\/10\/06\/policia-militar-celebra-aniversario-da-7a-cipm-na-regiao-de-solanea-e-homenageia-policiais\/"},"author":{"name":"Tarcisio Oliveira","@id":"https:\/\/www.pm.pb.gov.br\/portal\/#\/schema\/person\/f84f56dcc78ce4357054da888b8247fd"},"headline":"Pol\u00edcia Militar celebra anivers\u00e1rio da 7\u00aa CIPM na regi\u00e3o de Sol\u00e2nea e homenageia policiais","datePublished":"2017-10-06T13:38:55+00:00","dateModified":"2017-10-06T13:38:55+00:00","mainEntityOfPage":{"@id":"https:\/\/www.pm.pb.gov.br\/portal\/2017\/10\/06\/policia-militar-celebra-aniversario-da-7a-cipm-na-regiao-de-solanea-e-homenageia-policiais\/"},"wordCount":285,"publisher":{"@id":"https:\/\/www.pm.pb.gov.br\/portal\/#organization"},"articleSection":["Eventos"],"inLanguage":"pt-BR"},{"@type":"WebPage","@id":"https:\/\/www.pm.pb.gov.br\/portal\/2017\/10\/06\/policia-militar-celebra-aniversario-da-7a-cipm-na-regiao-de-solanea-e-homenageia-policiais\/","url":"https:\/\/www.pm.pb.gov.br\/portal\/2017\/10\/06\/policia-militar-celebra-aniversario-da-7a-cipm-na-regiao-de-solanea-e-homenageia-policiais\/","name":"Pol\u00edcia Militar celebra anivers\u00e1rio da 7\u00aa CIPM na regi\u00e3o de Sol\u00e2nea e homenageia policiais - Pol\u00edcia Militar da Para\u00edba","isPartOf":{"@id":"https:\/\/www.pm.pb.gov.br\/portal\/#website"},"datePublished":"2017-10-06T13:38:55+00:00","dateModified":"2017-10-06T13:38:55+00:00","breadcrumb":{"@id":"https:\/\/www.pm.pb.gov.br\/portal\/2017\/10\/06\/policia-militar-celebra-aniversario-da-7a-cipm-na-regiao-de-solanea-e-homenageia-policiais\/#breadcrumb"},"inLanguage":"pt-BR","potentialAction":[{"@type":"ReadAction","target":["https:\/\/www.pm.pb.gov.br\/portal\/2017\/10\/06\/policia-militar-celebra-aniversario-da-7a-cipm-na-regiao-de-solanea-e-homenageia-policiais\/"]}]},{"@type":"BreadcrumbList","@id":"https:\/\/www.pm.pb.gov.br\/portal\/2017\/10\/06\/policia-militar-celebra-aniversario-da-7a-cipm-na-regiao-de-solanea-e-homenageia-policiais\/#breadcrumb","itemListElement":[{"@type":"ListItem","position":1,"name":"In\u00edcio","item":"https:\/\/www.pm.pb.gov.br\/portal\/"},{"@type":"ListItem","position":2,"name":"Pol\u00edcia Militar celebra anivers\u00e1rio da 7\u00aa CIPM na regi\u00e3o de Sol\u00e2nea e homenageia policiais"}]},{"@type":"WebSite","@id":"https:\/\/www.pm.pb.gov.br\/portal\/#website","url":"https:\/\/www.pm.pb.gov.br\/portal\/","name":"Pol\u00edcia Militar da Para\u00edba","description":"","publisher":{"@id":"https:\/\/www.pm.pb.gov.br\/portal\/#organization"},"potentialAction":[{"@type":"SearchAction","target":{"@type":"EntryPoint","urlTemplate":"https:\/\/www.pm.pb.gov.br\/portal\/?s={search_term_string}"},"query-input":"required name=search_term_string"}],"inLanguage":"pt-BR"},{"@type":"Organization","@id":"https:\/\/www.pm.pb.gov.br\/portal\/#organization","name":"Pol\u00edcia Militar da Para\u00edba","url":"https:\/\/www.pm.pb.gov.br\/portal\/","logo":{"@type":"ImageObject","inLanguage":"pt-BR","@id":"https:\/\/www.pm.pb.gov.br\/portal\/#\/schema\/logo\/image\/","url":"https:\/\/www.pm.pb.gov.br\/portal\/wp-content\/uploads\/2025\/03\/cropped-logo-site-mag2-1.png","contentUrl":"https:\/\/www.pm.pb.gov.br\/portal\/wp-content\/uploads\/2025\/03\/cropped-logo-site-mag2-1.png","width":320,"height":90,"caption":"Pol\u00edcia Militar da Para\u00edba"},"image":{"@id":"https:\/\/www.pm.pb.gov.br\/portal\/#\/schema\/logo\/image\/"}},{"@type":"Person","@id":"https:\/\/www.pm.pb.gov.br\/portal\/#\/schema\/person\/f84f56dcc78ce4357054da888b8247fd","name":"Tarcisio Oliveira","image":{"@type":"ImageObject","inLanguage":"pt-BR","@id":"https:\/\/www.pm.pb.gov.br\/portal\/#\/schema\/person\/image\/","url":"https:\/\/secure.gravatar.com\/avatar\/72917b630b69d31cd0297507f34bac97?s=96&d=mm&r=g","contentUrl":"https:\/\/secure.gravatar.com\/avatar\/72917b630b69d31cd0297507f34bac97?s=96&d=mm&r=g","caption":"Tarcisio Oliveira"},"url":"https:\/\/www.pm.pb.gov.br\/portal\/author\/tarcisio\/"}]}},"_links":{"self":[{"href":"https:\/\/www.pm.pb.gov.br\/portal\/wp-json\/wp\/v2\/posts\/895587"}],"collection":[{"href":"https:\/\/www.pm.pb.gov.br\/portal\/wp-json\/wp\/v2\/posts"}],"about":[{"href":"https:\/\/www.pm.pb.gov.br\/portal\/wp-json\/wp\/v2\/types\/post"}],"author":[{"embeddable":true,"href":"https:\/\/www.pm.pb.gov.br\/portal\/wp-json\/wp\/v2\/users\/12"}],"replies":[{"embeddable":true,"href":"https:\/\/www.pm.pb.gov.br\/portal\/wp-json\/wp\/v2\/comments?post=895587"}],"version-history":[{"count":3,"href":"https:\/\/www.pm.pb.gov.br\/portal\/wp-json\/wp\/v2\/posts\/895587\/revisions"}],"predecessor-version":[{"id":895590,"href":"https:\/\/www.pm.pb.gov.br\/portal\/wp-json\/wp\/v2\/posts\/895587\/revisions\/895590"}],"wp:featuredmedia":[{"embeddable":true,"href":"https:\/\/www.pm.pb.gov.br\/portal\/wp-json\/wp\/v2\/media\/895583"}],"wp:attachment":[{"href":"https:\/\/www.pm.pb.gov.br\/portal\/wp-json\/wp\/v2\/media?parent=895587"}],"wp:term":[{"taxonomy":"category","embeddable":true,"href":"https:\/\/www.pm.pb.gov.br\/portal\/wp-json\/wp\/v2\/categories?post=895587"},{"taxonomy":"post_tag","embeddable":true,"href":"https:\/\/www.pm.pb.gov.br\/portal\/wp-json\/wp\/v2\/tags?post=895587"}],"curies":[{"name":"wp","href":"https:\/\/api.w.org\/{rel}","templated":true}]}}