{"id":895567,"date":"2017-10-04T15:14:54","date_gmt":"2017-10-04T18:14:54","guid":{"rendered":"http:\/\/www.pm.pb.gov.br\/portal\/?p=895567"},"modified":"2017-10-04T15:14:54","modified_gmt":"2017-10-04T18:14:54","slug":"dois-jovens-com-motocicleta-roubada-e-arma-de-fogo-sao-apreendidos-na-capital","status":"publish","type":"post","link":"https:\/\/www.pm.pb.gov.br\/portal\/2017\/10\/04\/dois-jovens-com-motocicleta-roubada-e-arma-de-fogo-sao-apreendidos-na-capital\/","title":{"rendered":"Dois jovens com motocicleta roubada e arma de fogo s\u00e3o apreendidos na Capital"},"content":{"rendered":"<p style=\"text-align: justify;\">Na noite dessa ter\u00e7a-feira (03), policiais militares da ROTAM do 5\u00ba Batalh\u00e3o de Pol\u00edcia Militar interceptam e apreenderam dois indiv\u00edduos, de 17 anos, em uma motocicleta roubada em frente \u00e0 Igreja Santo Ant\u00f4nio no bairro dos Banc\u00e1rios na Capital.<\/p>\n<p style=\"text-align: justify;\">\u00a0A equipe policial recebeu informa\u00e7\u00f5es de que dois\u00a0indiv\u00edduos em uma motocicleta\u00a0estavam em atitude suspeita nas imedia\u00e7\u00f5es da igreja. De imediato, a equipe partiu em dilig\u00eancias e interceptaram a dupla, ap\u00f3s a abordagem, os policiais encontraram na posse de um dos indiv\u00edduos uma arma de fogo, calibre 38, com 03 muni\u00e7\u00f5es.<\/p>\n<p style=\"text-align: justify;\">Os suspeitos, a motocicleta e a arma apreendida foram conduzidos a Central de Pol\u00edcia na Capital para os procedimentos cab\u00edveis.<\/p>\n","protected":false},"excerpt":{"rendered":"<p>Na noite dessa ter\u00e7a-feira (03), policiais militares da ROTAM do 5\u00ba Batalh\u00e3o de Pol\u00edcia Militar interceptam e apreenderam dois indiv\u00edduos,<\/p>\n","protected":false},"author":11,"featured_media":895568,"comment_status":"closed","ping_status":"closed","sticky":false,"template":"","format":"standard","meta":{"_exactmetrics_skip_tracking":false,"_exactmetrics_sitenote_active":false,"_exactmetrics_sitenote_note":"","_exactmetrics_sitenote_category":0,"footnotes":""},"categories":[4],"tags":[],"yoast_head":"<!-- This site is optimized with the Yoast SEO plugin v22.0 - https:\/\/yoast.com\/wordpress\/plugins\/seo\/ -->\n<title>Dois jovens com motocicleta roubada e arma de fogo s\u00e3o apreendidos na Capital - Pol\u00edcia Militar da Para\u00edba<\/title>\n<meta name=\"robots\" content=\"index, follow, max-snippet:-1, max-image-preview:large, max-video-preview:-1\" \/>\n<link rel=\"canonical\" href=\"https:\/\/www.pm.pb.gov.br\/portal\/2017\/10\/04\/dois-jovens-com-motocicleta-roubada-e-arma-de-fogo-sao-apreendidos-na-capital\/\" \/>\n<meta property=\"og:locale\" content=\"pt_BR\" \/>\n<meta property=\"og:type\" content=\"article\" \/>\n<meta property=\"og:title\" content=\"Dois jovens com motocicleta roubada e arma de fogo s\u00e3o apreendidos na Capital - Pol\u00edcia Militar da Para\u00edba\" \/>\n<meta property=\"og:description\" content=\"Na noite dessa ter\u00e7a-feira (03), policiais militares da ROTAM do 5\u00ba Batalh\u00e3o de Pol\u00edcia Militar interceptam e apreenderam dois indiv\u00edduos,\" \/>\n<meta property=\"og:url\" content=\"https:\/\/www.pm.pb.gov.br\/portal\/2017\/10\/04\/dois-jovens-com-motocicleta-roubada-e-arma-de-fogo-sao-apreendidos-na-capital\/\" \/>\n<meta property=\"og:site_name\" content=\"Pol\u00edcia Militar da Para\u00edba\" \/>\n<meta property=\"article:published_time\" content=\"2017-10-04T18:14:54+00:00\" \/>\n<meta property=\"og:image\" content=\"https:\/\/www.pm.pb.gov.br\/portal\/wp-content\/uploads\/2017\/10\/WhatsApp-Image-2017-10-03-at-20.51.04.jpeg\" \/>\n\t<meta property=\"og:image:width\" content=\"1032\" \/>\n\t<meta property=\"og:image:height\" content=\"559\" \/>\n\t<meta property=\"og:image:type\" content=\"image\/jpeg\" \/>\n<meta name=\"author\" content=\"Hermerson Pedro\" \/>\n<meta name=\"twitter:card\" content=\"summary_large_image\" \/>\n<meta name=\"twitter:label1\" content=\"Escrito por\" \/>\n\t<meta name=\"twitter:data1\" content=\"Hermerson Pedro\" \/>\n\t<meta name=\"twitter:label2\" content=\"Est. tempo de leitura\" \/>\n\t<meta name=\"twitter:data2\" content=\"1 minuto\" \/>\n<script type=\"application\/ld+json\" class=\"yoast-schema-graph\">{\"@context\":\"https:\/\/schema.org\",\"@graph\":[{\"@type\":\"Article\",\"@id\":\"https:\/\/www.pm.pb.gov.br\/portal\/2017\/10\/04\/dois-jovens-com-motocicleta-roubada-e-arma-de-fogo-sao-apreendidos-na-capital\/#article\",\"isPartOf\":{\"@id\":\"https:\/\/www.pm.pb.gov.br\/portal\/2017\/10\/04\/dois-jovens-com-motocicleta-roubada-e-arma-de-fogo-sao-apreendidos-na-capital\/\"},\"author\":{\"name\":\"Hermerson Pedro\",\"@id\":\"https:\/\/www.pm.pb.gov.br\/portal\/#\/schema\/person\/d14ec57cfec6ba094c033291a557dc3b\"},\"headline\":\"Dois jovens com motocicleta roubada e arma de fogo s\u00e3o apreendidos na Capital\",\"datePublished\":\"2017-10-04T18:14:54+00:00\",\"dateModified\":\"2017-10-04T18:14:54+00:00\",\"mainEntityOfPage\":{\"@id\":\"https:\/\/www.pm.pb.gov.br\/portal\/2017\/10\/04\/dois-jovens-com-motocicleta-roubada-e-arma-de-fogo-sao-apreendidos-na-capital\/\"},\"wordCount\":134,\"publisher\":{\"@id\":\"https:\/\/www.pm.pb.gov.br\/portal\/#organization\"},\"articleSection\":[\"A\u00e7\u00f5es Policiais\"],\"inLanguage\":\"pt-BR\"},{\"@type\":\"WebPage\",\"@id\":\"https:\/\/www.pm.pb.gov.br\/portal\/2017\/10\/04\/dois-jovens-com-motocicleta-roubada-e-arma-de-fogo-sao-apreendidos-na-capital\/\",\"url\":\"https:\/\/www.pm.pb.gov.br\/portal\/2017\/10\/04\/dois-jovens-com-motocicleta-roubada-e-arma-de-fogo-sao-apreendidos-na-capital\/\",\"name\":\"Dois jovens com motocicleta roubada e arma de fogo s\u00e3o apreendidos na Capital - Pol\u00edcia Militar da Para\u00edba\",\"isPartOf\":{\"@id\":\"https:\/\/www.pm.pb.gov.br\/portal\/#website\"},\"datePublished\":\"2017-10-04T18:14:54+00:00\",\"dateModified\":\"2017-10-04T18:14:54+00:00\",\"breadcrumb\":{\"@id\":\"https:\/\/www.pm.pb.gov.br\/portal\/2017\/10\/04\/dois-jovens-com-motocicleta-roubada-e-arma-de-fogo-sao-apreendidos-na-capital\/#breadcrumb\"},\"inLanguage\":\"pt-BR\",\"potentialAction\":[{\"@type\":\"ReadAction\",\"target\":[\"https:\/\/www.pm.pb.gov.br\/portal\/2017\/10\/04\/dois-jovens-com-motocicleta-roubada-e-arma-de-fogo-sao-apreendidos-na-capital\/\"]}]},{\"@type\":\"BreadcrumbList\",\"@id\":\"https:\/\/www.pm.pb.gov.br\/portal\/2017\/10\/04\/dois-jovens-com-motocicleta-roubada-e-arma-de-fogo-sao-apreendidos-na-capital\/#breadcrumb\",\"itemListElement\":[{\"@type\":\"ListItem\",\"position\":1,\"name\":\"In\u00edcio\",\"item\":\"https:\/\/www.pm.pb.gov.br\/portal\/\"},{\"@type\":\"ListItem\",\"position\":2,\"name\":\"Dois jovens com motocicleta roubada e arma de fogo s\u00e3o apreendidos na Capital\"}]},{\"@type\":\"WebSite\",\"@id\":\"https:\/\/www.pm.pb.gov.br\/portal\/#website\",\"url\":\"https:\/\/www.pm.pb.gov.br\/portal\/\",\"name\":\"Pol\u00edcia Militar da Para\u00edba\",\"description\":\"\",\"publisher\":{\"@id\":\"https:\/\/www.pm.pb.gov.br\/portal\/#organization\"},\"potentialAction\":[{\"@type\":\"SearchAction\",\"target\":{\"@type\":\"EntryPoint\",\"urlTemplate\":\"https:\/\/www.pm.pb.gov.br\/portal\/?s={search_term_string}\"},\"query-input\":\"required name=search_term_string\"}],\"inLanguage\":\"pt-BR\"},{\"@type\":\"Organization\",\"@id\":\"https:\/\/www.pm.pb.gov.br\/portal\/#organization\",\"name\":\"Pol\u00edcia Militar da Para\u00edba\",\"url\":\"https:\/\/www.pm.pb.gov.br\/portal\/\",\"logo\":{\"@type\":\"ImageObject\",\"inLanguage\":\"pt-BR\",\"@id\":\"https:\/\/www.pm.pb.gov.br\/portal\/#\/schema\/logo\/image\/\",\"url\":\"https:\/\/www.pm.pb.gov.br\/portal\/wp-content\/uploads\/2025\/03\/cropped-logo-site-mag2-1.png\",\"contentUrl\":\"https:\/\/www.pm.pb.gov.br\/portal\/wp-content\/uploads\/2025\/03\/cropped-logo-site-mag2-1.png\",\"width\":320,\"height\":90,\"caption\":\"Pol\u00edcia Militar da Para\u00edba\"},\"image\":{\"@id\":\"https:\/\/www.pm.pb.gov.br\/portal\/#\/schema\/logo\/image\/\"}},{\"@type\":\"Person\",\"@id\":\"https:\/\/www.pm.pb.gov.br\/portal\/#\/schema\/person\/d14ec57cfec6ba094c033291a557dc3b\",\"name\":\"Hermerson Pedro\",\"image\":{\"@type\":\"ImageObject\",\"inLanguage\":\"pt-BR\",\"@id\":\"https:\/\/www.pm.pb.gov.br\/portal\/#\/schema\/person\/image\/\",\"url\":\"https:\/\/secure.gravatar.com\/avatar\/179290e0ec2caf97139df534dc3e55df?s=96&d=mm&r=g\",\"contentUrl\":\"https:\/\/secure.gravatar.com\/avatar\/179290e0ec2caf97139df534dc3e55df?s=96&d=mm&r=g\",\"caption\":\"Hermerson Pedro\"},\"url\":\"https:\/\/www.pm.pb.gov.br\/portal\/author\/hermerson\/\"}]}<\/script>\n<!-- \/ Yoast SEO plugin. -->","yoast_head_json":{"title":"Dois jovens com motocicleta roubada e arma de fogo s\u00e3o apreendidos na Capital - Pol\u00edcia Militar da Para\u00edba","robots":{"index":"index","follow":"follow","max-snippet":"max-snippet:-1","max-image-preview":"max-image-preview:large","max-video-preview":"max-video-preview:-1"},"canonical":"https:\/\/www.pm.pb.gov.br\/portal\/2017\/10\/04\/dois-jovens-com-motocicleta-roubada-e-arma-de-fogo-sao-apreendidos-na-capital\/","og_locale":"pt_BR","og_type":"article","og_title":"Dois jovens com motocicleta roubada e arma de fogo s\u00e3o apreendidos na Capital - Pol\u00edcia Militar da Para\u00edba","og_description":"Na noite dessa ter\u00e7a-feira (03), policiais militares da ROTAM do 5\u00ba Batalh\u00e3o de Pol\u00edcia Militar interceptam e apreenderam dois indiv\u00edduos,","og_url":"https:\/\/www.pm.pb.gov.br\/portal\/2017\/10\/04\/dois-jovens-com-motocicleta-roubada-e-arma-de-fogo-sao-apreendidos-na-capital\/","og_site_name":"Pol\u00edcia Militar da Para\u00edba","article_published_time":"2017-10-04T18:14:54+00:00","og_image":[{"width":1032,"height":559,"url":"https:\/\/www.pm.pb.gov.br\/portal\/wp-content\/uploads\/2017\/10\/WhatsApp-Image-2017-10-03-at-20.51.04.jpeg","type":"image\/jpeg"}],"author":"Hermerson Pedro","twitter_card":"summary_large_image","twitter_misc":{"Escrito por":"Hermerson Pedro","Est. tempo de leitura":"1 minuto"},"schema":{"@context":"https:\/\/schema.org","@graph":[{"@type":"Article","@id":"https:\/\/www.pm.pb.gov.br\/portal\/2017\/10\/04\/dois-jovens-com-motocicleta-roubada-e-arma-de-fogo-sao-apreendidos-na-capital\/#article","isPartOf":{"@id":"https:\/\/www.pm.pb.gov.br\/portal\/2017\/10\/04\/dois-jovens-com-motocicleta-roubada-e-arma-de-fogo-sao-apreendidos-na-capital\/"},"author":{"name":"Hermerson Pedro","@id":"https:\/\/www.pm.pb.gov.br\/portal\/#\/schema\/person\/d14ec57cfec6ba094c033291a557dc3b"},"headline":"Dois jovens com motocicleta roubada e arma de fogo s\u00e3o apreendidos na Capital","datePublished":"2017-10-04T18:14:54+00:00","dateModified":"2017-10-04T18:14:54+00:00","mainEntityOfPage":{"@id":"https:\/\/www.pm.pb.gov.br\/portal\/2017\/10\/04\/dois-jovens-com-motocicleta-roubada-e-arma-de-fogo-sao-apreendidos-na-capital\/"},"wordCount":134,"publisher":{"@id":"https:\/\/www.pm.pb.gov.br\/portal\/#organization"},"articleSection":["A\u00e7\u00f5es Policiais"],"inLanguage":"pt-BR"},{"@type":"WebPage","@id":"https:\/\/www.pm.pb.gov.br\/portal\/2017\/10\/04\/dois-jovens-com-motocicleta-roubada-e-arma-de-fogo-sao-apreendidos-na-capital\/","url":"https:\/\/www.pm.pb.gov.br\/portal\/2017\/10\/04\/dois-jovens-com-motocicleta-roubada-e-arma-de-fogo-sao-apreendidos-na-capital\/","name":"Dois jovens com motocicleta roubada e arma de fogo s\u00e3o apreendidos na Capital - Pol\u00edcia Militar da Para\u00edba","isPartOf":{"@id":"https:\/\/www.pm.pb.gov.br\/portal\/#website"},"datePublished":"2017-10-04T18:14:54+00:00","dateModified":"2017-10-04T18:14:54+00:00","breadcrumb":{"@id":"https:\/\/www.pm.pb.gov.br\/portal\/2017\/10\/04\/dois-jovens-com-motocicleta-roubada-e-arma-de-fogo-sao-apreendidos-na-capital\/#breadcrumb"},"inLanguage":"pt-BR","potentialAction":[{"@type":"ReadAction","target":["https:\/\/www.pm.pb.gov.br\/portal\/2017\/10\/04\/dois-jovens-com-motocicleta-roubada-e-arma-de-fogo-sao-apreendidos-na-capital\/"]}]},{"@type":"BreadcrumbList","@id":"https:\/\/www.pm.pb.gov.br\/portal\/2017\/10\/04\/dois-jovens-com-motocicleta-roubada-e-arma-de-fogo-sao-apreendidos-na-capital\/#breadcrumb","itemListElement":[{"@type":"ListItem","position":1,"name":"In\u00edcio","item":"https:\/\/www.pm.pb.gov.br\/portal\/"},{"@type":"ListItem","position":2,"name":"Dois jovens com motocicleta roubada e arma de fogo s\u00e3o apreendidos na Capital"}]},{"@type":"WebSite","@id":"https:\/\/www.pm.pb.gov.br\/portal\/#website","url":"https:\/\/www.pm.pb.gov.br\/portal\/","name":"Pol\u00edcia Militar da Para\u00edba","description":"","publisher":{"@id":"https:\/\/www.pm.pb.gov.br\/portal\/#organization"},"potentialAction":[{"@type":"SearchAction","target":{"@type":"EntryPoint","urlTemplate":"https:\/\/www.pm.pb.gov.br\/portal\/?s={search_term_string}"},"query-input":"required name=search_term_string"}],"inLanguage":"pt-BR"},{"@type":"Organization","@id":"https:\/\/www.pm.pb.gov.br\/portal\/#organization","name":"Pol\u00edcia Militar da Para\u00edba","url":"https:\/\/www.pm.pb.gov.br\/portal\/","logo":{"@type":"ImageObject","inLanguage":"pt-BR","@id":"https:\/\/www.pm.pb.gov.br\/portal\/#\/schema\/logo\/image\/","url":"https:\/\/www.pm.pb.gov.br\/portal\/wp-content\/uploads\/2025\/03\/cropped-logo-site-mag2-1.png","contentUrl":"https:\/\/www.pm.pb.gov.br\/portal\/wp-content\/uploads\/2025\/03\/cropped-logo-site-mag2-1.png","width":320,"height":90,"caption":"Pol\u00edcia Militar da Para\u00edba"},"image":{"@id":"https:\/\/www.pm.pb.gov.br\/portal\/#\/schema\/logo\/image\/"}},{"@type":"Person","@id":"https:\/\/www.pm.pb.gov.br\/portal\/#\/schema\/person\/d14ec57cfec6ba094c033291a557dc3b","name":"Hermerson Pedro","image":{"@type":"ImageObject","inLanguage":"pt-BR","@id":"https:\/\/www.pm.pb.gov.br\/portal\/#\/schema\/person\/image\/","url":"https:\/\/secure.gravatar.com\/avatar\/179290e0ec2caf97139df534dc3e55df?s=96&d=mm&r=g","contentUrl":"https:\/\/secure.gravatar.com\/avatar\/179290e0ec2caf97139df534dc3e55df?s=96&d=mm&r=g","caption":"Hermerson Pedro"},"url":"https:\/\/www.pm.pb.gov.br\/portal\/author\/hermerson\/"}]}},"_links":{"self":[{"href":"https:\/\/www.pm.pb.gov.br\/portal\/wp-json\/wp\/v2\/posts\/895567"}],"collection":[{"href":"https:\/\/www.pm.pb.gov.br\/portal\/wp-json\/wp\/v2\/posts"}],"about":[{"href":"https:\/\/www.pm.pb.gov.br\/portal\/wp-json\/wp\/v2\/types\/post"}],"author":[{"embeddable":true,"href":"https:\/\/www.pm.pb.gov.br\/portal\/wp-json\/wp\/v2\/users\/11"}],"replies":[{"embeddable":true,"href":"https:\/\/www.pm.pb.gov.br\/portal\/wp-json\/wp\/v2\/comments?post=895567"}],"version-history":[{"count":1,"href":"https:\/\/www.pm.pb.gov.br\/portal\/wp-json\/wp\/v2\/posts\/895567\/revisions"}],"predecessor-version":[{"id":895569,"href":"https:\/\/www.pm.pb.gov.br\/portal\/wp-json\/wp\/v2\/posts\/895567\/revisions\/895569"}],"wp:featuredmedia":[{"embeddable":true,"href":"https:\/\/www.pm.pb.gov.br\/portal\/wp-json\/wp\/v2\/media\/895568"}],"wp:attachment":[{"href":"https:\/\/www.pm.pb.gov.br\/portal\/wp-json\/wp\/v2\/media?parent=895567"}],"wp:term":[{"taxonomy":"category","embeddable":true,"href":"https:\/\/www.pm.pb.gov.br\/portal\/wp-json\/wp\/v2\/categories?post=895567"},{"taxonomy":"post_tag","embeddable":true,"href":"https:\/\/www.pm.pb.gov.br\/portal\/wp-json\/wp\/v2\/tags?post=895567"}],"curies":[{"name":"wp","href":"https:\/\/api.w.org\/{rel}","templated":true}]}}