{"id":895565,"date":"2017-10-04T10:50:56","date_gmt":"2017-10-04T13:50:56","guid":{"rendered":"http:\/\/www.pm.pb.gov.br\/portal\/?p=895565"},"modified":"2017-10-04T10:50:56","modified_gmt":"2017-10-04T13:50:56","slug":"policia-militar-recupera-carro-que-pode-ter-sido-usado-em-ataque-a-banco-e-prende-suspeito-na-capital","status":"publish","type":"post","link":"https:\/\/www.pm.pb.gov.br\/portal\/2017\/10\/04\/policia-militar-recupera-carro-que-pode-ter-sido-usado-em-ataque-a-banco-e-prende-suspeito-na-capital\/","title":{"rendered":"Pol\u00edcia Militar recupera carro que pode ter sido usado em ataque a banco e prende suspeito na Capital"},"content":{"rendered":"<p style=\"text-align: justify;\">A Pol\u00edcia Militar localizou um carro que pode ter sido utilizado no ataque a um banco, no munic\u00edpio de Alagoa Nova, nas primeiras horas da manh\u00e3 desta ter\u00e7a-feira (3). O ve\u00edculo, que foi roubado em Campina Grande ainda na segunda-feira, foi encontrado em Jo\u00e3o Pessoa e, na a\u00e7\u00e3o, um homem foi preso, uma arma de fogo apreendida e um outro carro com restri\u00e7\u00e3o de roubo foi recuperado.<\/p>\n<p style=\"text-align: justify;\">A partir de informa\u00e7\u00f5es repassadas ao Centro Integrado de Opera\u00e7\u00f5es Policiais (Ciop) informando que uma Saveiro vermelha que teria sido utilizada no ataque ao banco em Alagoa Nova estava no bairro de Jaguaribe, policiais do Grupo de A\u00e7\u00f5es T\u00e1ticas Especiais (Gate) diligenciaram e encontraram o ve\u00edculo nas proximidades da avenida Vasco da Gama. No momento, outra caminhoneta Hilux, da cor branca, que tinha tamb\u00e9m restri\u00e7\u00e3o de roubo estava na localidade e fugiu da abordagem da PM.<\/p>\n<p style=\"text-align: justify;\">Ap\u00f3s persegui\u00e7\u00e3o, a Hilux perdeu o controle e colidiu com um muro de uma resid\u00eancia, nas proximidades de uma escola p\u00fablica. Com o motorista foi encontrado um rev\u00f3lver calibre 32. O carro havia sido roubado em Pernambuco e o homem de 18 anos detido era tamb\u00e9m daquele estado. O motorista da Saveiro n\u00e3o foi localizado, mas foi constatado que o carro havia sido roubado de Campina Grande por volta das 23h30 de segunda-feira (2).<\/p>\n<p style=\"text-align: justify;\">Segundo os policiais envolvidos na a\u00e7\u00e3o, o suspeito que estava armado confessou que iria sequestrar o gerente de um banco.<\/p>\n","protected":false},"excerpt":{"rendered":"<p>A Pol\u00edcia Militar localizou um carro que pode ter sido utilizado no ataque a um banco, no munic\u00edpio de Alagoa<\/p>\n","protected":false},"author":12,"featured_media":895497,"comment_status":"closed","ping_status":"closed","sticky":false,"template":"","format":"standard","meta":{"_exactmetrics_skip_tracking":false,"_exactmetrics_sitenote_active":false,"_exactmetrics_sitenote_note":"","_exactmetrics_sitenote_category":0,"footnotes":""},"categories":[4],"tags":[],"yoast_head":"<!-- This site is optimized with the Yoast SEO plugin v22.0 - https:\/\/yoast.com\/wordpress\/plugins\/seo\/ -->\n<title>Pol\u00edcia Militar recupera carro que pode ter sido usado em ataque a banco e prende suspeito na Capital - Pol\u00edcia Militar da Para\u00edba<\/title>\n<meta name=\"robots\" content=\"index, follow, max-snippet:-1, max-image-preview:large, max-video-preview:-1\" \/>\n<link rel=\"canonical\" href=\"https:\/\/www.pm.pb.gov.br\/portal\/2017\/10\/04\/policia-militar-recupera-carro-que-pode-ter-sido-usado-em-ataque-a-banco-e-prende-suspeito-na-capital\/\" \/>\n<meta property=\"og:locale\" content=\"pt_BR\" \/>\n<meta property=\"og:type\" content=\"article\" \/>\n<meta property=\"og:title\" content=\"Pol\u00edcia Militar recupera carro que pode ter sido usado em ataque a banco e prende suspeito na Capital - Pol\u00edcia Militar da Para\u00edba\" \/>\n<meta property=\"og:description\" content=\"A Pol\u00edcia Militar localizou um carro que pode ter sido utilizado no ataque a um banco, no munic\u00edpio de Alagoa\" \/>\n<meta property=\"og:url\" content=\"https:\/\/www.pm.pb.gov.br\/portal\/2017\/10\/04\/policia-militar-recupera-carro-que-pode-ter-sido-usado-em-ataque-a-banco-e-prende-suspeito-na-capital\/\" \/>\n<meta property=\"og:site_name\" content=\"Pol\u00edcia Militar da Para\u00edba\" \/>\n<meta property=\"article:published_time\" content=\"2017-10-04T13:50:56+00:00\" \/>\n<meta property=\"og:image\" content=\"https:\/\/www.pm.pb.gov.br\/portal\/wp-content\/uploads\/2017\/09\/imagem-ilustrativa1.jpg\" \/>\n\t<meta property=\"og:image:width\" content=\"800\" \/>\n\t<meta property=\"og:image:height\" content=\"445\" \/>\n\t<meta property=\"og:image:type\" content=\"image\/jpeg\" \/>\n<meta name=\"author\" content=\"Tarcisio Oliveira\" \/>\n<meta name=\"twitter:card\" content=\"summary_large_image\" \/>\n<meta name=\"twitter:label1\" content=\"Escrito por\" \/>\n\t<meta name=\"twitter:data1\" content=\"Tarcisio Oliveira\" \/>\n\t<meta name=\"twitter:label2\" content=\"Est. tempo de leitura\" \/>\n\t<meta name=\"twitter:data2\" content=\"1 minuto\" \/>\n<script type=\"application\/ld+json\" class=\"yoast-schema-graph\">{\"@context\":\"https:\/\/schema.org\",\"@graph\":[{\"@type\":\"Article\",\"@id\":\"https:\/\/www.pm.pb.gov.br\/portal\/2017\/10\/04\/policia-militar-recupera-carro-que-pode-ter-sido-usado-em-ataque-a-banco-e-prende-suspeito-na-capital\/#article\",\"isPartOf\":{\"@id\":\"https:\/\/www.pm.pb.gov.br\/portal\/2017\/10\/04\/policia-militar-recupera-carro-que-pode-ter-sido-usado-em-ataque-a-banco-e-prende-suspeito-na-capital\/\"},\"author\":{\"name\":\"Tarcisio Oliveira\",\"@id\":\"https:\/\/www.pm.pb.gov.br\/portal\/#\/schema\/person\/f84f56dcc78ce4357054da888b8247fd\"},\"headline\":\"Pol\u00edcia Militar recupera carro que pode ter sido usado em ataque a banco e prende suspeito na Capital\",\"datePublished\":\"2017-10-04T13:50:56+00:00\",\"dateModified\":\"2017-10-04T13:50:56+00:00\",\"mainEntityOfPage\":{\"@id\":\"https:\/\/www.pm.pb.gov.br\/portal\/2017\/10\/04\/policia-militar-recupera-carro-que-pode-ter-sido-usado-em-ataque-a-banco-e-prende-suspeito-na-capital\/\"},\"wordCount\":274,\"publisher\":{\"@id\":\"https:\/\/www.pm.pb.gov.br\/portal\/#organization\"},\"articleSection\":[\"A\u00e7\u00f5es Policiais\"],\"inLanguage\":\"pt-BR\"},{\"@type\":\"WebPage\",\"@id\":\"https:\/\/www.pm.pb.gov.br\/portal\/2017\/10\/04\/policia-militar-recupera-carro-que-pode-ter-sido-usado-em-ataque-a-banco-e-prende-suspeito-na-capital\/\",\"url\":\"https:\/\/www.pm.pb.gov.br\/portal\/2017\/10\/04\/policia-militar-recupera-carro-que-pode-ter-sido-usado-em-ataque-a-banco-e-prende-suspeito-na-capital\/\",\"name\":\"Pol\u00edcia Militar recupera carro que pode ter sido usado em ataque a banco e prende suspeito na Capital - Pol\u00edcia Militar da Para\u00edba\",\"isPartOf\":{\"@id\":\"https:\/\/www.pm.pb.gov.br\/portal\/#website\"},\"datePublished\":\"2017-10-04T13:50:56+00:00\",\"dateModified\":\"2017-10-04T13:50:56+00:00\",\"breadcrumb\":{\"@id\":\"https:\/\/www.pm.pb.gov.br\/portal\/2017\/10\/04\/policia-militar-recupera-carro-que-pode-ter-sido-usado-em-ataque-a-banco-e-prende-suspeito-na-capital\/#breadcrumb\"},\"inLanguage\":\"pt-BR\",\"potentialAction\":[{\"@type\":\"ReadAction\",\"target\":[\"https:\/\/www.pm.pb.gov.br\/portal\/2017\/10\/04\/policia-militar-recupera-carro-que-pode-ter-sido-usado-em-ataque-a-banco-e-prende-suspeito-na-capital\/\"]}]},{\"@type\":\"BreadcrumbList\",\"@id\":\"https:\/\/www.pm.pb.gov.br\/portal\/2017\/10\/04\/policia-militar-recupera-carro-que-pode-ter-sido-usado-em-ataque-a-banco-e-prende-suspeito-na-capital\/#breadcrumb\",\"itemListElement\":[{\"@type\":\"ListItem\",\"position\":1,\"name\":\"In\u00edcio\",\"item\":\"https:\/\/www.pm.pb.gov.br\/portal\/\"},{\"@type\":\"ListItem\",\"position\":2,\"name\":\"Pol\u00edcia Militar recupera carro que pode ter sido usado em ataque a banco e prende suspeito na Capital\"}]},{\"@type\":\"WebSite\",\"@id\":\"https:\/\/www.pm.pb.gov.br\/portal\/#website\",\"url\":\"https:\/\/www.pm.pb.gov.br\/portal\/\",\"name\":\"Pol\u00edcia Militar da Para\u00edba\",\"description\":\"\",\"publisher\":{\"@id\":\"https:\/\/www.pm.pb.gov.br\/portal\/#organization\"},\"potentialAction\":[{\"@type\":\"SearchAction\",\"target\":{\"@type\":\"EntryPoint\",\"urlTemplate\":\"https:\/\/www.pm.pb.gov.br\/portal\/?s={search_term_string}\"},\"query-input\":\"required name=search_term_string\"}],\"inLanguage\":\"pt-BR\"},{\"@type\":\"Organization\",\"@id\":\"https:\/\/www.pm.pb.gov.br\/portal\/#organization\",\"name\":\"Pol\u00edcia Militar da Para\u00edba\",\"url\":\"https:\/\/www.pm.pb.gov.br\/portal\/\",\"logo\":{\"@type\":\"ImageObject\",\"inLanguage\":\"pt-BR\",\"@id\":\"https:\/\/www.pm.pb.gov.br\/portal\/#\/schema\/logo\/image\/\",\"url\":\"https:\/\/www.pm.pb.gov.br\/portal\/wp-content\/uploads\/2025\/03\/cropped-logo-site-mag2-1.png\",\"contentUrl\":\"https:\/\/www.pm.pb.gov.br\/portal\/wp-content\/uploads\/2025\/03\/cropped-logo-site-mag2-1.png\",\"width\":320,\"height\":90,\"caption\":\"Pol\u00edcia Militar da Para\u00edba\"},\"image\":{\"@id\":\"https:\/\/www.pm.pb.gov.br\/portal\/#\/schema\/logo\/image\/\"}},{\"@type\":\"Person\",\"@id\":\"https:\/\/www.pm.pb.gov.br\/portal\/#\/schema\/person\/f84f56dcc78ce4357054da888b8247fd\",\"name\":\"Tarcisio Oliveira\",\"image\":{\"@type\":\"ImageObject\",\"inLanguage\":\"pt-BR\",\"@id\":\"https:\/\/www.pm.pb.gov.br\/portal\/#\/schema\/person\/image\/\",\"url\":\"https:\/\/secure.gravatar.com\/avatar\/72917b630b69d31cd0297507f34bac97?s=96&d=mm&r=g\",\"contentUrl\":\"https:\/\/secure.gravatar.com\/avatar\/72917b630b69d31cd0297507f34bac97?s=96&d=mm&r=g\",\"caption\":\"Tarcisio Oliveira\"},\"url\":\"https:\/\/www.pm.pb.gov.br\/portal\/author\/tarcisio\/\"}]}<\/script>\n<!-- \/ Yoast SEO plugin. -->","yoast_head_json":{"title":"Pol\u00edcia Militar recupera carro que pode ter sido usado em ataque a banco e prende suspeito na Capital - Pol\u00edcia Militar da Para\u00edba","robots":{"index":"index","follow":"follow","max-snippet":"max-snippet:-1","max-image-preview":"max-image-preview:large","max-video-preview":"max-video-preview:-1"},"canonical":"https:\/\/www.pm.pb.gov.br\/portal\/2017\/10\/04\/policia-militar-recupera-carro-que-pode-ter-sido-usado-em-ataque-a-banco-e-prende-suspeito-na-capital\/","og_locale":"pt_BR","og_type":"article","og_title":"Pol\u00edcia Militar recupera carro que pode ter sido usado em ataque a banco e prende suspeito na Capital - Pol\u00edcia Militar da Para\u00edba","og_description":"A Pol\u00edcia Militar localizou um carro que pode ter sido utilizado no ataque a um banco, no munic\u00edpio de Alagoa","og_url":"https:\/\/www.pm.pb.gov.br\/portal\/2017\/10\/04\/policia-militar-recupera-carro-que-pode-ter-sido-usado-em-ataque-a-banco-e-prende-suspeito-na-capital\/","og_site_name":"Pol\u00edcia Militar da Para\u00edba","article_published_time":"2017-10-04T13:50:56+00:00","og_image":[{"width":800,"height":445,"url":"https:\/\/www.pm.pb.gov.br\/portal\/wp-content\/uploads\/2017\/09\/imagem-ilustrativa1.jpg","type":"image\/jpeg"}],"author":"Tarcisio Oliveira","twitter_card":"summary_large_image","twitter_misc":{"Escrito por":"Tarcisio Oliveira","Est. tempo de leitura":"1 minuto"},"schema":{"@context":"https:\/\/schema.org","@graph":[{"@type":"Article","@id":"https:\/\/www.pm.pb.gov.br\/portal\/2017\/10\/04\/policia-militar-recupera-carro-que-pode-ter-sido-usado-em-ataque-a-banco-e-prende-suspeito-na-capital\/#article","isPartOf":{"@id":"https:\/\/www.pm.pb.gov.br\/portal\/2017\/10\/04\/policia-militar-recupera-carro-que-pode-ter-sido-usado-em-ataque-a-banco-e-prende-suspeito-na-capital\/"},"author":{"name":"Tarcisio Oliveira","@id":"https:\/\/www.pm.pb.gov.br\/portal\/#\/schema\/person\/f84f56dcc78ce4357054da888b8247fd"},"headline":"Pol\u00edcia Militar recupera carro que pode ter sido usado em ataque a banco e prende suspeito na Capital","datePublished":"2017-10-04T13:50:56+00:00","dateModified":"2017-10-04T13:50:56+00:00","mainEntityOfPage":{"@id":"https:\/\/www.pm.pb.gov.br\/portal\/2017\/10\/04\/policia-militar-recupera-carro-que-pode-ter-sido-usado-em-ataque-a-banco-e-prende-suspeito-na-capital\/"},"wordCount":274,"publisher":{"@id":"https:\/\/www.pm.pb.gov.br\/portal\/#organization"},"articleSection":["A\u00e7\u00f5es Policiais"],"inLanguage":"pt-BR"},{"@type":"WebPage","@id":"https:\/\/www.pm.pb.gov.br\/portal\/2017\/10\/04\/policia-militar-recupera-carro-que-pode-ter-sido-usado-em-ataque-a-banco-e-prende-suspeito-na-capital\/","url":"https:\/\/www.pm.pb.gov.br\/portal\/2017\/10\/04\/policia-militar-recupera-carro-que-pode-ter-sido-usado-em-ataque-a-banco-e-prende-suspeito-na-capital\/","name":"Pol\u00edcia Militar recupera carro que pode ter sido usado em ataque a banco e prende suspeito na Capital - Pol\u00edcia Militar da Para\u00edba","isPartOf":{"@id":"https:\/\/www.pm.pb.gov.br\/portal\/#website"},"datePublished":"2017-10-04T13:50:56+00:00","dateModified":"2017-10-04T13:50:56+00:00","breadcrumb":{"@id":"https:\/\/www.pm.pb.gov.br\/portal\/2017\/10\/04\/policia-militar-recupera-carro-que-pode-ter-sido-usado-em-ataque-a-banco-e-prende-suspeito-na-capital\/#breadcrumb"},"inLanguage":"pt-BR","potentialAction":[{"@type":"ReadAction","target":["https:\/\/www.pm.pb.gov.br\/portal\/2017\/10\/04\/policia-militar-recupera-carro-que-pode-ter-sido-usado-em-ataque-a-banco-e-prende-suspeito-na-capital\/"]}]},{"@type":"BreadcrumbList","@id":"https:\/\/www.pm.pb.gov.br\/portal\/2017\/10\/04\/policia-militar-recupera-carro-que-pode-ter-sido-usado-em-ataque-a-banco-e-prende-suspeito-na-capital\/#breadcrumb","itemListElement":[{"@type":"ListItem","position":1,"name":"In\u00edcio","item":"https:\/\/www.pm.pb.gov.br\/portal\/"},{"@type":"ListItem","position":2,"name":"Pol\u00edcia Militar recupera carro que pode ter sido usado em ataque a banco e prende suspeito na Capital"}]},{"@type":"WebSite","@id":"https:\/\/www.pm.pb.gov.br\/portal\/#website","url":"https:\/\/www.pm.pb.gov.br\/portal\/","name":"Pol\u00edcia Militar da Para\u00edba","description":"","publisher":{"@id":"https:\/\/www.pm.pb.gov.br\/portal\/#organization"},"potentialAction":[{"@type":"SearchAction","target":{"@type":"EntryPoint","urlTemplate":"https:\/\/www.pm.pb.gov.br\/portal\/?s={search_term_string}"},"query-input":"required name=search_term_string"}],"inLanguage":"pt-BR"},{"@type":"Organization","@id":"https:\/\/www.pm.pb.gov.br\/portal\/#organization","name":"Pol\u00edcia Militar da Para\u00edba","url":"https:\/\/www.pm.pb.gov.br\/portal\/","logo":{"@type":"ImageObject","inLanguage":"pt-BR","@id":"https:\/\/www.pm.pb.gov.br\/portal\/#\/schema\/logo\/image\/","url":"https:\/\/www.pm.pb.gov.br\/portal\/wp-content\/uploads\/2025\/03\/cropped-logo-site-mag2-1.png","contentUrl":"https:\/\/www.pm.pb.gov.br\/portal\/wp-content\/uploads\/2025\/03\/cropped-logo-site-mag2-1.png","width":320,"height":90,"caption":"Pol\u00edcia Militar da Para\u00edba"},"image":{"@id":"https:\/\/www.pm.pb.gov.br\/portal\/#\/schema\/logo\/image\/"}},{"@type":"Person","@id":"https:\/\/www.pm.pb.gov.br\/portal\/#\/schema\/person\/f84f56dcc78ce4357054da888b8247fd","name":"Tarcisio Oliveira","image":{"@type":"ImageObject","inLanguage":"pt-BR","@id":"https:\/\/www.pm.pb.gov.br\/portal\/#\/schema\/person\/image\/","url":"https:\/\/secure.gravatar.com\/avatar\/72917b630b69d31cd0297507f34bac97?s=96&d=mm&r=g","contentUrl":"https:\/\/secure.gravatar.com\/avatar\/72917b630b69d31cd0297507f34bac97?s=96&d=mm&r=g","caption":"Tarcisio Oliveira"},"url":"https:\/\/www.pm.pb.gov.br\/portal\/author\/tarcisio\/"}]}},"_links":{"self":[{"href":"https:\/\/www.pm.pb.gov.br\/portal\/wp-json\/wp\/v2\/posts\/895565"}],"collection":[{"href":"https:\/\/www.pm.pb.gov.br\/portal\/wp-json\/wp\/v2\/posts"}],"about":[{"href":"https:\/\/www.pm.pb.gov.br\/portal\/wp-json\/wp\/v2\/types\/post"}],"author":[{"embeddable":true,"href":"https:\/\/www.pm.pb.gov.br\/portal\/wp-json\/wp\/v2\/users\/12"}],"replies":[{"embeddable":true,"href":"https:\/\/www.pm.pb.gov.br\/portal\/wp-json\/wp\/v2\/comments?post=895565"}],"version-history":[{"count":1,"href":"https:\/\/www.pm.pb.gov.br\/portal\/wp-json\/wp\/v2\/posts\/895565\/revisions"}],"predecessor-version":[{"id":895566,"href":"https:\/\/www.pm.pb.gov.br\/portal\/wp-json\/wp\/v2\/posts\/895565\/revisions\/895566"}],"wp:featuredmedia":[{"embeddable":true,"href":"https:\/\/www.pm.pb.gov.br\/portal\/wp-json\/wp\/v2\/media\/895497"}],"wp:attachment":[{"href":"https:\/\/www.pm.pb.gov.br\/portal\/wp-json\/wp\/v2\/media?parent=895565"}],"wp:term":[{"taxonomy":"category","embeddable":true,"href":"https:\/\/www.pm.pb.gov.br\/portal\/wp-json\/wp\/v2\/categories?post=895565"},{"taxonomy":"post_tag","embeddable":true,"href":"https:\/\/www.pm.pb.gov.br\/portal\/wp-json\/wp\/v2\/tags?post=895565"}],"curies":[{"name":"wp","href":"https:\/\/api.w.org\/{rel}","templated":true}]}}