{"id":895494,"date":"2017-09-28T10:51:34","date_gmt":"2017-09-28T13:51:34","guid":{"rendered":"http:\/\/www.pm.pb.gov.br\/portal\/?p=895494"},"modified":"2017-09-28T10:51:34","modified_gmt":"2017-09-28T13:51:34","slug":"policia-militar-apreende-menor-com-crack-maconha-e-espingarda-artesanal-em-ponto-de-trafico","status":"publish","type":"post","link":"https:\/\/www.pm.pb.gov.br\/portal\/2017\/09\/28\/policia-militar-apreende-menor-com-crack-maconha-e-espingarda-artesanal-em-ponto-de-trafico\/","title":{"rendered":"Pol\u00edcia Militar apreende menor com crack, maconha e espingarda artesanal em ponto de tr\u00e1fico"},"content":{"rendered":"<p style=\"text-align: justify;\">Pol\u00edcias militares do 5\u00ba Batalh\u00e3o apreenderam, na noite dessa ter\u00e7a-feira (26), um adolescente com 30 pedras de subst\u00e2ncia semelhante ao crack, 22 trouxas e um tablete de subst\u00e2ncia semelhante \u00e0 maconha, al\u00e9m de uma arma de fogo do tipo espingarda, de fabrica\u00e7\u00e3o artesanal, de calibre 38.\u00a0\u00a0A apreens\u00e3o aconteceu em um ponto de tr\u00e1fico de drogas, ap\u00f3s intensifica\u00e7\u00e3o de rondas e abordagens em comunidade no bairro do Grot\u00e3o.<\/p>\n<p style=\"text-align: justify;\">Ao perceber a presen\u00e7a da PM na localidade, o adolescente tentou fugir por uma regi\u00e3o de mata, mas foi detido pelos policiais militares. No local, a PM encontrou a arma e os entorpecentes. Segundo informa\u00e7\u00f5es da pol\u00edcia, o adolescente, que j\u00e1 havia sido apreendido em Cabedelo por roubo, e que passou 40 dias cumprindo medida socioeducativa, estava em liberdade h\u00e1 um m\u00eas.<\/p>\n<p style=\"text-align: justify;\">O adolescente foi apresentado na Delegacia do Menor, na Central de Flagrantes.<\/p>\n","protected":false},"excerpt":{"rendered":"<p>Pol\u00edcias militares do 5\u00ba Batalh\u00e3o apreenderam, na noite dessa ter\u00e7a-feira (26), um adolescente com 30 pedras de subst\u00e2ncia semelhante ao<\/p>\n","protected":false},"author":12,"featured_media":895497,"comment_status":"closed","ping_status":"closed","sticky":false,"template":"","format":"standard","meta":{"_exactmetrics_skip_tracking":false,"_exactmetrics_sitenote_active":false,"_exactmetrics_sitenote_note":"","_exactmetrics_sitenote_category":0,"footnotes":""},"categories":[4],"tags":[],"yoast_head":"<!-- This site is optimized with the Yoast SEO plugin v22.0 - https:\/\/yoast.com\/wordpress\/plugins\/seo\/ -->\n<title>Pol\u00edcia Militar apreende menor com crack, maconha e espingarda artesanal em ponto de tr\u00e1fico - Pol\u00edcia Militar da Para\u00edba<\/title>\n<meta name=\"robots\" content=\"index, follow, max-snippet:-1, max-image-preview:large, max-video-preview:-1\" \/>\n<link rel=\"canonical\" href=\"https:\/\/www.pm.pb.gov.br\/portal\/2017\/09\/28\/policia-militar-apreende-menor-com-crack-maconha-e-espingarda-artesanal-em-ponto-de-trafico\/\" \/>\n<meta property=\"og:locale\" content=\"pt_BR\" \/>\n<meta property=\"og:type\" content=\"article\" \/>\n<meta property=\"og:title\" content=\"Pol\u00edcia Militar apreende menor com crack, maconha e espingarda artesanal em ponto de tr\u00e1fico - Pol\u00edcia Militar da Para\u00edba\" \/>\n<meta property=\"og:description\" content=\"Pol\u00edcias militares do 5\u00ba Batalh\u00e3o apreenderam, na noite dessa ter\u00e7a-feira (26), um adolescente com 30 pedras de subst\u00e2ncia semelhante ao\" \/>\n<meta property=\"og:url\" content=\"https:\/\/www.pm.pb.gov.br\/portal\/2017\/09\/28\/policia-militar-apreende-menor-com-crack-maconha-e-espingarda-artesanal-em-ponto-de-trafico\/\" \/>\n<meta property=\"og:site_name\" content=\"Pol\u00edcia Militar da Para\u00edba\" \/>\n<meta property=\"article:published_time\" content=\"2017-09-28T13:51:34+00:00\" \/>\n<meta property=\"og:image\" content=\"https:\/\/www.pm.pb.gov.br\/portal\/wp-content\/uploads\/2017\/09\/imagem-ilustrativa1.jpg\" \/>\n\t<meta property=\"og:image:width\" content=\"800\" \/>\n\t<meta property=\"og:image:height\" content=\"445\" \/>\n\t<meta property=\"og:image:type\" content=\"image\/jpeg\" \/>\n<meta name=\"author\" content=\"Tarcisio Oliveira\" \/>\n<meta name=\"twitter:card\" content=\"summary_large_image\" \/>\n<meta name=\"twitter:label1\" content=\"Escrito por\" \/>\n\t<meta name=\"twitter:data1\" content=\"Tarcisio Oliveira\" \/>\n\t<meta name=\"twitter:label2\" content=\"Est. tempo de leitura\" \/>\n\t<meta name=\"twitter:data2\" content=\"1 minuto\" \/>\n<script type=\"application\/ld+json\" class=\"yoast-schema-graph\">{\"@context\":\"https:\/\/schema.org\",\"@graph\":[{\"@type\":\"Article\",\"@id\":\"https:\/\/www.pm.pb.gov.br\/portal\/2017\/09\/28\/policia-militar-apreende-menor-com-crack-maconha-e-espingarda-artesanal-em-ponto-de-trafico\/#article\",\"isPartOf\":{\"@id\":\"https:\/\/www.pm.pb.gov.br\/portal\/2017\/09\/28\/policia-militar-apreende-menor-com-crack-maconha-e-espingarda-artesanal-em-ponto-de-trafico\/\"},\"author\":{\"name\":\"Tarcisio Oliveira\",\"@id\":\"https:\/\/www.pm.pb.gov.br\/portal\/#\/schema\/person\/f84f56dcc78ce4357054da888b8247fd\"},\"headline\":\"Pol\u00edcia Militar apreende menor com crack, maconha e espingarda artesanal em ponto de tr\u00e1fico\",\"datePublished\":\"2017-09-28T13:51:34+00:00\",\"dateModified\":\"2017-09-28T13:51:34+00:00\",\"mainEntityOfPage\":{\"@id\":\"https:\/\/www.pm.pb.gov.br\/portal\/2017\/09\/28\/policia-militar-apreende-menor-com-crack-maconha-e-espingarda-artesanal-em-ponto-de-trafico\/\"},\"wordCount\":168,\"publisher\":{\"@id\":\"https:\/\/www.pm.pb.gov.br\/portal\/#organization\"},\"articleSection\":[\"A\u00e7\u00f5es Policiais\"],\"inLanguage\":\"pt-BR\"},{\"@type\":\"WebPage\",\"@id\":\"https:\/\/www.pm.pb.gov.br\/portal\/2017\/09\/28\/policia-militar-apreende-menor-com-crack-maconha-e-espingarda-artesanal-em-ponto-de-trafico\/\",\"url\":\"https:\/\/www.pm.pb.gov.br\/portal\/2017\/09\/28\/policia-militar-apreende-menor-com-crack-maconha-e-espingarda-artesanal-em-ponto-de-trafico\/\",\"name\":\"Pol\u00edcia Militar apreende menor com crack, maconha e espingarda artesanal em ponto de tr\u00e1fico - Pol\u00edcia Militar da Para\u00edba\",\"isPartOf\":{\"@id\":\"https:\/\/www.pm.pb.gov.br\/portal\/#website\"},\"datePublished\":\"2017-09-28T13:51:34+00:00\",\"dateModified\":\"2017-09-28T13:51:34+00:00\",\"breadcrumb\":{\"@id\":\"https:\/\/www.pm.pb.gov.br\/portal\/2017\/09\/28\/policia-militar-apreende-menor-com-crack-maconha-e-espingarda-artesanal-em-ponto-de-trafico\/#breadcrumb\"},\"inLanguage\":\"pt-BR\",\"potentialAction\":[{\"@type\":\"ReadAction\",\"target\":[\"https:\/\/www.pm.pb.gov.br\/portal\/2017\/09\/28\/policia-militar-apreende-menor-com-crack-maconha-e-espingarda-artesanal-em-ponto-de-trafico\/\"]}]},{\"@type\":\"BreadcrumbList\",\"@id\":\"https:\/\/www.pm.pb.gov.br\/portal\/2017\/09\/28\/policia-militar-apreende-menor-com-crack-maconha-e-espingarda-artesanal-em-ponto-de-trafico\/#breadcrumb\",\"itemListElement\":[{\"@type\":\"ListItem\",\"position\":1,\"name\":\"In\u00edcio\",\"item\":\"https:\/\/www.pm.pb.gov.br\/portal\/\"},{\"@type\":\"ListItem\",\"position\":2,\"name\":\"Pol\u00edcia Militar apreende menor com crack, maconha e espingarda artesanal em ponto de tr\u00e1fico\"}]},{\"@type\":\"WebSite\",\"@id\":\"https:\/\/www.pm.pb.gov.br\/portal\/#website\",\"url\":\"https:\/\/www.pm.pb.gov.br\/portal\/\",\"name\":\"Pol\u00edcia Militar da Para\u00edba\",\"description\":\"\",\"publisher\":{\"@id\":\"https:\/\/www.pm.pb.gov.br\/portal\/#organization\"},\"potentialAction\":[{\"@type\":\"SearchAction\",\"target\":{\"@type\":\"EntryPoint\",\"urlTemplate\":\"https:\/\/www.pm.pb.gov.br\/portal\/?s={search_term_string}\"},\"query-input\":\"required name=search_term_string\"}],\"inLanguage\":\"pt-BR\"},{\"@type\":\"Organization\",\"@id\":\"https:\/\/www.pm.pb.gov.br\/portal\/#organization\",\"name\":\"Pol\u00edcia Militar da Para\u00edba\",\"url\":\"https:\/\/www.pm.pb.gov.br\/portal\/\",\"logo\":{\"@type\":\"ImageObject\",\"inLanguage\":\"pt-BR\",\"@id\":\"https:\/\/www.pm.pb.gov.br\/portal\/#\/schema\/logo\/image\/\",\"url\":\"https:\/\/www.pm.pb.gov.br\/portal\/wp-content\/uploads\/2025\/03\/cropped-logo-site-mag2-1.png\",\"contentUrl\":\"https:\/\/www.pm.pb.gov.br\/portal\/wp-content\/uploads\/2025\/03\/cropped-logo-site-mag2-1.png\",\"width\":320,\"height\":90,\"caption\":\"Pol\u00edcia Militar da Para\u00edba\"},\"image\":{\"@id\":\"https:\/\/www.pm.pb.gov.br\/portal\/#\/schema\/logo\/image\/\"}},{\"@type\":\"Person\",\"@id\":\"https:\/\/www.pm.pb.gov.br\/portal\/#\/schema\/person\/f84f56dcc78ce4357054da888b8247fd\",\"name\":\"Tarcisio Oliveira\",\"image\":{\"@type\":\"ImageObject\",\"inLanguage\":\"pt-BR\",\"@id\":\"https:\/\/www.pm.pb.gov.br\/portal\/#\/schema\/person\/image\/\",\"url\":\"https:\/\/secure.gravatar.com\/avatar\/72917b630b69d31cd0297507f34bac97?s=96&d=mm&r=g\",\"contentUrl\":\"https:\/\/secure.gravatar.com\/avatar\/72917b630b69d31cd0297507f34bac97?s=96&d=mm&r=g\",\"caption\":\"Tarcisio Oliveira\"},\"url\":\"https:\/\/www.pm.pb.gov.br\/portal\/author\/tarcisio\/\"}]}<\/script>\n<!-- \/ Yoast SEO plugin. -->","yoast_head_json":{"title":"Pol\u00edcia Militar apreende menor com crack, maconha e espingarda artesanal em ponto de tr\u00e1fico - Pol\u00edcia Militar da Para\u00edba","robots":{"index":"index","follow":"follow","max-snippet":"max-snippet:-1","max-image-preview":"max-image-preview:large","max-video-preview":"max-video-preview:-1"},"canonical":"https:\/\/www.pm.pb.gov.br\/portal\/2017\/09\/28\/policia-militar-apreende-menor-com-crack-maconha-e-espingarda-artesanal-em-ponto-de-trafico\/","og_locale":"pt_BR","og_type":"article","og_title":"Pol\u00edcia Militar apreende menor com crack, maconha e espingarda artesanal em ponto de tr\u00e1fico - Pol\u00edcia Militar da Para\u00edba","og_description":"Pol\u00edcias militares do 5\u00ba Batalh\u00e3o apreenderam, na noite dessa ter\u00e7a-feira (26), um adolescente com 30 pedras de subst\u00e2ncia semelhante ao","og_url":"https:\/\/www.pm.pb.gov.br\/portal\/2017\/09\/28\/policia-militar-apreende-menor-com-crack-maconha-e-espingarda-artesanal-em-ponto-de-trafico\/","og_site_name":"Pol\u00edcia Militar da Para\u00edba","article_published_time":"2017-09-28T13:51:34+00:00","og_image":[{"width":800,"height":445,"url":"https:\/\/www.pm.pb.gov.br\/portal\/wp-content\/uploads\/2017\/09\/imagem-ilustrativa1.jpg","type":"image\/jpeg"}],"author":"Tarcisio Oliveira","twitter_card":"summary_large_image","twitter_misc":{"Escrito por":"Tarcisio Oliveira","Est. tempo de leitura":"1 minuto"},"schema":{"@context":"https:\/\/schema.org","@graph":[{"@type":"Article","@id":"https:\/\/www.pm.pb.gov.br\/portal\/2017\/09\/28\/policia-militar-apreende-menor-com-crack-maconha-e-espingarda-artesanal-em-ponto-de-trafico\/#article","isPartOf":{"@id":"https:\/\/www.pm.pb.gov.br\/portal\/2017\/09\/28\/policia-militar-apreende-menor-com-crack-maconha-e-espingarda-artesanal-em-ponto-de-trafico\/"},"author":{"name":"Tarcisio Oliveira","@id":"https:\/\/www.pm.pb.gov.br\/portal\/#\/schema\/person\/f84f56dcc78ce4357054da888b8247fd"},"headline":"Pol\u00edcia Militar apreende menor com crack, maconha e espingarda artesanal em ponto de tr\u00e1fico","datePublished":"2017-09-28T13:51:34+00:00","dateModified":"2017-09-28T13:51:34+00:00","mainEntityOfPage":{"@id":"https:\/\/www.pm.pb.gov.br\/portal\/2017\/09\/28\/policia-militar-apreende-menor-com-crack-maconha-e-espingarda-artesanal-em-ponto-de-trafico\/"},"wordCount":168,"publisher":{"@id":"https:\/\/www.pm.pb.gov.br\/portal\/#organization"},"articleSection":["A\u00e7\u00f5es Policiais"],"inLanguage":"pt-BR"},{"@type":"WebPage","@id":"https:\/\/www.pm.pb.gov.br\/portal\/2017\/09\/28\/policia-militar-apreende-menor-com-crack-maconha-e-espingarda-artesanal-em-ponto-de-trafico\/","url":"https:\/\/www.pm.pb.gov.br\/portal\/2017\/09\/28\/policia-militar-apreende-menor-com-crack-maconha-e-espingarda-artesanal-em-ponto-de-trafico\/","name":"Pol\u00edcia Militar apreende menor com crack, maconha e espingarda artesanal em ponto de tr\u00e1fico - Pol\u00edcia Militar da Para\u00edba","isPartOf":{"@id":"https:\/\/www.pm.pb.gov.br\/portal\/#website"},"datePublished":"2017-09-28T13:51:34+00:00","dateModified":"2017-09-28T13:51:34+00:00","breadcrumb":{"@id":"https:\/\/www.pm.pb.gov.br\/portal\/2017\/09\/28\/policia-militar-apreende-menor-com-crack-maconha-e-espingarda-artesanal-em-ponto-de-trafico\/#breadcrumb"},"inLanguage":"pt-BR","potentialAction":[{"@type":"ReadAction","target":["https:\/\/www.pm.pb.gov.br\/portal\/2017\/09\/28\/policia-militar-apreende-menor-com-crack-maconha-e-espingarda-artesanal-em-ponto-de-trafico\/"]}]},{"@type":"BreadcrumbList","@id":"https:\/\/www.pm.pb.gov.br\/portal\/2017\/09\/28\/policia-militar-apreende-menor-com-crack-maconha-e-espingarda-artesanal-em-ponto-de-trafico\/#breadcrumb","itemListElement":[{"@type":"ListItem","position":1,"name":"In\u00edcio","item":"https:\/\/www.pm.pb.gov.br\/portal\/"},{"@type":"ListItem","position":2,"name":"Pol\u00edcia Militar apreende menor com crack, maconha e espingarda artesanal em ponto de tr\u00e1fico"}]},{"@type":"WebSite","@id":"https:\/\/www.pm.pb.gov.br\/portal\/#website","url":"https:\/\/www.pm.pb.gov.br\/portal\/","name":"Pol\u00edcia Militar da Para\u00edba","description":"","publisher":{"@id":"https:\/\/www.pm.pb.gov.br\/portal\/#organization"},"potentialAction":[{"@type":"SearchAction","target":{"@type":"EntryPoint","urlTemplate":"https:\/\/www.pm.pb.gov.br\/portal\/?s={search_term_string}"},"query-input":"required name=search_term_string"}],"inLanguage":"pt-BR"},{"@type":"Organization","@id":"https:\/\/www.pm.pb.gov.br\/portal\/#organization","name":"Pol\u00edcia Militar da Para\u00edba","url":"https:\/\/www.pm.pb.gov.br\/portal\/","logo":{"@type":"ImageObject","inLanguage":"pt-BR","@id":"https:\/\/www.pm.pb.gov.br\/portal\/#\/schema\/logo\/image\/","url":"https:\/\/www.pm.pb.gov.br\/portal\/wp-content\/uploads\/2025\/03\/cropped-logo-site-mag2-1.png","contentUrl":"https:\/\/www.pm.pb.gov.br\/portal\/wp-content\/uploads\/2025\/03\/cropped-logo-site-mag2-1.png","width":320,"height":90,"caption":"Pol\u00edcia Militar da Para\u00edba"},"image":{"@id":"https:\/\/www.pm.pb.gov.br\/portal\/#\/schema\/logo\/image\/"}},{"@type":"Person","@id":"https:\/\/www.pm.pb.gov.br\/portal\/#\/schema\/person\/f84f56dcc78ce4357054da888b8247fd","name":"Tarcisio Oliveira","image":{"@type":"ImageObject","inLanguage":"pt-BR","@id":"https:\/\/www.pm.pb.gov.br\/portal\/#\/schema\/person\/image\/","url":"https:\/\/secure.gravatar.com\/avatar\/72917b630b69d31cd0297507f34bac97?s=96&d=mm&r=g","contentUrl":"https:\/\/secure.gravatar.com\/avatar\/72917b630b69d31cd0297507f34bac97?s=96&d=mm&r=g","caption":"Tarcisio Oliveira"},"url":"https:\/\/www.pm.pb.gov.br\/portal\/author\/tarcisio\/"}]}},"_links":{"self":[{"href":"https:\/\/www.pm.pb.gov.br\/portal\/wp-json\/wp\/v2\/posts\/895494"}],"collection":[{"href":"https:\/\/www.pm.pb.gov.br\/portal\/wp-json\/wp\/v2\/posts"}],"about":[{"href":"https:\/\/www.pm.pb.gov.br\/portal\/wp-json\/wp\/v2\/types\/post"}],"author":[{"embeddable":true,"href":"https:\/\/www.pm.pb.gov.br\/portal\/wp-json\/wp\/v2\/users\/12"}],"replies":[{"embeddable":true,"href":"https:\/\/www.pm.pb.gov.br\/portal\/wp-json\/wp\/v2\/comments?post=895494"}],"version-history":[{"count":2,"href":"https:\/\/www.pm.pb.gov.br\/portal\/wp-json\/wp\/v2\/posts\/895494\/revisions"}],"predecessor-version":[{"id":895498,"href":"https:\/\/www.pm.pb.gov.br\/portal\/wp-json\/wp\/v2\/posts\/895494\/revisions\/895498"}],"wp:featuredmedia":[{"embeddable":true,"href":"https:\/\/www.pm.pb.gov.br\/portal\/wp-json\/wp\/v2\/media\/895497"}],"wp:attachment":[{"href":"https:\/\/www.pm.pb.gov.br\/portal\/wp-json\/wp\/v2\/media?parent=895494"}],"wp:term":[{"taxonomy":"category","embeddable":true,"href":"https:\/\/www.pm.pb.gov.br\/portal\/wp-json\/wp\/v2\/categories?post=895494"},{"taxonomy":"post_tag","embeddable":true,"href":"https:\/\/www.pm.pb.gov.br\/portal\/wp-json\/wp\/v2\/tags?post=895494"}],"curies":[{"name":"wp","href":"https:\/\/api.w.org\/{rel}","templated":true}]}}