{"id":895469,"date":"2017-09-25T19:10:52","date_gmt":"2017-09-25T22:10:52","guid":{"rendered":"http:\/\/www.pm.pb.gov.br\/portal\/?p=895469"},"modified":"2017-09-25T19:10:52","modified_gmt":"2017-09-25T22:10:52","slug":"policia-militar-realiza-cerco-apreende-cinco-armas-de-fogo-e-detem-dois-suspeitos-durante-operacao-em-campina-grande","status":"publish","type":"post","link":"https:\/\/www.pm.pb.gov.br\/portal\/2017\/09\/25\/policia-militar-realiza-cerco-apreende-cinco-armas-de-fogo-e-detem-dois-suspeitos-durante-operacao-em-campina-grande\/","title":{"rendered":"Pol\u00edcia Militar realiza cerco, apreende cinco armas de fogo e det\u00e9m dois suspeitos durante opera\u00e7\u00e3o em Campina Grande"},"content":{"rendered":"<p style=\"text-align: justify;\">Policiais militares das Rondas Ostensivas T\u00e1ticas com Apoio de Motocicletas (Rotam) apreenderam cinco armas de fogo al\u00e9m de v\u00e1rias muni\u00e7\u00f5es, r\u00e1dios comunicadores e detiveram dois suspeitos na noite desse s\u00e1bado (23), durante a Opera\u00e7\u00e3o N\u00f4made na cidade de Campina Grande.<\/p>\n<p style=\"text-align: justify;\">Os policias militares da Rotam estavam realizando a Opera\u00e7\u00e3o N\u00f4made no bairro da Concei\u00e7\u00e3o, em Campina Grande, quando receberam informa\u00e7\u00f5es de populares que haviam v\u00e1rios homens armados na localidade conhecida como \u201cBuraco da Gia\u201d, e em seguida come\u00e7aram as buscas para identificar os suspeitos. Ao perceber a presen\u00e7a dos policiais, o grupo fugiu e come\u00e7ou a efetuar disparos contra a guarni\u00e7\u00e3o policial, que revidou o ataque.<\/p>\n<p style=\"text-align: justify;\">A equipe policial pediu apoio de outras guarni\u00e7\u00f5es, efetuando o cerco do quarteir\u00e3o, e ap\u00f3s uma varredura na localidade, os policiais conseguiram apreender cinco rev\u00f3lveres, 22 muni\u00e7\u00f5es, algumas deflagradas, 13 trouxinhas de maconha, dois computadores, dois r\u00e1dios de comunica\u00e7\u00e3o, al\u00e9m de deter dois homens, de 22 e 24 anos, que estavam escondidos em um quintal.<\/p>\n<p style=\"text-align: justify;\">Os suspeitos, juntamente com todo material apreendido, foram conduzidos para a Central de Flagrantes em Campina Grande.<\/p>\n","protected":false},"excerpt":{"rendered":"<p>Policiais militares das Rondas Ostensivas T\u00e1ticas com Apoio de Motocicletas (Rotam) apreenderam cinco armas de fogo al\u00e9m de v\u00e1rias muni\u00e7\u00f5es,<\/p>\n","protected":false},"author":12,"featured_media":895470,"comment_status":"closed","ping_status":"closed","sticky":false,"template":"","format":"standard","meta":{"_exactmetrics_skip_tracking":false,"_exactmetrics_sitenote_active":false,"_exactmetrics_sitenote_note":"","_exactmetrics_sitenote_category":0,"footnotes":""},"categories":[4],"tags":[],"yoast_head":"<!-- This site is optimized with the Yoast SEO plugin v22.0 - https:\/\/yoast.com\/wordpress\/plugins\/seo\/ -->\n<title>Pol\u00edcia Militar realiza cerco, apreende cinco armas de fogo e det\u00e9m dois suspeitos durante opera\u00e7\u00e3o em Campina Grande - Pol\u00edcia Militar da Para\u00edba<\/title>\n<meta name=\"robots\" content=\"index, follow, max-snippet:-1, max-image-preview:large, max-video-preview:-1\" \/>\n<link rel=\"canonical\" href=\"https:\/\/www.pm.pb.gov.br\/portal\/2017\/09\/25\/policia-militar-realiza-cerco-apreende-cinco-armas-de-fogo-e-detem-dois-suspeitos-durante-operacao-em-campina-grande\/\" \/>\n<meta property=\"og:locale\" content=\"pt_BR\" \/>\n<meta property=\"og:type\" content=\"article\" \/>\n<meta property=\"og:title\" content=\"Pol\u00edcia Militar realiza cerco, apreende cinco armas de fogo e det\u00e9m dois suspeitos durante opera\u00e7\u00e3o em Campina Grande - Pol\u00edcia Militar da Para\u00edba\" \/>\n<meta property=\"og:description\" content=\"Policiais militares das Rondas Ostensivas T\u00e1ticas com Apoio de Motocicletas (Rotam) apreenderam cinco armas de fogo al\u00e9m de v\u00e1rias muni\u00e7\u00f5es,\" \/>\n<meta property=\"og:url\" content=\"https:\/\/www.pm.pb.gov.br\/portal\/2017\/09\/25\/policia-militar-realiza-cerco-apreende-cinco-armas-de-fogo-e-detem-dois-suspeitos-durante-operacao-em-campina-grande\/\" \/>\n<meta property=\"og:site_name\" content=\"Pol\u00edcia Militar da Para\u00edba\" \/>\n<meta property=\"article:published_time\" content=\"2017-09-25T22:10:52+00:00\" \/>\n<meta property=\"og:image\" content=\"https:\/\/www.pm.pb.gov.br\/portal\/wp-content\/uploads\/2017\/09\/cinco-armas.jpeg\" \/>\n\t<meta property=\"og:image:width\" content=\"800\" \/>\n\t<meta property=\"og:image:height\" content=\"445\" \/>\n\t<meta property=\"og:image:type\" content=\"image\/jpeg\" \/>\n<meta name=\"author\" content=\"Tarcisio Oliveira\" \/>\n<meta name=\"twitter:card\" content=\"summary_large_image\" \/>\n<meta name=\"twitter:label1\" content=\"Escrito por\" \/>\n\t<meta name=\"twitter:data1\" content=\"Tarcisio Oliveira\" \/>\n\t<meta name=\"twitter:label2\" content=\"Est. tempo de leitura\" \/>\n\t<meta name=\"twitter:data2\" content=\"1 minuto\" \/>\n<script type=\"application\/ld+json\" class=\"yoast-schema-graph\">{\"@context\":\"https:\/\/schema.org\",\"@graph\":[{\"@type\":\"Article\",\"@id\":\"https:\/\/www.pm.pb.gov.br\/portal\/2017\/09\/25\/policia-militar-realiza-cerco-apreende-cinco-armas-de-fogo-e-detem-dois-suspeitos-durante-operacao-em-campina-grande\/#article\",\"isPartOf\":{\"@id\":\"https:\/\/www.pm.pb.gov.br\/portal\/2017\/09\/25\/policia-militar-realiza-cerco-apreende-cinco-armas-de-fogo-e-detem-dois-suspeitos-durante-operacao-em-campina-grande\/\"},\"author\":{\"name\":\"Tarcisio Oliveira\",\"@id\":\"https:\/\/www.pm.pb.gov.br\/portal\/#\/schema\/person\/f84f56dcc78ce4357054da888b8247fd\"},\"headline\":\"Pol\u00edcia Militar realiza cerco, apreende cinco armas de fogo e det\u00e9m dois suspeitos durante opera\u00e7\u00e3o em Campina Grande\",\"datePublished\":\"2017-09-25T22:10:52+00:00\",\"dateModified\":\"2017-09-25T22:10:52+00:00\",\"mainEntityOfPage\":{\"@id\":\"https:\/\/www.pm.pb.gov.br\/portal\/2017\/09\/25\/policia-militar-realiza-cerco-apreende-cinco-armas-de-fogo-e-detem-dois-suspeitos-durante-operacao-em-campina-grande\/\"},\"wordCount\":219,\"publisher\":{\"@id\":\"https:\/\/www.pm.pb.gov.br\/portal\/#organization\"},\"articleSection\":[\"A\u00e7\u00f5es Policiais\"],\"inLanguage\":\"pt-BR\"},{\"@type\":\"WebPage\",\"@id\":\"https:\/\/www.pm.pb.gov.br\/portal\/2017\/09\/25\/policia-militar-realiza-cerco-apreende-cinco-armas-de-fogo-e-detem-dois-suspeitos-durante-operacao-em-campina-grande\/\",\"url\":\"https:\/\/www.pm.pb.gov.br\/portal\/2017\/09\/25\/policia-militar-realiza-cerco-apreende-cinco-armas-de-fogo-e-detem-dois-suspeitos-durante-operacao-em-campina-grande\/\",\"name\":\"Pol\u00edcia Militar realiza cerco, apreende cinco armas de fogo e det\u00e9m dois suspeitos durante opera\u00e7\u00e3o em Campina Grande - Pol\u00edcia Militar da Para\u00edba\",\"isPartOf\":{\"@id\":\"https:\/\/www.pm.pb.gov.br\/portal\/#website\"},\"datePublished\":\"2017-09-25T22:10:52+00:00\",\"dateModified\":\"2017-09-25T22:10:52+00:00\",\"breadcrumb\":{\"@id\":\"https:\/\/www.pm.pb.gov.br\/portal\/2017\/09\/25\/policia-militar-realiza-cerco-apreende-cinco-armas-de-fogo-e-detem-dois-suspeitos-durante-operacao-em-campina-grande\/#breadcrumb\"},\"inLanguage\":\"pt-BR\",\"potentialAction\":[{\"@type\":\"ReadAction\",\"target\":[\"https:\/\/www.pm.pb.gov.br\/portal\/2017\/09\/25\/policia-militar-realiza-cerco-apreende-cinco-armas-de-fogo-e-detem-dois-suspeitos-durante-operacao-em-campina-grande\/\"]}]},{\"@type\":\"BreadcrumbList\",\"@id\":\"https:\/\/www.pm.pb.gov.br\/portal\/2017\/09\/25\/policia-militar-realiza-cerco-apreende-cinco-armas-de-fogo-e-detem-dois-suspeitos-durante-operacao-em-campina-grande\/#breadcrumb\",\"itemListElement\":[{\"@type\":\"ListItem\",\"position\":1,\"name\":\"In\u00edcio\",\"item\":\"https:\/\/www.pm.pb.gov.br\/portal\/\"},{\"@type\":\"ListItem\",\"position\":2,\"name\":\"Pol\u00edcia Militar realiza cerco, apreende cinco armas de fogo e det\u00e9m dois suspeitos durante opera\u00e7\u00e3o em Campina Grande\"}]},{\"@type\":\"WebSite\",\"@id\":\"https:\/\/www.pm.pb.gov.br\/portal\/#website\",\"url\":\"https:\/\/www.pm.pb.gov.br\/portal\/\",\"name\":\"Pol\u00edcia Militar da Para\u00edba\",\"description\":\"\",\"publisher\":{\"@id\":\"https:\/\/www.pm.pb.gov.br\/portal\/#organization\"},\"potentialAction\":[{\"@type\":\"SearchAction\",\"target\":{\"@type\":\"EntryPoint\",\"urlTemplate\":\"https:\/\/www.pm.pb.gov.br\/portal\/?s={search_term_string}\"},\"query-input\":\"required name=search_term_string\"}],\"inLanguage\":\"pt-BR\"},{\"@type\":\"Organization\",\"@id\":\"https:\/\/www.pm.pb.gov.br\/portal\/#organization\",\"name\":\"Pol\u00edcia Militar da Para\u00edba\",\"url\":\"https:\/\/www.pm.pb.gov.br\/portal\/\",\"logo\":{\"@type\":\"ImageObject\",\"inLanguage\":\"pt-BR\",\"@id\":\"https:\/\/www.pm.pb.gov.br\/portal\/#\/schema\/logo\/image\/\",\"url\":\"https:\/\/www.pm.pb.gov.br\/portal\/wp-content\/uploads\/2025\/03\/cropped-logo-site-mag2-1.png\",\"contentUrl\":\"https:\/\/www.pm.pb.gov.br\/portal\/wp-content\/uploads\/2025\/03\/cropped-logo-site-mag2-1.png\",\"width\":320,\"height\":90,\"caption\":\"Pol\u00edcia Militar da Para\u00edba\"},\"image\":{\"@id\":\"https:\/\/www.pm.pb.gov.br\/portal\/#\/schema\/logo\/image\/\"}},{\"@type\":\"Person\",\"@id\":\"https:\/\/www.pm.pb.gov.br\/portal\/#\/schema\/person\/f84f56dcc78ce4357054da888b8247fd\",\"name\":\"Tarcisio Oliveira\",\"image\":{\"@type\":\"ImageObject\",\"inLanguage\":\"pt-BR\",\"@id\":\"https:\/\/www.pm.pb.gov.br\/portal\/#\/schema\/person\/image\/\",\"url\":\"https:\/\/secure.gravatar.com\/avatar\/72917b630b69d31cd0297507f34bac97?s=96&d=mm&r=g\",\"contentUrl\":\"https:\/\/secure.gravatar.com\/avatar\/72917b630b69d31cd0297507f34bac97?s=96&d=mm&r=g\",\"caption\":\"Tarcisio Oliveira\"},\"url\":\"https:\/\/www.pm.pb.gov.br\/portal\/author\/tarcisio\/\"}]}<\/script>\n<!-- \/ Yoast SEO plugin. -->","yoast_head_json":{"title":"Pol\u00edcia Militar realiza cerco, apreende cinco armas de fogo e det\u00e9m dois suspeitos durante opera\u00e7\u00e3o em Campina Grande - Pol\u00edcia Militar da Para\u00edba","robots":{"index":"index","follow":"follow","max-snippet":"max-snippet:-1","max-image-preview":"max-image-preview:large","max-video-preview":"max-video-preview:-1"},"canonical":"https:\/\/www.pm.pb.gov.br\/portal\/2017\/09\/25\/policia-militar-realiza-cerco-apreende-cinco-armas-de-fogo-e-detem-dois-suspeitos-durante-operacao-em-campina-grande\/","og_locale":"pt_BR","og_type":"article","og_title":"Pol\u00edcia Militar realiza cerco, apreende cinco armas de fogo e det\u00e9m dois suspeitos durante opera\u00e7\u00e3o em Campina Grande - Pol\u00edcia Militar da Para\u00edba","og_description":"Policiais militares das Rondas Ostensivas T\u00e1ticas com Apoio de Motocicletas (Rotam) apreenderam cinco armas de fogo al\u00e9m de v\u00e1rias muni\u00e7\u00f5es,","og_url":"https:\/\/www.pm.pb.gov.br\/portal\/2017\/09\/25\/policia-militar-realiza-cerco-apreende-cinco-armas-de-fogo-e-detem-dois-suspeitos-durante-operacao-em-campina-grande\/","og_site_name":"Pol\u00edcia Militar da Para\u00edba","article_published_time":"2017-09-25T22:10:52+00:00","og_image":[{"width":800,"height":445,"url":"https:\/\/www.pm.pb.gov.br\/portal\/wp-content\/uploads\/2017\/09\/cinco-armas.jpeg","type":"image\/jpeg"}],"author":"Tarcisio Oliveira","twitter_card":"summary_large_image","twitter_misc":{"Escrito por":"Tarcisio Oliveira","Est. tempo de leitura":"1 minuto"},"schema":{"@context":"https:\/\/schema.org","@graph":[{"@type":"Article","@id":"https:\/\/www.pm.pb.gov.br\/portal\/2017\/09\/25\/policia-militar-realiza-cerco-apreende-cinco-armas-de-fogo-e-detem-dois-suspeitos-durante-operacao-em-campina-grande\/#article","isPartOf":{"@id":"https:\/\/www.pm.pb.gov.br\/portal\/2017\/09\/25\/policia-militar-realiza-cerco-apreende-cinco-armas-de-fogo-e-detem-dois-suspeitos-durante-operacao-em-campina-grande\/"},"author":{"name":"Tarcisio Oliveira","@id":"https:\/\/www.pm.pb.gov.br\/portal\/#\/schema\/person\/f84f56dcc78ce4357054da888b8247fd"},"headline":"Pol\u00edcia Militar realiza cerco, apreende cinco armas de fogo e det\u00e9m dois suspeitos durante opera\u00e7\u00e3o em Campina Grande","datePublished":"2017-09-25T22:10:52+00:00","dateModified":"2017-09-25T22:10:52+00:00","mainEntityOfPage":{"@id":"https:\/\/www.pm.pb.gov.br\/portal\/2017\/09\/25\/policia-militar-realiza-cerco-apreende-cinco-armas-de-fogo-e-detem-dois-suspeitos-durante-operacao-em-campina-grande\/"},"wordCount":219,"publisher":{"@id":"https:\/\/www.pm.pb.gov.br\/portal\/#organization"},"articleSection":["A\u00e7\u00f5es Policiais"],"inLanguage":"pt-BR"},{"@type":"WebPage","@id":"https:\/\/www.pm.pb.gov.br\/portal\/2017\/09\/25\/policia-militar-realiza-cerco-apreende-cinco-armas-de-fogo-e-detem-dois-suspeitos-durante-operacao-em-campina-grande\/","url":"https:\/\/www.pm.pb.gov.br\/portal\/2017\/09\/25\/policia-militar-realiza-cerco-apreende-cinco-armas-de-fogo-e-detem-dois-suspeitos-durante-operacao-em-campina-grande\/","name":"Pol\u00edcia Militar realiza cerco, apreende cinco armas de fogo e det\u00e9m dois suspeitos durante opera\u00e7\u00e3o em Campina Grande - Pol\u00edcia Militar da Para\u00edba","isPartOf":{"@id":"https:\/\/www.pm.pb.gov.br\/portal\/#website"},"datePublished":"2017-09-25T22:10:52+00:00","dateModified":"2017-09-25T22:10:52+00:00","breadcrumb":{"@id":"https:\/\/www.pm.pb.gov.br\/portal\/2017\/09\/25\/policia-militar-realiza-cerco-apreende-cinco-armas-de-fogo-e-detem-dois-suspeitos-durante-operacao-em-campina-grande\/#breadcrumb"},"inLanguage":"pt-BR","potentialAction":[{"@type":"ReadAction","target":["https:\/\/www.pm.pb.gov.br\/portal\/2017\/09\/25\/policia-militar-realiza-cerco-apreende-cinco-armas-de-fogo-e-detem-dois-suspeitos-durante-operacao-em-campina-grande\/"]}]},{"@type":"BreadcrumbList","@id":"https:\/\/www.pm.pb.gov.br\/portal\/2017\/09\/25\/policia-militar-realiza-cerco-apreende-cinco-armas-de-fogo-e-detem-dois-suspeitos-durante-operacao-em-campina-grande\/#breadcrumb","itemListElement":[{"@type":"ListItem","position":1,"name":"In\u00edcio","item":"https:\/\/www.pm.pb.gov.br\/portal\/"},{"@type":"ListItem","position":2,"name":"Pol\u00edcia Militar realiza cerco, apreende cinco armas de fogo e det\u00e9m dois suspeitos durante opera\u00e7\u00e3o em Campina Grande"}]},{"@type":"WebSite","@id":"https:\/\/www.pm.pb.gov.br\/portal\/#website","url":"https:\/\/www.pm.pb.gov.br\/portal\/","name":"Pol\u00edcia Militar da Para\u00edba","description":"","publisher":{"@id":"https:\/\/www.pm.pb.gov.br\/portal\/#organization"},"potentialAction":[{"@type":"SearchAction","target":{"@type":"EntryPoint","urlTemplate":"https:\/\/www.pm.pb.gov.br\/portal\/?s={search_term_string}"},"query-input":"required name=search_term_string"}],"inLanguage":"pt-BR"},{"@type":"Organization","@id":"https:\/\/www.pm.pb.gov.br\/portal\/#organization","name":"Pol\u00edcia Militar da Para\u00edba","url":"https:\/\/www.pm.pb.gov.br\/portal\/","logo":{"@type":"ImageObject","inLanguage":"pt-BR","@id":"https:\/\/www.pm.pb.gov.br\/portal\/#\/schema\/logo\/image\/","url":"https:\/\/www.pm.pb.gov.br\/portal\/wp-content\/uploads\/2025\/03\/cropped-logo-site-mag2-1.png","contentUrl":"https:\/\/www.pm.pb.gov.br\/portal\/wp-content\/uploads\/2025\/03\/cropped-logo-site-mag2-1.png","width":320,"height":90,"caption":"Pol\u00edcia Militar da Para\u00edba"},"image":{"@id":"https:\/\/www.pm.pb.gov.br\/portal\/#\/schema\/logo\/image\/"}},{"@type":"Person","@id":"https:\/\/www.pm.pb.gov.br\/portal\/#\/schema\/person\/f84f56dcc78ce4357054da888b8247fd","name":"Tarcisio Oliveira","image":{"@type":"ImageObject","inLanguage":"pt-BR","@id":"https:\/\/www.pm.pb.gov.br\/portal\/#\/schema\/person\/image\/","url":"https:\/\/secure.gravatar.com\/avatar\/72917b630b69d31cd0297507f34bac97?s=96&d=mm&r=g","contentUrl":"https:\/\/secure.gravatar.com\/avatar\/72917b630b69d31cd0297507f34bac97?s=96&d=mm&r=g","caption":"Tarcisio Oliveira"},"url":"https:\/\/www.pm.pb.gov.br\/portal\/author\/tarcisio\/"}]}},"_links":{"self":[{"href":"https:\/\/www.pm.pb.gov.br\/portal\/wp-json\/wp\/v2\/posts\/895469"}],"collection":[{"href":"https:\/\/www.pm.pb.gov.br\/portal\/wp-json\/wp\/v2\/posts"}],"about":[{"href":"https:\/\/www.pm.pb.gov.br\/portal\/wp-json\/wp\/v2\/types\/post"}],"author":[{"embeddable":true,"href":"https:\/\/www.pm.pb.gov.br\/portal\/wp-json\/wp\/v2\/users\/12"}],"replies":[{"embeddable":true,"href":"https:\/\/www.pm.pb.gov.br\/portal\/wp-json\/wp\/v2\/comments?post=895469"}],"version-history":[{"count":2,"href":"https:\/\/www.pm.pb.gov.br\/portal\/wp-json\/wp\/v2\/posts\/895469\/revisions"}],"predecessor-version":[{"id":895472,"href":"https:\/\/www.pm.pb.gov.br\/portal\/wp-json\/wp\/v2\/posts\/895469\/revisions\/895472"}],"wp:featuredmedia":[{"embeddable":true,"href":"https:\/\/www.pm.pb.gov.br\/portal\/wp-json\/wp\/v2\/media\/895470"}],"wp:attachment":[{"href":"https:\/\/www.pm.pb.gov.br\/portal\/wp-json\/wp\/v2\/media?parent=895469"}],"wp:term":[{"taxonomy":"category","embeddable":true,"href":"https:\/\/www.pm.pb.gov.br\/portal\/wp-json\/wp\/v2\/categories?post=895469"},{"taxonomy":"post_tag","embeddable":true,"href":"https:\/\/www.pm.pb.gov.br\/portal\/wp-json\/wp\/v2\/tags?post=895469"}],"curies":[{"name":"wp","href":"https:\/\/api.w.org\/{rel}","templated":true}]}}