{"id":895432,"date":"2017-09-24T12:26:09","date_gmt":"2017-09-24T15:26:09","guid":{"rendered":"http:\/\/www.pm.pb.gov.br\/portal\/?p=895432"},"modified":"2017-09-24T12:26:09","modified_gmt":"2017-09-24T15:26:09","slug":"policia-militar-inaugura-novas-instalacoes-do-2o-pelotao-da-5a-cptran-em-sousa","status":"publish","type":"post","link":"https:\/\/www.pm.pb.gov.br\/portal\/2017\/09\/24\/policia-militar-inaugura-novas-instalacoes-do-2o-pelotao-da-5a-cptran-em-sousa\/","title":{"rendered":"Pol\u00edcia Militar inaugura novas instala\u00e7\u00f5es do 2\u00ba Pelot\u00e3o da 5\u00aa CPTran em Sousa"},"content":{"rendered":"<p style=\"text-align: justify;\">A Pol\u00edcia Militar inaugurou as novas instala\u00e7\u00f5es do 2\u00ba Pelot\u00e3o da 5\u00aa Companhia de Policiamento de Tr\u00e2nsito Urbano e Rodovi\u00e1rio, na cidade de Sousa, nesta \u00faltima quinta-feira (21). Na ocasi\u00e3o, o comandante geral da PM, coronel Euller Chaves, foi um dos homenageados com a Medalha do M\u00e9rito Paz no Tr\u00e2nsito, e policiais foram condecorados pelos relevantes servi\u00e7os prestados.<\/p>\n<p style=\"text-align: justify;\">Estiveram presentes na inaugura\u00e7\u00e3o autoridades militares e civis. Os policias receberam a escritura do pr\u00e9dio onde est\u00e1 a nova sede, com instala\u00e7\u00f5es e acomoda\u00e7\u00f5es adequadas para atividade policial. Durante inaugura\u00e7\u00e3o foram entregues l\u00e1ureas do m\u00e9rito disciplinar para os policiais que t\u00eam trabalhado pelo fiel cumprimento do dever \u00e0 Institui\u00e7\u00e3o.<\/p>\n<figure id=\"attachment_895428\" aria-describedby=\"caption-attachment-895428\" style=\"width: 511px\" class=\"wp-caption aligncenter\"><img loading=\"lazy\" decoding=\"async\" class=\"wp-image-895428\" src=\"http:\/\/www.pm.pb.gov.br\/portal\/wp-content\/uploads\/2017\/09\/WhatsApp-Image-2017-09-24-at-10.54.23-791x445.jpeg\" alt=\"\" width=\"511\" height=\"287\" srcset=\"https:\/\/www.pm.pb.gov.br\/portal\/wp-content\/uploads\/2017\/09\/WhatsApp-Image-2017-09-24-at-10.54.23-791x445.jpeg 791w, https:\/\/www.pm.pb.gov.br\/portal\/wp-content\/uploads\/2017\/09\/WhatsApp-Image-2017-09-24-at-10.54.23-768x432.jpeg 768w, https:\/\/www.pm.pb.gov.br\/portal\/wp-content\/uploads\/2017\/09\/WhatsApp-Image-2017-09-24-at-10.54.23-1013x570.jpeg 1013w, https:\/\/www.pm.pb.gov.br\/portal\/wp-content\/uploads\/2017\/09\/WhatsApp-Image-2017-09-24-at-10.54.23.jpeg 1040w\" sizes=\"(max-width: 511px) 100vw, 511px\" \/><figcaption id=\"caption-attachment-895428\" class=\"wp-caption-text\">\u00a0 \u00a0 \u00a0 \u00a0<span style=\"font-size: 8pt;\">Comandante geral recebeu escritura da nova sede do Pelot\u00e3o<\/span><\/figcaption><\/figure>\n<p style=\"text-align: justify;\">O comandante geral foi um dos agraciados com a medalha do M\u00e9rito Paz no Tr\u00e2nsito, juntamente com o comandante da 5\u00aa CPTran, capit\u00e3o Segundo, e com o tenente Clemente e o cabo Renilson. A medalha \u00e9 conferida aos militares estaduais que contribu\u00edram com a redu\u00e7\u00e3o do n\u00famero de acidentes e v\u00edtimas, com a\u00e7\u00f5es voltadas para a cultura de paz no tr\u00e2nsito. Na ocasi\u00e3o, o coronel Euller enalteceu o trabalho que os policiais militares de Sousa v\u00eam desempenhando, o que tem resultado em uma aproxima\u00e7\u00e3o mais efetiva com a comunidade.<\/p>\n","protected":false},"excerpt":{"rendered":"<p>A Pol\u00edcia Militar inaugurou as novas instala\u00e7\u00f5es do 2\u00ba Pelot\u00e3o da 5\u00aa Companhia de Policiamento de Tr\u00e2nsito Urbano e Rodovi\u00e1rio,<\/p>\n","protected":false},"author":12,"featured_media":895427,"comment_status":"closed","ping_status":"closed","sticky":false,"template":"","format":"standard","meta":{"_exactmetrics_skip_tracking":false,"_exactmetrics_sitenote_active":false,"_exactmetrics_sitenote_note":"","_exactmetrics_sitenote_category":0,"footnotes":""},"categories":[9],"tags":[],"yoast_head":"<!-- This site is optimized with the Yoast SEO plugin v22.0 - https:\/\/yoast.com\/wordpress\/plugins\/seo\/ -->\n<title>Pol\u00edcia Militar inaugura novas instala\u00e7\u00f5es do 2\u00ba Pelot\u00e3o da 5\u00aa CPTran em Sousa - Pol\u00edcia Militar da Para\u00edba<\/title>\n<meta name=\"robots\" content=\"index, follow, max-snippet:-1, max-image-preview:large, max-video-preview:-1\" \/>\n<link rel=\"canonical\" href=\"https:\/\/www.pm.pb.gov.br\/portal\/2017\/09\/24\/policia-militar-inaugura-novas-instalacoes-do-2o-pelotao-da-5a-cptran-em-sousa\/\" \/>\n<meta property=\"og:locale\" content=\"pt_BR\" \/>\n<meta property=\"og:type\" content=\"article\" \/>\n<meta property=\"og:title\" content=\"Pol\u00edcia Militar inaugura novas instala\u00e7\u00f5es do 2\u00ba Pelot\u00e3o da 5\u00aa CPTran em Sousa - Pol\u00edcia Militar da Para\u00edba\" \/>\n<meta property=\"og:description\" content=\"A Pol\u00edcia Militar inaugurou as novas instala\u00e7\u00f5es do 2\u00ba Pelot\u00e3o da 5\u00aa Companhia de Policiamento de Tr\u00e2nsito Urbano e Rodovi\u00e1rio,\" \/>\n<meta property=\"og:url\" content=\"https:\/\/www.pm.pb.gov.br\/portal\/2017\/09\/24\/policia-militar-inaugura-novas-instalacoes-do-2o-pelotao-da-5a-cptran-em-sousa\/\" \/>\n<meta property=\"og:site_name\" content=\"Pol\u00edcia Militar da Para\u00edba\" \/>\n<meta property=\"article:published_time\" content=\"2017-09-24T15:26:09+00:00\" \/>\n<meta property=\"og:image\" content=\"https:\/\/www.pm.pb.gov.br\/portal\/wp-content\/uploads\/2017\/09\/1.jpeg\" \/>\n\t<meta property=\"og:image:width\" content=\"800\" \/>\n\t<meta property=\"og:image:height\" content=\"445\" \/>\n\t<meta property=\"og:image:type\" content=\"image\/jpeg\" \/>\n<meta name=\"author\" content=\"Tarcisio Oliveira\" \/>\n<meta name=\"twitter:card\" content=\"summary_large_image\" \/>\n<meta name=\"twitter:label1\" content=\"Escrito por\" \/>\n\t<meta name=\"twitter:data1\" content=\"Tarcisio Oliveira\" \/>\n\t<meta name=\"twitter:label2\" content=\"Est. tempo de leitura\" \/>\n\t<meta name=\"twitter:data2\" content=\"1 minuto\" \/>\n<script type=\"application\/ld+json\" class=\"yoast-schema-graph\">{\"@context\":\"https:\/\/schema.org\",\"@graph\":[{\"@type\":\"Article\",\"@id\":\"https:\/\/www.pm.pb.gov.br\/portal\/2017\/09\/24\/policia-militar-inaugura-novas-instalacoes-do-2o-pelotao-da-5a-cptran-em-sousa\/#article\",\"isPartOf\":{\"@id\":\"https:\/\/www.pm.pb.gov.br\/portal\/2017\/09\/24\/policia-militar-inaugura-novas-instalacoes-do-2o-pelotao-da-5a-cptran-em-sousa\/\"},\"author\":{\"name\":\"Tarcisio Oliveira\",\"@id\":\"https:\/\/www.pm.pb.gov.br\/portal\/#\/schema\/person\/f84f56dcc78ce4357054da888b8247fd\"},\"headline\":\"Pol\u00edcia Militar inaugura novas instala\u00e7\u00f5es do 2\u00ba Pelot\u00e3o da 5\u00aa CPTran em Sousa\",\"datePublished\":\"2017-09-24T15:26:09+00:00\",\"dateModified\":\"2017-09-24T15:26:09+00:00\",\"mainEntityOfPage\":{\"@id\":\"https:\/\/www.pm.pb.gov.br\/portal\/2017\/09\/24\/policia-militar-inaugura-novas-instalacoes-do-2o-pelotao-da-5a-cptran-em-sousa\/\"},\"wordCount\":251,\"publisher\":{\"@id\":\"https:\/\/www.pm.pb.gov.br\/portal\/#organization\"},\"articleSection\":[\"Eventos\"],\"inLanguage\":\"pt-BR\"},{\"@type\":\"WebPage\",\"@id\":\"https:\/\/www.pm.pb.gov.br\/portal\/2017\/09\/24\/policia-militar-inaugura-novas-instalacoes-do-2o-pelotao-da-5a-cptran-em-sousa\/\",\"url\":\"https:\/\/www.pm.pb.gov.br\/portal\/2017\/09\/24\/policia-militar-inaugura-novas-instalacoes-do-2o-pelotao-da-5a-cptran-em-sousa\/\",\"name\":\"Pol\u00edcia Militar inaugura novas instala\u00e7\u00f5es do 2\u00ba Pelot\u00e3o da 5\u00aa CPTran em Sousa - Pol\u00edcia Militar da Para\u00edba\",\"isPartOf\":{\"@id\":\"https:\/\/www.pm.pb.gov.br\/portal\/#website\"},\"datePublished\":\"2017-09-24T15:26:09+00:00\",\"dateModified\":\"2017-09-24T15:26:09+00:00\",\"breadcrumb\":{\"@id\":\"https:\/\/www.pm.pb.gov.br\/portal\/2017\/09\/24\/policia-militar-inaugura-novas-instalacoes-do-2o-pelotao-da-5a-cptran-em-sousa\/#breadcrumb\"},\"inLanguage\":\"pt-BR\",\"potentialAction\":[{\"@type\":\"ReadAction\",\"target\":[\"https:\/\/www.pm.pb.gov.br\/portal\/2017\/09\/24\/policia-militar-inaugura-novas-instalacoes-do-2o-pelotao-da-5a-cptran-em-sousa\/\"]}]},{\"@type\":\"BreadcrumbList\",\"@id\":\"https:\/\/www.pm.pb.gov.br\/portal\/2017\/09\/24\/policia-militar-inaugura-novas-instalacoes-do-2o-pelotao-da-5a-cptran-em-sousa\/#breadcrumb\",\"itemListElement\":[{\"@type\":\"ListItem\",\"position\":1,\"name\":\"In\u00edcio\",\"item\":\"https:\/\/www.pm.pb.gov.br\/portal\/\"},{\"@type\":\"ListItem\",\"position\":2,\"name\":\"Pol\u00edcia Militar inaugura novas instala\u00e7\u00f5es do 2\u00ba Pelot\u00e3o da 5\u00aa CPTran em Sousa\"}]},{\"@type\":\"WebSite\",\"@id\":\"https:\/\/www.pm.pb.gov.br\/portal\/#website\",\"url\":\"https:\/\/www.pm.pb.gov.br\/portal\/\",\"name\":\"Pol\u00edcia Militar da Para\u00edba\",\"description\":\"\",\"publisher\":{\"@id\":\"https:\/\/www.pm.pb.gov.br\/portal\/#organization\"},\"potentialAction\":[{\"@type\":\"SearchAction\",\"target\":{\"@type\":\"EntryPoint\",\"urlTemplate\":\"https:\/\/www.pm.pb.gov.br\/portal\/?s={search_term_string}\"},\"query-input\":\"required name=search_term_string\"}],\"inLanguage\":\"pt-BR\"},{\"@type\":\"Organization\",\"@id\":\"https:\/\/www.pm.pb.gov.br\/portal\/#organization\",\"name\":\"Pol\u00edcia Militar da Para\u00edba\",\"url\":\"https:\/\/www.pm.pb.gov.br\/portal\/\",\"logo\":{\"@type\":\"ImageObject\",\"inLanguage\":\"pt-BR\",\"@id\":\"https:\/\/www.pm.pb.gov.br\/portal\/#\/schema\/logo\/image\/\",\"url\":\"https:\/\/www.pm.pb.gov.br\/portal\/wp-content\/uploads\/2025\/03\/cropped-logo-site-mag2-1.png\",\"contentUrl\":\"https:\/\/www.pm.pb.gov.br\/portal\/wp-content\/uploads\/2025\/03\/cropped-logo-site-mag2-1.png\",\"width\":320,\"height\":90,\"caption\":\"Pol\u00edcia Militar da Para\u00edba\"},\"image\":{\"@id\":\"https:\/\/www.pm.pb.gov.br\/portal\/#\/schema\/logo\/image\/\"}},{\"@type\":\"Person\",\"@id\":\"https:\/\/www.pm.pb.gov.br\/portal\/#\/schema\/person\/f84f56dcc78ce4357054da888b8247fd\",\"name\":\"Tarcisio Oliveira\",\"image\":{\"@type\":\"ImageObject\",\"inLanguage\":\"pt-BR\",\"@id\":\"https:\/\/www.pm.pb.gov.br\/portal\/#\/schema\/person\/image\/\",\"url\":\"https:\/\/secure.gravatar.com\/avatar\/72917b630b69d31cd0297507f34bac97?s=96&d=mm&r=g\",\"contentUrl\":\"https:\/\/secure.gravatar.com\/avatar\/72917b630b69d31cd0297507f34bac97?s=96&d=mm&r=g\",\"caption\":\"Tarcisio Oliveira\"},\"url\":\"https:\/\/www.pm.pb.gov.br\/portal\/author\/tarcisio\/\"}]}<\/script>\n<!-- \/ Yoast SEO plugin. -->","yoast_head_json":{"title":"Pol\u00edcia Militar inaugura novas instala\u00e7\u00f5es do 2\u00ba Pelot\u00e3o da 5\u00aa CPTran em Sousa - Pol\u00edcia Militar da Para\u00edba","robots":{"index":"index","follow":"follow","max-snippet":"max-snippet:-1","max-image-preview":"max-image-preview:large","max-video-preview":"max-video-preview:-1"},"canonical":"https:\/\/www.pm.pb.gov.br\/portal\/2017\/09\/24\/policia-militar-inaugura-novas-instalacoes-do-2o-pelotao-da-5a-cptran-em-sousa\/","og_locale":"pt_BR","og_type":"article","og_title":"Pol\u00edcia Militar inaugura novas instala\u00e7\u00f5es do 2\u00ba Pelot\u00e3o da 5\u00aa CPTran em Sousa - Pol\u00edcia Militar da Para\u00edba","og_description":"A Pol\u00edcia Militar inaugurou as novas instala\u00e7\u00f5es do 2\u00ba Pelot\u00e3o da 5\u00aa Companhia de Policiamento de Tr\u00e2nsito Urbano e Rodovi\u00e1rio,","og_url":"https:\/\/www.pm.pb.gov.br\/portal\/2017\/09\/24\/policia-militar-inaugura-novas-instalacoes-do-2o-pelotao-da-5a-cptran-em-sousa\/","og_site_name":"Pol\u00edcia Militar da Para\u00edba","article_published_time":"2017-09-24T15:26:09+00:00","og_image":[{"width":800,"height":445,"url":"https:\/\/www.pm.pb.gov.br\/portal\/wp-content\/uploads\/2017\/09\/1.jpeg","type":"image\/jpeg"}],"author":"Tarcisio Oliveira","twitter_card":"summary_large_image","twitter_misc":{"Escrito por":"Tarcisio Oliveira","Est. tempo de leitura":"1 minuto"},"schema":{"@context":"https:\/\/schema.org","@graph":[{"@type":"Article","@id":"https:\/\/www.pm.pb.gov.br\/portal\/2017\/09\/24\/policia-militar-inaugura-novas-instalacoes-do-2o-pelotao-da-5a-cptran-em-sousa\/#article","isPartOf":{"@id":"https:\/\/www.pm.pb.gov.br\/portal\/2017\/09\/24\/policia-militar-inaugura-novas-instalacoes-do-2o-pelotao-da-5a-cptran-em-sousa\/"},"author":{"name":"Tarcisio Oliveira","@id":"https:\/\/www.pm.pb.gov.br\/portal\/#\/schema\/person\/f84f56dcc78ce4357054da888b8247fd"},"headline":"Pol\u00edcia Militar inaugura novas instala\u00e7\u00f5es do 2\u00ba Pelot\u00e3o da 5\u00aa CPTran em Sousa","datePublished":"2017-09-24T15:26:09+00:00","dateModified":"2017-09-24T15:26:09+00:00","mainEntityOfPage":{"@id":"https:\/\/www.pm.pb.gov.br\/portal\/2017\/09\/24\/policia-militar-inaugura-novas-instalacoes-do-2o-pelotao-da-5a-cptran-em-sousa\/"},"wordCount":251,"publisher":{"@id":"https:\/\/www.pm.pb.gov.br\/portal\/#organization"},"articleSection":["Eventos"],"inLanguage":"pt-BR"},{"@type":"WebPage","@id":"https:\/\/www.pm.pb.gov.br\/portal\/2017\/09\/24\/policia-militar-inaugura-novas-instalacoes-do-2o-pelotao-da-5a-cptran-em-sousa\/","url":"https:\/\/www.pm.pb.gov.br\/portal\/2017\/09\/24\/policia-militar-inaugura-novas-instalacoes-do-2o-pelotao-da-5a-cptran-em-sousa\/","name":"Pol\u00edcia Militar inaugura novas instala\u00e7\u00f5es do 2\u00ba Pelot\u00e3o da 5\u00aa CPTran em Sousa - Pol\u00edcia Militar da Para\u00edba","isPartOf":{"@id":"https:\/\/www.pm.pb.gov.br\/portal\/#website"},"datePublished":"2017-09-24T15:26:09+00:00","dateModified":"2017-09-24T15:26:09+00:00","breadcrumb":{"@id":"https:\/\/www.pm.pb.gov.br\/portal\/2017\/09\/24\/policia-militar-inaugura-novas-instalacoes-do-2o-pelotao-da-5a-cptran-em-sousa\/#breadcrumb"},"inLanguage":"pt-BR","potentialAction":[{"@type":"ReadAction","target":["https:\/\/www.pm.pb.gov.br\/portal\/2017\/09\/24\/policia-militar-inaugura-novas-instalacoes-do-2o-pelotao-da-5a-cptran-em-sousa\/"]}]},{"@type":"BreadcrumbList","@id":"https:\/\/www.pm.pb.gov.br\/portal\/2017\/09\/24\/policia-militar-inaugura-novas-instalacoes-do-2o-pelotao-da-5a-cptran-em-sousa\/#breadcrumb","itemListElement":[{"@type":"ListItem","position":1,"name":"In\u00edcio","item":"https:\/\/www.pm.pb.gov.br\/portal\/"},{"@type":"ListItem","position":2,"name":"Pol\u00edcia Militar inaugura novas instala\u00e7\u00f5es do 2\u00ba Pelot\u00e3o da 5\u00aa CPTran em Sousa"}]},{"@type":"WebSite","@id":"https:\/\/www.pm.pb.gov.br\/portal\/#website","url":"https:\/\/www.pm.pb.gov.br\/portal\/","name":"Pol\u00edcia Militar da Para\u00edba","description":"","publisher":{"@id":"https:\/\/www.pm.pb.gov.br\/portal\/#organization"},"potentialAction":[{"@type":"SearchAction","target":{"@type":"EntryPoint","urlTemplate":"https:\/\/www.pm.pb.gov.br\/portal\/?s={search_term_string}"},"query-input":"required name=search_term_string"}],"inLanguage":"pt-BR"},{"@type":"Organization","@id":"https:\/\/www.pm.pb.gov.br\/portal\/#organization","name":"Pol\u00edcia Militar da Para\u00edba","url":"https:\/\/www.pm.pb.gov.br\/portal\/","logo":{"@type":"ImageObject","inLanguage":"pt-BR","@id":"https:\/\/www.pm.pb.gov.br\/portal\/#\/schema\/logo\/image\/","url":"https:\/\/www.pm.pb.gov.br\/portal\/wp-content\/uploads\/2025\/03\/cropped-logo-site-mag2-1.png","contentUrl":"https:\/\/www.pm.pb.gov.br\/portal\/wp-content\/uploads\/2025\/03\/cropped-logo-site-mag2-1.png","width":320,"height":90,"caption":"Pol\u00edcia Militar da Para\u00edba"},"image":{"@id":"https:\/\/www.pm.pb.gov.br\/portal\/#\/schema\/logo\/image\/"}},{"@type":"Person","@id":"https:\/\/www.pm.pb.gov.br\/portal\/#\/schema\/person\/f84f56dcc78ce4357054da888b8247fd","name":"Tarcisio Oliveira","image":{"@type":"ImageObject","inLanguage":"pt-BR","@id":"https:\/\/www.pm.pb.gov.br\/portal\/#\/schema\/person\/image\/","url":"https:\/\/secure.gravatar.com\/avatar\/72917b630b69d31cd0297507f34bac97?s=96&d=mm&r=g","contentUrl":"https:\/\/secure.gravatar.com\/avatar\/72917b630b69d31cd0297507f34bac97?s=96&d=mm&r=g","caption":"Tarcisio Oliveira"},"url":"https:\/\/www.pm.pb.gov.br\/portal\/author\/tarcisio\/"}]}},"_links":{"self":[{"href":"https:\/\/www.pm.pb.gov.br\/portal\/wp-json\/wp\/v2\/posts\/895432"}],"collection":[{"href":"https:\/\/www.pm.pb.gov.br\/portal\/wp-json\/wp\/v2\/posts"}],"about":[{"href":"https:\/\/www.pm.pb.gov.br\/portal\/wp-json\/wp\/v2\/types\/post"}],"author":[{"embeddable":true,"href":"https:\/\/www.pm.pb.gov.br\/portal\/wp-json\/wp\/v2\/users\/12"}],"replies":[{"embeddable":true,"href":"https:\/\/www.pm.pb.gov.br\/portal\/wp-json\/wp\/v2\/comments?post=895432"}],"version-history":[{"count":4,"href":"https:\/\/www.pm.pb.gov.br\/portal\/wp-json\/wp\/v2\/posts\/895432\/revisions"}],"predecessor-version":[{"id":895436,"href":"https:\/\/www.pm.pb.gov.br\/portal\/wp-json\/wp\/v2\/posts\/895432\/revisions\/895436"}],"wp:featuredmedia":[{"embeddable":true,"href":"https:\/\/www.pm.pb.gov.br\/portal\/wp-json\/wp\/v2\/media\/895427"}],"wp:attachment":[{"href":"https:\/\/www.pm.pb.gov.br\/portal\/wp-json\/wp\/v2\/media?parent=895432"}],"wp:term":[{"taxonomy":"category","embeddable":true,"href":"https:\/\/www.pm.pb.gov.br\/portal\/wp-json\/wp\/v2\/categories?post=895432"},{"taxonomy":"post_tag","embeddable":true,"href":"https:\/\/www.pm.pb.gov.br\/portal\/wp-json\/wp\/v2\/tags?post=895432"}],"curies":[{"name":"wp","href":"https:\/\/api.w.org\/{rel}","templated":true}]}}