{"id":895346,"date":"2017-09-22T10:29:51","date_gmt":"2017-09-22T13:29:51","guid":{"rendered":"http:\/\/www.pm.pb.gov.br\/portal\/?p=895346"},"modified":"2017-09-22T10:29:51","modified_gmt":"2017-09-22T13:29:51","slug":"policia-militar-capacita-policiais-para-enfrentamento-a-grupos-criminosos-e-de-ataques-a-bancos","status":"publish","type":"post","link":"https:\/\/www.pm.pb.gov.br\/portal\/2017\/09\/22\/policia-militar-capacita-policiais-para-enfrentamento-a-grupos-criminosos-e-de-ataques-a-bancos\/","title":{"rendered":"Pol\u00edcia Militar capacita policiais para enfrentamento a grupos criminosos e de ataques \u00e0 bancos"},"content":{"rendered":"<p style=\"text-align: justify;\">A Pol\u00edcia Militar concluiu a capacita\u00e7\u00e3o de 18 policiais para atua\u00e7\u00e3o em opera\u00e7\u00f5es rurais e de enfrentamento a grupos criminosos que atuam contra institui\u00e7\u00f5es financeiras. Os policiais foram formados na nova turma do Curso de Opera\u00e7\u00f5es e Sobreviv\u00eancia em \u00c1rea de Caatinga (COSAC), que come\u00e7ou em agosto, no munic\u00edpio de Pocinhos, a 30 quil\u00f4metros de Campina Grande, e terminou nesta semana, ap\u00f3s 396 horas\/aula.<\/p>\n<p style=\"text-align: justify;\">Durante o per\u00edodo de capacita\u00e7\u00e3o, os alunos conheceram a doutrina do curso, que apresenta 16 disciplinas pr\u00e1ticas e te\u00f3ricas que v\u00e3o desde topografia, an\u00e1lise de cen\u00e1rios e identifica\u00e7\u00e3o de riscos, t\u00e9cnicas de montanhismo, opera\u00e7\u00f5es helitransportadas, planejamento de opera\u00e7\u00f5es, e a padroniza\u00e7\u00e3o de procedimentos, para enfrentamento mais qualificado de grupos criminosos.<\/p>\n<p style=\"text-align: justify;\">\u201cAl\u00e9m do treinamento do policial militar para conflitos em ambientes adversos, o diferencial deste curso \u00e9 a sua parte te\u00f3rica, que agrega conhecimento para planejamento de a\u00e7\u00f5es, elementos psicossociais para entender o Nordeste, estudos da fauna e flora da caatinga, al\u00e9m das t\u00e9cnicas de sobreviv\u00eancia, tudo isto para maximizar a a\u00e7\u00e3o do policial\u201d, disse o capit\u00e3o Wherick Fel\u00edcio, coordenador do curso e comandante do Grupamento Especializado de Opera\u00e7\u00f5es em \u00c1rea de Caatinga (GEOsAC).<\/p>\n<p style=\"text-align: justify;\">Somente os policiais formados por este curso est\u00e3o aptos para compor o GEOsAC, que \u00e9 o respons\u00e1vel pela forma\u00e7\u00e3o da doutrina de opera\u00e7\u00f5es rurais na Para\u00edba, sendo efetivo de pronto-emprego, subordinado diretamente ao comandante geral, e com atua\u00e7\u00e3o em todo o estado.<\/p>\n<p style=\"text-align: justify;\">Segundo o comandante geral da PM, coronel Euller Chaves, a realiza\u00e7\u00e3o deste curso \u00e9 mais um ganho para seguran\u00e7a p\u00fablica no combate especializado aos crimes nas \u00e1reas rurais e contra institui\u00e7\u00f5es financeiras. Na \u00faltima edi\u00e7\u00e3o do curso foram capacitados 30 policiais. \u201cOs policiais militares que conclu\u00edram o COSAC ser\u00e3o mais uma ferramenta para compor nosso sistema de seguran\u00e7a, buscando enfrentar as modalidades criminosas\u201d, declarou.<\/p>\n","protected":false},"excerpt":{"rendered":"<p>A Pol\u00edcia Militar concluiu a capacita\u00e7\u00e3o de 18 policiais para atua\u00e7\u00e3o em opera\u00e7\u00f5es rurais e de enfrentamento a grupos criminosos<\/p>\n","protected":false},"author":12,"featured_media":895347,"comment_status":"closed","ping_status":"closed","sticky":false,"template":"","format":"standard","meta":{"_exactmetrics_skip_tracking":false,"_exactmetrics_sitenote_active":false,"_exactmetrics_sitenote_note":"","_exactmetrics_sitenote_category":0,"footnotes":""},"categories":[6],"tags":[],"yoast_head":"<!-- This site is optimized with the Yoast SEO plugin v22.0 - https:\/\/yoast.com\/wordpress\/plugins\/seo\/ -->\n<title>Pol\u00edcia Militar capacita policiais para enfrentamento a grupos criminosos e de ataques \u00e0 bancos - Pol\u00edcia Militar da Para\u00edba<\/title>\n<meta name=\"robots\" content=\"index, follow, max-snippet:-1, max-image-preview:large, max-video-preview:-1\" \/>\n<link rel=\"canonical\" href=\"https:\/\/www.pm.pb.gov.br\/portal\/2017\/09\/22\/policia-militar-capacita-policiais-para-enfrentamento-a-grupos-criminosos-e-de-ataques-a-bancos\/\" \/>\n<meta property=\"og:locale\" content=\"pt_BR\" \/>\n<meta property=\"og:type\" content=\"article\" \/>\n<meta property=\"og:title\" content=\"Pol\u00edcia Militar capacita policiais para enfrentamento a grupos criminosos e de ataques \u00e0 bancos - Pol\u00edcia Militar da Para\u00edba\" \/>\n<meta property=\"og:description\" content=\"A Pol\u00edcia Militar concluiu a capacita\u00e7\u00e3o de 18 policiais para atua\u00e7\u00e3o em opera\u00e7\u00f5es rurais e de enfrentamento a grupos criminosos\" \/>\n<meta property=\"og:url\" content=\"https:\/\/www.pm.pb.gov.br\/portal\/2017\/09\/22\/policia-militar-capacita-policiais-para-enfrentamento-a-grupos-criminosos-e-de-ataques-a-bancos\/\" \/>\n<meta property=\"og:site_name\" content=\"Pol\u00edcia Militar da Para\u00edba\" \/>\n<meta property=\"article:published_time\" content=\"2017-09-22T13:29:51+00:00\" \/>\n<meta property=\"og:image\" content=\"https:\/\/www.pm.pb.gov.br\/portal\/wp-content\/uploads\/2017\/09\/Cosac.jpeg\" \/>\n\t<meta property=\"og:image:width\" content=\"800\" \/>\n\t<meta property=\"og:image:height\" content=\"445\" \/>\n\t<meta property=\"og:image:type\" content=\"image\/jpeg\" \/>\n<meta name=\"author\" content=\"Tarcisio Oliveira\" \/>\n<meta name=\"twitter:card\" content=\"summary_large_image\" \/>\n<meta name=\"twitter:label1\" content=\"Escrito por\" \/>\n\t<meta name=\"twitter:data1\" content=\"Tarcisio Oliveira\" \/>\n\t<meta name=\"twitter:label2\" content=\"Est. tempo de leitura\" \/>\n\t<meta name=\"twitter:data2\" content=\"2 minutos\" \/>\n<script type=\"application\/ld+json\" class=\"yoast-schema-graph\">{\"@context\":\"https:\/\/schema.org\",\"@graph\":[{\"@type\":\"Article\",\"@id\":\"https:\/\/www.pm.pb.gov.br\/portal\/2017\/09\/22\/policia-militar-capacita-policiais-para-enfrentamento-a-grupos-criminosos-e-de-ataques-a-bancos\/#article\",\"isPartOf\":{\"@id\":\"https:\/\/www.pm.pb.gov.br\/portal\/2017\/09\/22\/policia-militar-capacita-policiais-para-enfrentamento-a-grupos-criminosos-e-de-ataques-a-bancos\/\"},\"author\":{\"name\":\"Tarcisio Oliveira\",\"@id\":\"https:\/\/www.pm.pb.gov.br\/portal\/#\/schema\/person\/f84f56dcc78ce4357054da888b8247fd\"},\"headline\":\"Pol\u00edcia Militar capacita policiais para enfrentamento a grupos criminosos e de ataques \u00e0 bancos\",\"datePublished\":\"2017-09-22T13:29:51+00:00\",\"dateModified\":\"2017-09-22T13:29:51+00:00\",\"mainEntityOfPage\":{\"@id\":\"https:\/\/www.pm.pb.gov.br\/portal\/2017\/09\/22\/policia-militar-capacita-policiais-para-enfrentamento-a-grupos-criminosos-e-de-ataques-a-bancos\/\"},\"wordCount\":347,\"publisher\":{\"@id\":\"https:\/\/www.pm.pb.gov.br\/portal\/#organization\"},\"articleSection\":[\"Cursos\"],\"inLanguage\":\"pt-BR\"},{\"@type\":\"WebPage\",\"@id\":\"https:\/\/www.pm.pb.gov.br\/portal\/2017\/09\/22\/policia-militar-capacita-policiais-para-enfrentamento-a-grupos-criminosos-e-de-ataques-a-bancos\/\",\"url\":\"https:\/\/www.pm.pb.gov.br\/portal\/2017\/09\/22\/policia-militar-capacita-policiais-para-enfrentamento-a-grupos-criminosos-e-de-ataques-a-bancos\/\",\"name\":\"Pol\u00edcia Militar capacita policiais para enfrentamento a grupos criminosos e de ataques \u00e0 bancos - Pol\u00edcia Militar da Para\u00edba\",\"isPartOf\":{\"@id\":\"https:\/\/www.pm.pb.gov.br\/portal\/#website\"},\"datePublished\":\"2017-09-22T13:29:51+00:00\",\"dateModified\":\"2017-09-22T13:29:51+00:00\",\"breadcrumb\":{\"@id\":\"https:\/\/www.pm.pb.gov.br\/portal\/2017\/09\/22\/policia-militar-capacita-policiais-para-enfrentamento-a-grupos-criminosos-e-de-ataques-a-bancos\/#breadcrumb\"},\"inLanguage\":\"pt-BR\",\"potentialAction\":[{\"@type\":\"ReadAction\",\"target\":[\"https:\/\/www.pm.pb.gov.br\/portal\/2017\/09\/22\/policia-militar-capacita-policiais-para-enfrentamento-a-grupos-criminosos-e-de-ataques-a-bancos\/\"]}]},{\"@type\":\"BreadcrumbList\",\"@id\":\"https:\/\/www.pm.pb.gov.br\/portal\/2017\/09\/22\/policia-militar-capacita-policiais-para-enfrentamento-a-grupos-criminosos-e-de-ataques-a-bancos\/#breadcrumb\",\"itemListElement\":[{\"@type\":\"ListItem\",\"position\":1,\"name\":\"In\u00edcio\",\"item\":\"https:\/\/www.pm.pb.gov.br\/portal\/\"},{\"@type\":\"ListItem\",\"position\":2,\"name\":\"Pol\u00edcia Militar capacita policiais para enfrentamento a grupos criminosos e de ataques \u00e0 bancos\"}]},{\"@type\":\"WebSite\",\"@id\":\"https:\/\/www.pm.pb.gov.br\/portal\/#website\",\"url\":\"https:\/\/www.pm.pb.gov.br\/portal\/\",\"name\":\"Pol\u00edcia Militar da Para\u00edba\",\"description\":\"\",\"publisher\":{\"@id\":\"https:\/\/www.pm.pb.gov.br\/portal\/#organization\"},\"potentialAction\":[{\"@type\":\"SearchAction\",\"target\":{\"@type\":\"EntryPoint\",\"urlTemplate\":\"https:\/\/www.pm.pb.gov.br\/portal\/?s={search_term_string}\"},\"query-input\":\"required name=search_term_string\"}],\"inLanguage\":\"pt-BR\"},{\"@type\":\"Organization\",\"@id\":\"https:\/\/www.pm.pb.gov.br\/portal\/#organization\",\"name\":\"Pol\u00edcia Militar da Para\u00edba\",\"url\":\"https:\/\/www.pm.pb.gov.br\/portal\/\",\"logo\":{\"@type\":\"ImageObject\",\"inLanguage\":\"pt-BR\",\"@id\":\"https:\/\/www.pm.pb.gov.br\/portal\/#\/schema\/logo\/image\/\",\"url\":\"https:\/\/www.pm.pb.gov.br\/portal\/wp-content\/uploads\/2025\/03\/cropped-logo-site-mag2-1.png\",\"contentUrl\":\"https:\/\/www.pm.pb.gov.br\/portal\/wp-content\/uploads\/2025\/03\/cropped-logo-site-mag2-1.png\",\"width\":320,\"height\":90,\"caption\":\"Pol\u00edcia Militar da Para\u00edba\"},\"image\":{\"@id\":\"https:\/\/www.pm.pb.gov.br\/portal\/#\/schema\/logo\/image\/\"}},{\"@type\":\"Person\",\"@id\":\"https:\/\/www.pm.pb.gov.br\/portal\/#\/schema\/person\/f84f56dcc78ce4357054da888b8247fd\",\"name\":\"Tarcisio Oliveira\",\"image\":{\"@type\":\"ImageObject\",\"inLanguage\":\"pt-BR\",\"@id\":\"https:\/\/www.pm.pb.gov.br\/portal\/#\/schema\/person\/image\/\",\"url\":\"https:\/\/secure.gravatar.com\/avatar\/72917b630b69d31cd0297507f34bac97?s=96&d=mm&r=g\",\"contentUrl\":\"https:\/\/secure.gravatar.com\/avatar\/72917b630b69d31cd0297507f34bac97?s=96&d=mm&r=g\",\"caption\":\"Tarcisio Oliveira\"},\"url\":\"https:\/\/www.pm.pb.gov.br\/portal\/author\/tarcisio\/\"}]}<\/script>\n<!-- \/ Yoast SEO plugin. -->","yoast_head_json":{"title":"Pol\u00edcia Militar capacita policiais para enfrentamento a grupos criminosos e de ataques \u00e0 bancos - Pol\u00edcia Militar da Para\u00edba","robots":{"index":"index","follow":"follow","max-snippet":"max-snippet:-1","max-image-preview":"max-image-preview:large","max-video-preview":"max-video-preview:-1"},"canonical":"https:\/\/www.pm.pb.gov.br\/portal\/2017\/09\/22\/policia-militar-capacita-policiais-para-enfrentamento-a-grupos-criminosos-e-de-ataques-a-bancos\/","og_locale":"pt_BR","og_type":"article","og_title":"Pol\u00edcia Militar capacita policiais para enfrentamento a grupos criminosos e de ataques \u00e0 bancos - Pol\u00edcia Militar da Para\u00edba","og_description":"A Pol\u00edcia Militar concluiu a capacita\u00e7\u00e3o de 18 policiais para atua\u00e7\u00e3o em opera\u00e7\u00f5es rurais e de enfrentamento a grupos criminosos","og_url":"https:\/\/www.pm.pb.gov.br\/portal\/2017\/09\/22\/policia-militar-capacita-policiais-para-enfrentamento-a-grupos-criminosos-e-de-ataques-a-bancos\/","og_site_name":"Pol\u00edcia Militar da Para\u00edba","article_published_time":"2017-09-22T13:29:51+00:00","og_image":[{"width":800,"height":445,"url":"https:\/\/www.pm.pb.gov.br\/portal\/wp-content\/uploads\/2017\/09\/Cosac.jpeg","type":"image\/jpeg"}],"author":"Tarcisio Oliveira","twitter_card":"summary_large_image","twitter_misc":{"Escrito por":"Tarcisio Oliveira","Est. tempo de leitura":"2 minutos"},"schema":{"@context":"https:\/\/schema.org","@graph":[{"@type":"Article","@id":"https:\/\/www.pm.pb.gov.br\/portal\/2017\/09\/22\/policia-militar-capacita-policiais-para-enfrentamento-a-grupos-criminosos-e-de-ataques-a-bancos\/#article","isPartOf":{"@id":"https:\/\/www.pm.pb.gov.br\/portal\/2017\/09\/22\/policia-militar-capacita-policiais-para-enfrentamento-a-grupos-criminosos-e-de-ataques-a-bancos\/"},"author":{"name":"Tarcisio Oliveira","@id":"https:\/\/www.pm.pb.gov.br\/portal\/#\/schema\/person\/f84f56dcc78ce4357054da888b8247fd"},"headline":"Pol\u00edcia Militar capacita policiais para enfrentamento a grupos criminosos e de ataques \u00e0 bancos","datePublished":"2017-09-22T13:29:51+00:00","dateModified":"2017-09-22T13:29:51+00:00","mainEntityOfPage":{"@id":"https:\/\/www.pm.pb.gov.br\/portal\/2017\/09\/22\/policia-militar-capacita-policiais-para-enfrentamento-a-grupos-criminosos-e-de-ataques-a-bancos\/"},"wordCount":347,"publisher":{"@id":"https:\/\/www.pm.pb.gov.br\/portal\/#organization"},"articleSection":["Cursos"],"inLanguage":"pt-BR"},{"@type":"WebPage","@id":"https:\/\/www.pm.pb.gov.br\/portal\/2017\/09\/22\/policia-militar-capacita-policiais-para-enfrentamento-a-grupos-criminosos-e-de-ataques-a-bancos\/","url":"https:\/\/www.pm.pb.gov.br\/portal\/2017\/09\/22\/policia-militar-capacita-policiais-para-enfrentamento-a-grupos-criminosos-e-de-ataques-a-bancos\/","name":"Pol\u00edcia Militar capacita policiais para enfrentamento a grupos criminosos e de ataques \u00e0 bancos - Pol\u00edcia Militar da Para\u00edba","isPartOf":{"@id":"https:\/\/www.pm.pb.gov.br\/portal\/#website"},"datePublished":"2017-09-22T13:29:51+00:00","dateModified":"2017-09-22T13:29:51+00:00","breadcrumb":{"@id":"https:\/\/www.pm.pb.gov.br\/portal\/2017\/09\/22\/policia-militar-capacita-policiais-para-enfrentamento-a-grupos-criminosos-e-de-ataques-a-bancos\/#breadcrumb"},"inLanguage":"pt-BR","potentialAction":[{"@type":"ReadAction","target":["https:\/\/www.pm.pb.gov.br\/portal\/2017\/09\/22\/policia-militar-capacita-policiais-para-enfrentamento-a-grupos-criminosos-e-de-ataques-a-bancos\/"]}]},{"@type":"BreadcrumbList","@id":"https:\/\/www.pm.pb.gov.br\/portal\/2017\/09\/22\/policia-militar-capacita-policiais-para-enfrentamento-a-grupos-criminosos-e-de-ataques-a-bancos\/#breadcrumb","itemListElement":[{"@type":"ListItem","position":1,"name":"In\u00edcio","item":"https:\/\/www.pm.pb.gov.br\/portal\/"},{"@type":"ListItem","position":2,"name":"Pol\u00edcia Militar capacita policiais para enfrentamento a grupos criminosos e de ataques \u00e0 bancos"}]},{"@type":"WebSite","@id":"https:\/\/www.pm.pb.gov.br\/portal\/#website","url":"https:\/\/www.pm.pb.gov.br\/portal\/","name":"Pol\u00edcia Militar da Para\u00edba","description":"","publisher":{"@id":"https:\/\/www.pm.pb.gov.br\/portal\/#organization"},"potentialAction":[{"@type":"SearchAction","target":{"@type":"EntryPoint","urlTemplate":"https:\/\/www.pm.pb.gov.br\/portal\/?s={search_term_string}"},"query-input":"required name=search_term_string"}],"inLanguage":"pt-BR"},{"@type":"Organization","@id":"https:\/\/www.pm.pb.gov.br\/portal\/#organization","name":"Pol\u00edcia Militar da Para\u00edba","url":"https:\/\/www.pm.pb.gov.br\/portal\/","logo":{"@type":"ImageObject","inLanguage":"pt-BR","@id":"https:\/\/www.pm.pb.gov.br\/portal\/#\/schema\/logo\/image\/","url":"https:\/\/www.pm.pb.gov.br\/portal\/wp-content\/uploads\/2025\/03\/cropped-logo-site-mag2-1.png","contentUrl":"https:\/\/www.pm.pb.gov.br\/portal\/wp-content\/uploads\/2025\/03\/cropped-logo-site-mag2-1.png","width":320,"height":90,"caption":"Pol\u00edcia Militar da Para\u00edba"},"image":{"@id":"https:\/\/www.pm.pb.gov.br\/portal\/#\/schema\/logo\/image\/"}},{"@type":"Person","@id":"https:\/\/www.pm.pb.gov.br\/portal\/#\/schema\/person\/f84f56dcc78ce4357054da888b8247fd","name":"Tarcisio Oliveira","image":{"@type":"ImageObject","inLanguage":"pt-BR","@id":"https:\/\/www.pm.pb.gov.br\/portal\/#\/schema\/person\/image\/","url":"https:\/\/secure.gravatar.com\/avatar\/72917b630b69d31cd0297507f34bac97?s=96&d=mm&r=g","contentUrl":"https:\/\/secure.gravatar.com\/avatar\/72917b630b69d31cd0297507f34bac97?s=96&d=mm&r=g","caption":"Tarcisio Oliveira"},"url":"https:\/\/www.pm.pb.gov.br\/portal\/author\/tarcisio\/"}]}},"_links":{"self":[{"href":"https:\/\/www.pm.pb.gov.br\/portal\/wp-json\/wp\/v2\/posts\/895346"}],"collection":[{"href":"https:\/\/www.pm.pb.gov.br\/portal\/wp-json\/wp\/v2\/posts"}],"about":[{"href":"https:\/\/www.pm.pb.gov.br\/portal\/wp-json\/wp\/v2\/types\/post"}],"author":[{"embeddable":true,"href":"https:\/\/www.pm.pb.gov.br\/portal\/wp-json\/wp\/v2\/users\/12"}],"replies":[{"embeddable":true,"href":"https:\/\/www.pm.pb.gov.br\/portal\/wp-json\/wp\/v2\/comments?post=895346"}],"version-history":[{"count":2,"href":"https:\/\/www.pm.pb.gov.br\/portal\/wp-json\/wp\/v2\/posts\/895346\/revisions"}],"predecessor-version":[{"id":895349,"href":"https:\/\/www.pm.pb.gov.br\/portal\/wp-json\/wp\/v2\/posts\/895346\/revisions\/895349"}],"wp:featuredmedia":[{"embeddable":true,"href":"https:\/\/www.pm.pb.gov.br\/portal\/wp-json\/wp\/v2\/media\/895347"}],"wp:attachment":[{"href":"https:\/\/www.pm.pb.gov.br\/portal\/wp-json\/wp\/v2\/media?parent=895346"}],"wp:term":[{"taxonomy":"category","embeddable":true,"href":"https:\/\/www.pm.pb.gov.br\/portal\/wp-json\/wp\/v2\/categories?post=895346"},{"taxonomy":"post_tag","embeddable":true,"href":"https:\/\/www.pm.pb.gov.br\/portal\/wp-json\/wp\/v2\/tags?post=895346"}],"curies":[{"name":"wp","href":"https:\/\/api.w.org\/{rel}","templated":true}]}}