{"id":895271,"date":"2017-09-20T15:45:29","date_gmt":"2017-09-20T18:45:29","guid":{"rendered":"http:\/\/www.pm.pb.gov.br\/portal\/?p=895271"},"modified":"2017-09-25T19:36:20","modified_gmt":"2017-09-25T22:36:20","slug":"governo-anuncia-acoes-para-reforcar-seguranca-publica-na-area-de-campina-grande","status":"publish","type":"post","link":"https:\/\/www.pm.pb.gov.br\/portal\/2017\/09\/20\/governo-anuncia-acoes-para-reforcar-seguranca-publica-na-area-de-campina-grande\/","title":{"rendered":"Governo anuncia a\u00e7\u00f5es para refor\u00e7ar seguran\u00e7a p\u00fablica na \u00e1rea de Campina Grande"},"content":{"rendered":"<p style=\"text-align: justify;\">O governador Ricardo Coutinho esteve, nesta ter\u00e7a-feira (19), em Campina Grande, onde participou da reuni\u00e3o de monitoramento das for\u00e7as de seguran\u00e7a e anunciou v\u00e1rias a\u00e7\u00f5es para a regi\u00e3o. Na ocasi\u00e3o, o governador implantou a 2\u00aa etapa do sistema\u00a0de radiocomunica\u00e7\u00e3o digital na 2\u00aa Regi\u00e3o Integrada de Seguran\u00e7a P\u00fablica (Reisp), com sede em Campina Grande, englobando 107 munic\u00edpios. O sistema vai integrar 30 cidades da regi\u00e3o.<\/p>\n<p>O chefe do Executivo estadual tamb\u00e9m assinou o Decreto criando o 15\u00ba Batalh\u00e3o de Pol\u00edcia Militar, com sede em Esperan\u00e7a; anunciou a cria\u00e7\u00e3o da 22\u00aa \u00c1rea Integrada de Seguran\u00e7a P\u00fablica (Aisp), em Campina Grande, com compatibiliza\u00e7\u00e3o territorial de \u00e1rea do 10\u00ba BPM, com a 22\u00aa Delegacia Seccional e criou sete Companhias Independentes de Pol\u00edcia Militar, unidades operacionais em n\u00edvel t\u00e1tico nas \u00c1reas Integradas de Seguran\u00e7a e Defesa Social.<\/p>\n<figure id=\"attachment_895265\" aria-describedby=\"caption-attachment-895265\" style=\"width: 369px\" class=\"wp-caption alignleft\"><img loading=\"lazy\" decoding=\"async\" class=\"wp-image-895265\" src=\"http:\/\/www.pm.pb.gov.br\/portal\/wp-content\/uploads\/2017\/09\/gov2-668x445.jpg\" alt=\"\" width=\"369\" height=\"246\" srcset=\"https:\/\/www.pm.pb.gov.br\/portal\/wp-content\/uploads\/2017\/09\/gov2.jpg 668w, https:\/\/www.pm.pb.gov.br\/portal\/wp-content\/uploads\/2017\/09\/gov2-272x182.jpg 272w\" sizes=\"(max-width: 369px) 100vw, 369px\" \/><figcaption id=\"caption-attachment-895265\" class=\"wp-caption-text\"><span style=\"font-size: 8pt;\">Comandante geral da PM, coronel Euller Chaves, recebeu r\u00e1dio do novo sistema de comunica\u00e7\u00e3o, do governador Ricardo Coutinho<\/span><\/figcaption><\/figure>\n<p style=\"text-align: justify;\">Tamb\u00e9m estiveram presentes na solenidade, realizada no audit\u00f3rio da Federa\u00e7\u00e3o das Ind\u00fastrias do Estado da Para\u00edba (Fiep), a vice-governadora L\u00edgia Feliciano, o secret\u00e1rio da Seguran\u00e7a e Defesa Social, Cl\u00e1udio Lima, o comandante geral da Pol\u00edcia Militar, coronel Euller Chaves, o delegado geral da Pol\u00edcia Civil, Jo\u00e3o Alves, o comandante geral do Corpo de Bombeiros, coronel Jair Carneiro, o superintendente Regional da Pol\u00edcia Rodovi\u00e1ria Federal (PRF), Douglas Uch\u00f4a, deputados estaduais, auxiliares do Governo e outras autoridades da \u00e1rea da seguran\u00e7a p\u00fablica.<\/p>\n<p>Para o governador Ricardo Coutinho, \u00e9 fundamental a amplia\u00e7\u00e3o do sistema de comunica\u00e7\u00e3o digital, que em breve estar\u00e1 funcionando em todo o Estado. \u201cEsse sistema representa uma grande inova\u00e7\u00e3o com tecnologia Tetra, que integra as regi\u00f5es e facilita o trabalho das for\u00e7as de seguran\u00e7a. Isso vai nos dar uma possibilidade concreta de mais agilidade e rapidez nas respostas para as ocorr\u00eancias. Os profissionais t\u00eam r\u00e1dios seguros e com qualidade de primeiro mundo. Tamb\u00e9m estamos refor\u00e7ando e enraizando melhor a nossa estrutura de seguran\u00e7a, criando a 22\u00aa Aisp e tamb\u00e9m criando mais um Batalh\u00e3o, l\u00e1 em Esperan\u00e7a, que refor\u00e7a o policiamento na regi\u00e3o&#8221;, comentou o governador.<\/p>\n<p style=\"text-align: justify;\">O secret\u00e1rio da Seguran\u00e7a e Defesa Social, Cl\u00e1udio Lima, informou que o novo sistema de radiocomunica\u00e7\u00e3o permite total seguran\u00e7a na comunica\u00e7\u00e3o entre os profissionais das for\u00e7as de seguran\u00e7a. &#8220;O sistema usa uma tecnologia de ponta que traz toda uma efici\u00eancia e vai cobrir 100% do Estado. Hoje, por exemplo, j\u00e1 podemos falar da Pra\u00e7a do Meio do Mundo com uma pessoa que esteja em Cabedelo, de forma \u00e1gil e com extrema qualidade. A terceira etapa do sistema ser\u00e1 implantada no sert\u00e3o da Para\u00edba&#8221;, disse.<\/p>\n<p style=\"text-align: justify;\">O sistema digital \u00e9 composto por softwares e r\u00e1dios (hand talks), al\u00e9m de outros equipamentos modernos e de \u00faltima gera\u00e7\u00e3o (Sistema Tetra) utilizados em pa\u00edses da Europa. A tecnologia come\u00e7ou a funcionar, inicialmente, na regi\u00e3o metropolitana de Jo\u00e3o Pessoa e, a partir de agora, tamb\u00e9m funciona na regi\u00e3o de Campina Grande, que recebe cerca de mil equipamentos, proporcionando \u00e0s Pol\u00edcias Civil, Militar, Corpo de Bombeiros, Sistema Penitenci\u00e1rio, PRF e Departamento Estadual de Tr\u00e2nsito (Detran) uma radiocomunica\u00e7\u00e3o criptografada, segura e com qualidade. O sistema representa um investimento de R$ 33 milh\u00f5es, em parceria com o Governo Federal.<\/p>\n<p style=\"text-align: justify;\">O representante da Motorola Solutions Brasil, Alexandre Giarola, lembrou que, desde junho, o sistema de radiocomunica\u00e7\u00e3o j\u00e1 funciona na regi\u00e3o metropolitana de Jo\u00e3o Pessoa. &#8220;N\u00e3o temos nenhum outro Estado da Federa\u00e7\u00e3o que tenha cobertura total digital atrav\u00e9s da radiocomunica\u00e7\u00e3o. A experi\u00eancia na Grande Jo\u00e3o Pessoa, que j\u00e1 est\u00e1 em funcionamento h\u00e1 alguns meses, est\u00e1 sendo muito positiva. O retorno dos profissionais tem sido bom e n\u00e3o tivemos problemas com interfer\u00eancias. A qualidade do sistema est\u00e1 garantida&#8221;, afirmou.<\/p>\n<p>&#8220;A gente vem com um trabalho muito intenso na regi\u00e3o, que compreende Campina Grande, Massaranduba, Lagoa Seca e Boa Vista na luta contra a criminalidade. Com essa reformula\u00e7\u00e3o anunciada hoje pelo governador, a gente vai ter um suporte maior, a partir do momento que passamos a dividir a gest\u00e3o, concentrando esfor\u00e7os em \u00e1reas mais aproximadas. Ent\u00e3o voc\u00ea est\u00e1 pegando uma lente que \u00e9 aberta para quatro cidades e reduzindo para um foco maior, onde teremos cada comandante focado em determinada \u00e1rea. S\u00e3o medidas muito importantes e que v\u00e3o favorecer toda a comunidade dessa regi\u00e3o&#8221;, garantiu o comandante do 2\u00ba Batalh\u00e3o de Pol\u00edcia Militar, tenente coronel Lamark.<\/p>\n<p style=\"text-align: justify;\">Redu\u00e7\u00e3o de crimes &#8211; Durante a reuni\u00e3o de monitoramento, realizada mensalmente com representantes das For\u00e7as da Seguran\u00e7a, o governador Ricardo Coutinho agradeceu o empenho dos profissionais da \u00e1rea e refor\u00e7ou o pedido por mais empenho no combate a viol\u00eancia. &#8220;Pe\u00e7o a todos que continuem lutando contra a criminalidade. Sei que o trabalho tem sido feito, tanto que somos o \u00fanico Estado com redu\u00e7\u00e3o de homic\u00eddios, consecutivamente, nos \u00faltimos anos, desde 2012. Mas temos que continuar nos esfor\u00e7ando para obter resultados positivos m\u00eas a m\u00eas&#8221;, falou o governador.<\/p>\n<p style=\"text-align: justify;\">Segundo dados da Secretaria de Seguran\u00e7a e Defesa Social, de janeiro a agosto de 2017, houve uma redu\u00e7\u00e3o de 3,8% no n\u00famero de Crimes Violentos Letais e Intencionais (CVLI), em rela\u00e7\u00e3o ao mesmo per\u00edodo do ano passado. Em 2016, foram registrados 883 homic\u00eddios, enquanto este ano foram 849. Houve ainda uma redu\u00e7\u00e3o de 19% nos homic\u00eddios contra mulheres no Estado. Em 2016, foram 72 v\u00edtimas contra 58 em 2017.<\/p>\n<p style=\"text-align: justify;\">Tamb\u00e9m ocorreu uma redu\u00e7\u00e3o de 27% em rela\u00e7\u00e3o aos crimes contra institui\u00e7\u00f5es banc\u00e1rias, sendo registradas 78 ocorr\u00eancias de janeiro a agosto de 2016 e 57 em 2017. Neste mesmo per\u00edodo, em 2016, foram apreendidos 752,5 quilos de drogas, enquanto em 2017 foram 1394,6 toneladas de drogas, um aumento de 85% nas apreens\u00f5es.<br \/>\n&#8220;Estamos trabalhando de forma integrada para obter resultados positivos, buscando garantir a seguran\u00e7a para a popula\u00e7\u00e3o e o combate \u00e0 viol\u00eancia na Para\u00edba. \u00c9 um trabalho constante que pede o empenho de todos&#8221;, pontuou o secret\u00e1rio Cl\u00e1udio Lima.<\/p>\n","protected":false},"excerpt":{"rendered":"<p>O governador Ricardo Coutinho esteve, nesta ter\u00e7a-feira (19), em Campina Grande, onde participou da reuni\u00e3o de monitoramento das for\u00e7as de<\/p>\n","protected":false},"author":12,"featured_media":895269,"comment_status":"closed","ping_status":"closed","sticky":false,"template":"","format":"standard","meta":{"_exactmetrics_skip_tracking":false,"_exactmetrics_sitenote_active":false,"_exactmetrics_sitenote_note":"","_exactmetrics_sitenote_category":0,"footnotes":""},"categories":[9],"tags":[],"yoast_head":"<!-- This site is optimized with the Yoast SEO plugin v22.0 - https:\/\/yoast.com\/wordpress\/plugins\/seo\/ -->\n<title>Governo anuncia a\u00e7\u00f5es para refor\u00e7ar seguran\u00e7a p\u00fablica na \u00e1rea de Campina Grande - Pol\u00edcia Militar da Para\u00edba<\/title>\n<meta name=\"robots\" content=\"index, follow, max-snippet:-1, max-image-preview:large, max-video-preview:-1\" \/>\n<link rel=\"canonical\" href=\"https:\/\/www.pm.pb.gov.br\/portal\/2017\/09\/20\/governo-anuncia-acoes-para-reforcar-seguranca-publica-na-area-de-campina-grande\/\" \/>\n<meta property=\"og:locale\" content=\"pt_BR\" \/>\n<meta property=\"og:type\" content=\"article\" \/>\n<meta property=\"og:title\" content=\"Governo anuncia a\u00e7\u00f5es para refor\u00e7ar seguran\u00e7a p\u00fablica na \u00e1rea de Campina Grande - Pol\u00edcia Militar da Para\u00edba\" \/>\n<meta property=\"og:description\" content=\"O governador Ricardo Coutinho esteve, nesta ter\u00e7a-feira (19), em Campina Grande, onde participou da reuni\u00e3o de monitoramento das for\u00e7as de\" \/>\n<meta property=\"og:url\" content=\"https:\/\/www.pm.pb.gov.br\/portal\/2017\/09\/20\/governo-anuncia-acoes-para-reforcar-seguranca-publica-na-area-de-campina-grande\/\" \/>\n<meta property=\"og:site_name\" content=\"Pol\u00edcia Militar da Para\u00edba\" \/>\n<meta property=\"article:published_time\" content=\"2017-09-20T18:45:29+00:00\" \/>\n<meta property=\"article:modified_time\" content=\"2017-09-25T22:36:20+00:00\" \/>\n<meta property=\"og:image\" content=\"https:\/\/www.pm.pb.gov.br\/portal\/wp-content\/uploads\/2017\/09\/pbgov.jpg\" \/>\n\t<meta property=\"og:image:width\" content=\"800\" \/>\n\t<meta property=\"og:image:height\" content=\"445\" \/>\n\t<meta property=\"og:image:type\" content=\"image\/jpeg\" \/>\n<meta name=\"author\" content=\"Tarcisio Oliveira\" \/>\n<meta name=\"twitter:card\" content=\"summary_large_image\" \/>\n<meta name=\"twitter:label1\" content=\"Escrito por\" \/>\n\t<meta name=\"twitter:data1\" content=\"Tarcisio Oliveira\" \/>\n\t<meta name=\"twitter:label2\" content=\"Est. tempo de leitura\" \/>\n\t<meta name=\"twitter:data2\" content=\"5 minutos\" \/>\n<script type=\"application\/ld+json\" class=\"yoast-schema-graph\">{\"@context\":\"https:\/\/schema.org\",\"@graph\":[{\"@type\":\"Article\",\"@id\":\"https:\/\/www.pm.pb.gov.br\/portal\/2017\/09\/20\/governo-anuncia-acoes-para-reforcar-seguranca-publica-na-area-de-campina-grande\/#article\",\"isPartOf\":{\"@id\":\"https:\/\/www.pm.pb.gov.br\/portal\/2017\/09\/20\/governo-anuncia-acoes-para-reforcar-seguranca-publica-na-area-de-campina-grande\/\"},\"author\":{\"name\":\"Tarcisio Oliveira\",\"@id\":\"https:\/\/www.pm.pb.gov.br\/portal\/#\/schema\/person\/f84f56dcc78ce4357054da888b8247fd\"},\"headline\":\"Governo anuncia a\u00e7\u00f5es para refor\u00e7ar seguran\u00e7a p\u00fablica na \u00e1rea de Campina Grande\",\"datePublished\":\"2017-09-20T18:45:29+00:00\",\"dateModified\":\"2017-09-25T22:36:20+00:00\",\"mainEntityOfPage\":{\"@id\":\"https:\/\/www.pm.pb.gov.br\/portal\/2017\/09\/20\/governo-anuncia-acoes-para-reforcar-seguranca-publica-na-area-de-campina-grande\/\"},\"wordCount\":1073,\"publisher\":{\"@id\":\"https:\/\/www.pm.pb.gov.br\/portal\/#organization\"},\"articleSection\":[\"Eventos\"],\"inLanguage\":\"pt-BR\"},{\"@type\":\"WebPage\",\"@id\":\"https:\/\/www.pm.pb.gov.br\/portal\/2017\/09\/20\/governo-anuncia-acoes-para-reforcar-seguranca-publica-na-area-de-campina-grande\/\",\"url\":\"https:\/\/www.pm.pb.gov.br\/portal\/2017\/09\/20\/governo-anuncia-acoes-para-reforcar-seguranca-publica-na-area-de-campina-grande\/\",\"name\":\"Governo anuncia a\u00e7\u00f5es para refor\u00e7ar seguran\u00e7a p\u00fablica na \u00e1rea de Campina Grande - Pol\u00edcia Militar da Para\u00edba\",\"isPartOf\":{\"@id\":\"https:\/\/www.pm.pb.gov.br\/portal\/#website\"},\"datePublished\":\"2017-09-20T18:45:29+00:00\",\"dateModified\":\"2017-09-25T22:36:20+00:00\",\"breadcrumb\":{\"@id\":\"https:\/\/www.pm.pb.gov.br\/portal\/2017\/09\/20\/governo-anuncia-acoes-para-reforcar-seguranca-publica-na-area-de-campina-grande\/#breadcrumb\"},\"inLanguage\":\"pt-BR\",\"potentialAction\":[{\"@type\":\"ReadAction\",\"target\":[\"https:\/\/www.pm.pb.gov.br\/portal\/2017\/09\/20\/governo-anuncia-acoes-para-reforcar-seguranca-publica-na-area-de-campina-grande\/\"]}]},{\"@type\":\"BreadcrumbList\",\"@id\":\"https:\/\/www.pm.pb.gov.br\/portal\/2017\/09\/20\/governo-anuncia-acoes-para-reforcar-seguranca-publica-na-area-de-campina-grande\/#breadcrumb\",\"itemListElement\":[{\"@type\":\"ListItem\",\"position\":1,\"name\":\"In\u00edcio\",\"item\":\"https:\/\/www.pm.pb.gov.br\/portal\/\"},{\"@type\":\"ListItem\",\"position\":2,\"name\":\"Governo anuncia a\u00e7\u00f5es para refor\u00e7ar seguran\u00e7a p\u00fablica na \u00e1rea de Campina Grande\"}]},{\"@type\":\"WebSite\",\"@id\":\"https:\/\/www.pm.pb.gov.br\/portal\/#website\",\"url\":\"https:\/\/www.pm.pb.gov.br\/portal\/\",\"name\":\"Pol\u00edcia Militar da Para\u00edba\",\"description\":\"\",\"publisher\":{\"@id\":\"https:\/\/www.pm.pb.gov.br\/portal\/#organization\"},\"potentialAction\":[{\"@type\":\"SearchAction\",\"target\":{\"@type\":\"EntryPoint\",\"urlTemplate\":\"https:\/\/www.pm.pb.gov.br\/portal\/?s={search_term_string}\"},\"query-input\":\"required name=search_term_string\"}],\"inLanguage\":\"pt-BR\"},{\"@type\":\"Organization\",\"@id\":\"https:\/\/www.pm.pb.gov.br\/portal\/#organization\",\"name\":\"Pol\u00edcia Militar da Para\u00edba\",\"url\":\"https:\/\/www.pm.pb.gov.br\/portal\/\",\"logo\":{\"@type\":\"ImageObject\",\"inLanguage\":\"pt-BR\",\"@id\":\"https:\/\/www.pm.pb.gov.br\/portal\/#\/schema\/logo\/image\/\",\"url\":\"https:\/\/www.pm.pb.gov.br\/portal\/wp-content\/uploads\/2025\/03\/cropped-logo-site-mag2-1.png\",\"contentUrl\":\"https:\/\/www.pm.pb.gov.br\/portal\/wp-content\/uploads\/2025\/03\/cropped-logo-site-mag2-1.png\",\"width\":320,\"height\":90,\"caption\":\"Pol\u00edcia Militar da Para\u00edba\"},\"image\":{\"@id\":\"https:\/\/www.pm.pb.gov.br\/portal\/#\/schema\/logo\/image\/\"}},{\"@type\":\"Person\",\"@id\":\"https:\/\/www.pm.pb.gov.br\/portal\/#\/schema\/person\/f84f56dcc78ce4357054da888b8247fd\",\"name\":\"Tarcisio Oliveira\",\"image\":{\"@type\":\"ImageObject\",\"inLanguage\":\"pt-BR\",\"@id\":\"https:\/\/www.pm.pb.gov.br\/portal\/#\/schema\/person\/image\/\",\"url\":\"https:\/\/secure.gravatar.com\/avatar\/72917b630b69d31cd0297507f34bac97?s=96&d=mm&r=g\",\"contentUrl\":\"https:\/\/secure.gravatar.com\/avatar\/72917b630b69d31cd0297507f34bac97?s=96&d=mm&r=g\",\"caption\":\"Tarcisio Oliveira\"},\"url\":\"https:\/\/www.pm.pb.gov.br\/portal\/author\/tarcisio\/\"}]}<\/script>\n<!-- \/ Yoast SEO plugin. -->","yoast_head_json":{"title":"Governo anuncia a\u00e7\u00f5es para refor\u00e7ar seguran\u00e7a p\u00fablica na \u00e1rea de Campina Grande - Pol\u00edcia Militar da Para\u00edba","robots":{"index":"index","follow":"follow","max-snippet":"max-snippet:-1","max-image-preview":"max-image-preview:large","max-video-preview":"max-video-preview:-1"},"canonical":"https:\/\/www.pm.pb.gov.br\/portal\/2017\/09\/20\/governo-anuncia-acoes-para-reforcar-seguranca-publica-na-area-de-campina-grande\/","og_locale":"pt_BR","og_type":"article","og_title":"Governo anuncia a\u00e7\u00f5es para refor\u00e7ar seguran\u00e7a p\u00fablica na \u00e1rea de Campina Grande - Pol\u00edcia Militar da Para\u00edba","og_description":"O governador Ricardo Coutinho esteve, nesta ter\u00e7a-feira (19), em Campina Grande, onde participou da reuni\u00e3o de monitoramento das for\u00e7as de","og_url":"https:\/\/www.pm.pb.gov.br\/portal\/2017\/09\/20\/governo-anuncia-acoes-para-reforcar-seguranca-publica-na-area-de-campina-grande\/","og_site_name":"Pol\u00edcia Militar da Para\u00edba","article_published_time":"2017-09-20T18:45:29+00:00","article_modified_time":"2017-09-25T22:36:20+00:00","og_image":[{"width":800,"height":445,"url":"https:\/\/www.pm.pb.gov.br\/portal\/wp-content\/uploads\/2017\/09\/pbgov.jpg","type":"image\/jpeg"}],"author":"Tarcisio Oliveira","twitter_card":"summary_large_image","twitter_misc":{"Escrito por":"Tarcisio Oliveira","Est. tempo de leitura":"5 minutos"},"schema":{"@context":"https:\/\/schema.org","@graph":[{"@type":"Article","@id":"https:\/\/www.pm.pb.gov.br\/portal\/2017\/09\/20\/governo-anuncia-acoes-para-reforcar-seguranca-publica-na-area-de-campina-grande\/#article","isPartOf":{"@id":"https:\/\/www.pm.pb.gov.br\/portal\/2017\/09\/20\/governo-anuncia-acoes-para-reforcar-seguranca-publica-na-area-de-campina-grande\/"},"author":{"name":"Tarcisio Oliveira","@id":"https:\/\/www.pm.pb.gov.br\/portal\/#\/schema\/person\/f84f56dcc78ce4357054da888b8247fd"},"headline":"Governo anuncia a\u00e7\u00f5es para refor\u00e7ar seguran\u00e7a p\u00fablica na \u00e1rea de Campina Grande","datePublished":"2017-09-20T18:45:29+00:00","dateModified":"2017-09-25T22:36:20+00:00","mainEntityOfPage":{"@id":"https:\/\/www.pm.pb.gov.br\/portal\/2017\/09\/20\/governo-anuncia-acoes-para-reforcar-seguranca-publica-na-area-de-campina-grande\/"},"wordCount":1073,"publisher":{"@id":"https:\/\/www.pm.pb.gov.br\/portal\/#organization"},"articleSection":["Eventos"],"inLanguage":"pt-BR"},{"@type":"WebPage","@id":"https:\/\/www.pm.pb.gov.br\/portal\/2017\/09\/20\/governo-anuncia-acoes-para-reforcar-seguranca-publica-na-area-de-campina-grande\/","url":"https:\/\/www.pm.pb.gov.br\/portal\/2017\/09\/20\/governo-anuncia-acoes-para-reforcar-seguranca-publica-na-area-de-campina-grande\/","name":"Governo anuncia a\u00e7\u00f5es para refor\u00e7ar seguran\u00e7a p\u00fablica na \u00e1rea de Campina Grande - Pol\u00edcia Militar da Para\u00edba","isPartOf":{"@id":"https:\/\/www.pm.pb.gov.br\/portal\/#website"},"datePublished":"2017-09-20T18:45:29+00:00","dateModified":"2017-09-25T22:36:20+00:00","breadcrumb":{"@id":"https:\/\/www.pm.pb.gov.br\/portal\/2017\/09\/20\/governo-anuncia-acoes-para-reforcar-seguranca-publica-na-area-de-campina-grande\/#breadcrumb"},"inLanguage":"pt-BR","potentialAction":[{"@type":"ReadAction","target":["https:\/\/www.pm.pb.gov.br\/portal\/2017\/09\/20\/governo-anuncia-acoes-para-reforcar-seguranca-publica-na-area-de-campina-grande\/"]}]},{"@type":"BreadcrumbList","@id":"https:\/\/www.pm.pb.gov.br\/portal\/2017\/09\/20\/governo-anuncia-acoes-para-reforcar-seguranca-publica-na-area-de-campina-grande\/#breadcrumb","itemListElement":[{"@type":"ListItem","position":1,"name":"In\u00edcio","item":"https:\/\/www.pm.pb.gov.br\/portal\/"},{"@type":"ListItem","position":2,"name":"Governo anuncia a\u00e7\u00f5es para refor\u00e7ar seguran\u00e7a p\u00fablica na \u00e1rea de Campina Grande"}]},{"@type":"WebSite","@id":"https:\/\/www.pm.pb.gov.br\/portal\/#website","url":"https:\/\/www.pm.pb.gov.br\/portal\/","name":"Pol\u00edcia Militar da Para\u00edba","description":"","publisher":{"@id":"https:\/\/www.pm.pb.gov.br\/portal\/#organization"},"potentialAction":[{"@type":"SearchAction","target":{"@type":"EntryPoint","urlTemplate":"https:\/\/www.pm.pb.gov.br\/portal\/?s={search_term_string}"},"query-input":"required name=search_term_string"}],"inLanguage":"pt-BR"},{"@type":"Organization","@id":"https:\/\/www.pm.pb.gov.br\/portal\/#organization","name":"Pol\u00edcia Militar da Para\u00edba","url":"https:\/\/www.pm.pb.gov.br\/portal\/","logo":{"@type":"ImageObject","inLanguage":"pt-BR","@id":"https:\/\/www.pm.pb.gov.br\/portal\/#\/schema\/logo\/image\/","url":"https:\/\/www.pm.pb.gov.br\/portal\/wp-content\/uploads\/2025\/03\/cropped-logo-site-mag2-1.png","contentUrl":"https:\/\/www.pm.pb.gov.br\/portal\/wp-content\/uploads\/2025\/03\/cropped-logo-site-mag2-1.png","width":320,"height":90,"caption":"Pol\u00edcia Militar da Para\u00edba"},"image":{"@id":"https:\/\/www.pm.pb.gov.br\/portal\/#\/schema\/logo\/image\/"}},{"@type":"Person","@id":"https:\/\/www.pm.pb.gov.br\/portal\/#\/schema\/person\/f84f56dcc78ce4357054da888b8247fd","name":"Tarcisio Oliveira","image":{"@type":"ImageObject","inLanguage":"pt-BR","@id":"https:\/\/www.pm.pb.gov.br\/portal\/#\/schema\/person\/image\/","url":"https:\/\/secure.gravatar.com\/avatar\/72917b630b69d31cd0297507f34bac97?s=96&d=mm&r=g","contentUrl":"https:\/\/secure.gravatar.com\/avatar\/72917b630b69d31cd0297507f34bac97?s=96&d=mm&r=g","caption":"Tarcisio Oliveira"},"url":"https:\/\/www.pm.pb.gov.br\/portal\/author\/tarcisio\/"}]}},"_links":{"self":[{"href":"https:\/\/www.pm.pb.gov.br\/portal\/wp-json\/wp\/v2\/posts\/895271"}],"collection":[{"href":"https:\/\/www.pm.pb.gov.br\/portal\/wp-json\/wp\/v2\/posts"}],"about":[{"href":"https:\/\/www.pm.pb.gov.br\/portal\/wp-json\/wp\/v2\/types\/post"}],"author":[{"embeddable":true,"href":"https:\/\/www.pm.pb.gov.br\/portal\/wp-json\/wp\/v2\/users\/12"}],"replies":[{"embeddable":true,"href":"https:\/\/www.pm.pb.gov.br\/portal\/wp-json\/wp\/v2\/comments?post=895271"}],"version-history":[{"count":3,"href":"https:\/\/www.pm.pb.gov.br\/portal\/wp-json\/wp\/v2\/posts\/895271\/revisions"}],"predecessor-version":[{"id":895482,"href":"https:\/\/www.pm.pb.gov.br\/portal\/wp-json\/wp\/v2\/posts\/895271\/revisions\/895482"}],"wp:featuredmedia":[{"embeddable":true,"href":"https:\/\/www.pm.pb.gov.br\/portal\/wp-json\/wp\/v2\/media\/895269"}],"wp:attachment":[{"href":"https:\/\/www.pm.pb.gov.br\/portal\/wp-json\/wp\/v2\/media?parent=895271"}],"wp:term":[{"taxonomy":"category","embeddable":true,"href":"https:\/\/www.pm.pb.gov.br\/portal\/wp-json\/wp\/v2\/categories?post=895271"},{"taxonomy":"post_tag","embeddable":true,"href":"https:\/\/www.pm.pb.gov.br\/portal\/wp-json\/wp\/v2\/tags?post=895271"}],"curies":[{"name":"wp","href":"https:\/\/api.w.org\/{rel}","templated":true}]}}