{"id":895253,"date":"2017-09-20T14:35:21","date_gmt":"2017-09-20T17:35:21","guid":{"rendered":"http:\/\/www.pm.pb.gov.br\/portal\/?p=895253"},"modified":"2017-09-20T16:05:42","modified_gmt":"2017-09-20T19:05:42","slug":"comandante-do-ciop-de-joao-pessoa-recebe-premio-em-seul","status":"publish","type":"post","link":"https:\/\/www.pm.pb.gov.br\/portal\/2017\/09\/20\/comandante-do-ciop-de-joao-pessoa-recebe-premio-em-seul\/","title":{"rendered":"Comandante do Ciop de Jo\u00e3o Pessoa recebe pr\u00eamio em Seul"},"content":{"rendered":"<p style=\"text-align: justify;\">O tenente-coronel Arnaldo Sobrinho, da Pol\u00edcia Militar da Para\u00edba e coordenador do Centro Integrado de opera\u00e7\u00f5es Policiais \u2013 CIOP foi agraciado com um pr\u00eamio durante a 3\u00aa Comemora\u00e7\u00e3o Anual da C\u00fapula da Paz Mundial (3rd WARP Summit), em Seul, Cor\u00e9ia do Sul, onde tamb\u00e9m ocorreu, no per\u00edodo de 17 a 19 deste m\u00eas, a 5\u00aa Reuni\u00e3o do Comit\u00ea de Direito Internacional da HWPL. A homenagem ao militar paraibano fez parte da cerim\u00f4nia de premia\u00e7\u00e3o pela paz mundial para aqueles que trabalharam em seus respectivos campos com esse objetivo.<\/p>\n<figure id=\"attachment_895256\" aria-describedby=\"caption-attachment-895256\" style=\"width: 363px\" class=\"wp-caption alignright\"><img loading=\"lazy\" decoding=\"async\" class=\"wp-image-895256 \" src=\"http:\/\/www.pm.pb.gov.br\/portal\/wp-content\/uploads\/2017\/09\/Arnaldo-Sobrinho-red-593x445.jpg\" alt=\"\" width=\"363\" height=\"272\" \/><figcaption id=\"caption-attachment-895256\" class=\"wp-caption-text\"><span style=\"font-size: 8pt;\">Tenente-coronel Arnaldo Sobrinho durante premia\u00e7\u00e3o em solenidade na Cor\u00e9ia do Sul<\/span><\/figcaption><\/figure>\n<p style=\"text-align: justify;\">O oficial da PMPB foi uma das personalidades que receberam a premia\u00e7\u00e3o numa solenidade para mais de 20 mil pessoas,\u00a0 em Seul. Como forma de reconhecer o esfor\u00e7o daqueles que trabalharam no sentido de construir a Declara\u00e7\u00e3o, v\u00e1rias personalidades mundiais e juristas foram agraciados com o &#8220;Pr\u00eamio de reconhecimento pelo trabalho em prol da Declara\u00e7\u00e3o de Cessa\u00e7\u00e3o da Guerra e da Paz Mundial&#8221;.<\/p>\n<p style=\"text-align: justify;\">A C\u00fapula, realizada anualmente desde 2014, re\u00fane l\u00edderes pol\u00edticos e religiosos, chefes de grupos de mulheres e jovens, sociedade civil e imprensa de todo o mundo, e especialistas de Direito Internacional, fornecendo uma plataforma de discuss\u00e3o e coopera\u00e7\u00e3o para a paz. A C\u00fapula deste ano discutiu o estabelecimento de uma governan\u00e7a colaborativa entre governos e sociedades civis para os seguintes objetivos: transformar a Declara\u00e7\u00e3o de Paz e Cessa\u00e7\u00e3o da Guerra (DPCW) em forma juridicamente vinculativa; desenvolver educa\u00e7\u00e3o e cultura de paz; e promover a harmonia entre as religi\u00f5es.<\/p>\n<p style=\"text-align: justify;\">Na reuni\u00e3o realizada em Seul, o tenente-coronel Arnaldo Sobrinho e o procurador do Tribunal de Contas da Para\u00edba, Maur\u00edcio Franca, representaram o Brasil no encontro na Coreia do Sul quando foi discutido o tema \u201cDeclara\u00e7\u00e3o de Conflitos armados no mundo\u201d. Tamb\u00e9m foram tratadas quest\u00f5es para poder engajar outros pa\u00edses na tem\u00e1tica sobre conflitos armados no mundo.<\/p>\n<p style=\"text-align: justify;\">Al\u00e9m do Brasil, representado pelos dois paraibanos, o encontro contou com a participa\u00e7\u00e3o de mais 19 pa\u00edses, entre eles Estados Unidos, R\u00fassia, Portugal, Inglaterra, Egito, Tun\u00edsia e Colombia.<\/p>\n","protected":false},"excerpt":{"rendered":"<p>O tenente-coronel Arnaldo Sobrinho, da Pol\u00edcia Militar da Para\u00edba e coordenador do Centro Integrado de opera\u00e7\u00f5es Policiais \u2013 CIOP foi<\/p>\n","protected":false},"author":12,"featured_media":895274,"comment_status":"closed","ping_status":"closed","sticky":false,"template":"","format":"standard","meta":{"_exactmetrics_skip_tracking":false,"_exactmetrics_sitenote_active":false,"_exactmetrics_sitenote_note":"","_exactmetrics_sitenote_category":0,"footnotes":""},"categories":[5],"tags":[],"yoast_head":"<!-- This site is optimized with the Yoast SEO plugin v22.0 - https:\/\/yoast.com\/wordpress\/plugins\/seo\/ -->\n<title>Comandante do Ciop de Jo\u00e3o Pessoa recebe pr\u00eamio em Seul - Pol\u00edcia Militar da Para\u00edba<\/title>\n<meta name=\"robots\" content=\"index, follow, max-snippet:-1, max-image-preview:large, max-video-preview:-1\" \/>\n<link rel=\"canonical\" href=\"https:\/\/www.pm.pb.gov.br\/portal\/2017\/09\/20\/comandante-do-ciop-de-joao-pessoa-recebe-premio-em-seul\/\" \/>\n<meta property=\"og:locale\" content=\"pt_BR\" \/>\n<meta property=\"og:type\" content=\"article\" \/>\n<meta property=\"og:title\" content=\"Comandante do Ciop de Jo\u00e3o Pessoa recebe pr\u00eamio em Seul - Pol\u00edcia Militar da Para\u00edba\" \/>\n<meta property=\"og:description\" content=\"O tenente-coronel Arnaldo Sobrinho, da Pol\u00edcia Militar da Para\u00edba e coordenador do Centro Integrado de opera\u00e7\u00f5es Policiais \u2013 CIOP foi\" \/>\n<meta property=\"og:url\" content=\"https:\/\/www.pm.pb.gov.br\/portal\/2017\/09\/20\/comandante-do-ciop-de-joao-pessoa-recebe-premio-em-seul\/\" \/>\n<meta property=\"og:site_name\" content=\"Pol\u00edcia Militar da Para\u00edba\" \/>\n<meta property=\"article:published_time\" content=\"2017-09-20T17:35:21+00:00\" \/>\n<meta property=\"article:modified_time\" content=\"2017-09-20T19:05:42+00:00\" \/>\n<meta property=\"og:image\" content=\"https:\/\/www.pm.pb.gov.br\/portal\/wp-content\/uploads\/2017\/09\/conferencia.jpg\" \/>\n\t<meta property=\"og:image:width\" content=\"800\" \/>\n\t<meta property=\"og:image:height\" content=\"445\" \/>\n\t<meta property=\"og:image:type\" content=\"image\/jpeg\" \/>\n<meta name=\"author\" content=\"Tarcisio Oliveira\" \/>\n<meta name=\"twitter:card\" content=\"summary_large_image\" \/>\n<meta name=\"twitter:label1\" content=\"Escrito por\" \/>\n\t<meta name=\"twitter:data1\" content=\"Tarcisio Oliveira\" \/>\n\t<meta name=\"twitter:label2\" content=\"Est. tempo de leitura\" \/>\n\t<meta name=\"twitter:data2\" content=\"2 minutos\" \/>\n<script type=\"application\/ld+json\" class=\"yoast-schema-graph\">{\"@context\":\"https:\/\/schema.org\",\"@graph\":[{\"@type\":\"Article\",\"@id\":\"https:\/\/www.pm.pb.gov.br\/portal\/2017\/09\/20\/comandante-do-ciop-de-joao-pessoa-recebe-premio-em-seul\/#article\",\"isPartOf\":{\"@id\":\"https:\/\/www.pm.pb.gov.br\/portal\/2017\/09\/20\/comandante-do-ciop-de-joao-pessoa-recebe-premio-em-seul\/\"},\"author\":{\"name\":\"Tarcisio Oliveira\",\"@id\":\"https:\/\/www.pm.pb.gov.br\/portal\/#\/schema\/person\/f84f56dcc78ce4357054da888b8247fd\"},\"headline\":\"Comandante do Ciop de Jo\u00e3o Pessoa recebe pr\u00eamio em Seul\",\"datePublished\":\"2017-09-20T17:35:21+00:00\",\"dateModified\":\"2017-09-20T19:05:42+00:00\",\"mainEntityOfPage\":{\"@id\":\"https:\/\/www.pm.pb.gov.br\/portal\/2017\/09\/20\/comandante-do-ciop-de-joao-pessoa-recebe-premio-em-seul\/\"},\"wordCount\":392,\"publisher\":{\"@id\":\"https:\/\/www.pm.pb.gov.br\/portal\/#organization\"},\"articleSection\":[\"Homenagens\"],\"inLanguage\":\"pt-BR\"},{\"@type\":\"WebPage\",\"@id\":\"https:\/\/www.pm.pb.gov.br\/portal\/2017\/09\/20\/comandante-do-ciop-de-joao-pessoa-recebe-premio-em-seul\/\",\"url\":\"https:\/\/www.pm.pb.gov.br\/portal\/2017\/09\/20\/comandante-do-ciop-de-joao-pessoa-recebe-premio-em-seul\/\",\"name\":\"Comandante do Ciop de Jo\u00e3o Pessoa recebe pr\u00eamio em Seul - Pol\u00edcia Militar da Para\u00edba\",\"isPartOf\":{\"@id\":\"https:\/\/www.pm.pb.gov.br\/portal\/#website\"},\"datePublished\":\"2017-09-20T17:35:21+00:00\",\"dateModified\":\"2017-09-20T19:05:42+00:00\",\"breadcrumb\":{\"@id\":\"https:\/\/www.pm.pb.gov.br\/portal\/2017\/09\/20\/comandante-do-ciop-de-joao-pessoa-recebe-premio-em-seul\/#breadcrumb\"},\"inLanguage\":\"pt-BR\",\"potentialAction\":[{\"@type\":\"ReadAction\",\"target\":[\"https:\/\/www.pm.pb.gov.br\/portal\/2017\/09\/20\/comandante-do-ciop-de-joao-pessoa-recebe-premio-em-seul\/\"]}]},{\"@type\":\"BreadcrumbList\",\"@id\":\"https:\/\/www.pm.pb.gov.br\/portal\/2017\/09\/20\/comandante-do-ciop-de-joao-pessoa-recebe-premio-em-seul\/#breadcrumb\",\"itemListElement\":[{\"@type\":\"ListItem\",\"position\":1,\"name\":\"In\u00edcio\",\"item\":\"https:\/\/www.pm.pb.gov.br\/portal\/\"},{\"@type\":\"ListItem\",\"position\":2,\"name\":\"Comandante do Ciop de Jo\u00e3o Pessoa recebe pr\u00eamio em Seul\"}]},{\"@type\":\"WebSite\",\"@id\":\"https:\/\/www.pm.pb.gov.br\/portal\/#website\",\"url\":\"https:\/\/www.pm.pb.gov.br\/portal\/\",\"name\":\"Pol\u00edcia Militar da Para\u00edba\",\"description\":\"\",\"publisher\":{\"@id\":\"https:\/\/www.pm.pb.gov.br\/portal\/#organization\"},\"potentialAction\":[{\"@type\":\"SearchAction\",\"target\":{\"@type\":\"EntryPoint\",\"urlTemplate\":\"https:\/\/www.pm.pb.gov.br\/portal\/?s={search_term_string}\"},\"query-input\":\"required name=search_term_string\"}],\"inLanguage\":\"pt-BR\"},{\"@type\":\"Organization\",\"@id\":\"https:\/\/www.pm.pb.gov.br\/portal\/#organization\",\"name\":\"Pol\u00edcia Militar da Para\u00edba\",\"url\":\"https:\/\/www.pm.pb.gov.br\/portal\/\",\"logo\":{\"@type\":\"ImageObject\",\"inLanguage\":\"pt-BR\",\"@id\":\"https:\/\/www.pm.pb.gov.br\/portal\/#\/schema\/logo\/image\/\",\"url\":\"https:\/\/www.pm.pb.gov.br\/portal\/wp-content\/uploads\/2025\/03\/cropped-logo-site-mag2-1.png\",\"contentUrl\":\"https:\/\/www.pm.pb.gov.br\/portal\/wp-content\/uploads\/2025\/03\/cropped-logo-site-mag2-1.png\",\"width\":320,\"height\":90,\"caption\":\"Pol\u00edcia Militar da Para\u00edba\"},\"image\":{\"@id\":\"https:\/\/www.pm.pb.gov.br\/portal\/#\/schema\/logo\/image\/\"}},{\"@type\":\"Person\",\"@id\":\"https:\/\/www.pm.pb.gov.br\/portal\/#\/schema\/person\/f84f56dcc78ce4357054da888b8247fd\",\"name\":\"Tarcisio Oliveira\",\"image\":{\"@type\":\"ImageObject\",\"inLanguage\":\"pt-BR\",\"@id\":\"https:\/\/www.pm.pb.gov.br\/portal\/#\/schema\/person\/image\/\",\"url\":\"https:\/\/secure.gravatar.com\/avatar\/72917b630b69d31cd0297507f34bac97?s=96&d=mm&r=g\",\"contentUrl\":\"https:\/\/secure.gravatar.com\/avatar\/72917b630b69d31cd0297507f34bac97?s=96&d=mm&r=g\",\"caption\":\"Tarcisio Oliveira\"},\"url\":\"https:\/\/www.pm.pb.gov.br\/portal\/author\/tarcisio\/\"}]}<\/script>\n<!-- \/ Yoast SEO plugin. -->","yoast_head_json":{"title":"Comandante do Ciop de Jo\u00e3o Pessoa recebe pr\u00eamio em Seul - Pol\u00edcia Militar da Para\u00edba","robots":{"index":"index","follow":"follow","max-snippet":"max-snippet:-1","max-image-preview":"max-image-preview:large","max-video-preview":"max-video-preview:-1"},"canonical":"https:\/\/www.pm.pb.gov.br\/portal\/2017\/09\/20\/comandante-do-ciop-de-joao-pessoa-recebe-premio-em-seul\/","og_locale":"pt_BR","og_type":"article","og_title":"Comandante do Ciop de Jo\u00e3o Pessoa recebe pr\u00eamio em Seul - Pol\u00edcia Militar da Para\u00edba","og_description":"O tenente-coronel Arnaldo Sobrinho, da Pol\u00edcia Militar da Para\u00edba e coordenador do Centro Integrado de opera\u00e7\u00f5es Policiais \u2013 CIOP foi","og_url":"https:\/\/www.pm.pb.gov.br\/portal\/2017\/09\/20\/comandante-do-ciop-de-joao-pessoa-recebe-premio-em-seul\/","og_site_name":"Pol\u00edcia Militar da Para\u00edba","article_published_time":"2017-09-20T17:35:21+00:00","article_modified_time":"2017-09-20T19:05:42+00:00","og_image":[{"width":800,"height":445,"url":"https:\/\/www.pm.pb.gov.br\/portal\/wp-content\/uploads\/2017\/09\/conferencia.jpg","type":"image\/jpeg"}],"author":"Tarcisio Oliveira","twitter_card":"summary_large_image","twitter_misc":{"Escrito por":"Tarcisio Oliveira","Est. tempo de leitura":"2 minutos"},"schema":{"@context":"https:\/\/schema.org","@graph":[{"@type":"Article","@id":"https:\/\/www.pm.pb.gov.br\/portal\/2017\/09\/20\/comandante-do-ciop-de-joao-pessoa-recebe-premio-em-seul\/#article","isPartOf":{"@id":"https:\/\/www.pm.pb.gov.br\/portal\/2017\/09\/20\/comandante-do-ciop-de-joao-pessoa-recebe-premio-em-seul\/"},"author":{"name":"Tarcisio Oliveira","@id":"https:\/\/www.pm.pb.gov.br\/portal\/#\/schema\/person\/f84f56dcc78ce4357054da888b8247fd"},"headline":"Comandante do Ciop de Jo\u00e3o Pessoa recebe pr\u00eamio em Seul","datePublished":"2017-09-20T17:35:21+00:00","dateModified":"2017-09-20T19:05:42+00:00","mainEntityOfPage":{"@id":"https:\/\/www.pm.pb.gov.br\/portal\/2017\/09\/20\/comandante-do-ciop-de-joao-pessoa-recebe-premio-em-seul\/"},"wordCount":392,"publisher":{"@id":"https:\/\/www.pm.pb.gov.br\/portal\/#organization"},"articleSection":["Homenagens"],"inLanguage":"pt-BR"},{"@type":"WebPage","@id":"https:\/\/www.pm.pb.gov.br\/portal\/2017\/09\/20\/comandante-do-ciop-de-joao-pessoa-recebe-premio-em-seul\/","url":"https:\/\/www.pm.pb.gov.br\/portal\/2017\/09\/20\/comandante-do-ciop-de-joao-pessoa-recebe-premio-em-seul\/","name":"Comandante do Ciop de Jo\u00e3o Pessoa recebe pr\u00eamio em Seul - Pol\u00edcia Militar da Para\u00edba","isPartOf":{"@id":"https:\/\/www.pm.pb.gov.br\/portal\/#website"},"datePublished":"2017-09-20T17:35:21+00:00","dateModified":"2017-09-20T19:05:42+00:00","breadcrumb":{"@id":"https:\/\/www.pm.pb.gov.br\/portal\/2017\/09\/20\/comandante-do-ciop-de-joao-pessoa-recebe-premio-em-seul\/#breadcrumb"},"inLanguage":"pt-BR","potentialAction":[{"@type":"ReadAction","target":["https:\/\/www.pm.pb.gov.br\/portal\/2017\/09\/20\/comandante-do-ciop-de-joao-pessoa-recebe-premio-em-seul\/"]}]},{"@type":"BreadcrumbList","@id":"https:\/\/www.pm.pb.gov.br\/portal\/2017\/09\/20\/comandante-do-ciop-de-joao-pessoa-recebe-premio-em-seul\/#breadcrumb","itemListElement":[{"@type":"ListItem","position":1,"name":"In\u00edcio","item":"https:\/\/www.pm.pb.gov.br\/portal\/"},{"@type":"ListItem","position":2,"name":"Comandante do Ciop de Jo\u00e3o Pessoa recebe pr\u00eamio em Seul"}]},{"@type":"WebSite","@id":"https:\/\/www.pm.pb.gov.br\/portal\/#website","url":"https:\/\/www.pm.pb.gov.br\/portal\/","name":"Pol\u00edcia Militar da Para\u00edba","description":"","publisher":{"@id":"https:\/\/www.pm.pb.gov.br\/portal\/#organization"},"potentialAction":[{"@type":"SearchAction","target":{"@type":"EntryPoint","urlTemplate":"https:\/\/www.pm.pb.gov.br\/portal\/?s={search_term_string}"},"query-input":"required name=search_term_string"}],"inLanguage":"pt-BR"},{"@type":"Organization","@id":"https:\/\/www.pm.pb.gov.br\/portal\/#organization","name":"Pol\u00edcia Militar da Para\u00edba","url":"https:\/\/www.pm.pb.gov.br\/portal\/","logo":{"@type":"ImageObject","inLanguage":"pt-BR","@id":"https:\/\/www.pm.pb.gov.br\/portal\/#\/schema\/logo\/image\/","url":"https:\/\/www.pm.pb.gov.br\/portal\/wp-content\/uploads\/2025\/03\/cropped-logo-site-mag2-1.png","contentUrl":"https:\/\/www.pm.pb.gov.br\/portal\/wp-content\/uploads\/2025\/03\/cropped-logo-site-mag2-1.png","width":320,"height":90,"caption":"Pol\u00edcia Militar da Para\u00edba"},"image":{"@id":"https:\/\/www.pm.pb.gov.br\/portal\/#\/schema\/logo\/image\/"}},{"@type":"Person","@id":"https:\/\/www.pm.pb.gov.br\/portal\/#\/schema\/person\/f84f56dcc78ce4357054da888b8247fd","name":"Tarcisio Oliveira","image":{"@type":"ImageObject","inLanguage":"pt-BR","@id":"https:\/\/www.pm.pb.gov.br\/portal\/#\/schema\/person\/image\/","url":"https:\/\/secure.gravatar.com\/avatar\/72917b630b69d31cd0297507f34bac97?s=96&d=mm&r=g","contentUrl":"https:\/\/secure.gravatar.com\/avatar\/72917b630b69d31cd0297507f34bac97?s=96&d=mm&r=g","caption":"Tarcisio Oliveira"},"url":"https:\/\/www.pm.pb.gov.br\/portal\/author\/tarcisio\/"}]}},"_links":{"self":[{"href":"https:\/\/www.pm.pb.gov.br\/portal\/wp-json\/wp\/v2\/posts\/895253"}],"collection":[{"href":"https:\/\/www.pm.pb.gov.br\/portal\/wp-json\/wp\/v2\/posts"}],"about":[{"href":"https:\/\/www.pm.pb.gov.br\/portal\/wp-json\/wp\/v2\/types\/post"}],"author":[{"embeddable":true,"href":"https:\/\/www.pm.pb.gov.br\/portal\/wp-json\/wp\/v2\/users\/12"}],"replies":[{"embeddable":true,"href":"https:\/\/www.pm.pb.gov.br\/portal\/wp-json\/wp\/v2\/comments?post=895253"}],"version-history":[{"count":7,"href":"https:\/\/www.pm.pb.gov.br\/portal\/wp-json\/wp\/v2\/posts\/895253\/revisions"}],"predecessor-version":[{"id":895275,"href":"https:\/\/www.pm.pb.gov.br\/portal\/wp-json\/wp\/v2\/posts\/895253\/revisions\/895275"}],"wp:featuredmedia":[{"embeddable":true,"href":"https:\/\/www.pm.pb.gov.br\/portal\/wp-json\/wp\/v2\/media\/895274"}],"wp:attachment":[{"href":"https:\/\/www.pm.pb.gov.br\/portal\/wp-json\/wp\/v2\/media?parent=895253"}],"wp:term":[{"taxonomy":"category","embeddable":true,"href":"https:\/\/www.pm.pb.gov.br\/portal\/wp-json\/wp\/v2\/categories?post=895253"},{"taxonomy":"post_tag","embeddable":true,"href":"https:\/\/www.pm.pb.gov.br\/portal\/wp-json\/wp\/v2\/tags?post=895253"}],"curies":[{"name":"wp","href":"https:\/\/api.w.org\/{rel}","templated":true}]}}