{"id":895055,"date":"2017-09-17T09:09:59","date_gmt":"2017-09-17T12:09:59","guid":{"rendered":"http:\/\/www.pm.pb.gov.br\/portal\/2017\/09\/policia_militar_prende_fugitivos_da_cadeia_publica_de_itabaiana\/"},"modified":"2017-09-18T12:50:27","modified_gmt":"2017-09-18T15:50:27","slug":"policia_militar_prende_fugitivos_da_cadeia_publica_de_itabaiana","status":"publish","type":"post","link":"https:\/\/www.pm.pb.gov.br\/portal\/2017\/09\/17\/policia_militar_prende_fugitivos_da_cadeia_publica_de_itabaiana\/","title":{"rendered":"Pol\u00edcia Militar prende fugitivos da Cadeia P\u00fablica de Itabaiana"},"content":{"rendered":"<div style=\"text-align: justify;\">\n<p>A pol\u00edcia militar recapturou, na noite desse s\u00e1bado (16), quatro homens que haviam escapado da Cadeia P\u00fablica da cidade de Itabaiana, cerca de tr\u00eas horas ap\u00f3s os presos terem fugido.<\/p>\n<p>Segundo o major Oscar Beuttenmuller, comandante do 8\u00ba Batalh\u00e3o, que coordenou as a\u00e7\u00f5es, desde que a PM teve not\u00edcia da fuga dos presos, por volta das 19h30 desse s\u00e1bado, v\u00e1rias equipes policiais iniciaram uma s\u00e9rie de pontos de bloqueios e dilig\u00eancias para conter as poss\u00edveis rotas de fuga na cidade e regi\u00e3o, com o intuito de recapturar os fugitivos.<\/p>\n<p>\u0093Desde o momento da fuga, montamos um cerco na regi\u00e3o para tentar reduzir as possibilidades dos presos conseguirem escapar, e conseguimos captur\u00e1-los, por volta das 22h, dentro de um ve\u00edculo, durante abordagem feita em um dos pontos de bloqueios montado com o apoio da PRF, na sa\u00edda da localidade conhecida por Caf\u00e9 do Vento, ap\u00f3s um policial militar ter suspeitado do ve\u00edculo\u0094, relatou o comandante.<\/p>\n<p>Durante abordagem, foram encontrados dentro de um t\u00e1xi, juntamente com um casal suspeito de estar auxiliando na fuga, os quatro fugitivos, sendo dois de 21 e 20 anos que respondem por crime de roubo e dois de 21 e 32 anos que respondem por homic\u00eddio.<\/p>\n<p>Os seis detidos foram conduzidos para a delegacia de Itabaiana.<\/p>\n<div class=\"row\" align=\"center\"><\/div>\n<\/div>\n","protected":false},"excerpt":{"rendered":"<p>A pol\u00edcia militar recapturou, na noite desse s\u00e1bado (16), quatro homens que haviam escapado da Cadeia P\u00fablica da cidade de<\/p>\n","protected":false},"author":1,"featured_media":895063,"comment_status":"closed","ping_status":"closed","sticky":false,"template":"","format":"standard","meta":{"_exactmetrics_skip_tracking":false,"_exactmetrics_sitenote_active":false,"_exactmetrics_sitenote_note":"","_exactmetrics_sitenote_category":0,"footnotes":""},"categories":[4],"tags":[],"yoast_head":"<!-- This site is optimized with the Yoast SEO plugin v22.0 - https:\/\/yoast.com\/wordpress\/plugins\/seo\/ -->\n<title>Pol\u00edcia Militar prende fugitivos da Cadeia P\u00fablica de Itabaiana - Pol\u00edcia Militar da Para\u00edba<\/title>\n<meta name=\"robots\" content=\"index, follow, max-snippet:-1, max-image-preview:large, max-video-preview:-1\" \/>\n<link rel=\"canonical\" href=\"https:\/\/www.pm.pb.gov.br\/portal\/2017\/09\/17\/policia_militar_prende_fugitivos_da_cadeia_publica_de_itabaiana\/\" \/>\n<meta property=\"og:locale\" content=\"pt_BR\" \/>\n<meta property=\"og:type\" content=\"article\" \/>\n<meta property=\"og:title\" content=\"Pol\u00edcia Militar prende fugitivos da Cadeia P\u00fablica de Itabaiana - Pol\u00edcia Militar da Para\u00edba\" \/>\n<meta property=\"og:description\" content=\"A pol\u00edcia militar recapturou, na noite desse s\u00e1bado (16), quatro homens que haviam escapado da Cadeia P\u00fablica da cidade de\" \/>\n<meta property=\"og:url\" content=\"https:\/\/www.pm.pb.gov.br\/portal\/2017\/09\/17\/policia_militar_prende_fugitivos_da_cadeia_publica_de_itabaiana\/\" \/>\n<meta property=\"og:site_name\" content=\"Pol\u00edcia Militar da Para\u00edba\" \/>\n<meta property=\"article:published_time\" content=\"2017-09-17T12:09:59+00:00\" \/>\n<meta property=\"article:modified_time\" content=\"2017-09-18T15:50:27+00:00\" \/>\n<meta property=\"og:image\" content=\"https:\/\/www.pm.pb.gov.br\/portal\/wp-content\/uploads\/2017\/09\/pmpb_logo_materia.jpg\" \/>\n\t<meta property=\"og:image:width\" content=\"800\" \/>\n\t<meta property=\"og:image:height\" content=\"445\" \/>\n\t<meta property=\"og:image:type\" content=\"image\/jpeg\" \/>\n<meta name=\"author\" content=\"EM\/8\" \/>\n<meta name=\"twitter:card\" content=\"summary_large_image\" \/>\n<meta name=\"twitter:label1\" content=\"Escrito por\" \/>\n\t<meta name=\"twitter:data1\" content=\"EM\/8\" \/>\n\t<meta name=\"twitter:label2\" content=\"Est. tempo de leitura\" \/>\n\t<meta name=\"twitter:data2\" content=\"1 minuto\" \/>\n<script type=\"application\/ld+json\" class=\"yoast-schema-graph\">{\"@context\":\"https:\/\/schema.org\",\"@graph\":[{\"@type\":\"Article\",\"@id\":\"https:\/\/www.pm.pb.gov.br\/portal\/2017\/09\/17\/policia_militar_prende_fugitivos_da_cadeia_publica_de_itabaiana\/#article\",\"isPartOf\":{\"@id\":\"https:\/\/www.pm.pb.gov.br\/portal\/2017\/09\/17\/policia_militar_prende_fugitivos_da_cadeia_publica_de_itabaiana\/\"},\"author\":{\"name\":\"EM\/8\",\"@id\":\"https:\/\/www.pm.pb.gov.br\/portal\/#\/schema\/person\/ec1d6724f7dbfbd3243ffc265db8cfbb\"},\"headline\":\"Pol\u00edcia Militar prende fugitivos da Cadeia P\u00fablica de Itabaiana\",\"datePublished\":\"2017-09-17T12:09:59+00:00\",\"dateModified\":\"2017-09-18T15:50:27+00:00\",\"mainEntityOfPage\":{\"@id\":\"https:\/\/www.pm.pb.gov.br\/portal\/2017\/09\/17\/policia_militar_prende_fugitivos_da_cadeia_publica_de_itabaiana\/\"},\"wordCount\":236,\"publisher\":{\"@id\":\"https:\/\/www.pm.pb.gov.br\/portal\/#organization\"},\"articleSection\":[\"A\u00e7\u00f5es Policiais\"],\"inLanguage\":\"pt-BR\"},{\"@type\":\"WebPage\",\"@id\":\"https:\/\/www.pm.pb.gov.br\/portal\/2017\/09\/17\/policia_militar_prende_fugitivos_da_cadeia_publica_de_itabaiana\/\",\"url\":\"https:\/\/www.pm.pb.gov.br\/portal\/2017\/09\/17\/policia_militar_prende_fugitivos_da_cadeia_publica_de_itabaiana\/\",\"name\":\"Pol\u00edcia Militar prende fugitivos da Cadeia P\u00fablica de Itabaiana - Pol\u00edcia Militar da Para\u00edba\",\"isPartOf\":{\"@id\":\"https:\/\/www.pm.pb.gov.br\/portal\/#website\"},\"datePublished\":\"2017-09-17T12:09:59+00:00\",\"dateModified\":\"2017-09-18T15:50:27+00:00\",\"breadcrumb\":{\"@id\":\"https:\/\/www.pm.pb.gov.br\/portal\/2017\/09\/17\/policia_militar_prende_fugitivos_da_cadeia_publica_de_itabaiana\/#breadcrumb\"},\"inLanguage\":\"pt-BR\",\"potentialAction\":[{\"@type\":\"ReadAction\",\"target\":[\"https:\/\/www.pm.pb.gov.br\/portal\/2017\/09\/17\/policia_militar_prende_fugitivos_da_cadeia_publica_de_itabaiana\/\"]}]},{\"@type\":\"BreadcrumbList\",\"@id\":\"https:\/\/www.pm.pb.gov.br\/portal\/2017\/09\/17\/policia_militar_prende_fugitivos_da_cadeia_publica_de_itabaiana\/#breadcrumb\",\"itemListElement\":[{\"@type\":\"ListItem\",\"position\":1,\"name\":\"In\u00edcio\",\"item\":\"https:\/\/www.pm.pb.gov.br\/portal\/\"},{\"@type\":\"ListItem\",\"position\":2,\"name\":\"Pol\u00edcia Militar prende fugitivos da Cadeia P\u00fablica de Itabaiana\"}]},{\"@type\":\"WebSite\",\"@id\":\"https:\/\/www.pm.pb.gov.br\/portal\/#website\",\"url\":\"https:\/\/www.pm.pb.gov.br\/portal\/\",\"name\":\"Pol\u00edcia Militar da Para\u00edba\",\"description\":\"\",\"publisher\":{\"@id\":\"https:\/\/www.pm.pb.gov.br\/portal\/#organization\"},\"potentialAction\":[{\"@type\":\"SearchAction\",\"target\":{\"@type\":\"EntryPoint\",\"urlTemplate\":\"https:\/\/www.pm.pb.gov.br\/portal\/?s={search_term_string}\"},\"query-input\":\"required name=search_term_string\"}],\"inLanguage\":\"pt-BR\"},{\"@type\":\"Organization\",\"@id\":\"https:\/\/www.pm.pb.gov.br\/portal\/#organization\",\"name\":\"Pol\u00edcia Militar da Para\u00edba\",\"url\":\"https:\/\/www.pm.pb.gov.br\/portal\/\",\"logo\":{\"@type\":\"ImageObject\",\"inLanguage\":\"pt-BR\",\"@id\":\"https:\/\/www.pm.pb.gov.br\/portal\/#\/schema\/logo\/image\/\",\"url\":\"https:\/\/www.pm.pb.gov.br\/portal\/wp-content\/uploads\/2025\/03\/cropped-logo-site-mag2-1.png\",\"contentUrl\":\"https:\/\/www.pm.pb.gov.br\/portal\/wp-content\/uploads\/2025\/03\/cropped-logo-site-mag2-1.png\",\"width\":320,\"height\":90,\"caption\":\"Pol\u00edcia Militar da Para\u00edba\"},\"image\":{\"@id\":\"https:\/\/www.pm.pb.gov.br\/portal\/#\/schema\/logo\/image\/\"}},{\"@type\":\"Person\",\"@id\":\"https:\/\/www.pm.pb.gov.br\/portal\/#\/schema\/person\/ec1d6724f7dbfbd3243ffc265db8cfbb\",\"name\":\"EM\/8\",\"image\":{\"@type\":\"ImageObject\",\"inLanguage\":\"pt-BR\",\"@id\":\"https:\/\/www.pm.pb.gov.br\/portal\/#\/schema\/person\/image\/\",\"url\":\"https:\/\/secure.gravatar.com\/avatar\/8ab87c0c985ae98cf4b13df0f7e378df?s=96&d=mm&r=g\",\"contentUrl\":\"https:\/\/secure.gravatar.com\/avatar\/8ab87c0c985ae98cf4b13df0f7e378df?s=96&d=mm&r=g\",\"caption\":\"EM\/8\"},\"url\":\"https:\/\/www.pm.pb.gov.br\/portal\/author\/em8admin\/\"}]}<\/script>\n<!-- \/ Yoast SEO plugin. -->","yoast_head_json":{"title":"Pol\u00edcia Militar prende fugitivos da Cadeia P\u00fablica de Itabaiana - Pol\u00edcia Militar da Para\u00edba","robots":{"index":"index","follow":"follow","max-snippet":"max-snippet:-1","max-image-preview":"max-image-preview:large","max-video-preview":"max-video-preview:-1"},"canonical":"https:\/\/www.pm.pb.gov.br\/portal\/2017\/09\/17\/policia_militar_prende_fugitivos_da_cadeia_publica_de_itabaiana\/","og_locale":"pt_BR","og_type":"article","og_title":"Pol\u00edcia Militar prende fugitivos da Cadeia P\u00fablica de Itabaiana - Pol\u00edcia Militar da Para\u00edba","og_description":"A pol\u00edcia militar recapturou, na noite desse s\u00e1bado (16), quatro homens que haviam escapado da Cadeia P\u00fablica da cidade de","og_url":"https:\/\/www.pm.pb.gov.br\/portal\/2017\/09\/17\/policia_militar_prende_fugitivos_da_cadeia_publica_de_itabaiana\/","og_site_name":"Pol\u00edcia Militar da Para\u00edba","article_published_time":"2017-09-17T12:09:59+00:00","article_modified_time":"2017-09-18T15:50:27+00:00","og_image":[{"width":800,"height":445,"url":"https:\/\/www.pm.pb.gov.br\/portal\/wp-content\/uploads\/2017\/09\/pmpb_logo_materia.jpg","type":"image\/jpeg"}],"author":"EM\/8","twitter_card":"summary_large_image","twitter_misc":{"Escrito por":"EM\/8","Est. tempo de leitura":"1 minuto"},"schema":{"@context":"https:\/\/schema.org","@graph":[{"@type":"Article","@id":"https:\/\/www.pm.pb.gov.br\/portal\/2017\/09\/17\/policia_militar_prende_fugitivos_da_cadeia_publica_de_itabaiana\/#article","isPartOf":{"@id":"https:\/\/www.pm.pb.gov.br\/portal\/2017\/09\/17\/policia_militar_prende_fugitivos_da_cadeia_publica_de_itabaiana\/"},"author":{"name":"EM\/8","@id":"https:\/\/www.pm.pb.gov.br\/portal\/#\/schema\/person\/ec1d6724f7dbfbd3243ffc265db8cfbb"},"headline":"Pol\u00edcia Militar prende fugitivos da Cadeia P\u00fablica de Itabaiana","datePublished":"2017-09-17T12:09:59+00:00","dateModified":"2017-09-18T15:50:27+00:00","mainEntityOfPage":{"@id":"https:\/\/www.pm.pb.gov.br\/portal\/2017\/09\/17\/policia_militar_prende_fugitivos_da_cadeia_publica_de_itabaiana\/"},"wordCount":236,"publisher":{"@id":"https:\/\/www.pm.pb.gov.br\/portal\/#organization"},"articleSection":["A\u00e7\u00f5es Policiais"],"inLanguage":"pt-BR"},{"@type":"WebPage","@id":"https:\/\/www.pm.pb.gov.br\/portal\/2017\/09\/17\/policia_militar_prende_fugitivos_da_cadeia_publica_de_itabaiana\/","url":"https:\/\/www.pm.pb.gov.br\/portal\/2017\/09\/17\/policia_militar_prende_fugitivos_da_cadeia_publica_de_itabaiana\/","name":"Pol\u00edcia Militar prende fugitivos da Cadeia P\u00fablica de Itabaiana - Pol\u00edcia Militar da Para\u00edba","isPartOf":{"@id":"https:\/\/www.pm.pb.gov.br\/portal\/#website"},"datePublished":"2017-09-17T12:09:59+00:00","dateModified":"2017-09-18T15:50:27+00:00","breadcrumb":{"@id":"https:\/\/www.pm.pb.gov.br\/portal\/2017\/09\/17\/policia_militar_prende_fugitivos_da_cadeia_publica_de_itabaiana\/#breadcrumb"},"inLanguage":"pt-BR","potentialAction":[{"@type":"ReadAction","target":["https:\/\/www.pm.pb.gov.br\/portal\/2017\/09\/17\/policia_militar_prende_fugitivos_da_cadeia_publica_de_itabaiana\/"]}]},{"@type":"BreadcrumbList","@id":"https:\/\/www.pm.pb.gov.br\/portal\/2017\/09\/17\/policia_militar_prende_fugitivos_da_cadeia_publica_de_itabaiana\/#breadcrumb","itemListElement":[{"@type":"ListItem","position":1,"name":"In\u00edcio","item":"https:\/\/www.pm.pb.gov.br\/portal\/"},{"@type":"ListItem","position":2,"name":"Pol\u00edcia Militar prende fugitivos da Cadeia P\u00fablica de Itabaiana"}]},{"@type":"WebSite","@id":"https:\/\/www.pm.pb.gov.br\/portal\/#website","url":"https:\/\/www.pm.pb.gov.br\/portal\/","name":"Pol\u00edcia Militar da Para\u00edba","description":"","publisher":{"@id":"https:\/\/www.pm.pb.gov.br\/portal\/#organization"},"potentialAction":[{"@type":"SearchAction","target":{"@type":"EntryPoint","urlTemplate":"https:\/\/www.pm.pb.gov.br\/portal\/?s={search_term_string}"},"query-input":"required name=search_term_string"}],"inLanguage":"pt-BR"},{"@type":"Organization","@id":"https:\/\/www.pm.pb.gov.br\/portal\/#organization","name":"Pol\u00edcia Militar da Para\u00edba","url":"https:\/\/www.pm.pb.gov.br\/portal\/","logo":{"@type":"ImageObject","inLanguage":"pt-BR","@id":"https:\/\/www.pm.pb.gov.br\/portal\/#\/schema\/logo\/image\/","url":"https:\/\/www.pm.pb.gov.br\/portal\/wp-content\/uploads\/2025\/03\/cropped-logo-site-mag2-1.png","contentUrl":"https:\/\/www.pm.pb.gov.br\/portal\/wp-content\/uploads\/2025\/03\/cropped-logo-site-mag2-1.png","width":320,"height":90,"caption":"Pol\u00edcia Militar da Para\u00edba"},"image":{"@id":"https:\/\/www.pm.pb.gov.br\/portal\/#\/schema\/logo\/image\/"}},{"@type":"Person","@id":"https:\/\/www.pm.pb.gov.br\/portal\/#\/schema\/person\/ec1d6724f7dbfbd3243ffc265db8cfbb","name":"EM\/8","image":{"@type":"ImageObject","inLanguage":"pt-BR","@id":"https:\/\/www.pm.pb.gov.br\/portal\/#\/schema\/person\/image\/","url":"https:\/\/secure.gravatar.com\/avatar\/8ab87c0c985ae98cf4b13df0f7e378df?s=96&d=mm&r=g","contentUrl":"https:\/\/secure.gravatar.com\/avatar\/8ab87c0c985ae98cf4b13df0f7e378df?s=96&d=mm&r=g","caption":"EM\/8"},"url":"https:\/\/www.pm.pb.gov.br\/portal\/author\/em8admin\/"}]}},"_links":{"self":[{"href":"https:\/\/www.pm.pb.gov.br\/portal\/wp-json\/wp\/v2\/posts\/895055"}],"collection":[{"href":"https:\/\/www.pm.pb.gov.br\/portal\/wp-json\/wp\/v2\/posts"}],"about":[{"href":"https:\/\/www.pm.pb.gov.br\/portal\/wp-json\/wp\/v2\/types\/post"}],"author":[{"embeddable":true,"href":"https:\/\/www.pm.pb.gov.br\/portal\/wp-json\/wp\/v2\/users\/1"}],"replies":[{"embeddable":true,"href":"https:\/\/www.pm.pb.gov.br\/portal\/wp-json\/wp\/v2\/comments?post=895055"}],"version-history":[{"count":2,"href":"https:\/\/www.pm.pb.gov.br\/portal\/wp-json\/wp\/v2\/posts\/895055\/revisions"}],"predecessor-version":[{"id":895064,"href":"https:\/\/www.pm.pb.gov.br\/portal\/wp-json\/wp\/v2\/posts\/895055\/revisions\/895064"}],"wp:featuredmedia":[{"embeddable":true,"href":"https:\/\/www.pm.pb.gov.br\/portal\/wp-json\/wp\/v2\/media\/895063"}],"wp:attachment":[{"href":"https:\/\/www.pm.pb.gov.br\/portal\/wp-json\/wp\/v2\/media?parent=895055"}],"wp:term":[{"taxonomy":"category","embeddable":true,"href":"https:\/\/www.pm.pb.gov.br\/portal\/wp-json\/wp\/v2\/categories?post=895055"},{"taxonomy":"post_tag","embeddable":true,"href":"https:\/\/www.pm.pb.gov.br\/portal\/wp-json\/wp\/v2\/tags?post=895055"}],"curies":[{"name":"wp","href":"https:\/\/api.w.org\/{rel}","templated":true}]}}