{"id":895052,"date":"2017-09-15T09:09:50","date_gmt":"2017-09-15T12:09:50","guid":{"rendered":"http:\/\/www.pm.pb.gov.br\/portal\/2017\/09\/policia_militar_prende_suspeitos_com_dinheiro_falso_no_sertao\/"},"modified":"2017-09-15T09:09:50","modified_gmt":"2017-09-15T12:09:50","slug":"policia_militar_prende_suspeitos_com_dinheiro_falso_no_sertao","status":"publish","type":"post","link":"https:\/\/www.pm.pb.gov.br\/portal\/2017\/09\/15\/policia_militar_prende_suspeitos_com_dinheiro_falso_no_sertao\/","title":{"rendered":"Pol\u00edcia Militar prende suspeitos com dinheiro falso no Sert\u00e3o"},"content":{"rendered":"<figure style=\"width: 500px\" class=\"wp-caption alignnone\"><img decoding=\"async\" class=\"alignnone size-medium\" src=\"http:\/\/www.pm.pb.gov.br\/portal\/wp-content\/uploads\/2017\/09\/12148_17183.jpg\" title=\"Imagem ilustrativa\" width=\"100%\" \/><figcaption class=\"wp-caption-text\">Imagem ilustrativa<\/figcaption><\/figure>\n<div style=\"text-align: justify;\">\nPol\u00edcias Militares do 6\u00ba Batalh\u00e3o prenderam um homem de 20 anos e apreenderam um adolescente suspeitos de tentarem repassar c\u00e9dulas falsas no com\u00e9rcio do munic\u00edpio de Monte Horebe, distante \u00e0 490 quil\u00f4metros de Jo\u00e3o Pessoa, no fim da tarde desta quarta-feira (13). Os suspeitos estavam com uma nota de R$100 e outra de R$50 falsas e foram detidos em S\u00e3o Jos\u00e9 de Piranhas.<\/p>\n<p>Segundo as v\u00edtimas, comerciantes desconfiaram dos dois suspeitos que tentaram comprar um bon\u00e9 com dinheiro falsificado. Ap\u00f3s acionar a PM atrav\u00e9s do n\u00famero 190, os policiais realizaram dilig\u00eancias e conseguiram localizar os suspeitos na cidade de S\u00e3o Jos\u00e9 de Piranhas. Com eles, foram encontradas as duas c\u00e9dulas.<\/p>\n<p>A dupla foi reconhecida pelas v\u00edtimas e os dois foram conduzidos para a Delegacia da Pol\u00edcia Civil de S\u00e3o Jos\u00e9 de Piranhas. <\/p>\n<div class=\"row\" align=\"center\"><\/div>\n<\/div>\n","protected":false},"excerpt":{"rendered":"<p>Pol\u00edcias Militares do 6\u00ba Batalh\u00e3o prenderam um homem de 20 anos e apreenderam um adolescente suspeitos de tentarem repassar c\u00e9dulas<\/p>\n","protected":false},"author":1,"featured_media":17183,"comment_status":"closed","ping_status":"closed","sticky":false,"template":"","format":"standard","meta":{"_exactmetrics_skip_tracking":false,"_exactmetrics_sitenote_active":false,"_exactmetrics_sitenote_note":"","_exactmetrics_sitenote_category":0,"footnotes":""},"categories":[4],"tags":[],"yoast_head":"<!-- This site is optimized with the Yoast SEO plugin v22.0 - https:\/\/yoast.com\/wordpress\/plugins\/seo\/ -->\n<title>Pol\u00edcia Militar prende suspeitos com dinheiro falso no Sert\u00e3o - Pol\u00edcia Militar da Para\u00edba<\/title>\n<meta name=\"robots\" content=\"index, follow, max-snippet:-1, max-image-preview:large, max-video-preview:-1\" \/>\n<link rel=\"canonical\" href=\"https:\/\/www.pm.pb.gov.br\/portal\/2017\/09\/15\/policia_militar_prende_suspeitos_com_dinheiro_falso_no_sertao\/\" \/>\n<meta property=\"og:locale\" content=\"pt_BR\" \/>\n<meta property=\"og:type\" content=\"article\" \/>\n<meta property=\"og:title\" content=\"Pol\u00edcia Militar prende suspeitos com dinheiro falso no Sert\u00e3o - Pol\u00edcia Militar da Para\u00edba\" \/>\n<meta property=\"og:description\" content=\"Pol\u00edcias Militares do 6\u00ba Batalh\u00e3o prenderam um homem de 20 anos e apreenderam um adolescente suspeitos de tentarem repassar c\u00e9dulas\" \/>\n<meta property=\"og:url\" content=\"https:\/\/www.pm.pb.gov.br\/portal\/2017\/09\/15\/policia_militar_prende_suspeitos_com_dinheiro_falso_no_sertao\/\" \/>\n<meta property=\"og:site_name\" content=\"Pol\u00edcia Militar da Para\u00edba\" \/>\n<meta property=\"article:published_time\" content=\"2017-09-15T12:09:50+00:00\" \/>\n<meta property=\"og:image\" content=\"https:\/\/www.pm.pb.gov.br\/portal\/wp-content\/uploads\/2017\/09\/12148_17183.jpg\" \/>\n\t<meta property=\"og:image:width\" content=\"620\" \/>\n\t<meta property=\"og:image:height\" content=\"465\" \/>\n\t<meta property=\"og:image:type\" content=\"image\/jpeg\" \/>\n<meta name=\"author\" content=\"EM\/8\" \/>\n<meta name=\"twitter:card\" content=\"summary_large_image\" \/>\n<meta name=\"twitter:label1\" content=\"Escrito por\" \/>\n\t<meta name=\"twitter:data1\" content=\"EM\/8\" \/>\n\t<meta name=\"twitter:label2\" content=\"Est. tempo de leitura\" \/>\n\t<meta name=\"twitter:data2\" content=\"1 minuto\" \/>\n<script type=\"application\/ld+json\" class=\"yoast-schema-graph\">{\"@context\":\"https:\/\/schema.org\",\"@graph\":[{\"@type\":\"Article\",\"@id\":\"https:\/\/www.pm.pb.gov.br\/portal\/2017\/09\/15\/policia_militar_prende_suspeitos_com_dinheiro_falso_no_sertao\/#article\",\"isPartOf\":{\"@id\":\"https:\/\/www.pm.pb.gov.br\/portal\/2017\/09\/15\/policia_militar_prende_suspeitos_com_dinheiro_falso_no_sertao\/\"},\"author\":{\"name\":\"EM\/8\",\"@id\":\"https:\/\/www.pm.pb.gov.br\/portal\/#\/schema\/person\/ec1d6724f7dbfbd3243ffc265db8cfbb\"},\"headline\":\"Pol\u00edcia Militar prende suspeitos com dinheiro falso no Sert\u00e3o\",\"datePublished\":\"2017-09-15T12:09:50+00:00\",\"dateModified\":\"2017-09-15T12:09:50+00:00\",\"mainEntityOfPage\":{\"@id\":\"https:\/\/www.pm.pb.gov.br\/portal\/2017\/09\/15\/policia_militar_prende_suspeitos_com_dinheiro_falso_no_sertao\/\"},\"wordCount\":163,\"publisher\":{\"@id\":\"https:\/\/www.pm.pb.gov.br\/portal\/#organization\"},\"articleSection\":[\"A\u00e7\u00f5es Policiais\"],\"inLanguage\":\"pt-BR\"},{\"@type\":\"WebPage\",\"@id\":\"https:\/\/www.pm.pb.gov.br\/portal\/2017\/09\/15\/policia_militar_prende_suspeitos_com_dinheiro_falso_no_sertao\/\",\"url\":\"https:\/\/www.pm.pb.gov.br\/portal\/2017\/09\/15\/policia_militar_prende_suspeitos_com_dinheiro_falso_no_sertao\/\",\"name\":\"Pol\u00edcia Militar prende suspeitos com dinheiro falso no Sert\u00e3o - Pol\u00edcia Militar da Para\u00edba\",\"isPartOf\":{\"@id\":\"https:\/\/www.pm.pb.gov.br\/portal\/#website\"},\"datePublished\":\"2017-09-15T12:09:50+00:00\",\"dateModified\":\"2017-09-15T12:09:50+00:00\",\"breadcrumb\":{\"@id\":\"https:\/\/www.pm.pb.gov.br\/portal\/2017\/09\/15\/policia_militar_prende_suspeitos_com_dinheiro_falso_no_sertao\/#breadcrumb\"},\"inLanguage\":\"pt-BR\",\"potentialAction\":[{\"@type\":\"ReadAction\",\"target\":[\"https:\/\/www.pm.pb.gov.br\/portal\/2017\/09\/15\/policia_militar_prende_suspeitos_com_dinheiro_falso_no_sertao\/\"]}]},{\"@type\":\"BreadcrumbList\",\"@id\":\"https:\/\/www.pm.pb.gov.br\/portal\/2017\/09\/15\/policia_militar_prende_suspeitos_com_dinheiro_falso_no_sertao\/#breadcrumb\",\"itemListElement\":[{\"@type\":\"ListItem\",\"position\":1,\"name\":\"In\u00edcio\",\"item\":\"https:\/\/www.pm.pb.gov.br\/portal\/\"},{\"@type\":\"ListItem\",\"position\":2,\"name\":\"Pol\u00edcia Militar prende suspeitos com dinheiro falso no Sert\u00e3o\"}]},{\"@type\":\"WebSite\",\"@id\":\"https:\/\/www.pm.pb.gov.br\/portal\/#website\",\"url\":\"https:\/\/www.pm.pb.gov.br\/portal\/\",\"name\":\"Pol\u00edcia Militar da Para\u00edba\",\"description\":\"\",\"publisher\":{\"@id\":\"https:\/\/www.pm.pb.gov.br\/portal\/#organization\"},\"potentialAction\":[{\"@type\":\"SearchAction\",\"target\":{\"@type\":\"EntryPoint\",\"urlTemplate\":\"https:\/\/www.pm.pb.gov.br\/portal\/?s={search_term_string}\"},\"query-input\":\"required name=search_term_string\"}],\"inLanguage\":\"pt-BR\"},{\"@type\":\"Organization\",\"@id\":\"https:\/\/www.pm.pb.gov.br\/portal\/#organization\",\"name\":\"Pol\u00edcia Militar da Para\u00edba\",\"url\":\"https:\/\/www.pm.pb.gov.br\/portal\/\",\"logo\":{\"@type\":\"ImageObject\",\"inLanguage\":\"pt-BR\",\"@id\":\"https:\/\/www.pm.pb.gov.br\/portal\/#\/schema\/logo\/image\/\",\"url\":\"https:\/\/www.pm.pb.gov.br\/portal\/wp-content\/uploads\/2025\/03\/cropped-logo-site-mag2-1.png\",\"contentUrl\":\"https:\/\/www.pm.pb.gov.br\/portal\/wp-content\/uploads\/2025\/03\/cropped-logo-site-mag2-1.png\",\"width\":320,\"height\":90,\"caption\":\"Pol\u00edcia Militar da Para\u00edba\"},\"image\":{\"@id\":\"https:\/\/www.pm.pb.gov.br\/portal\/#\/schema\/logo\/image\/\"}},{\"@type\":\"Person\",\"@id\":\"https:\/\/www.pm.pb.gov.br\/portal\/#\/schema\/person\/ec1d6724f7dbfbd3243ffc265db8cfbb\",\"name\":\"EM\/8\",\"image\":{\"@type\":\"ImageObject\",\"inLanguage\":\"pt-BR\",\"@id\":\"https:\/\/www.pm.pb.gov.br\/portal\/#\/schema\/person\/image\/\",\"url\":\"https:\/\/secure.gravatar.com\/avatar\/8ab87c0c985ae98cf4b13df0f7e378df?s=96&d=mm&r=g\",\"contentUrl\":\"https:\/\/secure.gravatar.com\/avatar\/8ab87c0c985ae98cf4b13df0f7e378df?s=96&d=mm&r=g\",\"caption\":\"EM\/8\"},\"url\":\"https:\/\/www.pm.pb.gov.br\/portal\/author\/em8admin\/\"}]}<\/script>\n<!-- \/ Yoast SEO plugin. -->","yoast_head_json":{"title":"Pol\u00edcia Militar prende suspeitos com dinheiro falso no Sert\u00e3o - Pol\u00edcia Militar da Para\u00edba","robots":{"index":"index","follow":"follow","max-snippet":"max-snippet:-1","max-image-preview":"max-image-preview:large","max-video-preview":"max-video-preview:-1"},"canonical":"https:\/\/www.pm.pb.gov.br\/portal\/2017\/09\/15\/policia_militar_prende_suspeitos_com_dinheiro_falso_no_sertao\/","og_locale":"pt_BR","og_type":"article","og_title":"Pol\u00edcia Militar prende suspeitos com dinheiro falso no Sert\u00e3o - Pol\u00edcia Militar da Para\u00edba","og_description":"Pol\u00edcias Militares do 6\u00ba Batalh\u00e3o prenderam um homem de 20 anos e apreenderam um adolescente suspeitos de tentarem repassar c\u00e9dulas","og_url":"https:\/\/www.pm.pb.gov.br\/portal\/2017\/09\/15\/policia_militar_prende_suspeitos_com_dinheiro_falso_no_sertao\/","og_site_name":"Pol\u00edcia Militar da Para\u00edba","article_published_time":"2017-09-15T12:09:50+00:00","og_image":[{"width":620,"height":465,"url":"https:\/\/www.pm.pb.gov.br\/portal\/wp-content\/uploads\/2017\/09\/12148_17183.jpg","type":"image\/jpeg"}],"author":"EM\/8","twitter_card":"summary_large_image","twitter_misc":{"Escrito por":"EM\/8","Est. tempo de leitura":"1 minuto"},"schema":{"@context":"https:\/\/schema.org","@graph":[{"@type":"Article","@id":"https:\/\/www.pm.pb.gov.br\/portal\/2017\/09\/15\/policia_militar_prende_suspeitos_com_dinheiro_falso_no_sertao\/#article","isPartOf":{"@id":"https:\/\/www.pm.pb.gov.br\/portal\/2017\/09\/15\/policia_militar_prende_suspeitos_com_dinheiro_falso_no_sertao\/"},"author":{"name":"EM\/8","@id":"https:\/\/www.pm.pb.gov.br\/portal\/#\/schema\/person\/ec1d6724f7dbfbd3243ffc265db8cfbb"},"headline":"Pol\u00edcia Militar prende suspeitos com dinheiro falso no Sert\u00e3o","datePublished":"2017-09-15T12:09:50+00:00","dateModified":"2017-09-15T12:09:50+00:00","mainEntityOfPage":{"@id":"https:\/\/www.pm.pb.gov.br\/portal\/2017\/09\/15\/policia_militar_prende_suspeitos_com_dinheiro_falso_no_sertao\/"},"wordCount":163,"publisher":{"@id":"https:\/\/www.pm.pb.gov.br\/portal\/#organization"},"articleSection":["A\u00e7\u00f5es Policiais"],"inLanguage":"pt-BR"},{"@type":"WebPage","@id":"https:\/\/www.pm.pb.gov.br\/portal\/2017\/09\/15\/policia_militar_prende_suspeitos_com_dinheiro_falso_no_sertao\/","url":"https:\/\/www.pm.pb.gov.br\/portal\/2017\/09\/15\/policia_militar_prende_suspeitos_com_dinheiro_falso_no_sertao\/","name":"Pol\u00edcia Militar prende suspeitos com dinheiro falso no Sert\u00e3o - Pol\u00edcia Militar da Para\u00edba","isPartOf":{"@id":"https:\/\/www.pm.pb.gov.br\/portal\/#website"},"datePublished":"2017-09-15T12:09:50+00:00","dateModified":"2017-09-15T12:09:50+00:00","breadcrumb":{"@id":"https:\/\/www.pm.pb.gov.br\/portal\/2017\/09\/15\/policia_militar_prende_suspeitos_com_dinheiro_falso_no_sertao\/#breadcrumb"},"inLanguage":"pt-BR","potentialAction":[{"@type":"ReadAction","target":["https:\/\/www.pm.pb.gov.br\/portal\/2017\/09\/15\/policia_militar_prende_suspeitos_com_dinheiro_falso_no_sertao\/"]}]},{"@type":"BreadcrumbList","@id":"https:\/\/www.pm.pb.gov.br\/portal\/2017\/09\/15\/policia_militar_prende_suspeitos_com_dinheiro_falso_no_sertao\/#breadcrumb","itemListElement":[{"@type":"ListItem","position":1,"name":"In\u00edcio","item":"https:\/\/www.pm.pb.gov.br\/portal\/"},{"@type":"ListItem","position":2,"name":"Pol\u00edcia Militar prende suspeitos com dinheiro falso no Sert\u00e3o"}]},{"@type":"WebSite","@id":"https:\/\/www.pm.pb.gov.br\/portal\/#website","url":"https:\/\/www.pm.pb.gov.br\/portal\/","name":"Pol\u00edcia Militar da Para\u00edba","description":"","publisher":{"@id":"https:\/\/www.pm.pb.gov.br\/portal\/#organization"},"potentialAction":[{"@type":"SearchAction","target":{"@type":"EntryPoint","urlTemplate":"https:\/\/www.pm.pb.gov.br\/portal\/?s={search_term_string}"},"query-input":"required name=search_term_string"}],"inLanguage":"pt-BR"},{"@type":"Organization","@id":"https:\/\/www.pm.pb.gov.br\/portal\/#organization","name":"Pol\u00edcia Militar da Para\u00edba","url":"https:\/\/www.pm.pb.gov.br\/portal\/","logo":{"@type":"ImageObject","inLanguage":"pt-BR","@id":"https:\/\/www.pm.pb.gov.br\/portal\/#\/schema\/logo\/image\/","url":"https:\/\/www.pm.pb.gov.br\/portal\/wp-content\/uploads\/2025\/03\/cropped-logo-site-mag2-1.png","contentUrl":"https:\/\/www.pm.pb.gov.br\/portal\/wp-content\/uploads\/2025\/03\/cropped-logo-site-mag2-1.png","width":320,"height":90,"caption":"Pol\u00edcia Militar da Para\u00edba"},"image":{"@id":"https:\/\/www.pm.pb.gov.br\/portal\/#\/schema\/logo\/image\/"}},{"@type":"Person","@id":"https:\/\/www.pm.pb.gov.br\/portal\/#\/schema\/person\/ec1d6724f7dbfbd3243ffc265db8cfbb","name":"EM\/8","image":{"@type":"ImageObject","inLanguage":"pt-BR","@id":"https:\/\/www.pm.pb.gov.br\/portal\/#\/schema\/person\/image\/","url":"https:\/\/secure.gravatar.com\/avatar\/8ab87c0c985ae98cf4b13df0f7e378df?s=96&d=mm&r=g","contentUrl":"https:\/\/secure.gravatar.com\/avatar\/8ab87c0c985ae98cf4b13df0f7e378df?s=96&d=mm&r=g","caption":"EM\/8"},"url":"https:\/\/www.pm.pb.gov.br\/portal\/author\/em8admin\/"}]}},"_links":{"self":[{"href":"https:\/\/www.pm.pb.gov.br\/portal\/wp-json\/wp\/v2\/posts\/895052"}],"collection":[{"href":"https:\/\/www.pm.pb.gov.br\/portal\/wp-json\/wp\/v2\/posts"}],"about":[{"href":"https:\/\/www.pm.pb.gov.br\/portal\/wp-json\/wp\/v2\/types\/post"}],"author":[{"embeddable":true,"href":"https:\/\/www.pm.pb.gov.br\/portal\/wp-json\/wp\/v2\/users\/1"}],"replies":[{"embeddable":true,"href":"https:\/\/www.pm.pb.gov.br\/portal\/wp-json\/wp\/v2\/comments?post=895052"}],"version-history":[{"count":0,"href":"https:\/\/www.pm.pb.gov.br\/portal\/wp-json\/wp\/v2\/posts\/895052\/revisions"}],"wp:featuredmedia":[{"embeddable":true,"href":"https:\/\/www.pm.pb.gov.br\/portal\/wp-json\/wp\/v2\/media\/17183"}],"wp:attachment":[{"href":"https:\/\/www.pm.pb.gov.br\/portal\/wp-json\/wp\/v2\/media?parent=895052"}],"wp:term":[{"taxonomy":"category","embeddable":true,"href":"https:\/\/www.pm.pb.gov.br\/portal\/wp-json\/wp\/v2\/categories?post=895052"},{"taxonomy":"post_tag","embeddable":true,"href":"https:\/\/www.pm.pb.gov.br\/portal\/wp-json\/wp\/v2\/tags?post=895052"}],"curies":[{"name":"wp","href":"https:\/\/api.w.org\/{rel}","templated":true}]}}