{"id":894687,"date":"2017-06-20T10:06:47","date_gmt":"2017-06-20T13:06:47","guid":{"rendered":"http:\/\/www.pm.pb.gov.br\/portal\/2017\/06\/policia_militar_apreende_carro_clonado_em_campina_grande\/"},"modified":"2017-06-20T10:06:47","modified_gmt":"2017-06-20T13:06:47","slug":"policia_militar_apreende_carro_clonado_em_campina_grande","status":"publish","type":"post","link":"https:\/\/www.pm.pb.gov.br\/portal\/2017\/06\/20\/policia_militar_apreende_carro_clonado_em_campina_grande\/","title":{"rendered":"Pol\u00edcia Militar apreende carro clonado em Campina Grande"},"content":{"rendered":"<figure style=\"width: 500px\" class=\"wp-caption alignnone\"><img decoding=\"async\" class=\"alignnone size-medium\" src=\"http:\/\/www.pm.pb.gov.br\/portal\/wp-content\/uploads\/2017\/06\/11971_16901.jpg\" title=\"Carro clonado apreendido nesta segunda-feira (19) \" width=\"100%\" \/><figcaption class=\"wp-caption-text\">Carro clonado apreendido nesta segunda-feira (19)<\/figcaption><\/figure>\n<div style=\"text-align: justify;\">\nPoliciais militares da 3\u00aa Companhia de Policiamento de Tr\u00e2nsito apreenderam um ve\u00edculo clonado em Campina Grande nesta segunda-feira (19). Ao todo, s\u00e3o 18 ve\u00edculos com restri\u00e7\u00e3o de roubo ou furto recuperados pela Companhia neste primeiro semestre do ano.<\/p>\n<p>A a\u00e7\u00e3o aconteceu no bairro do Mirante quando os policiais, durante uma abordagem, perceberam diverg\u00eancias nos caracteres de identifica\u00e7\u00e3o de um ve\u00edculo da marca Fiat, modelo Strada. Logo ap\u00f3s, os policiais descobriram que se tratava de um ve\u00edculo clonado. Um suspeito de 44 anos que estava dirigindo o ve\u00edculo foi conduzido \u00e0 delegacia.<\/p>\n<div class=\"row\" align=\"center\"><\/div>\n<\/div>\n","protected":false},"excerpt":{"rendered":"<p>Policiais militares da 3\u00aa Companhia de Policiamento de Tr\u00e2nsito apreenderam um ve\u00edculo clonado em Campina Grande nesta segunda-feira (19). Ao<\/p>\n","protected":false},"author":1,"featured_media":16901,"comment_status":"closed","ping_status":"closed","sticky":false,"template":"","format":"standard","meta":{"_exactmetrics_skip_tracking":false,"_exactmetrics_sitenote_active":false,"_exactmetrics_sitenote_note":"","_exactmetrics_sitenote_category":0,"footnotes":""},"categories":[4],"tags":[],"yoast_head":"<!-- This site is optimized with the Yoast SEO plugin v22.0 - https:\/\/yoast.com\/wordpress\/plugins\/seo\/ -->\n<title>Pol\u00edcia Militar apreende carro clonado em Campina Grande - Pol\u00edcia Militar da Para\u00edba<\/title>\n<meta name=\"robots\" content=\"index, follow, max-snippet:-1, max-image-preview:large, max-video-preview:-1\" \/>\n<link rel=\"canonical\" href=\"https:\/\/www.pm.pb.gov.br\/portal\/2017\/06\/20\/policia_militar_apreende_carro_clonado_em_campina_grande\/\" \/>\n<meta property=\"og:locale\" content=\"pt_BR\" \/>\n<meta property=\"og:type\" content=\"article\" \/>\n<meta property=\"og:title\" content=\"Pol\u00edcia Militar apreende carro clonado em Campina Grande - Pol\u00edcia Militar da Para\u00edba\" \/>\n<meta property=\"og:description\" content=\"Policiais militares da 3\u00aa Companhia de Policiamento de Tr\u00e2nsito apreenderam um ve\u00edculo clonado em Campina Grande nesta segunda-feira (19). Ao\" \/>\n<meta property=\"og:url\" content=\"https:\/\/www.pm.pb.gov.br\/portal\/2017\/06\/20\/policia_militar_apreende_carro_clonado_em_campina_grande\/\" \/>\n<meta property=\"og:site_name\" content=\"Pol\u00edcia Militar da Para\u00edba\" \/>\n<meta property=\"article:published_time\" content=\"2017-06-20T13:06:47+00:00\" \/>\n<meta property=\"og:image\" content=\"https:\/\/www.pm.pb.gov.br\/portal\/wp-content\/uploads\/2017\/06\/11971_16901.jpg\" \/>\n\t<meta property=\"og:image:width\" content=\"620\" \/>\n\t<meta property=\"og:image:height\" content=\"465\" \/>\n\t<meta property=\"og:image:type\" content=\"image\/jpeg\" \/>\n<meta name=\"author\" content=\"EM\/8\" \/>\n<meta name=\"twitter:card\" content=\"summary_large_image\" \/>\n<meta name=\"twitter:label1\" content=\"Escrito por\" \/>\n\t<meta name=\"twitter:data1\" content=\"EM\/8\" \/>\n\t<meta name=\"twitter:label2\" content=\"Est. tempo de leitura\" \/>\n\t<meta name=\"twitter:data2\" content=\"1 minuto\" \/>\n<script type=\"application\/ld+json\" class=\"yoast-schema-graph\">{\"@context\":\"https:\/\/schema.org\",\"@graph\":[{\"@type\":\"Article\",\"@id\":\"https:\/\/www.pm.pb.gov.br\/portal\/2017\/06\/20\/policia_militar_apreende_carro_clonado_em_campina_grande\/#article\",\"isPartOf\":{\"@id\":\"https:\/\/www.pm.pb.gov.br\/portal\/2017\/06\/20\/policia_militar_apreende_carro_clonado_em_campina_grande\/\"},\"author\":{\"name\":\"EM\/8\",\"@id\":\"https:\/\/www.pm.pb.gov.br\/portal\/#\/schema\/person\/ec1d6724f7dbfbd3243ffc265db8cfbb\"},\"headline\":\"Pol\u00edcia Militar apreende carro clonado em Campina Grande\",\"datePublished\":\"2017-06-20T13:06:47+00:00\",\"dateModified\":\"2017-06-20T13:06:47+00:00\",\"mainEntityOfPage\":{\"@id\":\"https:\/\/www.pm.pb.gov.br\/portal\/2017\/06\/20\/policia_militar_apreende_carro_clonado_em_campina_grande\/\"},\"wordCount\":118,\"publisher\":{\"@id\":\"https:\/\/www.pm.pb.gov.br\/portal\/#organization\"},\"articleSection\":[\"A\u00e7\u00f5es Policiais\"],\"inLanguage\":\"pt-BR\"},{\"@type\":\"WebPage\",\"@id\":\"https:\/\/www.pm.pb.gov.br\/portal\/2017\/06\/20\/policia_militar_apreende_carro_clonado_em_campina_grande\/\",\"url\":\"https:\/\/www.pm.pb.gov.br\/portal\/2017\/06\/20\/policia_militar_apreende_carro_clonado_em_campina_grande\/\",\"name\":\"Pol\u00edcia Militar apreende carro clonado em Campina Grande - Pol\u00edcia Militar da Para\u00edba\",\"isPartOf\":{\"@id\":\"https:\/\/www.pm.pb.gov.br\/portal\/#website\"},\"datePublished\":\"2017-06-20T13:06:47+00:00\",\"dateModified\":\"2017-06-20T13:06:47+00:00\",\"breadcrumb\":{\"@id\":\"https:\/\/www.pm.pb.gov.br\/portal\/2017\/06\/20\/policia_militar_apreende_carro_clonado_em_campina_grande\/#breadcrumb\"},\"inLanguage\":\"pt-BR\",\"potentialAction\":[{\"@type\":\"ReadAction\",\"target\":[\"https:\/\/www.pm.pb.gov.br\/portal\/2017\/06\/20\/policia_militar_apreende_carro_clonado_em_campina_grande\/\"]}]},{\"@type\":\"BreadcrumbList\",\"@id\":\"https:\/\/www.pm.pb.gov.br\/portal\/2017\/06\/20\/policia_militar_apreende_carro_clonado_em_campina_grande\/#breadcrumb\",\"itemListElement\":[{\"@type\":\"ListItem\",\"position\":1,\"name\":\"In\u00edcio\",\"item\":\"https:\/\/www.pm.pb.gov.br\/portal\/\"},{\"@type\":\"ListItem\",\"position\":2,\"name\":\"Pol\u00edcia Militar apreende carro clonado em Campina Grande\"}]},{\"@type\":\"WebSite\",\"@id\":\"https:\/\/www.pm.pb.gov.br\/portal\/#website\",\"url\":\"https:\/\/www.pm.pb.gov.br\/portal\/\",\"name\":\"Pol\u00edcia Militar da Para\u00edba\",\"description\":\"\",\"publisher\":{\"@id\":\"https:\/\/www.pm.pb.gov.br\/portal\/#organization\"},\"potentialAction\":[{\"@type\":\"SearchAction\",\"target\":{\"@type\":\"EntryPoint\",\"urlTemplate\":\"https:\/\/www.pm.pb.gov.br\/portal\/?s={search_term_string}\"},\"query-input\":\"required name=search_term_string\"}],\"inLanguage\":\"pt-BR\"},{\"@type\":\"Organization\",\"@id\":\"https:\/\/www.pm.pb.gov.br\/portal\/#organization\",\"name\":\"Pol\u00edcia Militar da Para\u00edba\",\"url\":\"https:\/\/www.pm.pb.gov.br\/portal\/\",\"logo\":{\"@type\":\"ImageObject\",\"inLanguage\":\"pt-BR\",\"@id\":\"https:\/\/www.pm.pb.gov.br\/portal\/#\/schema\/logo\/image\/\",\"url\":\"https:\/\/www.pm.pb.gov.br\/portal\/wp-content\/uploads\/2025\/03\/cropped-logo-site-mag2-1.png\",\"contentUrl\":\"https:\/\/www.pm.pb.gov.br\/portal\/wp-content\/uploads\/2025\/03\/cropped-logo-site-mag2-1.png\",\"width\":320,\"height\":90,\"caption\":\"Pol\u00edcia Militar da Para\u00edba\"},\"image\":{\"@id\":\"https:\/\/www.pm.pb.gov.br\/portal\/#\/schema\/logo\/image\/\"}},{\"@type\":\"Person\",\"@id\":\"https:\/\/www.pm.pb.gov.br\/portal\/#\/schema\/person\/ec1d6724f7dbfbd3243ffc265db8cfbb\",\"name\":\"EM\/8\",\"image\":{\"@type\":\"ImageObject\",\"inLanguage\":\"pt-BR\",\"@id\":\"https:\/\/www.pm.pb.gov.br\/portal\/#\/schema\/person\/image\/\",\"url\":\"https:\/\/secure.gravatar.com\/avatar\/8ab87c0c985ae98cf4b13df0f7e378df?s=96&d=mm&r=g\",\"contentUrl\":\"https:\/\/secure.gravatar.com\/avatar\/8ab87c0c985ae98cf4b13df0f7e378df?s=96&d=mm&r=g\",\"caption\":\"EM\/8\"},\"url\":\"https:\/\/www.pm.pb.gov.br\/portal\/author\/em8admin\/\"}]}<\/script>\n<!-- \/ Yoast SEO plugin. -->","yoast_head_json":{"title":"Pol\u00edcia Militar apreende carro clonado em Campina Grande - Pol\u00edcia Militar da Para\u00edba","robots":{"index":"index","follow":"follow","max-snippet":"max-snippet:-1","max-image-preview":"max-image-preview:large","max-video-preview":"max-video-preview:-1"},"canonical":"https:\/\/www.pm.pb.gov.br\/portal\/2017\/06\/20\/policia_militar_apreende_carro_clonado_em_campina_grande\/","og_locale":"pt_BR","og_type":"article","og_title":"Pol\u00edcia Militar apreende carro clonado em Campina Grande - Pol\u00edcia Militar da Para\u00edba","og_description":"Policiais militares da 3\u00aa Companhia de Policiamento de Tr\u00e2nsito apreenderam um ve\u00edculo clonado em Campina Grande nesta segunda-feira (19). Ao","og_url":"https:\/\/www.pm.pb.gov.br\/portal\/2017\/06\/20\/policia_militar_apreende_carro_clonado_em_campina_grande\/","og_site_name":"Pol\u00edcia Militar da Para\u00edba","article_published_time":"2017-06-20T13:06:47+00:00","og_image":[{"width":620,"height":465,"url":"https:\/\/www.pm.pb.gov.br\/portal\/wp-content\/uploads\/2017\/06\/11971_16901.jpg","type":"image\/jpeg"}],"author":"EM\/8","twitter_card":"summary_large_image","twitter_misc":{"Escrito por":"EM\/8","Est. tempo de leitura":"1 minuto"},"schema":{"@context":"https:\/\/schema.org","@graph":[{"@type":"Article","@id":"https:\/\/www.pm.pb.gov.br\/portal\/2017\/06\/20\/policia_militar_apreende_carro_clonado_em_campina_grande\/#article","isPartOf":{"@id":"https:\/\/www.pm.pb.gov.br\/portal\/2017\/06\/20\/policia_militar_apreende_carro_clonado_em_campina_grande\/"},"author":{"name":"EM\/8","@id":"https:\/\/www.pm.pb.gov.br\/portal\/#\/schema\/person\/ec1d6724f7dbfbd3243ffc265db8cfbb"},"headline":"Pol\u00edcia Militar apreende carro clonado em Campina Grande","datePublished":"2017-06-20T13:06:47+00:00","dateModified":"2017-06-20T13:06:47+00:00","mainEntityOfPage":{"@id":"https:\/\/www.pm.pb.gov.br\/portal\/2017\/06\/20\/policia_militar_apreende_carro_clonado_em_campina_grande\/"},"wordCount":118,"publisher":{"@id":"https:\/\/www.pm.pb.gov.br\/portal\/#organization"},"articleSection":["A\u00e7\u00f5es Policiais"],"inLanguage":"pt-BR"},{"@type":"WebPage","@id":"https:\/\/www.pm.pb.gov.br\/portal\/2017\/06\/20\/policia_militar_apreende_carro_clonado_em_campina_grande\/","url":"https:\/\/www.pm.pb.gov.br\/portal\/2017\/06\/20\/policia_militar_apreende_carro_clonado_em_campina_grande\/","name":"Pol\u00edcia Militar apreende carro clonado em Campina Grande - Pol\u00edcia Militar da Para\u00edba","isPartOf":{"@id":"https:\/\/www.pm.pb.gov.br\/portal\/#website"},"datePublished":"2017-06-20T13:06:47+00:00","dateModified":"2017-06-20T13:06:47+00:00","breadcrumb":{"@id":"https:\/\/www.pm.pb.gov.br\/portal\/2017\/06\/20\/policia_militar_apreende_carro_clonado_em_campina_grande\/#breadcrumb"},"inLanguage":"pt-BR","potentialAction":[{"@type":"ReadAction","target":["https:\/\/www.pm.pb.gov.br\/portal\/2017\/06\/20\/policia_militar_apreende_carro_clonado_em_campina_grande\/"]}]},{"@type":"BreadcrumbList","@id":"https:\/\/www.pm.pb.gov.br\/portal\/2017\/06\/20\/policia_militar_apreende_carro_clonado_em_campina_grande\/#breadcrumb","itemListElement":[{"@type":"ListItem","position":1,"name":"In\u00edcio","item":"https:\/\/www.pm.pb.gov.br\/portal\/"},{"@type":"ListItem","position":2,"name":"Pol\u00edcia Militar apreende carro clonado em Campina Grande"}]},{"@type":"WebSite","@id":"https:\/\/www.pm.pb.gov.br\/portal\/#website","url":"https:\/\/www.pm.pb.gov.br\/portal\/","name":"Pol\u00edcia Militar da Para\u00edba","description":"","publisher":{"@id":"https:\/\/www.pm.pb.gov.br\/portal\/#organization"},"potentialAction":[{"@type":"SearchAction","target":{"@type":"EntryPoint","urlTemplate":"https:\/\/www.pm.pb.gov.br\/portal\/?s={search_term_string}"},"query-input":"required name=search_term_string"}],"inLanguage":"pt-BR"},{"@type":"Organization","@id":"https:\/\/www.pm.pb.gov.br\/portal\/#organization","name":"Pol\u00edcia Militar da Para\u00edba","url":"https:\/\/www.pm.pb.gov.br\/portal\/","logo":{"@type":"ImageObject","inLanguage":"pt-BR","@id":"https:\/\/www.pm.pb.gov.br\/portal\/#\/schema\/logo\/image\/","url":"https:\/\/www.pm.pb.gov.br\/portal\/wp-content\/uploads\/2025\/03\/cropped-logo-site-mag2-1.png","contentUrl":"https:\/\/www.pm.pb.gov.br\/portal\/wp-content\/uploads\/2025\/03\/cropped-logo-site-mag2-1.png","width":320,"height":90,"caption":"Pol\u00edcia Militar da Para\u00edba"},"image":{"@id":"https:\/\/www.pm.pb.gov.br\/portal\/#\/schema\/logo\/image\/"}},{"@type":"Person","@id":"https:\/\/www.pm.pb.gov.br\/portal\/#\/schema\/person\/ec1d6724f7dbfbd3243ffc265db8cfbb","name":"EM\/8","image":{"@type":"ImageObject","inLanguage":"pt-BR","@id":"https:\/\/www.pm.pb.gov.br\/portal\/#\/schema\/person\/image\/","url":"https:\/\/secure.gravatar.com\/avatar\/8ab87c0c985ae98cf4b13df0f7e378df?s=96&d=mm&r=g","contentUrl":"https:\/\/secure.gravatar.com\/avatar\/8ab87c0c985ae98cf4b13df0f7e378df?s=96&d=mm&r=g","caption":"EM\/8"},"url":"https:\/\/www.pm.pb.gov.br\/portal\/author\/em8admin\/"}]}},"_links":{"self":[{"href":"https:\/\/www.pm.pb.gov.br\/portal\/wp-json\/wp\/v2\/posts\/894687"}],"collection":[{"href":"https:\/\/www.pm.pb.gov.br\/portal\/wp-json\/wp\/v2\/posts"}],"about":[{"href":"https:\/\/www.pm.pb.gov.br\/portal\/wp-json\/wp\/v2\/types\/post"}],"author":[{"embeddable":true,"href":"https:\/\/www.pm.pb.gov.br\/portal\/wp-json\/wp\/v2\/users\/1"}],"replies":[{"embeddable":true,"href":"https:\/\/www.pm.pb.gov.br\/portal\/wp-json\/wp\/v2\/comments?post=894687"}],"version-history":[{"count":0,"href":"https:\/\/www.pm.pb.gov.br\/portal\/wp-json\/wp\/v2\/posts\/894687\/revisions"}],"wp:featuredmedia":[{"embeddable":true,"href":"https:\/\/www.pm.pb.gov.br\/portal\/wp-json\/wp\/v2\/media\/16901"}],"wp:attachment":[{"href":"https:\/\/www.pm.pb.gov.br\/portal\/wp-json\/wp\/v2\/media?parent=894687"}],"wp:term":[{"taxonomy":"category","embeddable":true,"href":"https:\/\/www.pm.pb.gov.br\/portal\/wp-json\/wp\/v2\/categories?post=894687"},{"taxonomy":"post_tag","embeddable":true,"href":"https:\/\/www.pm.pb.gov.br\/portal\/wp-json\/wp\/v2\/tags?post=894687"}],"curies":[{"name":"wp","href":"https:\/\/api.w.org\/{rel}","templated":true}]}}