{"id":894686,"date":"2017-06-19T16:06:15","date_gmt":"2017-06-19T19:06:15","guid":{"rendered":"http:\/\/www.pm.pb.gov.br\/portal\/2017\/06\/governo_entrega_sistema_de_radio_digital_para_seguranca_publica\/"},"modified":"2017-06-19T16:06:15","modified_gmt":"2017-06-19T19:06:15","slug":"governo_entrega_sistema_de_radio_digital_para_seguranca_publica","status":"publish","type":"post","link":"https:\/\/www.pm.pb.gov.br\/portal\/2017\/06\/19\/governo_entrega_sistema_de_radio_digital_para_seguranca_publica\/","title":{"rendered":"Governo entrega sistema de r\u00e1dio digital para Seguran\u00e7a P\u00fablica"},"content":{"rendered":"<figure style=\"width: 500px\" class=\"wp-caption alignnone\"><img decoding=\"async\" class=\"alignnone size-medium\" src=\"http:\/\/www.pm.pb.gov.br\/portal\/wp-content\/uploads\/2017\/06\/11970_16900.jpg\" title=\"Entrega \u00e0s for\u00e7as de Seguran\u00e7a P\u00fablica aconteceu na manh\u00e3 desta segunda-feira (19)\" width=\"100%\" \/><figcaption class=\"wp-caption-text\">Entrega \u00e0s for\u00e7as de Seguran\u00e7a P\u00fablica aconteceu na manh\u00e3 desta segunda-feira (19)<\/figcaption><\/figure>\n<div style=\"text-align: justify;\">\nO governador Ricardo Coutinho entregou, nesta segunda-feira (19), equipamentos que fazem parte da primeira etapa de implanta\u00e7\u00e3o do sistema de r\u00e1dio comunica\u00e7\u00e3o digital para as for\u00e7as de seguran\u00e7a do Estado. O sistema digital \u00e9 composto por softwares e r\u00e1dios (hand talks), al\u00e9m de outros equipamentos modernos e de \u00faltima gera\u00e7\u00e3o (Sistema Tetra) utilizados em pa\u00edses da Europa. Na ocasi\u00e3o, o governador tamb\u00e9m assinou um protocolo para a cria\u00e7\u00e3o de um Laborat\u00f3rio de Solu\u00e7\u00f5es Inteligentes para a seguran\u00e7a p\u00fablica em parceria com a Motorola Solutions Brasil.<\/p>\n<p>Os equipamentos representam um investimento de R$ 33 milh\u00f5es, em parceria com o Governo Federal. A tecnologia come\u00e7a a funcionar, inicialmente, na regi\u00e3o metropolitana de Jo\u00e3o Pessoa, proporcionando \u00e0s Pol\u00edcias Civil, Militar, Corpo de Bombeiros, Sistema Penitenci\u00e1rio e Departamento Estadual de Tr\u00e2nsito (Detran) uma comunica\u00e7\u00e3o segura e de qualidade. A vice-governadora L\u00edgia Feliciano, auxiliares do Governo, deputados estaduais e representantes da \u00e1rea da seguran\u00e7a participaram do evento.<\/p>\n<p>Na ocasi\u00e3o, o governador lembrou que o sistema representa um avan\u00e7o essencial para o desempenho do trabalho das for\u00e7as de seguran\u00e7a que ter\u00e3o mais rapidez na informa\u00e7\u00e3o e nos resultados. \u0093Esse \u00e9 um passo importante para a seguran\u00e7a da Para\u00edba, sa\u00edmos de uma esp\u00e9cie de Lambreta para uma Ferrari. Estamos qualificando a seguran\u00e7a atrav\u00e9s do sistema de r\u00e1dio comunica\u00e7\u00e3o digital com uma das melhores tecnologias existentes no mundo. Esta \u00e9 a primeira etapa que vai interligar cerca de 20 munic\u00edpios da regi\u00e3o metropolitana de Jo\u00e3o Pessoa. Isso vai possibilitar respostas mais r\u00e1pidas por parte da seguran\u00e7a p\u00fablica em fun\u00e7\u00e3o da cobertura do sistema. A Para\u00edba n\u00e3o tinha nenhuma cobertura segura, com este sistema 97% do Estado ser\u00e1 alcan\u00e7ado pela tecnologia\u0094, ressaltou.<\/p>\n<p>Ricardo ainda destacou a relev\u00e2ncia da assinatura do protocolo para a implanta\u00e7\u00e3o de um Laborat\u00f3rio de Solu\u00e7\u00f5es Inteligentes voltado para a seguran\u00e7a. &#8220;Foi um pedido aceito pela empresa que ganhou a licita\u00e7\u00e3o, a Motorola, para trazer para a Para\u00edba um laborat\u00f3rio onde ser\u00e3o permanentemente produzidas solu\u00e7\u00f5es inteligentes em tecnologia para a \u00e1rea de seguran\u00e7a. Isso vai servir para a Para\u00edba e creio que para o Brasil&#8221;, observou.<\/p>\n<p>O representante da Motorola Solutions Brasil, Alexandre Giarola, explicou que a tecnologia permite o desenvolvimento de diversas aplica\u00e7\u00f5es, como a utiliza\u00e7\u00e3o de GPS, dispondo da localiza\u00e7\u00e3o exata dos terminais. &#8220;A Para\u00edba ter\u00e1 em torno de 97% de cobertura, imune a interfer\u00eancia, o que vai permitir um servi\u00e7o de alta qualidade, integrando as for\u00e7as e possibilitando uma coordena\u00e7\u00e3o centralizada e uma melhoria no atendimento a popula\u00e7\u00e3o. O Governo do Estado est\u00e1 de parab\u00e9ns por implantar essa tecnologia na Para\u00edba&#8221;, disse.<\/p>\n<p>O sistema permite radiocomunica\u00e7\u00e3o criptografada, com 40 pontos de repeti\u00e7\u00e3o, capaz de oferecer um sinal de qualidade e com alta disponibilidade para os \u00f3rg\u00e3os operativos de Seguran\u00e7a P\u00fablica. Ao todo, ser\u00e3o entregues mais de 5.600 r\u00e1dios, sendo 4 mil port\u00e1teis, 1.300 m\u00f3veis e 332 fixos, com capacidade de expans\u00e3o e uma tecnologia digital que permite fornecer localiza\u00e7\u00f5es exatas.<\/p>\n<p>De acordo com o secret\u00e1rio da Seguran\u00e7a e Defesa Social, Cl\u00e1udio Lima, a pol\u00edcia recebe do Governo do Estado um dos investimentos mais importantes porque se trata de uma a\u00e7\u00e3o estrat\u00e9gica essencial. &#8220;Este tipo de sistema \u00e9 utilizado com \u00eaxito em pa\u00edses como Alemanha e Fran\u00e7a. Esses r\u00e1dios digitais v\u00e3o funcionar com seguran\u00e7a e muitas fun\u00e7\u00f5es que v\u00e3o ajudar a pol\u00edcia no enfrentamento da criminalidade. Tenho certeza que para todos que fazem a seguran\u00e7a do nosso Estado esta a\u00e7\u00e3o \u00e9 essencial. Nesta primeira etapa est\u00e1 sendo entregue a infraestrutura necess\u00e1ria para o funcionamento do sistema e cerca de 1500 r\u00e1dios digitais&#8221;, afirmou.<\/p>\n<p>\u0093Com estes r\u00e1dios digitais podemos nos comunicar rapidamente com v\u00e1rias cidades, j\u00e1 nessa primeira etapa e, em breve, com toda a Para\u00edba. A utiliza\u00e7\u00e3o de tecnologias avan\u00e7adas contribui para o nosso trabalho e a para a promo\u00e7\u00e3o da paz social\u0094, disse o comandante geral da Pol\u00edcia Militar, coronel Euller Chaves.<\/p>\n<p>O comandante geral do Corpo de Bombeiros, coronel Jair Carneiro, lembrou que este sistema vem refor\u00e7ar a relev\u00e2ncia da integra\u00e7\u00e3o das for\u00e7as de seguran\u00e7a do Estado. &#8220;\u00c9 um momento hist\u00f3rico para as for\u00e7as de seguran\u00e7a da Para\u00edba. A integra\u00e7\u00e3o dos \u00f3rg\u00e3os de seguran\u00e7a \u00e9 fundamental e este sistema vem somar e contribuir para o melhor desempenho do nosso trabalho&#8221;, comentou.<\/p>\n<p>O delegado geral adjunto da Pol\u00edcia Civil, Isaias Gualberto, tamb\u00e9m ressaltou a import\u00e2ncia da aquisi\u00e7\u00e3o desse novo sistema para o trabalho da seguran\u00e7a. &#8220;A comunica\u00e7\u00e3o deste sistema \u00e9 toda criptografada, o que impede o acesso de criminosos a informa\u00e7\u00f5es, tornando mais seguras as a\u00e7\u00f5es e investiga\u00e7\u00f5es em curso no nosso Estado. Estamos bem \u00e0 frente de outros estados em rela\u00e7\u00e3o ao uso dessa tecnologia para as for\u00e7as de seguran\u00e7a&#8221;, frisou.  <\/p>\n<div class=\"row\" align=\"center\"><\/div>\n<\/div>\n","protected":false},"excerpt":{"rendered":"<p>O governador Ricardo Coutinho entregou, nesta segunda-feira (19), equipamentos que fazem parte da primeira etapa de implanta\u00e7\u00e3o do sistema de<\/p>\n","protected":false},"author":1,"featured_media":16900,"comment_status":"closed","ping_status":"closed","sticky":false,"template":"","format":"standard","meta":{"_exactmetrics_skip_tracking":false,"_exactmetrics_sitenote_active":false,"_exactmetrics_sitenote_note":"","_exactmetrics_sitenote_category":0,"footnotes":""},"categories":[7],"tags":[],"yoast_head":"<!-- This site is optimized with the Yoast SEO plugin v22.0 - https:\/\/yoast.com\/wordpress\/plugins\/seo\/ -->\n<title>Governo entrega sistema de r\u00e1dio digital para Seguran\u00e7a P\u00fablica - Pol\u00edcia Militar da Para\u00edba<\/title>\n<meta name=\"robots\" content=\"index, follow, max-snippet:-1, max-image-preview:large, max-video-preview:-1\" \/>\n<link rel=\"canonical\" href=\"https:\/\/www.pm.pb.gov.br\/portal\/2017\/06\/19\/governo_entrega_sistema_de_radio_digital_para_seguranca_publica\/\" \/>\n<meta property=\"og:locale\" content=\"pt_BR\" \/>\n<meta property=\"og:type\" content=\"article\" \/>\n<meta property=\"og:title\" content=\"Governo entrega sistema de r\u00e1dio digital para Seguran\u00e7a P\u00fablica - Pol\u00edcia Militar da Para\u00edba\" \/>\n<meta property=\"og:description\" content=\"O governador Ricardo Coutinho entregou, nesta segunda-feira (19), equipamentos que fazem parte da primeira etapa de implanta\u00e7\u00e3o do sistema de\" \/>\n<meta property=\"og:url\" content=\"https:\/\/www.pm.pb.gov.br\/portal\/2017\/06\/19\/governo_entrega_sistema_de_radio_digital_para_seguranca_publica\/\" \/>\n<meta property=\"og:site_name\" content=\"Pol\u00edcia Militar da Para\u00edba\" \/>\n<meta property=\"article:published_time\" content=\"2017-06-19T19:06:15+00:00\" \/>\n<meta property=\"og:image\" content=\"https:\/\/www.pm.pb.gov.br\/portal\/wp-content\/uploads\/2017\/06\/11970_16900.jpg\" \/>\n\t<meta property=\"og:image:width\" content=\"620\" \/>\n\t<meta property=\"og:image:height\" content=\"413\" \/>\n\t<meta property=\"og:image:type\" content=\"image\/jpeg\" \/>\n<meta name=\"author\" content=\"EM\/8\" \/>\n<meta name=\"twitter:card\" content=\"summary_large_image\" \/>\n<meta name=\"twitter:label1\" content=\"Escrito por\" \/>\n\t<meta name=\"twitter:data1\" content=\"EM\/8\" \/>\n\t<meta name=\"twitter:label2\" content=\"Est. tempo de leitura\" \/>\n\t<meta name=\"twitter:data2\" content=\"4 minutos\" \/>\n<script type=\"application\/ld+json\" class=\"yoast-schema-graph\">{\"@context\":\"https:\/\/schema.org\",\"@graph\":[{\"@type\":\"Article\",\"@id\":\"https:\/\/www.pm.pb.gov.br\/portal\/2017\/06\/19\/governo_entrega_sistema_de_radio_digital_para_seguranca_publica\/#article\",\"isPartOf\":{\"@id\":\"https:\/\/www.pm.pb.gov.br\/portal\/2017\/06\/19\/governo_entrega_sistema_de_radio_digital_para_seguranca_publica\/\"},\"author\":{\"name\":\"EM\/8\",\"@id\":\"https:\/\/www.pm.pb.gov.br\/portal\/#\/schema\/person\/ec1d6724f7dbfbd3243ffc265db8cfbb\"},\"headline\":\"Governo entrega sistema de r\u00e1dio digital para Seguran\u00e7a P\u00fablica\",\"datePublished\":\"2017-06-19T19:06:15+00:00\",\"dateModified\":\"2017-06-19T19:06:15+00:00\",\"mainEntityOfPage\":{\"@id\":\"https:\/\/www.pm.pb.gov.br\/portal\/2017\/06\/19\/governo_entrega_sistema_de_radio_digital_para_seguranca_publica\/\"},\"wordCount\":904,\"publisher\":{\"@id\":\"https:\/\/www.pm.pb.gov.br\/portal\/#organization\"},\"articleSection\":[\"Desenvolvimento e Tecnologia\"],\"inLanguage\":\"pt-BR\"},{\"@type\":\"WebPage\",\"@id\":\"https:\/\/www.pm.pb.gov.br\/portal\/2017\/06\/19\/governo_entrega_sistema_de_radio_digital_para_seguranca_publica\/\",\"url\":\"https:\/\/www.pm.pb.gov.br\/portal\/2017\/06\/19\/governo_entrega_sistema_de_radio_digital_para_seguranca_publica\/\",\"name\":\"Governo entrega sistema de r\u00e1dio digital para Seguran\u00e7a P\u00fablica - Pol\u00edcia Militar da Para\u00edba\",\"isPartOf\":{\"@id\":\"https:\/\/www.pm.pb.gov.br\/portal\/#website\"},\"datePublished\":\"2017-06-19T19:06:15+00:00\",\"dateModified\":\"2017-06-19T19:06:15+00:00\",\"breadcrumb\":{\"@id\":\"https:\/\/www.pm.pb.gov.br\/portal\/2017\/06\/19\/governo_entrega_sistema_de_radio_digital_para_seguranca_publica\/#breadcrumb\"},\"inLanguage\":\"pt-BR\",\"potentialAction\":[{\"@type\":\"ReadAction\",\"target\":[\"https:\/\/www.pm.pb.gov.br\/portal\/2017\/06\/19\/governo_entrega_sistema_de_radio_digital_para_seguranca_publica\/\"]}]},{\"@type\":\"BreadcrumbList\",\"@id\":\"https:\/\/www.pm.pb.gov.br\/portal\/2017\/06\/19\/governo_entrega_sistema_de_radio_digital_para_seguranca_publica\/#breadcrumb\",\"itemListElement\":[{\"@type\":\"ListItem\",\"position\":1,\"name\":\"In\u00edcio\",\"item\":\"https:\/\/www.pm.pb.gov.br\/portal\/\"},{\"@type\":\"ListItem\",\"position\":2,\"name\":\"Governo entrega sistema de r\u00e1dio digital para Seguran\u00e7a P\u00fablica\"}]},{\"@type\":\"WebSite\",\"@id\":\"https:\/\/www.pm.pb.gov.br\/portal\/#website\",\"url\":\"https:\/\/www.pm.pb.gov.br\/portal\/\",\"name\":\"Pol\u00edcia Militar da Para\u00edba\",\"description\":\"\",\"publisher\":{\"@id\":\"https:\/\/www.pm.pb.gov.br\/portal\/#organization\"},\"potentialAction\":[{\"@type\":\"SearchAction\",\"target\":{\"@type\":\"EntryPoint\",\"urlTemplate\":\"https:\/\/www.pm.pb.gov.br\/portal\/?s={search_term_string}\"},\"query-input\":\"required name=search_term_string\"}],\"inLanguage\":\"pt-BR\"},{\"@type\":\"Organization\",\"@id\":\"https:\/\/www.pm.pb.gov.br\/portal\/#organization\",\"name\":\"Pol\u00edcia Militar da Para\u00edba\",\"url\":\"https:\/\/www.pm.pb.gov.br\/portal\/\",\"logo\":{\"@type\":\"ImageObject\",\"inLanguage\":\"pt-BR\",\"@id\":\"https:\/\/www.pm.pb.gov.br\/portal\/#\/schema\/logo\/image\/\",\"url\":\"https:\/\/www.pm.pb.gov.br\/portal\/wp-content\/uploads\/2025\/03\/cropped-logo-site-mag2-1.png\",\"contentUrl\":\"https:\/\/www.pm.pb.gov.br\/portal\/wp-content\/uploads\/2025\/03\/cropped-logo-site-mag2-1.png\",\"width\":320,\"height\":90,\"caption\":\"Pol\u00edcia Militar da Para\u00edba\"},\"image\":{\"@id\":\"https:\/\/www.pm.pb.gov.br\/portal\/#\/schema\/logo\/image\/\"}},{\"@type\":\"Person\",\"@id\":\"https:\/\/www.pm.pb.gov.br\/portal\/#\/schema\/person\/ec1d6724f7dbfbd3243ffc265db8cfbb\",\"name\":\"EM\/8\",\"image\":{\"@type\":\"ImageObject\",\"inLanguage\":\"pt-BR\",\"@id\":\"https:\/\/www.pm.pb.gov.br\/portal\/#\/schema\/person\/image\/\",\"url\":\"https:\/\/secure.gravatar.com\/avatar\/8ab87c0c985ae98cf4b13df0f7e378df?s=96&d=mm&r=g\",\"contentUrl\":\"https:\/\/secure.gravatar.com\/avatar\/8ab87c0c985ae98cf4b13df0f7e378df?s=96&d=mm&r=g\",\"caption\":\"EM\/8\"},\"url\":\"https:\/\/www.pm.pb.gov.br\/portal\/author\/em8admin\/\"}]}<\/script>\n<!-- \/ Yoast SEO plugin. -->","yoast_head_json":{"title":"Governo entrega sistema de r\u00e1dio digital para Seguran\u00e7a P\u00fablica - Pol\u00edcia Militar da Para\u00edba","robots":{"index":"index","follow":"follow","max-snippet":"max-snippet:-1","max-image-preview":"max-image-preview:large","max-video-preview":"max-video-preview:-1"},"canonical":"https:\/\/www.pm.pb.gov.br\/portal\/2017\/06\/19\/governo_entrega_sistema_de_radio_digital_para_seguranca_publica\/","og_locale":"pt_BR","og_type":"article","og_title":"Governo entrega sistema de r\u00e1dio digital para Seguran\u00e7a P\u00fablica - Pol\u00edcia Militar da Para\u00edba","og_description":"O governador Ricardo Coutinho entregou, nesta segunda-feira (19), equipamentos que fazem parte da primeira etapa de implanta\u00e7\u00e3o do sistema de","og_url":"https:\/\/www.pm.pb.gov.br\/portal\/2017\/06\/19\/governo_entrega_sistema_de_radio_digital_para_seguranca_publica\/","og_site_name":"Pol\u00edcia Militar da Para\u00edba","article_published_time":"2017-06-19T19:06:15+00:00","og_image":[{"width":620,"height":413,"url":"https:\/\/www.pm.pb.gov.br\/portal\/wp-content\/uploads\/2017\/06\/11970_16900.jpg","type":"image\/jpeg"}],"author":"EM\/8","twitter_card":"summary_large_image","twitter_misc":{"Escrito por":"EM\/8","Est. tempo de leitura":"4 minutos"},"schema":{"@context":"https:\/\/schema.org","@graph":[{"@type":"Article","@id":"https:\/\/www.pm.pb.gov.br\/portal\/2017\/06\/19\/governo_entrega_sistema_de_radio_digital_para_seguranca_publica\/#article","isPartOf":{"@id":"https:\/\/www.pm.pb.gov.br\/portal\/2017\/06\/19\/governo_entrega_sistema_de_radio_digital_para_seguranca_publica\/"},"author":{"name":"EM\/8","@id":"https:\/\/www.pm.pb.gov.br\/portal\/#\/schema\/person\/ec1d6724f7dbfbd3243ffc265db8cfbb"},"headline":"Governo entrega sistema de r\u00e1dio digital para Seguran\u00e7a P\u00fablica","datePublished":"2017-06-19T19:06:15+00:00","dateModified":"2017-06-19T19:06:15+00:00","mainEntityOfPage":{"@id":"https:\/\/www.pm.pb.gov.br\/portal\/2017\/06\/19\/governo_entrega_sistema_de_radio_digital_para_seguranca_publica\/"},"wordCount":904,"publisher":{"@id":"https:\/\/www.pm.pb.gov.br\/portal\/#organization"},"articleSection":["Desenvolvimento e Tecnologia"],"inLanguage":"pt-BR"},{"@type":"WebPage","@id":"https:\/\/www.pm.pb.gov.br\/portal\/2017\/06\/19\/governo_entrega_sistema_de_radio_digital_para_seguranca_publica\/","url":"https:\/\/www.pm.pb.gov.br\/portal\/2017\/06\/19\/governo_entrega_sistema_de_radio_digital_para_seguranca_publica\/","name":"Governo entrega sistema de r\u00e1dio digital para Seguran\u00e7a P\u00fablica - Pol\u00edcia Militar da Para\u00edba","isPartOf":{"@id":"https:\/\/www.pm.pb.gov.br\/portal\/#website"},"datePublished":"2017-06-19T19:06:15+00:00","dateModified":"2017-06-19T19:06:15+00:00","breadcrumb":{"@id":"https:\/\/www.pm.pb.gov.br\/portal\/2017\/06\/19\/governo_entrega_sistema_de_radio_digital_para_seguranca_publica\/#breadcrumb"},"inLanguage":"pt-BR","potentialAction":[{"@type":"ReadAction","target":["https:\/\/www.pm.pb.gov.br\/portal\/2017\/06\/19\/governo_entrega_sistema_de_radio_digital_para_seguranca_publica\/"]}]},{"@type":"BreadcrumbList","@id":"https:\/\/www.pm.pb.gov.br\/portal\/2017\/06\/19\/governo_entrega_sistema_de_radio_digital_para_seguranca_publica\/#breadcrumb","itemListElement":[{"@type":"ListItem","position":1,"name":"In\u00edcio","item":"https:\/\/www.pm.pb.gov.br\/portal\/"},{"@type":"ListItem","position":2,"name":"Governo entrega sistema de r\u00e1dio digital para Seguran\u00e7a P\u00fablica"}]},{"@type":"WebSite","@id":"https:\/\/www.pm.pb.gov.br\/portal\/#website","url":"https:\/\/www.pm.pb.gov.br\/portal\/","name":"Pol\u00edcia Militar da Para\u00edba","description":"","publisher":{"@id":"https:\/\/www.pm.pb.gov.br\/portal\/#organization"},"potentialAction":[{"@type":"SearchAction","target":{"@type":"EntryPoint","urlTemplate":"https:\/\/www.pm.pb.gov.br\/portal\/?s={search_term_string}"},"query-input":"required name=search_term_string"}],"inLanguage":"pt-BR"},{"@type":"Organization","@id":"https:\/\/www.pm.pb.gov.br\/portal\/#organization","name":"Pol\u00edcia Militar da Para\u00edba","url":"https:\/\/www.pm.pb.gov.br\/portal\/","logo":{"@type":"ImageObject","inLanguage":"pt-BR","@id":"https:\/\/www.pm.pb.gov.br\/portal\/#\/schema\/logo\/image\/","url":"https:\/\/www.pm.pb.gov.br\/portal\/wp-content\/uploads\/2025\/03\/cropped-logo-site-mag2-1.png","contentUrl":"https:\/\/www.pm.pb.gov.br\/portal\/wp-content\/uploads\/2025\/03\/cropped-logo-site-mag2-1.png","width":320,"height":90,"caption":"Pol\u00edcia Militar da Para\u00edba"},"image":{"@id":"https:\/\/www.pm.pb.gov.br\/portal\/#\/schema\/logo\/image\/"}},{"@type":"Person","@id":"https:\/\/www.pm.pb.gov.br\/portal\/#\/schema\/person\/ec1d6724f7dbfbd3243ffc265db8cfbb","name":"EM\/8","image":{"@type":"ImageObject","inLanguage":"pt-BR","@id":"https:\/\/www.pm.pb.gov.br\/portal\/#\/schema\/person\/image\/","url":"https:\/\/secure.gravatar.com\/avatar\/8ab87c0c985ae98cf4b13df0f7e378df?s=96&d=mm&r=g","contentUrl":"https:\/\/secure.gravatar.com\/avatar\/8ab87c0c985ae98cf4b13df0f7e378df?s=96&d=mm&r=g","caption":"EM\/8"},"url":"https:\/\/www.pm.pb.gov.br\/portal\/author\/em8admin\/"}]}},"_links":{"self":[{"href":"https:\/\/www.pm.pb.gov.br\/portal\/wp-json\/wp\/v2\/posts\/894686"}],"collection":[{"href":"https:\/\/www.pm.pb.gov.br\/portal\/wp-json\/wp\/v2\/posts"}],"about":[{"href":"https:\/\/www.pm.pb.gov.br\/portal\/wp-json\/wp\/v2\/types\/post"}],"author":[{"embeddable":true,"href":"https:\/\/www.pm.pb.gov.br\/portal\/wp-json\/wp\/v2\/users\/1"}],"replies":[{"embeddable":true,"href":"https:\/\/www.pm.pb.gov.br\/portal\/wp-json\/wp\/v2\/comments?post=894686"}],"version-history":[{"count":0,"href":"https:\/\/www.pm.pb.gov.br\/portal\/wp-json\/wp\/v2\/posts\/894686\/revisions"}],"wp:featuredmedia":[{"embeddable":true,"href":"https:\/\/www.pm.pb.gov.br\/portal\/wp-json\/wp\/v2\/media\/16900"}],"wp:attachment":[{"href":"https:\/\/www.pm.pb.gov.br\/portal\/wp-json\/wp\/v2\/media?parent=894686"}],"wp:term":[{"taxonomy":"category","embeddable":true,"href":"https:\/\/www.pm.pb.gov.br\/portal\/wp-json\/wp\/v2\/categories?post=894686"},{"taxonomy":"post_tag","embeddable":true,"href":"https:\/\/www.pm.pb.gov.br\/portal\/wp-json\/wp\/v2\/tags?post=894686"}],"curies":[{"name":"wp","href":"https:\/\/api.w.org\/{rel}","templated":true}]}}