{"id":892883,"date":"2014-12-22T09:12:05","date_gmt":"2014-12-22T12:12:05","guid":{"rendered":"http:\/\/www.pm.pb.gov.br\/portal\/2014\/12\/bope_prende_suspeitos_de_invadir_casa_em_campina_grande\/"},"modified":"2014-12-22T09:12:05","modified_gmt":"2014-12-22T12:12:05","slug":"bope_prende_suspeitos_de_invadir_casa_em_campina_grande","status":"publish","type":"post","link":"https:\/\/www.pm.pb.gov.br\/portal\/2014\/12\/22\/bope_prende_suspeitos_de_invadir_casa_em_campina_grande\/","title":{"rendered":"Bope prende suspeitos de invadir casa em Campina Grande"},"content":{"rendered":"<figure style=\"width: 500px\" class=\"wp-caption alignnone\"><img decoding=\"async\" class=\"alignnone size-medium\" src=\"http:\/\/www.pm.pb.gov.br\/portal\/wp-content\/uploads\/2014\/12\/9675_13286.jpg\" title=\"Foto ilustrativa\" width=\"100%\" \/><figcaption class=\"wp-caption-text\">Foto ilustrativa<\/figcaption><\/figure>\n<div style=\"text-align: justify;\">Policiais do Batalh\u00e3o de Opera\u00e7\u00f5es Especiais (Bope) da Pol\u00edcia Militar prenderam em flagrante, na noite dessa sexta-feira (19), tr\u00eas suspeitos de invadirem uma casa, no bairro do Mirante, em Campina Grande. Welington Guedes da Silva, de 25 anos; Bruno Aguiar dos Santos, 19; e Carlos Alexandre Pereira de Souza, 24 anos, foram presos minutos ap\u00f3s o crime e com eles recuperados v\u00e1rios objetos roubados.<\/p>\n<p>De acordo com o tenente Thiago Feitosa, que comandou a a\u00e7\u00e3o, assim que souberam do roubo, os policiais foram at\u00e9 o local e pegaram as caracter\u00edsticas dos suspeitos. Durante as dilig\u00eancias, dois deles foram interceptados em uma moto e outro preso pr\u00f3ximo \u00e0 resid\u00eancia roubada. Um quarto acusado conseguiu fugir. Com o trio foi apreendida a arma utilizada no assalto e recuperados aparelhos eletroeletr\u00f4nicos, al\u00e9m de joias e outros objetos das v\u00edtimas.<\/p>\n<p>Os presos foram apresentados na Central da Pol\u00edcia Civil e autuados por roubo.<\/p>\n<p>Em Monteiro \u0096 Policiais do 11\u00ba Batalh\u00e3o apreenderam uma espingarda depois de abordar um carro, durante rondas realizadas na cidade. O ve\u00edculo estava em um local escuro e dentro dele ainda foram encontradas uma faca e um fac\u00e3o. O condutor do carro, Luciano Jos\u00e9 Marinho dos Santos, de 26 anos, foi levado juntamente com o material apreendido para a Delegacia da Pol\u00edcia Civil.<\/p>\n<div class=\"row\" align=\"center\"><\/div>\n<\/div>\n","protected":false},"excerpt":{"rendered":"<p>Policiais do Batalh\u00e3o de Opera\u00e7\u00f5es Especiais (Bope) da Pol\u00edcia Militar prenderam em flagrante, na noite dessa sexta-feira (19), tr\u00eas suspeitos<\/p>\n","protected":false},"author":5,"featured_media":13286,"comment_status":"closed","ping_status":"closed","sticky":false,"template":"","format":"standard","meta":{"_exactmetrics_skip_tracking":false,"_exactmetrics_sitenote_active":false,"_exactmetrics_sitenote_note":"","_exactmetrics_sitenote_category":0,"footnotes":""},"categories":[4],"tags":[],"yoast_head":"<!-- This site is optimized with the Yoast SEO plugin v22.0 - https:\/\/yoast.com\/wordpress\/plugins\/seo\/ -->\n<title>Bope prende suspeitos de invadir casa em Campina Grande - Pol\u00edcia Militar da Para\u00edba<\/title>\n<meta name=\"robots\" content=\"index, follow, max-snippet:-1, max-image-preview:large, max-video-preview:-1\" \/>\n<link rel=\"canonical\" href=\"https:\/\/www.pm.pb.gov.br\/portal\/2014\/12\/22\/bope_prende_suspeitos_de_invadir_casa_em_campina_grande\/\" \/>\n<meta property=\"og:locale\" content=\"pt_BR\" \/>\n<meta property=\"og:type\" content=\"article\" \/>\n<meta property=\"og:title\" content=\"Bope prende suspeitos de invadir casa em Campina Grande - Pol\u00edcia Militar da Para\u00edba\" \/>\n<meta property=\"og:description\" content=\"Policiais do Batalh\u00e3o de Opera\u00e7\u00f5es Especiais (Bope) da Pol\u00edcia Militar prenderam em flagrante, na noite dessa sexta-feira (19), tr\u00eas suspeitos\" \/>\n<meta property=\"og:url\" content=\"https:\/\/www.pm.pb.gov.br\/portal\/2014\/12\/22\/bope_prende_suspeitos_de_invadir_casa_em_campina_grande\/\" \/>\n<meta property=\"og:site_name\" content=\"Pol\u00edcia Militar da Para\u00edba\" \/>\n<meta property=\"article:published_time\" content=\"2014-12-22T12:12:05+00:00\" \/>\n<meta property=\"og:image\" content=\"https:\/\/www.pm.pb.gov.br\/portal\/wp-content\/uploads\/2014\/12\/9675_13286.jpg\" \/>\n\t<meta property=\"og:image:width\" content=\"620\" \/>\n\t<meta property=\"og:image:height\" content=\"459\" \/>\n\t<meta property=\"og:image:type\" content=\"image\/jpeg\" \/>\n<meta name=\"author\" content=\"Assessoria de Imprensa da PMPB\" \/>\n<meta name=\"twitter:card\" content=\"summary_large_image\" \/>\n<meta name=\"twitter:label1\" content=\"Escrito por\" \/>\n\t<meta name=\"twitter:data1\" content=\"Assessoria de Imprensa da PMPB\" \/>\n\t<meta name=\"twitter:label2\" content=\"Est. tempo de leitura\" \/>\n\t<meta name=\"twitter:data2\" content=\"1 minuto\" \/>\n<script type=\"application\/ld+json\" class=\"yoast-schema-graph\">{\"@context\":\"https:\/\/schema.org\",\"@graph\":[{\"@type\":\"Article\",\"@id\":\"https:\/\/www.pm.pb.gov.br\/portal\/2014\/12\/22\/bope_prende_suspeitos_de_invadir_casa_em_campina_grande\/#article\",\"isPartOf\":{\"@id\":\"https:\/\/www.pm.pb.gov.br\/portal\/2014\/12\/22\/bope_prende_suspeitos_de_invadir_casa_em_campina_grande\/\"},\"author\":{\"name\":\"Assessoria de Imprensa da PMPB\",\"@id\":\"https:\/\/www.pm.pb.gov.br\/portal\/#\/schema\/person\/e8454f46651c3ecf0e1ba3c1666d9947\"},\"headline\":\"Bope prende suspeitos de invadir casa em Campina Grande\",\"datePublished\":\"2014-12-22T12:12:05+00:00\",\"dateModified\":\"2014-12-22T12:12:05+00:00\",\"mainEntityOfPage\":{\"@id\":\"https:\/\/www.pm.pb.gov.br\/portal\/2014\/12\/22\/bope_prende_suspeitos_de_invadir_casa_em_campina_grande\/\"},\"wordCount\":240,\"publisher\":{\"@id\":\"https:\/\/www.pm.pb.gov.br\/portal\/#organization\"},\"articleSection\":[\"A\u00e7\u00f5es Policiais\"],\"inLanguage\":\"pt-BR\"},{\"@type\":\"WebPage\",\"@id\":\"https:\/\/www.pm.pb.gov.br\/portal\/2014\/12\/22\/bope_prende_suspeitos_de_invadir_casa_em_campina_grande\/\",\"url\":\"https:\/\/www.pm.pb.gov.br\/portal\/2014\/12\/22\/bope_prende_suspeitos_de_invadir_casa_em_campina_grande\/\",\"name\":\"Bope prende suspeitos de invadir casa em Campina Grande - Pol\u00edcia Militar da Para\u00edba\",\"isPartOf\":{\"@id\":\"https:\/\/www.pm.pb.gov.br\/portal\/#website\"},\"datePublished\":\"2014-12-22T12:12:05+00:00\",\"dateModified\":\"2014-12-22T12:12:05+00:00\",\"breadcrumb\":{\"@id\":\"https:\/\/www.pm.pb.gov.br\/portal\/2014\/12\/22\/bope_prende_suspeitos_de_invadir_casa_em_campina_grande\/#breadcrumb\"},\"inLanguage\":\"pt-BR\",\"potentialAction\":[{\"@type\":\"ReadAction\",\"target\":[\"https:\/\/www.pm.pb.gov.br\/portal\/2014\/12\/22\/bope_prende_suspeitos_de_invadir_casa_em_campina_grande\/\"]}]},{\"@type\":\"BreadcrumbList\",\"@id\":\"https:\/\/www.pm.pb.gov.br\/portal\/2014\/12\/22\/bope_prende_suspeitos_de_invadir_casa_em_campina_grande\/#breadcrumb\",\"itemListElement\":[{\"@type\":\"ListItem\",\"position\":1,\"name\":\"In\u00edcio\",\"item\":\"https:\/\/www.pm.pb.gov.br\/portal\/\"},{\"@type\":\"ListItem\",\"position\":2,\"name\":\"Bope prende suspeitos de invadir casa em Campina Grande\"}]},{\"@type\":\"WebSite\",\"@id\":\"https:\/\/www.pm.pb.gov.br\/portal\/#website\",\"url\":\"https:\/\/www.pm.pb.gov.br\/portal\/\",\"name\":\"Pol\u00edcia Militar da Para\u00edba\",\"description\":\"\",\"publisher\":{\"@id\":\"https:\/\/www.pm.pb.gov.br\/portal\/#organization\"},\"potentialAction\":[{\"@type\":\"SearchAction\",\"target\":{\"@type\":\"EntryPoint\",\"urlTemplate\":\"https:\/\/www.pm.pb.gov.br\/portal\/?s={search_term_string}\"},\"query-input\":\"required name=search_term_string\"}],\"inLanguage\":\"pt-BR\"},{\"@type\":\"Organization\",\"@id\":\"https:\/\/www.pm.pb.gov.br\/portal\/#organization\",\"name\":\"Pol\u00edcia Militar da Para\u00edba\",\"url\":\"https:\/\/www.pm.pb.gov.br\/portal\/\",\"logo\":{\"@type\":\"ImageObject\",\"inLanguage\":\"pt-BR\",\"@id\":\"https:\/\/www.pm.pb.gov.br\/portal\/#\/schema\/logo\/image\/\",\"url\":\"https:\/\/www.pm.pb.gov.br\/portal\/wp-content\/uploads\/2025\/03\/cropped-logo-site-mag2-1.png\",\"contentUrl\":\"https:\/\/www.pm.pb.gov.br\/portal\/wp-content\/uploads\/2025\/03\/cropped-logo-site-mag2-1.png\",\"width\":320,\"height\":90,\"caption\":\"Pol\u00edcia Militar da Para\u00edba\"},\"image\":{\"@id\":\"https:\/\/www.pm.pb.gov.br\/portal\/#\/schema\/logo\/image\/\"}},{\"@type\":\"Person\",\"@id\":\"https:\/\/www.pm.pb.gov.br\/portal\/#\/schema\/person\/e8454f46651c3ecf0e1ba3c1666d9947\",\"name\":\"Assessoria de Imprensa da PMPB\",\"image\":{\"@type\":\"ImageObject\",\"inLanguage\":\"pt-BR\",\"@id\":\"https:\/\/www.pm.pb.gov.br\/portal\/#\/schema\/person\/image\/\",\"url\":\"https:\/\/secure.gravatar.com\/avatar\/2efe197438265d1e90bd98c4c8e1acf8?s=96&d=mm&r=g\",\"contentUrl\":\"https:\/\/secure.gravatar.com\/avatar\/2efe197438265d1e90bd98c4c8e1acf8?s=96&d=mm&r=g\",\"caption\":\"Assessoria de Imprensa da PMPB\"},\"url\":\"https:\/\/www.pm.pb.gov.br\/portal\/author\/assessoria\/\"}]}<\/script>\n<!-- \/ Yoast SEO plugin. -->","yoast_head_json":{"title":"Bope prende suspeitos de invadir casa em Campina Grande - Pol\u00edcia Militar da Para\u00edba","robots":{"index":"index","follow":"follow","max-snippet":"max-snippet:-1","max-image-preview":"max-image-preview:large","max-video-preview":"max-video-preview:-1"},"canonical":"https:\/\/www.pm.pb.gov.br\/portal\/2014\/12\/22\/bope_prende_suspeitos_de_invadir_casa_em_campina_grande\/","og_locale":"pt_BR","og_type":"article","og_title":"Bope prende suspeitos de invadir casa em Campina Grande - Pol\u00edcia Militar da Para\u00edba","og_description":"Policiais do Batalh\u00e3o de Opera\u00e7\u00f5es Especiais (Bope) da Pol\u00edcia Militar prenderam em flagrante, na noite dessa sexta-feira (19), tr\u00eas suspeitos","og_url":"https:\/\/www.pm.pb.gov.br\/portal\/2014\/12\/22\/bope_prende_suspeitos_de_invadir_casa_em_campina_grande\/","og_site_name":"Pol\u00edcia Militar da Para\u00edba","article_published_time":"2014-12-22T12:12:05+00:00","og_image":[{"width":620,"height":459,"url":"https:\/\/www.pm.pb.gov.br\/portal\/wp-content\/uploads\/2014\/12\/9675_13286.jpg","type":"image\/jpeg"}],"author":"Assessoria de Imprensa da PMPB","twitter_card":"summary_large_image","twitter_misc":{"Escrito por":"Assessoria de Imprensa da PMPB","Est. tempo de leitura":"1 minuto"},"schema":{"@context":"https:\/\/schema.org","@graph":[{"@type":"Article","@id":"https:\/\/www.pm.pb.gov.br\/portal\/2014\/12\/22\/bope_prende_suspeitos_de_invadir_casa_em_campina_grande\/#article","isPartOf":{"@id":"https:\/\/www.pm.pb.gov.br\/portal\/2014\/12\/22\/bope_prende_suspeitos_de_invadir_casa_em_campina_grande\/"},"author":{"name":"Assessoria de Imprensa da PMPB","@id":"https:\/\/www.pm.pb.gov.br\/portal\/#\/schema\/person\/e8454f46651c3ecf0e1ba3c1666d9947"},"headline":"Bope prende suspeitos de invadir casa em Campina Grande","datePublished":"2014-12-22T12:12:05+00:00","dateModified":"2014-12-22T12:12:05+00:00","mainEntityOfPage":{"@id":"https:\/\/www.pm.pb.gov.br\/portal\/2014\/12\/22\/bope_prende_suspeitos_de_invadir_casa_em_campina_grande\/"},"wordCount":240,"publisher":{"@id":"https:\/\/www.pm.pb.gov.br\/portal\/#organization"},"articleSection":["A\u00e7\u00f5es Policiais"],"inLanguage":"pt-BR"},{"@type":"WebPage","@id":"https:\/\/www.pm.pb.gov.br\/portal\/2014\/12\/22\/bope_prende_suspeitos_de_invadir_casa_em_campina_grande\/","url":"https:\/\/www.pm.pb.gov.br\/portal\/2014\/12\/22\/bope_prende_suspeitos_de_invadir_casa_em_campina_grande\/","name":"Bope prende suspeitos de invadir casa em Campina Grande - Pol\u00edcia Militar da Para\u00edba","isPartOf":{"@id":"https:\/\/www.pm.pb.gov.br\/portal\/#website"},"datePublished":"2014-12-22T12:12:05+00:00","dateModified":"2014-12-22T12:12:05+00:00","breadcrumb":{"@id":"https:\/\/www.pm.pb.gov.br\/portal\/2014\/12\/22\/bope_prende_suspeitos_de_invadir_casa_em_campina_grande\/#breadcrumb"},"inLanguage":"pt-BR","potentialAction":[{"@type":"ReadAction","target":["https:\/\/www.pm.pb.gov.br\/portal\/2014\/12\/22\/bope_prende_suspeitos_de_invadir_casa_em_campina_grande\/"]}]},{"@type":"BreadcrumbList","@id":"https:\/\/www.pm.pb.gov.br\/portal\/2014\/12\/22\/bope_prende_suspeitos_de_invadir_casa_em_campina_grande\/#breadcrumb","itemListElement":[{"@type":"ListItem","position":1,"name":"In\u00edcio","item":"https:\/\/www.pm.pb.gov.br\/portal\/"},{"@type":"ListItem","position":2,"name":"Bope prende suspeitos de invadir casa em Campina Grande"}]},{"@type":"WebSite","@id":"https:\/\/www.pm.pb.gov.br\/portal\/#website","url":"https:\/\/www.pm.pb.gov.br\/portal\/","name":"Pol\u00edcia Militar da Para\u00edba","description":"","publisher":{"@id":"https:\/\/www.pm.pb.gov.br\/portal\/#organization"},"potentialAction":[{"@type":"SearchAction","target":{"@type":"EntryPoint","urlTemplate":"https:\/\/www.pm.pb.gov.br\/portal\/?s={search_term_string}"},"query-input":"required name=search_term_string"}],"inLanguage":"pt-BR"},{"@type":"Organization","@id":"https:\/\/www.pm.pb.gov.br\/portal\/#organization","name":"Pol\u00edcia Militar da Para\u00edba","url":"https:\/\/www.pm.pb.gov.br\/portal\/","logo":{"@type":"ImageObject","inLanguage":"pt-BR","@id":"https:\/\/www.pm.pb.gov.br\/portal\/#\/schema\/logo\/image\/","url":"https:\/\/www.pm.pb.gov.br\/portal\/wp-content\/uploads\/2025\/03\/cropped-logo-site-mag2-1.png","contentUrl":"https:\/\/www.pm.pb.gov.br\/portal\/wp-content\/uploads\/2025\/03\/cropped-logo-site-mag2-1.png","width":320,"height":90,"caption":"Pol\u00edcia Militar da Para\u00edba"},"image":{"@id":"https:\/\/www.pm.pb.gov.br\/portal\/#\/schema\/logo\/image\/"}},{"@type":"Person","@id":"https:\/\/www.pm.pb.gov.br\/portal\/#\/schema\/person\/e8454f46651c3ecf0e1ba3c1666d9947","name":"Assessoria de Imprensa da PMPB","image":{"@type":"ImageObject","inLanguage":"pt-BR","@id":"https:\/\/www.pm.pb.gov.br\/portal\/#\/schema\/person\/image\/","url":"https:\/\/secure.gravatar.com\/avatar\/2efe197438265d1e90bd98c4c8e1acf8?s=96&d=mm&r=g","contentUrl":"https:\/\/secure.gravatar.com\/avatar\/2efe197438265d1e90bd98c4c8e1acf8?s=96&d=mm&r=g","caption":"Assessoria de Imprensa da PMPB"},"url":"https:\/\/www.pm.pb.gov.br\/portal\/author\/assessoria\/"}]}},"_links":{"self":[{"href":"https:\/\/www.pm.pb.gov.br\/portal\/wp-json\/wp\/v2\/posts\/892883"}],"collection":[{"href":"https:\/\/www.pm.pb.gov.br\/portal\/wp-json\/wp\/v2\/posts"}],"about":[{"href":"https:\/\/www.pm.pb.gov.br\/portal\/wp-json\/wp\/v2\/types\/post"}],"author":[{"embeddable":true,"href":"https:\/\/www.pm.pb.gov.br\/portal\/wp-json\/wp\/v2\/users\/5"}],"replies":[{"embeddable":true,"href":"https:\/\/www.pm.pb.gov.br\/portal\/wp-json\/wp\/v2\/comments?post=892883"}],"version-history":[{"count":0,"href":"https:\/\/www.pm.pb.gov.br\/portal\/wp-json\/wp\/v2\/posts\/892883\/revisions"}],"wp:featuredmedia":[{"embeddable":true,"href":"https:\/\/www.pm.pb.gov.br\/portal\/wp-json\/wp\/v2\/media\/13286"}],"wp:attachment":[{"href":"https:\/\/www.pm.pb.gov.br\/portal\/wp-json\/wp\/v2\/media?parent=892883"}],"wp:term":[{"taxonomy":"category","embeddable":true,"href":"https:\/\/www.pm.pb.gov.br\/portal\/wp-json\/wp\/v2\/categories?post=892883"},{"taxonomy":"post_tag","embeddable":true,"href":"https:\/\/www.pm.pb.gov.br\/portal\/wp-json\/wp\/v2\/tags?post=892883"}],"curies":[{"name":"wp","href":"https:\/\/api.w.org\/{rel}","templated":true}]}}