{"id":892687,"date":"2014-04-29T09:04:20","date_gmt":"2014-04-29T12:04:20","guid":{"rendered":"http:\/\/www.pm.pb.gov.br\/portal\/2014\/04\/comandante_geral_participa_de_aniversario_do_1_gpte\/"},"modified":"2014-04-29T09:04:20","modified_gmt":"2014-04-29T12:04:20","slug":"comandante_geral_participa_de_aniversario_do_1_gpte","status":"publish","type":"post","link":"https:\/\/www.pm.pb.gov.br\/portal\/2014\/04\/29\/comandante_geral_participa_de_aniversario_do_1_gpte\/","title":{"rendered":"Comandante Geral participa de anivers\u00e1rio do 1\u00ba GPTE"},"content":{"rendered":"<figure style=\"width: 500px\" class=\"wp-caption alignnone\"><img decoding=\"async\" class=\"alignnone size-medium\" src=\"http:\/\/www.pm.pb.gov.br\/portal\/wp-content\/uploads\/2014\/04\/9354_12810.jpg\" title=\"Comandante Geral da Pol\u00edcia Militar, coronel Euller Chaves, prestigia 59\u00ba anivers\u00e1rio do Grupamento de Engenharia. Foto:Wagner Varela\" width=\"100%\" \/><figcaption class=\"wp-caption-text\">Comandante Geral da Pol\u00edcia Militar, coronel Euller Chaves, prestigia 59\u00ba anivers\u00e1rio do Grupamento de Engenharia. Foto:Wagner Varela<\/figcaption><\/figure>\n<div style=\"text-align: justify;\">O Comandante Geral da Pol\u00edcia Militar, coronel Euller Chaves, participou de uma formatura, na manh\u00e3 desta segunda-feira (28), em alus\u00e3o ao 59\u00ba anivers\u00e1rio do Grupamento de Engenharia General Lyra Tavares, no bairro dos Estados, em Jo\u00e3o Pessoa.<\/p>\n<p>Coronel Euller voltou \u00e0 unidade militar ap\u00f3s receber, em agosto de 2013, a \u0091a medalha do pacificador\u0092 &#8211; honraria concedida pela For\u00e7a Armada para homenagear as organiza\u00e7\u00f5es militares e institui\u00e7\u00f5es civis que se tornaram credoras de homenagem especial do Ex\u00e9rcito.<\/p>\n<p>Nas comemora\u00e7\u00f5es desta segunda-feira (28) foi a vez do Comandante do Policiamento Regional Metropolitano, coronel Jeferson Pereira, ser agraciado com uma comenda de amigo do Grupamento.<\/p>\n<p>O 1\u00ba Grupamento de Engenharia, criado em 1955, \u00e9 o Grande Comando de Engenharia com sede em Jo\u00e3o Pessoa-PB, respons\u00e1vel pelo apoio de Engenharia na regi\u00e3o Nordeste tendo como subordinados:  o 1\u00ba Batalh\u00e3o de Engenharia de Constru\u00e7\u00e3o, sediado em Caic\u00f3 \u0096 RN; 2\u00ba Batalh\u00e3o de Engenharia de Constru\u00e7\u00e3o, sediado em Teresina \u0096 PI;  3\u00ba Batalh\u00e3o de Engenharia de Constru\u00e7\u00e3o, sediado em Picos \u0096 PI; 4\u00ba Batalh\u00e3o de Engenharia de Constru\u00e7\u00e3o, sediado em Barreiras \u0096 BA e o  7\u00ba Batalh\u00e3o de Engenharia de Combate, sediado em Natal \u0096 RN.<\/p>\n<p>O Grupamento surgiu da necessidade de assegurar a conjuga\u00e7\u00e3o dos esfor\u00e7os de tr\u00eas Unidades de Engenharia pioneiras: o 1\u00ba Batalh\u00e3o Rodovi\u00e1rio e os 3\u00ba e 4\u00ba Batalh\u00f5es Ferrovi\u00e1rios, com sedes, respectivamente, em Caic\u00f3 (RN), Campina Grande (PB) e Crate\u00fas (CE). Suas miss\u00f5es iniciais abrangiam a constru\u00e7\u00e3o de rodovias e ferrovias e a execu\u00e7\u00e3o de obras contra os efeitos da seca. Contudo, ao longo de sua hist\u00f3ria o Grupamento sofreu diversas modifica\u00e7\u00f5es, tanto em sua organiza\u00e7\u00e3o como em seu dispositivo.<\/p>\n<p>Na d\u00e9cada de 70, o Grupamento passou a denominar-se 1\u00ba Grupamento de Engenharia de Constru\u00e7\u00e3o e sofreu novas altera\u00e7\u00f5es em seu dispositivo. O 1\u00ba Batalh\u00e3o de Engenharia de Constru\u00e7\u00e3o foi transferido para S\u00e3o Gabriel da Cachoeira (AM) e subordinado ao 2\u00ba Grupamento de Engenharia de Constru\u00e7\u00e3o, com sede em Manaus (AM). Os 3\u00ba e 4\u00ba Batalh\u00f5es de Engenharia de Constru\u00e7\u00e3o foram transferidos para Picos (PI) e Barreiras (BA), respectivamente, onde permanecem.<\/p>\n<div class=\"row\" align=\"center\"><a href=\"http:\/\/www.pm.pb.gov.br\/portal\/wp-content\/uploads\/2014\/04\/9354_12811.jpg\"><figure style=\"width: 500px\" class=\"wp-caption alignnone\"><img decoding=\"async\" class=\"image-responsive\" src=\"http:\/\/www.pm.pb.gov.br\/portal\/wp-content\/uploads\/2014\/04\/9354_12811.jpg\" title=\"Comandante Geral da Pol\u00edcia Militar,coronel Euller Chaves, e o Comandante do Policiamento Regional Metropolitano, coronel Jeferson Pereira.\" width=\"100%\" \/><figcaption class=\"wp-caption-text\">Comandante Geral da Pol\u00edcia Militar,coronel Euller Chaves, e o Comandante do Policiamento Regional Metropolitano, coronel Jeferson Pereira.<\/figcaption><\/figure><\/a><\/div>\n<\/div>\n","protected":false},"excerpt":{"rendered":"<p>O Comandante Geral da Pol\u00edcia Militar, coronel Euller Chaves, participou de uma formatura, na manh\u00e3 desta segunda-feira (28), em alus\u00e3o<\/p>\n","protected":false},"author":5,"featured_media":12810,"comment_status":"closed","ping_status":"closed","sticky":false,"template":"","format":"standard","meta":{"_exactmetrics_skip_tracking":false,"_exactmetrics_sitenote_active":false,"_exactmetrics_sitenote_note":"","_exactmetrics_sitenote_category":0,"footnotes":""},"categories":[4],"tags":[],"yoast_head":"<!-- This site is optimized with the Yoast SEO plugin v22.0 - https:\/\/yoast.com\/wordpress\/plugins\/seo\/ -->\n<title>Comandante Geral participa de anivers\u00e1rio do 1\u00ba GPTE - Pol\u00edcia Militar da Para\u00edba<\/title>\n<meta name=\"robots\" content=\"index, follow, max-snippet:-1, max-image-preview:large, max-video-preview:-1\" \/>\n<link rel=\"canonical\" href=\"https:\/\/www.pm.pb.gov.br\/portal\/2014\/04\/29\/comandante_geral_participa_de_aniversario_do_1_gpte\/\" \/>\n<meta property=\"og:locale\" content=\"pt_BR\" \/>\n<meta property=\"og:type\" content=\"article\" \/>\n<meta property=\"og:title\" content=\"Comandante Geral participa de anivers\u00e1rio do 1\u00ba GPTE - Pol\u00edcia Militar da Para\u00edba\" \/>\n<meta property=\"og:description\" content=\"O Comandante Geral da Pol\u00edcia Militar, coronel Euller Chaves, participou de uma formatura, na manh\u00e3 desta segunda-feira (28), em alus\u00e3o\" \/>\n<meta property=\"og:url\" content=\"https:\/\/www.pm.pb.gov.br\/portal\/2014\/04\/29\/comandante_geral_participa_de_aniversario_do_1_gpte\/\" \/>\n<meta property=\"og:site_name\" content=\"Pol\u00edcia Militar da Para\u00edba\" \/>\n<meta property=\"article:published_time\" content=\"2014-04-29T12:04:20+00:00\" \/>\n<meta property=\"og:image\" content=\"https:\/\/www.pm.pb.gov.br\/portal\/wp-content\/uploads\/2014\/04\/9354_12810.jpg\" \/>\n\t<meta property=\"og:image:width\" content=\"500\" \/>\n\t<meta property=\"og:image:height\" content=\"332\" \/>\n\t<meta property=\"og:image:type\" content=\"image\/jpeg\" \/>\n<meta name=\"author\" content=\"Assessoria de Imprensa da PMPB\" \/>\n<meta name=\"twitter:card\" content=\"summary_large_image\" \/>\n<meta name=\"twitter:label1\" content=\"Escrito por\" \/>\n\t<meta name=\"twitter:data1\" content=\"Assessoria de Imprensa da PMPB\" \/>\n\t<meta name=\"twitter:label2\" content=\"Est. tempo de leitura\" \/>\n\t<meta name=\"twitter:data2\" content=\"2 minutos\" \/>\n<script type=\"application\/ld+json\" class=\"yoast-schema-graph\">{\"@context\":\"https:\/\/schema.org\",\"@graph\":[{\"@type\":\"Article\",\"@id\":\"https:\/\/www.pm.pb.gov.br\/portal\/2014\/04\/29\/comandante_geral_participa_de_aniversario_do_1_gpte\/#article\",\"isPartOf\":{\"@id\":\"https:\/\/www.pm.pb.gov.br\/portal\/2014\/04\/29\/comandante_geral_participa_de_aniversario_do_1_gpte\/\"},\"author\":{\"name\":\"Assessoria de Imprensa da PMPB\",\"@id\":\"https:\/\/www.pm.pb.gov.br\/portal\/#\/schema\/person\/e8454f46651c3ecf0e1ba3c1666d9947\"},\"headline\":\"Comandante Geral participa de anivers\u00e1rio do 1\u00ba GPTE\",\"datePublished\":\"2014-04-29T12:04:20+00:00\",\"dateModified\":\"2014-04-29T12:04:20+00:00\",\"mainEntityOfPage\":{\"@id\":\"https:\/\/www.pm.pb.gov.br\/portal\/2014\/04\/29\/comandante_geral_participa_de_aniversario_do_1_gpte\/\"},\"wordCount\":417,\"publisher\":{\"@id\":\"https:\/\/www.pm.pb.gov.br\/portal\/#organization\"},\"articleSection\":[\"A\u00e7\u00f5es Policiais\"],\"inLanguage\":\"pt-BR\"},{\"@type\":\"WebPage\",\"@id\":\"https:\/\/www.pm.pb.gov.br\/portal\/2014\/04\/29\/comandante_geral_participa_de_aniversario_do_1_gpte\/\",\"url\":\"https:\/\/www.pm.pb.gov.br\/portal\/2014\/04\/29\/comandante_geral_participa_de_aniversario_do_1_gpte\/\",\"name\":\"Comandante Geral participa de anivers\u00e1rio do 1\u00ba GPTE - Pol\u00edcia Militar da Para\u00edba\",\"isPartOf\":{\"@id\":\"https:\/\/www.pm.pb.gov.br\/portal\/#website\"},\"datePublished\":\"2014-04-29T12:04:20+00:00\",\"dateModified\":\"2014-04-29T12:04:20+00:00\",\"breadcrumb\":{\"@id\":\"https:\/\/www.pm.pb.gov.br\/portal\/2014\/04\/29\/comandante_geral_participa_de_aniversario_do_1_gpte\/#breadcrumb\"},\"inLanguage\":\"pt-BR\",\"potentialAction\":[{\"@type\":\"ReadAction\",\"target\":[\"https:\/\/www.pm.pb.gov.br\/portal\/2014\/04\/29\/comandante_geral_participa_de_aniversario_do_1_gpte\/\"]}]},{\"@type\":\"BreadcrumbList\",\"@id\":\"https:\/\/www.pm.pb.gov.br\/portal\/2014\/04\/29\/comandante_geral_participa_de_aniversario_do_1_gpte\/#breadcrumb\",\"itemListElement\":[{\"@type\":\"ListItem\",\"position\":1,\"name\":\"In\u00edcio\",\"item\":\"https:\/\/www.pm.pb.gov.br\/portal\/\"},{\"@type\":\"ListItem\",\"position\":2,\"name\":\"Comandante Geral participa de anivers\u00e1rio do 1\u00ba GPTE\"}]},{\"@type\":\"WebSite\",\"@id\":\"https:\/\/www.pm.pb.gov.br\/portal\/#website\",\"url\":\"https:\/\/www.pm.pb.gov.br\/portal\/\",\"name\":\"Pol\u00edcia Militar da Para\u00edba\",\"description\":\"\",\"publisher\":{\"@id\":\"https:\/\/www.pm.pb.gov.br\/portal\/#organization\"},\"potentialAction\":[{\"@type\":\"SearchAction\",\"target\":{\"@type\":\"EntryPoint\",\"urlTemplate\":\"https:\/\/www.pm.pb.gov.br\/portal\/?s={search_term_string}\"},\"query-input\":\"required name=search_term_string\"}],\"inLanguage\":\"pt-BR\"},{\"@type\":\"Organization\",\"@id\":\"https:\/\/www.pm.pb.gov.br\/portal\/#organization\",\"name\":\"Pol\u00edcia Militar da Para\u00edba\",\"url\":\"https:\/\/www.pm.pb.gov.br\/portal\/\",\"logo\":{\"@type\":\"ImageObject\",\"inLanguage\":\"pt-BR\",\"@id\":\"https:\/\/www.pm.pb.gov.br\/portal\/#\/schema\/logo\/image\/\",\"url\":\"https:\/\/www.pm.pb.gov.br\/portal\/wp-content\/uploads\/2025\/03\/cropped-logo-site-mag2-1.png\",\"contentUrl\":\"https:\/\/www.pm.pb.gov.br\/portal\/wp-content\/uploads\/2025\/03\/cropped-logo-site-mag2-1.png\",\"width\":320,\"height\":90,\"caption\":\"Pol\u00edcia Militar da Para\u00edba\"},\"image\":{\"@id\":\"https:\/\/www.pm.pb.gov.br\/portal\/#\/schema\/logo\/image\/\"}},{\"@type\":\"Person\",\"@id\":\"https:\/\/www.pm.pb.gov.br\/portal\/#\/schema\/person\/e8454f46651c3ecf0e1ba3c1666d9947\",\"name\":\"Assessoria de Imprensa da PMPB\",\"image\":{\"@type\":\"ImageObject\",\"inLanguage\":\"pt-BR\",\"@id\":\"https:\/\/www.pm.pb.gov.br\/portal\/#\/schema\/person\/image\/\",\"url\":\"https:\/\/secure.gravatar.com\/avatar\/2efe197438265d1e90bd98c4c8e1acf8?s=96&d=mm&r=g\",\"contentUrl\":\"https:\/\/secure.gravatar.com\/avatar\/2efe197438265d1e90bd98c4c8e1acf8?s=96&d=mm&r=g\",\"caption\":\"Assessoria de Imprensa da PMPB\"},\"url\":\"https:\/\/www.pm.pb.gov.br\/portal\/author\/assessoria\/\"}]}<\/script>\n<!-- \/ Yoast SEO plugin. -->","yoast_head_json":{"title":"Comandante Geral participa de anivers\u00e1rio do 1\u00ba GPTE - Pol\u00edcia Militar da Para\u00edba","robots":{"index":"index","follow":"follow","max-snippet":"max-snippet:-1","max-image-preview":"max-image-preview:large","max-video-preview":"max-video-preview:-1"},"canonical":"https:\/\/www.pm.pb.gov.br\/portal\/2014\/04\/29\/comandante_geral_participa_de_aniversario_do_1_gpte\/","og_locale":"pt_BR","og_type":"article","og_title":"Comandante Geral participa de anivers\u00e1rio do 1\u00ba GPTE - Pol\u00edcia Militar da Para\u00edba","og_description":"O Comandante Geral da Pol\u00edcia Militar, coronel Euller Chaves, participou de uma formatura, na manh\u00e3 desta segunda-feira (28), em alus\u00e3o","og_url":"https:\/\/www.pm.pb.gov.br\/portal\/2014\/04\/29\/comandante_geral_participa_de_aniversario_do_1_gpte\/","og_site_name":"Pol\u00edcia Militar da Para\u00edba","article_published_time":"2014-04-29T12:04:20+00:00","og_image":[{"width":500,"height":332,"url":"https:\/\/www.pm.pb.gov.br\/portal\/wp-content\/uploads\/2014\/04\/9354_12810.jpg","type":"image\/jpeg"}],"author":"Assessoria de Imprensa da PMPB","twitter_card":"summary_large_image","twitter_misc":{"Escrito por":"Assessoria de Imprensa da PMPB","Est. tempo de leitura":"2 minutos"},"schema":{"@context":"https:\/\/schema.org","@graph":[{"@type":"Article","@id":"https:\/\/www.pm.pb.gov.br\/portal\/2014\/04\/29\/comandante_geral_participa_de_aniversario_do_1_gpte\/#article","isPartOf":{"@id":"https:\/\/www.pm.pb.gov.br\/portal\/2014\/04\/29\/comandante_geral_participa_de_aniversario_do_1_gpte\/"},"author":{"name":"Assessoria de Imprensa da PMPB","@id":"https:\/\/www.pm.pb.gov.br\/portal\/#\/schema\/person\/e8454f46651c3ecf0e1ba3c1666d9947"},"headline":"Comandante Geral participa de anivers\u00e1rio do 1\u00ba GPTE","datePublished":"2014-04-29T12:04:20+00:00","dateModified":"2014-04-29T12:04:20+00:00","mainEntityOfPage":{"@id":"https:\/\/www.pm.pb.gov.br\/portal\/2014\/04\/29\/comandante_geral_participa_de_aniversario_do_1_gpte\/"},"wordCount":417,"publisher":{"@id":"https:\/\/www.pm.pb.gov.br\/portal\/#organization"},"articleSection":["A\u00e7\u00f5es Policiais"],"inLanguage":"pt-BR"},{"@type":"WebPage","@id":"https:\/\/www.pm.pb.gov.br\/portal\/2014\/04\/29\/comandante_geral_participa_de_aniversario_do_1_gpte\/","url":"https:\/\/www.pm.pb.gov.br\/portal\/2014\/04\/29\/comandante_geral_participa_de_aniversario_do_1_gpte\/","name":"Comandante Geral participa de anivers\u00e1rio do 1\u00ba GPTE - Pol\u00edcia Militar da Para\u00edba","isPartOf":{"@id":"https:\/\/www.pm.pb.gov.br\/portal\/#website"},"datePublished":"2014-04-29T12:04:20+00:00","dateModified":"2014-04-29T12:04:20+00:00","breadcrumb":{"@id":"https:\/\/www.pm.pb.gov.br\/portal\/2014\/04\/29\/comandante_geral_participa_de_aniversario_do_1_gpte\/#breadcrumb"},"inLanguage":"pt-BR","potentialAction":[{"@type":"ReadAction","target":["https:\/\/www.pm.pb.gov.br\/portal\/2014\/04\/29\/comandante_geral_participa_de_aniversario_do_1_gpte\/"]}]},{"@type":"BreadcrumbList","@id":"https:\/\/www.pm.pb.gov.br\/portal\/2014\/04\/29\/comandante_geral_participa_de_aniversario_do_1_gpte\/#breadcrumb","itemListElement":[{"@type":"ListItem","position":1,"name":"In\u00edcio","item":"https:\/\/www.pm.pb.gov.br\/portal\/"},{"@type":"ListItem","position":2,"name":"Comandante Geral participa de anivers\u00e1rio do 1\u00ba GPTE"}]},{"@type":"WebSite","@id":"https:\/\/www.pm.pb.gov.br\/portal\/#website","url":"https:\/\/www.pm.pb.gov.br\/portal\/","name":"Pol\u00edcia Militar da Para\u00edba","description":"","publisher":{"@id":"https:\/\/www.pm.pb.gov.br\/portal\/#organization"},"potentialAction":[{"@type":"SearchAction","target":{"@type":"EntryPoint","urlTemplate":"https:\/\/www.pm.pb.gov.br\/portal\/?s={search_term_string}"},"query-input":"required name=search_term_string"}],"inLanguage":"pt-BR"},{"@type":"Organization","@id":"https:\/\/www.pm.pb.gov.br\/portal\/#organization","name":"Pol\u00edcia Militar da Para\u00edba","url":"https:\/\/www.pm.pb.gov.br\/portal\/","logo":{"@type":"ImageObject","inLanguage":"pt-BR","@id":"https:\/\/www.pm.pb.gov.br\/portal\/#\/schema\/logo\/image\/","url":"https:\/\/www.pm.pb.gov.br\/portal\/wp-content\/uploads\/2025\/03\/cropped-logo-site-mag2-1.png","contentUrl":"https:\/\/www.pm.pb.gov.br\/portal\/wp-content\/uploads\/2025\/03\/cropped-logo-site-mag2-1.png","width":320,"height":90,"caption":"Pol\u00edcia Militar da Para\u00edba"},"image":{"@id":"https:\/\/www.pm.pb.gov.br\/portal\/#\/schema\/logo\/image\/"}},{"@type":"Person","@id":"https:\/\/www.pm.pb.gov.br\/portal\/#\/schema\/person\/e8454f46651c3ecf0e1ba3c1666d9947","name":"Assessoria de Imprensa da PMPB","image":{"@type":"ImageObject","inLanguage":"pt-BR","@id":"https:\/\/www.pm.pb.gov.br\/portal\/#\/schema\/person\/image\/","url":"https:\/\/secure.gravatar.com\/avatar\/2efe197438265d1e90bd98c4c8e1acf8?s=96&d=mm&r=g","contentUrl":"https:\/\/secure.gravatar.com\/avatar\/2efe197438265d1e90bd98c4c8e1acf8?s=96&d=mm&r=g","caption":"Assessoria de Imprensa da PMPB"},"url":"https:\/\/www.pm.pb.gov.br\/portal\/author\/assessoria\/"}]}},"_links":{"self":[{"href":"https:\/\/www.pm.pb.gov.br\/portal\/wp-json\/wp\/v2\/posts\/892687"}],"collection":[{"href":"https:\/\/www.pm.pb.gov.br\/portal\/wp-json\/wp\/v2\/posts"}],"about":[{"href":"https:\/\/www.pm.pb.gov.br\/portal\/wp-json\/wp\/v2\/types\/post"}],"author":[{"embeddable":true,"href":"https:\/\/www.pm.pb.gov.br\/portal\/wp-json\/wp\/v2\/users\/5"}],"replies":[{"embeddable":true,"href":"https:\/\/www.pm.pb.gov.br\/portal\/wp-json\/wp\/v2\/comments?post=892687"}],"version-history":[{"count":0,"href":"https:\/\/www.pm.pb.gov.br\/portal\/wp-json\/wp\/v2\/posts\/892687\/revisions"}],"wp:featuredmedia":[{"embeddable":true,"href":"https:\/\/www.pm.pb.gov.br\/portal\/wp-json\/wp\/v2\/media\/12810"}],"wp:attachment":[{"href":"https:\/\/www.pm.pb.gov.br\/portal\/wp-json\/wp\/v2\/media?parent=892687"}],"wp:term":[{"taxonomy":"category","embeddable":true,"href":"https:\/\/www.pm.pb.gov.br\/portal\/wp-json\/wp\/v2\/categories?post=892687"},{"taxonomy":"post_tag","embeddable":true,"href":"https:\/\/www.pm.pb.gov.br\/portal\/wp-json\/wp\/v2\/tags?post=892687"}],"curies":[{"name":"wp","href":"https:\/\/api.w.org\/{rel}","templated":true}]}}