{"id":892507,"date":"2014-01-27T09:01:26","date_gmt":"2014-01-27T12:01:26","guid":{"rendered":"http:\/\/www.pm.pb.gov.br\/portal\/2014\/01\/traficante_e_preso_em_flagrante_no_municipio_de_queimadas\/"},"modified":"2014-01-27T09:01:26","modified_gmt":"2014-01-27T12:01:26","slug":"traficante_e_preso_em_flagrante_no_municipio_de_queimadas","status":"publish","type":"post","link":"https:\/\/www.pm.pb.gov.br\/portal\/2014\/01\/27\/traficante_e_preso_em_flagrante_no_municipio_de_queimadas\/","title":{"rendered":"Traficante \u00e9 preso em flagrante no munic\u00edpio de Queimadas"},"content":{"rendered":"<figure style=\"width: 500px\" class=\"wp-caption alignnone\"><img decoding=\"async\" class=\"alignnone size-medium\" src=\"http:\/\/www.pm.pb.gov.br\/portal\/wp-content\/uploads\/2014\/01\/9020_12261.jpg\" title=\"Foto Ilustrativa\" width=\"100%\" \/><figcaption class=\"wp-caption-text\">Foto Ilustrativa<\/figcaption><\/figure>\n<div style=\"text-align: justify;\">Um homem foi preso em flagrante na noite de domingo (26), em Queimadas, Agreste paraibano por tr\u00e1fico de drogas em plena via p\u00fablica. C\u00edcero Ant\u00f4nio do Nascimento foi encontrado no bairro C\u00e1ssio Cunha Lima com 30 pedras de crack e R$ 431 em esp\u00e9cie.<\/p>\n<p>Ele ainda tentou fugir quando percebeu a presen\u00e7a da guarni\u00e7\u00e3o, mas foi alcan\u00e7ado e conduzido para a 2\u00aa Superintend\u00eancia Regional de Pol\u00edcia Civil. No local, ele foi autuado por tr\u00e1fico de entorpecentes.<\/p>\n<div class=\"row\" align=\"center\"><\/div>\n<\/div>\n","protected":false},"excerpt":{"rendered":"<p>Um homem foi preso em flagrante na noite de domingo (26), em Queimadas, Agreste paraibano por tr\u00e1fico de drogas em<\/p>\n","protected":false},"author":5,"featured_media":12261,"comment_status":"closed","ping_status":"closed","sticky":false,"template":"","format":"standard","meta":{"_exactmetrics_skip_tracking":false,"_exactmetrics_sitenote_active":false,"_exactmetrics_sitenote_note":"","_exactmetrics_sitenote_category":0,"footnotes":""},"categories":[4],"tags":[],"yoast_head":"<!-- This site is optimized with the Yoast SEO plugin v22.0 - https:\/\/yoast.com\/wordpress\/plugins\/seo\/ -->\n<title>Traficante \u00e9 preso em flagrante no munic\u00edpio de Queimadas - Pol\u00edcia Militar da Para\u00edba<\/title>\n<meta name=\"robots\" content=\"index, follow, max-snippet:-1, max-image-preview:large, max-video-preview:-1\" \/>\n<link rel=\"canonical\" href=\"https:\/\/www.pm.pb.gov.br\/portal\/2014\/01\/27\/traficante_e_preso_em_flagrante_no_municipio_de_queimadas\/\" \/>\n<meta property=\"og:locale\" content=\"pt_BR\" \/>\n<meta property=\"og:type\" content=\"article\" \/>\n<meta property=\"og:title\" content=\"Traficante \u00e9 preso em flagrante no munic\u00edpio de Queimadas - Pol\u00edcia Militar da Para\u00edba\" \/>\n<meta property=\"og:description\" content=\"Um homem foi preso em flagrante na noite de domingo (26), em Queimadas, Agreste paraibano por tr\u00e1fico de drogas em\" \/>\n<meta property=\"og:url\" content=\"https:\/\/www.pm.pb.gov.br\/portal\/2014\/01\/27\/traficante_e_preso_em_flagrante_no_municipio_de_queimadas\/\" \/>\n<meta property=\"og:site_name\" content=\"Pol\u00edcia Militar da Para\u00edba\" \/>\n<meta property=\"article:published_time\" content=\"2014-01-27T12:01:26+00:00\" \/>\n<meta property=\"og:image\" content=\"https:\/\/www.pm.pb.gov.br\/portal\/wp-content\/uploads\/2014\/01\/9020_12261.jpg\" \/>\n\t<meta property=\"og:image:width\" content=\"500\" \/>\n\t<meta property=\"og:image:height\" content=\"336\" \/>\n\t<meta property=\"og:image:type\" content=\"image\/jpeg\" \/>\n<meta name=\"author\" content=\"Assessoria de Imprensa da PMPB\" \/>\n<meta name=\"twitter:card\" content=\"summary_large_image\" \/>\n<meta name=\"twitter:label1\" content=\"Escrito por\" \/>\n\t<meta name=\"twitter:data1\" content=\"Assessoria de Imprensa da PMPB\" \/>\n<script type=\"application\/ld+json\" class=\"yoast-schema-graph\">{\"@context\":\"https:\/\/schema.org\",\"@graph\":[{\"@type\":\"Article\",\"@id\":\"https:\/\/www.pm.pb.gov.br\/portal\/2014\/01\/27\/traficante_e_preso_em_flagrante_no_municipio_de_queimadas\/#article\",\"isPartOf\":{\"@id\":\"https:\/\/www.pm.pb.gov.br\/portal\/2014\/01\/27\/traficante_e_preso_em_flagrante_no_municipio_de_queimadas\/\"},\"author\":{\"name\":\"Assessoria de Imprensa da PMPB\",\"@id\":\"https:\/\/www.pm.pb.gov.br\/portal\/#\/schema\/person\/e8454f46651c3ecf0e1ba3c1666d9947\"},\"headline\":\"Traficante \u00e9 preso em flagrante no munic\u00edpio de Queimadas\",\"datePublished\":\"2014-01-27T12:01:26+00:00\",\"dateModified\":\"2014-01-27T12:01:26+00:00\",\"mainEntityOfPage\":{\"@id\":\"https:\/\/www.pm.pb.gov.br\/portal\/2014\/01\/27\/traficante_e_preso_em_flagrante_no_municipio_de_queimadas\/\"},\"wordCount\":101,\"publisher\":{\"@id\":\"https:\/\/www.pm.pb.gov.br\/portal\/#organization\"},\"articleSection\":[\"A\u00e7\u00f5es Policiais\"],\"inLanguage\":\"pt-BR\"},{\"@type\":\"WebPage\",\"@id\":\"https:\/\/www.pm.pb.gov.br\/portal\/2014\/01\/27\/traficante_e_preso_em_flagrante_no_municipio_de_queimadas\/\",\"url\":\"https:\/\/www.pm.pb.gov.br\/portal\/2014\/01\/27\/traficante_e_preso_em_flagrante_no_municipio_de_queimadas\/\",\"name\":\"Traficante \u00e9 preso em flagrante no munic\u00edpio de Queimadas - Pol\u00edcia Militar da Para\u00edba\",\"isPartOf\":{\"@id\":\"https:\/\/www.pm.pb.gov.br\/portal\/#website\"},\"datePublished\":\"2014-01-27T12:01:26+00:00\",\"dateModified\":\"2014-01-27T12:01:26+00:00\",\"breadcrumb\":{\"@id\":\"https:\/\/www.pm.pb.gov.br\/portal\/2014\/01\/27\/traficante_e_preso_em_flagrante_no_municipio_de_queimadas\/#breadcrumb\"},\"inLanguage\":\"pt-BR\",\"potentialAction\":[{\"@type\":\"ReadAction\",\"target\":[\"https:\/\/www.pm.pb.gov.br\/portal\/2014\/01\/27\/traficante_e_preso_em_flagrante_no_municipio_de_queimadas\/\"]}]},{\"@type\":\"BreadcrumbList\",\"@id\":\"https:\/\/www.pm.pb.gov.br\/portal\/2014\/01\/27\/traficante_e_preso_em_flagrante_no_municipio_de_queimadas\/#breadcrumb\",\"itemListElement\":[{\"@type\":\"ListItem\",\"position\":1,\"name\":\"In\u00edcio\",\"item\":\"https:\/\/www.pm.pb.gov.br\/portal\/\"},{\"@type\":\"ListItem\",\"position\":2,\"name\":\"Traficante \u00e9 preso em flagrante no munic\u00edpio de Queimadas\"}]},{\"@type\":\"WebSite\",\"@id\":\"https:\/\/www.pm.pb.gov.br\/portal\/#website\",\"url\":\"https:\/\/www.pm.pb.gov.br\/portal\/\",\"name\":\"Pol\u00edcia Militar da Para\u00edba\",\"description\":\"\",\"publisher\":{\"@id\":\"https:\/\/www.pm.pb.gov.br\/portal\/#organization\"},\"potentialAction\":[{\"@type\":\"SearchAction\",\"target\":{\"@type\":\"EntryPoint\",\"urlTemplate\":\"https:\/\/www.pm.pb.gov.br\/portal\/?s={search_term_string}\"},\"query-input\":\"required name=search_term_string\"}],\"inLanguage\":\"pt-BR\"},{\"@type\":\"Organization\",\"@id\":\"https:\/\/www.pm.pb.gov.br\/portal\/#organization\",\"name\":\"Pol\u00edcia Militar da Para\u00edba\",\"url\":\"https:\/\/www.pm.pb.gov.br\/portal\/\",\"logo\":{\"@type\":\"ImageObject\",\"inLanguage\":\"pt-BR\",\"@id\":\"https:\/\/www.pm.pb.gov.br\/portal\/#\/schema\/logo\/image\/\",\"url\":\"https:\/\/www.pm.pb.gov.br\/portal\/wp-content\/uploads\/2025\/03\/cropped-logo-site-mag2-1.png\",\"contentUrl\":\"https:\/\/www.pm.pb.gov.br\/portal\/wp-content\/uploads\/2025\/03\/cropped-logo-site-mag2-1.png\",\"width\":320,\"height\":90,\"caption\":\"Pol\u00edcia Militar da Para\u00edba\"},\"image\":{\"@id\":\"https:\/\/www.pm.pb.gov.br\/portal\/#\/schema\/logo\/image\/\"}},{\"@type\":\"Person\",\"@id\":\"https:\/\/www.pm.pb.gov.br\/portal\/#\/schema\/person\/e8454f46651c3ecf0e1ba3c1666d9947\",\"name\":\"Assessoria de Imprensa da PMPB\",\"image\":{\"@type\":\"ImageObject\",\"inLanguage\":\"pt-BR\",\"@id\":\"https:\/\/www.pm.pb.gov.br\/portal\/#\/schema\/person\/image\/\",\"url\":\"https:\/\/secure.gravatar.com\/avatar\/2efe197438265d1e90bd98c4c8e1acf8?s=96&d=mm&r=g\",\"contentUrl\":\"https:\/\/secure.gravatar.com\/avatar\/2efe197438265d1e90bd98c4c8e1acf8?s=96&d=mm&r=g\",\"caption\":\"Assessoria de Imprensa da PMPB\"},\"url\":\"https:\/\/www.pm.pb.gov.br\/portal\/author\/assessoria\/\"}]}<\/script>\n<!-- \/ Yoast SEO plugin. -->","yoast_head_json":{"title":"Traficante \u00e9 preso em flagrante no munic\u00edpio de Queimadas - Pol\u00edcia Militar da Para\u00edba","robots":{"index":"index","follow":"follow","max-snippet":"max-snippet:-1","max-image-preview":"max-image-preview:large","max-video-preview":"max-video-preview:-1"},"canonical":"https:\/\/www.pm.pb.gov.br\/portal\/2014\/01\/27\/traficante_e_preso_em_flagrante_no_municipio_de_queimadas\/","og_locale":"pt_BR","og_type":"article","og_title":"Traficante \u00e9 preso em flagrante no munic\u00edpio de Queimadas - Pol\u00edcia Militar da Para\u00edba","og_description":"Um homem foi preso em flagrante na noite de domingo (26), em Queimadas, Agreste paraibano por tr\u00e1fico de drogas em","og_url":"https:\/\/www.pm.pb.gov.br\/portal\/2014\/01\/27\/traficante_e_preso_em_flagrante_no_municipio_de_queimadas\/","og_site_name":"Pol\u00edcia Militar da Para\u00edba","article_published_time":"2014-01-27T12:01:26+00:00","og_image":[{"width":500,"height":336,"url":"https:\/\/www.pm.pb.gov.br\/portal\/wp-content\/uploads\/2014\/01\/9020_12261.jpg","type":"image\/jpeg"}],"author":"Assessoria de Imprensa da PMPB","twitter_card":"summary_large_image","twitter_misc":{"Escrito por":"Assessoria de Imprensa da PMPB"},"schema":{"@context":"https:\/\/schema.org","@graph":[{"@type":"Article","@id":"https:\/\/www.pm.pb.gov.br\/portal\/2014\/01\/27\/traficante_e_preso_em_flagrante_no_municipio_de_queimadas\/#article","isPartOf":{"@id":"https:\/\/www.pm.pb.gov.br\/portal\/2014\/01\/27\/traficante_e_preso_em_flagrante_no_municipio_de_queimadas\/"},"author":{"name":"Assessoria de Imprensa da PMPB","@id":"https:\/\/www.pm.pb.gov.br\/portal\/#\/schema\/person\/e8454f46651c3ecf0e1ba3c1666d9947"},"headline":"Traficante \u00e9 preso em flagrante no munic\u00edpio de Queimadas","datePublished":"2014-01-27T12:01:26+00:00","dateModified":"2014-01-27T12:01:26+00:00","mainEntityOfPage":{"@id":"https:\/\/www.pm.pb.gov.br\/portal\/2014\/01\/27\/traficante_e_preso_em_flagrante_no_municipio_de_queimadas\/"},"wordCount":101,"publisher":{"@id":"https:\/\/www.pm.pb.gov.br\/portal\/#organization"},"articleSection":["A\u00e7\u00f5es Policiais"],"inLanguage":"pt-BR"},{"@type":"WebPage","@id":"https:\/\/www.pm.pb.gov.br\/portal\/2014\/01\/27\/traficante_e_preso_em_flagrante_no_municipio_de_queimadas\/","url":"https:\/\/www.pm.pb.gov.br\/portal\/2014\/01\/27\/traficante_e_preso_em_flagrante_no_municipio_de_queimadas\/","name":"Traficante \u00e9 preso em flagrante no munic\u00edpio de Queimadas - Pol\u00edcia Militar da Para\u00edba","isPartOf":{"@id":"https:\/\/www.pm.pb.gov.br\/portal\/#website"},"datePublished":"2014-01-27T12:01:26+00:00","dateModified":"2014-01-27T12:01:26+00:00","breadcrumb":{"@id":"https:\/\/www.pm.pb.gov.br\/portal\/2014\/01\/27\/traficante_e_preso_em_flagrante_no_municipio_de_queimadas\/#breadcrumb"},"inLanguage":"pt-BR","potentialAction":[{"@type":"ReadAction","target":["https:\/\/www.pm.pb.gov.br\/portal\/2014\/01\/27\/traficante_e_preso_em_flagrante_no_municipio_de_queimadas\/"]}]},{"@type":"BreadcrumbList","@id":"https:\/\/www.pm.pb.gov.br\/portal\/2014\/01\/27\/traficante_e_preso_em_flagrante_no_municipio_de_queimadas\/#breadcrumb","itemListElement":[{"@type":"ListItem","position":1,"name":"In\u00edcio","item":"https:\/\/www.pm.pb.gov.br\/portal\/"},{"@type":"ListItem","position":2,"name":"Traficante \u00e9 preso em flagrante no munic\u00edpio de Queimadas"}]},{"@type":"WebSite","@id":"https:\/\/www.pm.pb.gov.br\/portal\/#website","url":"https:\/\/www.pm.pb.gov.br\/portal\/","name":"Pol\u00edcia Militar da Para\u00edba","description":"","publisher":{"@id":"https:\/\/www.pm.pb.gov.br\/portal\/#organization"},"potentialAction":[{"@type":"SearchAction","target":{"@type":"EntryPoint","urlTemplate":"https:\/\/www.pm.pb.gov.br\/portal\/?s={search_term_string}"},"query-input":"required name=search_term_string"}],"inLanguage":"pt-BR"},{"@type":"Organization","@id":"https:\/\/www.pm.pb.gov.br\/portal\/#organization","name":"Pol\u00edcia Militar da Para\u00edba","url":"https:\/\/www.pm.pb.gov.br\/portal\/","logo":{"@type":"ImageObject","inLanguage":"pt-BR","@id":"https:\/\/www.pm.pb.gov.br\/portal\/#\/schema\/logo\/image\/","url":"https:\/\/www.pm.pb.gov.br\/portal\/wp-content\/uploads\/2025\/03\/cropped-logo-site-mag2-1.png","contentUrl":"https:\/\/www.pm.pb.gov.br\/portal\/wp-content\/uploads\/2025\/03\/cropped-logo-site-mag2-1.png","width":320,"height":90,"caption":"Pol\u00edcia Militar da Para\u00edba"},"image":{"@id":"https:\/\/www.pm.pb.gov.br\/portal\/#\/schema\/logo\/image\/"}},{"@type":"Person","@id":"https:\/\/www.pm.pb.gov.br\/portal\/#\/schema\/person\/e8454f46651c3ecf0e1ba3c1666d9947","name":"Assessoria de Imprensa da PMPB","image":{"@type":"ImageObject","inLanguage":"pt-BR","@id":"https:\/\/www.pm.pb.gov.br\/portal\/#\/schema\/person\/image\/","url":"https:\/\/secure.gravatar.com\/avatar\/2efe197438265d1e90bd98c4c8e1acf8?s=96&d=mm&r=g","contentUrl":"https:\/\/secure.gravatar.com\/avatar\/2efe197438265d1e90bd98c4c8e1acf8?s=96&d=mm&r=g","caption":"Assessoria de Imprensa da PMPB"},"url":"https:\/\/www.pm.pb.gov.br\/portal\/author\/assessoria\/"}]}},"_links":{"self":[{"href":"https:\/\/www.pm.pb.gov.br\/portal\/wp-json\/wp\/v2\/posts\/892507"}],"collection":[{"href":"https:\/\/www.pm.pb.gov.br\/portal\/wp-json\/wp\/v2\/posts"}],"about":[{"href":"https:\/\/www.pm.pb.gov.br\/portal\/wp-json\/wp\/v2\/types\/post"}],"author":[{"embeddable":true,"href":"https:\/\/www.pm.pb.gov.br\/portal\/wp-json\/wp\/v2\/users\/5"}],"replies":[{"embeddable":true,"href":"https:\/\/www.pm.pb.gov.br\/portal\/wp-json\/wp\/v2\/comments?post=892507"}],"version-history":[{"count":0,"href":"https:\/\/www.pm.pb.gov.br\/portal\/wp-json\/wp\/v2\/posts\/892507\/revisions"}],"wp:featuredmedia":[{"embeddable":true,"href":"https:\/\/www.pm.pb.gov.br\/portal\/wp-json\/wp\/v2\/media\/12261"}],"wp:attachment":[{"href":"https:\/\/www.pm.pb.gov.br\/portal\/wp-json\/wp\/v2\/media?parent=892507"}],"wp:term":[{"taxonomy":"category","embeddable":true,"href":"https:\/\/www.pm.pb.gov.br\/portal\/wp-json\/wp\/v2\/categories?post=892507"},{"taxonomy":"post_tag","embeddable":true,"href":"https:\/\/www.pm.pb.gov.br\/portal\/wp-json\/wp\/v2\/tags?post=892507"}],"curies":[{"name":"wp","href":"https:\/\/api.w.org\/{rel}","templated":true}]}}