{"id":892495,"date":"2014-01-20T10:01:55","date_gmt":"2014-01-20T13:01:55","guid":{"rendered":"http:\/\/www.pm.pb.gov.br\/portal\/2014\/01\/pm_faz_acao_preventiva_em_comunidade_de_alagoa_grande\/"},"modified":"2014-01-20T10:01:55","modified_gmt":"2014-01-20T13:01:55","slug":"pm_faz_acao_preventiva_em_comunidade_de_alagoa_grande","status":"publish","type":"post","link":"https:\/\/www.pm.pb.gov.br\/portal\/2014\/01\/20\/pm_faz_acao_preventiva_em_comunidade_de_alagoa_grande\/","title":{"rendered":"PM faz a\u00e7\u00e3o preventiva em comunidade de Alagoa Grande"},"content":{"rendered":"<figure style=\"width: 500px\" class=\"wp-caption alignnone\"><img decoding=\"async\" class=\"alignnone size-medium\" src=\"http:\/\/www.pm.pb.gov.br\/portal\/wp-content\/uploads\/2014\/01\/9005_12241.jpg\" title=\"Policiais conversaram com moradores e distribu\u00edram material com diz de seguran\u00e7a\" width=\"100%\" \/><figcaption class=\"wp-caption-text\">Policiais conversaram com moradores e distribu\u00edram material com diz de seguran\u00e7a<\/figcaption><\/figure>\n<div style=\"text-align: justify;\">Policiais Militares do 8\u00ba Batalh\u00e3o, em conjunto com policiais civis da regional, realizaram, na \u00faltima sexta (17), a Opera\u00e7\u00e3o Visibilidade na comunidade conhecida por Morro do Cruzeiro, na cidade de Alagoa Grande.<\/p>\n<p>A a\u00e7\u00e3o teve car\u00e1ter preventivo e contou com a distribui\u00e7\u00e3o de panfletos com dicas e telefones de emerg\u00eancia das policiais; al\u00e9m de orienta\u00e7\u00f5es de seguran\u00e7a. O objetivo de estreitar os la\u00e7os com a comunidade local, a fim de conseguir a colabora\u00e7\u00e3o da popula\u00e7\u00e3o no trabalho preventivo feito no local.<\/p>\n<p>Segundo o comandante do 8\u00ba Batalh\u00e3o, o tenente coronel Linhares, a comunidade apresenta um \u00edndice criminal ainda elevado e por isso a pol\u00edcia tem refor\u00e7a as rondas e abordagens no local; al\u00e9m do trabalho de aproxima\u00e7\u00e3o com a popula\u00e7\u00e3o. \u0093As a\u00e7\u00f5es j\u00e1 resultaram em v\u00e1rias pris\u00f5es e apreens\u00e3o de entorpecentes\u0094, comentou.<\/p>\n<div class=\"row\" align=\"center\"><a href=\"http:\/\/www.pm.pb.gov.br\/portal\/wp-content\/uploads\/2014\/01\/9005_12242.jpg\"><figure style=\"width: 500px\" class=\"wp-caption alignnone\"><img decoding=\"async\" class=\"image-responsive\" src=\"http:\/\/www.pm.pb.gov.br\/portal\/wp-content\/uploads\/2014\/01\/9005_12242.jpg\" title=\"Popula\u00e7\u00e3o recebeu orienta\u00e7\u00e3o de policiais militares e civis\" width=\"100%\" \/><figcaption class=\"wp-caption-text\">Popula\u00e7\u00e3o recebeu orienta\u00e7\u00e3o de policiais militares e civis<\/figcaption><\/figure><\/a><\/div>\n<\/div>\n","protected":false},"excerpt":{"rendered":"<p>Policiais Militares do 8\u00ba Batalh\u00e3o, em conjunto com policiais civis da regional, realizaram, na \u00faltima sexta (17), a Opera\u00e7\u00e3o Visibilidade<\/p>\n","protected":false},"author":5,"featured_media":12241,"comment_status":"closed","ping_status":"closed","sticky":false,"template":"","format":"standard","meta":{"_exactmetrics_skip_tracking":false,"_exactmetrics_sitenote_active":false,"_exactmetrics_sitenote_note":"","_exactmetrics_sitenote_category":0,"footnotes":""},"categories":[4],"tags":[],"yoast_head":"<!-- This site is optimized with the Yoast SEO plugin v22.0 - https:\/\/yoast.com\/wordpress\/plugins\/seo\/ -->\n<title>PM faz a\u00e7\u00e3o preventiva em comunidade de Alagoa Grande - Pol\u00edcia Militar da Para\u00edba<\/title>\n<meta name=\"robots\" content=\"index, follow, max-snippet:-1, max-image-preview:large, max-video-preview:-1\" \/>\n<link rel=\"canonical\" href=\"https:\/\/www.pm.pb.gov.br\/portal\/2014\/01\/20\/pm_faz_acao_preventiva_em_comunidade_de_alagoa_grande\/\" \/>\n<meta property=\"og:locale\" content=\"pt_BR\" \/>\n<meta property=\"og:type\" content=\"article\" \/>\n<meta property=\"og:title\" content=\"PM faz a\u00e7\u00e3o preventiva em comunidade de Alagoa Grande - Pol\u00edcia Militar da Para\u00edba\" \/>\n<meta property=\"og:description\" content=\"Policiais Militares do 8\u00ba Batalh\u00e3o, em conjunto com policiais civis da regional, realizaram, na \u00faltima sexta (17), a Opera\u00e7\u00e3o Visibilidade\" \/>\n<meta property=\"og:url\" content=\"https:\/\/www.pm.pb.gov.br\/portal\/2014\/01\/20\/pm_faz_acao_preventiva_em_comunidade_de_alagoa_grande\/\" \/>\n<meta property=\"og:site_name\" content=\"Pol\u00edcia Militar da Para\u00edba\" \/>\n<meta property=\"article:published_time\" content=\"2014-01-20T13:01:55+00:00\" \/>\n<meta property=\"og:image\" content=\"https:\/\/www.pm.pb.gov.br\/portal\/wp-content\/uploads\/2014\/01\/9005_12241.jpg\" \/>\n\t<meta property=\"og:image:width\" content=\"500\" \/>\n\t<meta property=\"og:image:height\" content=\"375\" \/>\n\t<meta property=\"og:image:type\" content=\"image\/jpeg\" \/>\n<meta name=\"author\" content=\"Assessoria de Imprensa da PMPB\" \/>\n<meta name=\"twitter:card\" content=\"summary_large_image\" \/>\n<meta name=\"twitter:label1\" content=\"Escrito por\" \/>\n\t<meta name=\"twitter:data1\" content=\"Assessoria de Imprensa da PMPB\" \/>\n\t<meta name=\"twitter:label2\" content=\"Est. tempo de leitura\" \/>\n\t<meta name=\"twitter:data2\" content=\"1 minuto\" \/>\n<script type=\"application\/ld+json\" class=\"yoast-schema-graph\">{\"@context\":\"https:\/\/schema.org\",\"@graph\":[{\"@type\":\"Article\",\"@id\":\"https:\/\/www.pm.pb.gov.br\/portal\/2014\/01\/20\/pm_faz_acao_preventiva_em_comunidade_de_alagoa_grande\/#article\",\"isPartOf\":{\"@id\":\"https:\/\/www.pm.pb.gov.br\/portal\/2014\/01\/20\/pm_faz_acao_preventiva_em_comunidade_de_alagoa_grande\/\"},\"author\":{\"name\":\"Assessoria de Imprensa da PMPB\",\"@id\":\"https:\/\/www.pm.pb.gov.br\/portal\/#\/schema\/person\/e8454f46651c3ecf0e1ba3c1666d9947\"},\"headline\":\"PM faz a\u00e7\u00e3o preventiva em comunidade de Alagoa Grande\",\"datePublished\":\"2014-01-20T13:01:55+00:00\",\"dateModified\":\"2014-01-20T13:01:55+00:00\",\"mainEntityOfPage\":{\"@id\":\"https:\/\/www.pm.pb.gov.br\/portal\/2014\/01\/20\/pm_faz_acao_preventiva_em_comunidade_de_alagoa_grande\/\"},\"wordCount\":196,\"publisher\":{\"@id\":\"https:\/\/www.pm.pb.gov.br\/portal\/#organization\"},\"articleSection\":[\"A\u00e7\u00f5es Policiais\"],\"inLanguage\":\"pt-BR\"},{\"@type\":\"WebPage\",\"@id\":\"https:\/\/www.pm.pb.gov.br\/portal\/2014\/01\/20\/pm_faz_acao_preventiva_em_comunidade_de_alagoa_grande\/\",\"url\":\"https:\/\/www.pm.pb.gov.br\/portal\/2014\/01\/20\/pm_faz_acao_preventiva_em_comunidade_de_alagoa_grande\/\",\"name\":\"PM faz a\u00e7\u00e3o preventiva em comunidade de Alagoa Grande - Pol\u00edcia Militar da Para\u00edba\",\"isPartOf\":{\"@id\":\"https:\/\/www.pm.pb.gov.br\/portal\/#website\"},\"datePublished\":\"2014-01-20T13:01:55+00:00\",\"dateModified\":\"2014-01-20T13:01:55+00:00\",\"breadcrumb\":{\"@id\":\"https:\/\/www.pm.pb.gov.br\/portal\/2014\/01\/20\/pm_faz_acao_preventiva_em_comunidade_de_alagoa_grande\/#breadcrumb\"},\"inLanguage\":\"pt-BR\",\"potentialAction\":[{\"@type\":\"ReadAction\",\"target\":[\"https:\/\/www.pm.pb.gov.br\/portal\/2014\/01\/20\/pm_faz_acao_preventiva_em_comunidade_de_alagoa_grande\/\"]}]},{\"@type\":\"BreadcrumbList\",\"@id\":\"https:\/\/www.pm.pb.gov.br\/portal\/2014\/01\/20\/pm_faz_acao_preventiva_em_comunidade_de_alagoa_grande\/#breadcrumb\",\"itemListElement\":[{\"@type\":\"ListItem\",\"position\":1,\"name\":\"In\u00edcio\",\"item\":\"https:\/\/www.pm.pb.gov.br\/portal\/\"},{\"@type\":\"ListItem\",\"position\":2,\"name\":\"PM faz a\u00e7\u00e3o preventiva em comunidade de Alagoa Grande\"}]},{\"@type\":\"WebSite\",\"@id\":\"https:\/\/www.pm.pb.gov.br\/portal\/#website\",\"url\":\"https:\/\/www.pm.pb.gov.br\/portal\/\",\"name\":\"Pol\u00edcia Militar da Para\u00edba\",\"description\":\"\",\"publisher\":{\"@id\":\"https:\/\/www.pm.pb.gov.br\/portal\/#organization\"},\"potentialAction\":[{\"@type\":\"SearchAction\",\"target\":{\"@type\":\"EntryPoint\",\"urlTemplate\":\"https:\/\/www.pm.pb.gov.br\/portal\/?s={search_term_string}\"},\"query-input\":\"required name=search_term_string\"}],\"inLanguage\":\"pt-BR\"},{\"@type\":\"Organization\",\"@id\":\"https:\/\/www.pm.pb.gov.br\/portal\/#organization\",\"name\":\"Pol\u00edcia Militar da Para\u00edba\",\"url\":\"https:\/\/www.pm.pb.gov.br\/portal\/\",\"logo\":{\"@type\":\"ImageObject\",\"inLanguage\":\"pt-BR\",\"@id\":\"https:\/\/www.pm.pb.gov.br\/portal\/#\/schema\/logo\/image\/\",\"url\":\"https:\/\/www.pm.pb.gov.br\/portal\/wp-content\/uploads\/2025\/03\/cropped-logo-site-mag2-1.png\",\"contentUrl\":\"https:\/\/www.pm.pb.gov.br\/portal\/wp-content\/uploads\/2025\/03\/cropped-logo-site-mag2-1.png\",\"width\":320,\"height\":90,\"caption\":\"Pol\u00edcia Militar da Para\u00edba\"},\"image\":{\"@id\":\"https:\/\/www.pm.pb.gov.br\/portal\/#\/schema\/logo\/image\/\"}},{\"@type\":\"Person\",\"@id\":\"https:\/\/www.pm.pb.gov.br\/portal\/#\/schema\/person\/e8454f46651c3ecf0e1ba3c1666d9947\",\"name\":\"Assessoria de Imprensa da PMPB\",\"image\":{\"@type\":\"ImageObject\",\"inLanguage\":\"pt-BR\",\"@id\":\"https:\/\/www.pm.pb.gov.br\/portal\/#\/schema\/person\/image\/\",\"url\":\"https:\/\/secure.gravatar.com\/avatar\/2efe197438265d1e90bd98c4c8e1acf8?s=96&d=mm&r=g\",\"contentUrl\":\"https:\/\/secure.gravatar.com\/avatar\/2efe197438265d1e90bd98c4c8e1acf8?s=96&d=mm&r=g\",\"caption\":\"Assessoria de Imprensa da PMPB\"},\"url\":\"https:\/\/www.pm.pb.gov.br\/portal\/author\/assessoria\/\"}]}<\/script>\n<!-- \/ Yoast SEO plugin. -->","yoast_head_json":{"title":"PM faz a\u00e7\u00e3o preventiva em comunidade de Alagoa Grande - Pol\u00edcia Militar da Para\u00edba","robots":{"index":"index","follow":"follow","max-snippet":"max-snippet:-1","max-image-preview":"max-image-preview:large","max-video-preview":"max-video-preview:-1"},"canonical":"https:\/\/www.pm.pb.gov.br\/portal\/2014\/01\/20\/pm_faz_acao_preventiva_em_comunidade_de_alagoa_grande\/","og_locale":"pt_BR","og_type":"article","og_title":"PM faz a\u00e7\u00e3o preventiva em comunidade de Alagoa Grande - Pol\u00edcia Militar da Para\u00edba","og_description":"Policiais Militares do 8\u00ba Batalh\u00e3o, em conjunto com policiais civis da regional, realizaram, na \u00faltima sexta (17), a Opera\u00e7\u00e3o Visibilidade","og_url":"https:\/\/www.pm.pb.gov.br\/portal\/2014\/01\/20\/pm_faz_acao_preventiva_em_comunidade_de_alagoa_grande\/","og_site_name":"Pol\u00edcia Militar da Para\u00edba","article_published_time":"2014-01-20T13:01:55+00:00","og_image":[{"width":500,"height":375,"url":"https:\/\/www.pm.pb.gov.br\/portal\/wp-content\/uploads\/2014\/01\/9005_12241.jpg","type":"image\/jpeg"}],"author":"Assessoria de Imprensa da PMPB","twitter_card":"summary_large_image","twitter_misc":{"Escrito por":"Assessoria de Imprensa da PMPB","Est. tempo de leitura":"1 minuto"},"schema":{"@context":"https:\/\/schema.org","@graph":[{"@type":"Article","@id":"https:\/\/www.pm.pb.gov.br\/portal\/2014\/01\/20\/pm_faz_acao_preventiva_em_comunidade_de_alagoa_grande\/#article","isPartOf":{"@id":"https:\/\/www.pm.pb.gov.br\/portal\/2014\/01\/20\/pm_faz_acao_preventiva_em_comunidade_de_alagoa_grande\/"},"author":{"name":"Assessoria de Imprensa da PMPB","@id":"https:\/\/www.pm.pb.gov.br\/portal\/#\/schema\/person\/e8454f46651c3ecf0e1ba3c1666d9947"},"headline":"PM faz a\u00e7\u00e3o preventiva em comunidade de Alagoa Grande","datePublished":"2014-01-20T13:01:55+00:00","dateModified":"2014-01-20T13:01:55+00:00","mainEntityOfPage":{"@id":"https:\/\/www.pm.pb.gov.br\/portal\/2014\/01\/20\/pm_faz_acao_preventiva_em_comunidade_de_alagoa_grande\/"},"wordCount":196,"publisher":{"@id":"https:\/\/www.pm.pb.gov.br\/portal\/#organization"},"articleSection":["A\u00e7\u00f5es Policiais"],"inLanguage":"pt-BR"},{"@type":"WebPage","@id":"https:\/\/www.pm.pb.gov.br\/portal\/2014\/01\/20\/pm_faz_acao_preventiva_em_comunidade_de_alagoa_grande\/","url":"https:\/\/www.pm.pb.gov.br\/portal\/2014\/01\/20\/pm_faz_acao_preventiva_em_comunidade_de_alagoa_grande\/","name":"PM faz a\u00e7\u00e3o preventiva em comunidade de Alagoa Grande - Pol\u00edcia Militar da Para\u00edba","isPartOf":{"@id":"https:\/\/www.pm.pb.gov.br\/portal\/#website"},"datePublished":"2014-01-20T13:01:55+00:00","dateModified":"2014-01-20T13:01:55+00:00","breadcrumb":{"@id":"https:\/\/www.pm.pb.gov.br\/portal\/2014\/01\/20\/pm_faz_acao_preventiva_em_comunidade_de_alagoa_grande\/#breadcrumb"},"inLanguage":"pt-BR","potentialAction":[{"@type":"ReadAction","target":["https:\/\/www.pm.pb.gov.br\/portal\/2014\/01\/20\/pm_faz_acao_preventiva_em_comunidade_de_alagoa_grande\/"]}]},{"@type":"BreadcrumbList","@id":"https:\/\/www.pm.pb.gov.br\/portal\/2014\/01\/20\/pm_faz_acao_preventiva_em_comunidade_de_alagoa_grande\/#breadcrumb","itemListElement":[{"@type":"ListItem","position":1,"name":"In\u00edcio","item":"https:\/\/www.pm.pb.gov.br\/portal\/"},{"@type":"ListItem","position":2,"name":"PM faz a\u00e7\u00e3o preventiva em comunidade de Alagoa Grande"}]},{"@type":"WebSite","@id":"https:\/\/www.pm.pb.gov.br\/portal\/#website","url":"https:\/\/www.pm.pb.gov.br\/portal\/","name":"Pol\u00edcia Militar da Para\u00edba","description":"","publisher":{"@id":"https:\/\/www.pm.pb.gov.br\/portal\/#organization"},"potentialAction":[{"@type":"SearchAction","target":{"@type":"EntryPoint","urlTemplate":"https:\/\/www.pm.pb.gov.br\/portal\/?s={search_term_string}"},"query-input":"required name=search_term_string"}],"inLanguage":"pt-BR"},{"@type":"Organization","@id":"https:\/\/www.pm.pb.gov.br\/portal\/#organization","name":"Pol\u00edcia Militar da Para\u00edba","url":"https:\/\/www.pm.pb.gov.br\/portal\/","logo":{"@type":"ImageObject","inLanguage":"pt-BR","@id":"https:\/\/www.pm.pb.gov.br\/portal\/#\/schema\/logo\/image\/","url":"https:\/\/www.pm.pb.gov.br\/portal\/wp-content\/uploads\/2025\/03\/cropped-logo-site-mag2-1.png","contentUrl":"https:\/\/www.pm.pb.gov.br\/portal\/wp-content\/uploads\/2025\/03\/cropped-logo-site-mag2-1.png","width":320,"height":90,"caption":"Pol\u00edcia Militar da Para\u00edba"},"image":{"@id":"https:\/\/www.pm.pb.gov.br\/portal\/#\/schema\/logo\/image\/"}},{"@type":"Person","@id":"https:\/\/www.pm.pb.gov.br\/portal\/#\/schema\/person\/e8454f46651c3ecf0e1ba3c1666d9947","name":"Assessoria de Imprensa da PMPB","image":{"@type":"ImageObject","inLanguage":"pt-BR","@id":"https:\/\/www.pm.pb.gov.br\/portal\/#\/schema\/person\/image\/","url":"https:\/\/secure.gravatar.com\/avatar\/2efe197438265d1e90bd98c4c8e1acf8?s=96&d=mm&r=g","contentUrl":"https:\/\/secure.gravatar.com\/avatar\/2efe197438265d1e90bd98c4c8e1acf8?s=96&d=mm&r=g","caption":"Assessoria de Imprensa da PMPB"},"url":"https:\/\/www.pm.pb.gov.br\/portal\/author\/assessoria\/"}]}},"_links":{"self":[{"href":"https:\/\/www.pm.pb.gov.br\/portal\/wp-json\/wp\/v2\/posts\/892495"}],"collection":[{"href":"https:\/\/www.pm.pb.gov.br\/portal\/wp-json\/wp\/v2\/posts"}],"about":[{"href":"https:\/\/www.pm.pb.gov.br\/portal\/wp-json\/wp\/v2\/types\/post"}],"author":[{"embeddable":true,"href":"https:\/\/www.pm.pb.gov.br\/portal\/wp-json\/wp\/v2\/users\/5"}],"replies":[{"embeddable":true,"href":"https:\/\/www.pm.pb.gov.br\/portal\/wp-json\/wp\/v2\/comments?post=892495"}],"version-history":[{"count":0,"href":"https:\/\/www.pm.pb.gov.br\/portal\/wp-json\/wp\/v2\/posts\/892495\/revisions"}],"wp:featuredmedia":[{"embeddable":true,"href":"https:\/\/www.pm.pb.gov.br\/portal\/wp-json\/wp\/v2\/media\/12241"}],"wp:attachment":[{"href":"https:\/\/www.pm.pb.gov.br\/portal\/wp-json\/wp\/v2\/media?parent=892495"}],"wp:term":[{"taxonomy":"category","embeddable":true,"href":"https:\/\/www.pm.pb.gov.br\/portal\/wp-json\/wp\/v2\/categories?post=892495"},{"taxonomy":"post_tag","embeddable":true,"href":"https:\/\/www.pm.pb.gov.br\/portal\/wp-json\/wp\/v2\/tags?post=892495"}],"curies":[{"name":"wp","href":"https:\/\/api.w.org\/{rel}","templated":true}]}}