{"id":892455,"date":"2014-01-02T09:01:44","date_gmt":"2014-01-02T12:01:44","guid":{"rendered":"http:\/\/www.pm.pb.gov.br\/portal\/2014\/01\/jovem_e_preso_suspeito_de_assassinato_em_campina_grande\/"},"modified":"2014-01-02T09:01:44","modified_gmt":"2014-01-02T12:01:44","slug":"jovem_e_preso_suspeito_de_assassinato_em_campina_grande","status":"publish","type":"post","link":"https:\/\/www.pm.pb.gov.br\/portal\/2014\/01\/02\/jovem_e_preso_suspeito_de_assassinato_em_campina_grande\/","title":{"rendered":"Jovem \u00e9 preso suspeito de assassinato em Campina Grande"},"content":{"rendered":"<figure style=\"width: 500px\" class=\"wp-caption alignnone\"><img decoding=\"async\" class=\"alignnone size-medium\" src=\"http:\/\/www.pm.pb.gov.br\/portal\/wp-content\/uploads\/2014\/01\/8951_12127.jpg\" title=\"Com o suspeito, a PM apreendeu um rev\u00f3lver calibre 38\" width=\"100%\" \/><figcaption class=\"wp-caption-text\">Com o suspeito, a PM apreendeu um rev\u00f3lver calibre 38<\/figcaption><\/figure>\n<div style=\"text-align: justify;\">A Pol\u00edcia Militar em Campina Grande conseguiu prender, durante o \u00faltimo dia da Opera\u00e7\u00e3o R\u00e9veillon, nesta quarta-feira (01), um homem acusado de matar outro no \u00faltimo dia 12 de dezembro, no bairro do Alto Branco. Rafael Marcelino Gomes (conhecido como \u0091Batore\u0092), 18 anos, foi localizado no mesmo bairro onde aconteceu o delito e chegou a confessar o assassinato.<\/p>\n<p>Segundo ele, o crime teria acontecido por d\u00edvidas de drogas. Ele foi encontrado durante uma incurs\u00e3o no local, realizada por 12 homens da For\u00e7a T\u00e1tica do 2\u00ba Batalh\u00e3o, e estava de posse de um rev\u00f3lver calibre 38 e uma moto roubada. \u0093O nosso setor de Intelig\u00eancia j\u00e1 vinha monitorando a \u00e1rea e buscando informa\u00e7\u00f5es para localizar Batore, que tamb\u00e9m j\u00e1 foi preso duas vezes por assalto\u0094, revelou o comandante do 2\u00ba BPM, tenente coronel Souza Neto, ao acrescentar que o suspeito n\u00e3o resistiu \u00e0 pris\u00e3o.<\/p>\n<p>Ap\u00f3s o flagrante, Rafael Marcelino foi levado para a Central de Pol\u00edcia, junto com o material apreendido, para autua\u00e7\u00e3o e posterior encaminhamento a um pres\u00eddio. Conforme o comandante do Policiamento Regional I (sediado em Campina), coronel Marcos Alexandre Sobreira, a PM intensificou as rondas e abordagens na cidade a fim de tirar mais criminosos de circula\u00e7\u00e3o.<\/p>\n<p>\u0093Nos \u00faltimos meses realizamos diversas pris\u00f5es de traficantes e assaltantes e conseguimos reduzir o \u00edndice de Crimes Contra o Patrim\u00f4nio. A pol\u00edcia est\u00e1 vigilante e empenhada em trazer mais tranquilidade para essa regi\u00e3o\u0094, frisou.<\/p>\n<div class=\"row\" align=\"center\"><\/div>\n<\/div>\n","protected":false},"excerpt":{"rendered":"<p>A Pol\u00edcia Militar em Campina Grande conseguiu prender, durante o \u00faltimo dia da Opera\u00e7\u00e3o R\u00e9veillon, nesta quarta-feira (01), um homem<\/p>\n","protected":false},"author":5,"featured_media":12127,"comment_status":"closed","ping_status":"closed","sticky":false,"template":"","format":"standard","meta":{"_exactmetrics_skip_tracking":false,"_exactmetrics_sitenote_active":false,"_exactmetrics_sitenote_note":"","_exactmetrics_sitenote_category":0,"footnotes":""},"categories":[4],"tags":[],"yoast_head":"<!-- This site is optimized with the Yoast SEO plugin v22.0 - https:\/\/yoast.com\/wordpress\/plugins\/seo\/ -->\n<title>Jovem \u00e9 preso suspeito de assassinato em Campina Grande - Pol\u00edcia Militar da Para\u00edba<\/title>\n<meta name=\"robots\" content=\"index, follow, max-snippet:-1, max-image-preview:large, max-video-preview:-1\" \/>\n<link rel=\"canonical\" href=\"https:\/\/www.pm.pb.gov.br\/portal\/2014\/01\/02\/jovem_e_preso_suspeito_de_assassinato_em_campina_grande\/\" \/>\n<meta property=\"og:locale\" content=\"pt_BR\" \/>\n<meta property=\"og:type\" content=\"article\" \/>\n<meta property=\"og:title\" content=\"Jovem \u00e9 preso suspeito de assassinato em Campina Grande - Pol\u00edcia Militar da Para\u00edba\" \/>\n<meta property=\"og:description\" content=\"A Pol\u00edcia Militar em Campina Grande conseguiu prender, durante o \u00faltimo dia da Opera\u00e7\u00e3o R\u00e9veillon, nesta quarta-feira (01), um homem\" \/>\n<meta property=\"og:url\" content=\"https:\/\/www.pm.pb.gov.br\/portal\/2014\/01\/02\/jovem_e_preso_suspeito_de_assassinato_em_campina_grande\/\" \/>\n<meta property=\"og:site_name\" content=\"Pol\u00edcia Militar da Para\u00edba\" \/>\n<meta property=\"article:published_time\" content=\"2014-01-02T12:01:44+00:00\" \/>\n<meta property=\"og:image\" content=\"https:\/\/www.pm.pb.gov.br\/portal\/wp-content\/uploads\/2014\/01\/8951_12127.jpg\" \/>\n\t<meta property=\"og:image:width\" content=\"500\" \/>\n\t<meta property=\"og:image:height\" content=\"375\" \/>\n\t<meta property=\"og:image:type\" content=\"image\/jpeg\" \/>\n<meta name=\"author\" content=\"Assessoria de Imprensa da PMPB\" \/>\n<meta name=\"twitter:card\" content=\"summary_large_image\" \/>\n<meta name=\"twitter:label1\" content=\"Escrito por\" \/>\n\t<meta name=\"twitter:data1\" content=\"Assessoria de Imprensa da PMPB\" \/>\n\t<meta name=\"twitter:label2\" content=\"Est. tempo de leitura\" \/>\n\t<meta name=\"twitter:data2\" content=\"1 minuto\" \/>\n<script type=\"application\/ld+json\" class=\"yoast-schema-graph\">{\"@context\":\"https:\/\/schema.org\",\"@graph\":[{\"@type\":\"Article\",\"@id\":\"https:\/\/www.pm.pb.gov.br\/portal\/2014\/01\/02\/jovem_e_preso_suspeito_de_assassinato_em_campina_grande\/#article\",\"isPartOf\":{\"@id\":\"https:\/\/www.pm.pb.gov.br\/portal\/2014\/01\/02\/jovem_e_preso_suspeito_de_assassinato_em_campina_grande\/\"},\"author\":{\"name\":\"Assessoria de Imprensa da PMPB\",\"@id\":\"https:\/\/www.pm.pb.gov.br\/portal\/#\/schema\/person\/e8454f46651c3ecf0e1ba3c1666d9947\"},\"headline\":\"Jovem \u00e9 preso suspeito de assassinato em Campina Grande\",\"datePublished\":\"2014-01-02T12:01:44+00:00\",\"dateModified\":\"2014-01-02T12:01:44+00:00\",\"mainEntityOfPage\":{\"@id\":\"https:\/\/www.pm.pb.gov.br\/portal\/2014\/01\/02\/jovem_e_preso_suspeito_de_assassinato_em_campina_grande\/\"},\"wordCount\":272,\"publisher\":{\"@id\":\"https:\/\/www.pm.pb.gov.br\/portal\/#organization\"},\"articleSection\":[\"A\u00e7\u00f5es Policiais\"],\"inLanguage\":\"pt-BR\"},{\"@type\":\"WebPage\",\"@id\":\"https:\/\/www.pm.pb.gov.br\/portal\/2014\/01\/02\/jovem_e_preso_suspeito_de_assassinato_em_campina_grande\/\",\"url\":\"https:\/\/www.pm.pb.gov.br\/portal\/2014\/01\/02\/jovem_e_preso_suspeito_de_assassinato_em_campina_grande\/\",\"name\":\"Jovem \u00e9 preso suspeito de assassinato em Campina Grande - Pol\u00edcia Militar da Para\u00edba\",\"isPartOf\":{\"@id\":\"https:\/\/www.pm.pb.gov.br\/portal\/#website\"},\"datePublished\":\"2014-01-02T12:01:44+00:00\",\"dateModified\":\"2014-01-02T12:01:44+00:00\",\"breadcrumb\":{\"@id\":\"https:\/\/www.pm.pb.gov.br\/portal\/2014\/01\/02\/jovem_e_preso_suspeito_de_assassinato_em_campina_grande\/#breadcrumb\"},\"inLanguage\":\"pt-BR\",\"potentialAction\":[{\"@type\":\"ReadAction\",\"target\":[\"https:\/\/www.pm.pb.gov.br\/portal\/2014\/01\/02\/jovem_e_preso_suspeito_de_assassinato_em_campina_grande\/\"]}]},{\"@type\":\"BreadcrumbList\",\"@id\":\"https:\/\/www.pm.pb.gov.br\/portal\/2014\/01\/02\/jovem_e_preso_suspeito_de_assassinato_em_campina_grande\/#breadcrumb\",\"itemListElement\":[{\"@type\":\"ListItem\",\"position\":1,\"name\":\"In\u00edcio\",\"item\":\"https:\/\/www.pm.pb.gov.br\/portal\/\"},{\"@type\":\"ListItem\",\"position\":2,\"name\":\"Jovem \u00e9 preso suspeito de assassinato em Campina Grande\"}]},{\"@type\":\"WebSite\",\"@id\":\"https:\/\/www.pm.pb.gov.br\/portal\/#website\",\"url\":\"https:\/\/www.pm.pb.gov.br\/portal\/\",\"name\":\"Pol\u00edcia Militar da Para\u00edba\",\"description\":\"\",\"publisher\":{\"@id\":\"https:\/\/www.pm.pb.gov.br\/portal\/#organization\"},\"potentialAction\":[{\"@type\":\"SearchAction\",\"target\":{\"@type\":\"EntryPoint\",\"urlTemplate\":\"https:\/\/www.pm.pb.gov.br\/portal\/?s={search_term_string}\"},\"query-input\":\"required name=search_term_string\"}],\"inLanguage\":\"pt-BR\"},{\"@type\":\"Organization\",\"@id\":\"https:\/\/www.pm.pb.gov.br\/portal\/#organization\",\"name\":\"Pol\u00edcia Militar da Para\u00edba\",\"url\":\"https:\/\/www.pm.pb.gov.br\/portal\/\",\"logo\":{\"@type\":\"ImageObject\",\"inLanguage\":\"pt-BR\",\"@id\":\"https:\/\/www.pm.pb.gov.br\/portal\/#\/schema\/logo\/image\/\",\"url\":\"https:\/\/www.pm.pb.gov.br\/portal\/wp-content\/uploads\/2025\/03\/cropped-logo-site-mag2-1.png\",\"contentUrl\":\"https:\/\/www.pm.pb.gov.br\/portal\/wp-content\/uploads\/2025\/03\/cropped-logo-site-mag2-1.png\",\"width\":320,\"height\":90,\"caption\":\"Pol\u00edcia Militar da Para\u00edba\"},\"image\":{\"@id\":\"https:\/\/www.pm.pb.gov.br\/portal\/#\/schema\/logo\/image\/\"}},{\"@type\":\"Person\",\"@id\":\"https:\/\/www.pm.pb.gov.br\/portal\/#\/schema\/person\/e8454f46651c3ecf0e1ba3c1666d9947\",\"name\":\"Assessoria de Imprensa da PMPB\",\"image\":{\"@type\":\"ImageObject\",\"inLanguage\":\"pt-BR\",\"@id\":\"https:\/\/www.pm.pb.gov.br\/portal\/#\/schema\/person\/image\/\",\"url\":\"https:\/\/secure.gravatar.com\/avatar\/2efe197438265d1e90bd98c4c8e1acf8?s=96&d=mm&r=g\",\"contentUrl\":\"https:\/\/secure.gravatar.com\/avatar\/2efe197438265d1e90bd98c4c8e1acf8?s=96&d=mm&r=g\",\"caption\":\"Assessoria de Imprensa da PMPB\"},\"url\":\"https:\/\/www.pm.pb.gov.br\/portal\/author\/assessoria\/\"}]}<\/script>\n<!-- \/ Yoast SEO plugin. -->","yoast_head_json":{"title":"Jovem \u00e9 preso suspeito de assassinato em Campina Grande - Pol\u00edcia Militar da Para\u00edba","robots":{"index":"index","follow":"follow","max-snippet":"max-snippet:-1","max-image-preview":"max-image-preview:large","max-video-preview":"max-video-preview:-1"},"canonical":"https:\/\/www.pm.pb.gov.br\/portal\/2014\/01\/02\/jovem_e_preso_suspeito_de_assassinato_em_campina_grande\/","og_locale":"pt_BR","og_type":"article","og_title":"Jovem \u00e9 preso suspeito de assassinato em Campina Grande - Pol\u00edcia Militar da Para\u00edba","og_description":"A Pol\u00edcia Militar em Campina Grande conseguiu prender, durante o \u00faltimo dia da Opera\u00e7\u00e3o R\u00e9veillon, nesta quarta-feira (01), um homem","og_url":"https:\/\/www.pm.pb.gov.br\/portal\/2014\/01\/02\/jovem_e_preso_suspeito_de_assassinato_em_campina_grande\/","og_site_name":"Pol\u00edcia Militar da Para\u00edba","article_published_time":"2014-01-02T12:01:44+00:00","og_image":[{"width":500,"height":375,"url":"https:\/\/www.pm.pb.gov.br\/portal\/wp-content\/uploads\/2014\/01\/8951_12127.jpg","type":"image\/jpeg"}],"author":"Assessoria de Imprensa da PMPB","twitter_card":"summary_large_image","twitter_misc":{"Escrito por":"Assessoria de Imprensa da PMPB","Est. tempo de leitura":"1 minuto"},"schema":{"@context":"https:\/\/schema.org","@graph":[{"@type":"Article","@id":"https:\/\/www.pm.pb.gov.br\/portal\/2014\/01\/02\/jovem_e_preso_suspeito_de_assassinato_em_campina_grande\/#article","isPartOf":{"@id":"https:\/\/www.pm.pb.gov.br\/portal\/2014\/01\/02\/jovem_e_preso_suspeito_de_assassinato_em_campina_grande\/"},"author":{"name":"Assessoria de Imprensa da PMPB","@id":"https:\/\/www.pm.pb.gov.br\/portal\/#\/schema\/person\/e8454f46651c3ecf0e1ba3c1666d9947"},"headline":"Jovem \u00e9 preso suspeito de assassinato em Campina Grande","datePublished":"2014-01-02T12:01:44+00:00","dateModified":"2014-01-02T12:01:44+00:00","mainEntityOfPage":{"@id":"https:\/\/www.pm.pb.gov.br\/portal\/2014\/01\/02\/jovem_e_preso_suspeito_de_assassinato_em_campina_grande\/"},"wordCount":272,"publisher":{"@id":"https:\/\/www.pm.pb.gov.br\/portal\/#organization"},"articleSection":["A\u00e7\u00f5es Policiais"],"inLanguage":"pt-BR"},{"@type":"WebPage","@id":"https:\/\/www.pm.pb.gov.br\/portal\/2014\/01\/02\/jovem_e_preso_suspeito_de_assassinato_em_campina_grande\/","url":"https:\/\/www.pm.pb.gov.br\/portal\/2014\/01\/02\/jovem_e_preso_suspeito_de_assassinato_em_campina_grande\/","name":"Jovem \u00e9 preso suspeito de assassinato em Campina Grande - Pol\u00edcia Militar da Para\u00edba","isPartOf":{"@id":"https:\/\/www.pm.pb.gov.br\/portal\/#website"},"datePublished":"2014-01-02T12:01:44+00:00","dateModified":"2014-01-02T12:01:44+00:00","breadcrumb":{"@id":"https:\/\/www.pm.pb.gov.br\/portal\/2014\/01\/02\/jovem_e_preso_suspeito_de_assassinato_em_campina_grande\/#breadcrumb"},"inLanguage":"pt-BR","potentialAction":[{"@type":"ReadAction","target":["https:\/\/www.pm.pb.gov.br\/portal\/2014\/01\/02\/jovem_e_preso_suspeito_de_assassinato_em_campina_grande\/"]}]},{"@type":"BreadcrumbList","@id":"https:\/\/www.pm.pb.gov.br\/portal\/2014\/01\/02\/jovem_e_preso_suspeito_de_assassinato_em_campina_grande\/#breadcrumb","itemListElement":[{"@type":"ListItem","position":1,"name":"In\u00edcio","item":"https:\/\/www.pm.pb.gov.br\/portal\/"},{"@type":"ListItem","position":2,"name":"Jovem \u00e9 preso suspeito de assassinato em Campina Grande"}]},{"@type":"WebSite","@id":"https:\/\/www.pm.pb.gov.br\/portal\/#website","url":"https:\/\/www.pm.pb.gov.br\/portal\/","name":"Pol\u00edcia Militar da Para\u00edba","description":"","publisher":{"@id":"https:\/\/www.pm.pb.gov.br\/portal\/#organization"},"potentialAction":[{"@type":"SearchAction","target":{"@type":"EntryPoint","urlTemplate":"https:\/\/www.pm.pb.gov.br\/portal\/?s={search_term_string}"},"query-input":"required name=search_term_string"}],"inLanguage":"pt-BR"},{"@type":"Organization","@id":"https:\/\/www.pm.pb.gov.br\/portal\/#organization","name":"Pol\u00edcia Militar da Para\u00edba","url":"https:\/\/www.pm.pb.gov.br\/portal\/","logo":{"@type":"ImageObject","inLanguage":"pt-BR","@id":"https:\/\/www.pm.pb.gov.br\/portal\/#\/schema\/logo\/image\/","url":"https:\/\/www.pm.pb.gov.br\/portal\/wp-content\/uploads\/2025\/03\/cropped-logo-site-mag2-1.png","contentUrl":"https:\/\/www.pm.pb.gov.br\/portal\/wp-content\/uploads\/2025\/03\/cropped-logo-site-mag2-1.png","width":320,"height":90,"caption":"Pol\u00edcia Militar da Para\u00edba"},"image":{"@id":"https:\/\/www.pm.pb.gov.br\/portal\/#\/schema\/logo\/image\/"}},{"@type":"Person","@id":"https:\/\/www.pm.pb.gov.br\/portal\/#\/schema\/person\/e8454f46651c3ecf0e1ba3c1666d9947","name":"Assessoria de Imprensa da PMPB","image":{"@type":"ImageObject","inLanguage":"pt-BR","@id":"https:\/\/www.pm.pb.gov.br\/portal\/#\/schema\/person\/image\/","url":"https:\/\/secure.gravatar.com\/avatar\/2efe197438265d1e90bd98c4c8e1acf8?s=96&d=mm&r=g","contentUrl":"https:\/\/secure.gravatar.com\/avatar\/2efe197438265d1e90bd98c4c8e1acf8?s=96&d=mm&r=g","caption":"Assessoria de Imprensa da PMPB"},"url":"https:\/\/www.pm.pb.gov.br\/portal\/author\/assessoria\/"}]}},"_links":{"self":[{"href":"https:\/\/www.pm.pb.gov.br\/portal\/wp-json\/wp\/v2\/posts\/892455"}],"collection":[{"href":"https:\/\/www.pm.pb.gov.br\/portal\/wp-json\/wp\/v2\/posts"}],"about":[{"href":"https:\/\/www.pm.pb.gov.br\/portal\/wp-json\/wp\/v2\/types\/post"}],"author":[{"embeddable":true,"href":"https:\/\/www.pm.pb.gov.br\/portal\/wp-json\/wp\/v2\/users\/5"}],"replies":[{"embeddable":true,"href":"https:\/\/www.pm.pb.gov.br\/portal\/wp-json\/wp\/v2\/comments?post=892455"}],"version-history":[{"count":0,"href":"https:\/\/www.pm.pb.gov.br\/portal\/wp-json\/wp\/v2\/posts\/892455\/revisions"}],"wp:featuredmedia":[{"embeddable":true,"href":"https:\/\/www.pm.pb.gov.br\/portal\/wp-json\/wp\/v2\/media\/12127"}],"wp:attachment":[{"href":"https:\/\/www.pm.pb.gov.br\/portal\/wp-json\/wp\/v2\/media?parent=892455"}],"wp:term":[{"taxonomy":"category","embeddable":true,"href":"https:\/\/www.pm.pb.gov.br\/portal\/wp-json\/wp\/v2\/categories?post=892455"},{"taxonomy":"post_tag","embeddable":true,"href":"https:\/\/www.pm.pb.gov.br\/portal\/wp-json\/wp\/v2\/tags?post=892455"}],"curies":[{"name":"wp","href":"https:\/\/api.w.org\/{rel}","templated":true}]}}