{"id":892454,"date":"2014-01-02T01:01:11","date_gmt":"2014-01-02T04:01:11","guid":{"rendered":"http:\/\/www.pm.pb.gov.br\/portal\/2014\/01\/operacao_reveillon_apreende_28_armas_de_fogo_na_paraiba\/"},"modified":"2014-01-02T01:01:11","modified_gmt":"2014-01-02T04:01:11","slug":"operacao_reveillon_apreende_28_armas_de_fogo_na_paraiba","status":"publish","type":"post","link":"https:\/\/www.pm.pb.gov.br\/portal\/2014\/01\/02\/operacao_reveillon_apreende_28_armas_de_fogo_na_paraiba\/","title":{"rendered":"Opera\u00e7\u00e3o r\u00e9veillon apreende 28 armas de fogo na Para\u00edba"},"content":{"rendered":"<figure style=\"width: 500px\" class=\"wp-caption alignnone\"><img decoding=\"async\" class=\"alignnone size-medium\" src=\"http:\/\/www.pm.pb.gov.br\/portal\/wp-content\/uploads\/2014\/01\/8950_12126.jpg\" title=\"Foram seis dias de a\u00e7\u00f5es com o refor\u00e7o do efetivo em todo Estado\" width=\"100%\" \/><figcaption class=\"wp-caption-text\">Foram seis dias de a\u00e7\u00f5es com o refor\u00e7o do efetivo em todo Estado<\/figcaption><\/figure>\n<div style=\"text-align: justify;\">A Pol\u00edcia Militar apreendeu 28 armas de fogo em dezesseis cidades paraibanas durante a opera\u00e7\u00e3o r\u00e9veillon, que come\u00e7ou no dia 27 de dezembro e foi encerrada na noite desta quarta-feira (01), com o acr\u00e9scimo de 1.200 policiais para refor\u00e7ar a seguran\u00e7a nos locais de maior concentra\u00e7\u00e3o de pessoas por causa dos festejos da passagem de ano. No total, vinte quatro pessoas foram detidas e autuadas por porte ilegal de arma e mais de quarenta por roubo ou furto.<\/p>\n<p>Nesta quarta-feira, \u00faltimo dia da opera\u00e7\u00e3o, foram tr\u00eas rev\u00f3lveres apreendidos. Em Santa Rita, dois adolescentes &#8211; com idades de 13 e 16 anos &#8211; foram flagrados com uma arma e papelotes de maconha, no centro da cidade.<\/p>\n<p>No bairro Padre Z\u00e9, na capital, uma abordagem a um homem de 22 anos, que estava em uma moto, resultou na apreens\u00e3o de um rev\u00f3lver calibre 32. Tamb\u00e9m durante abordagem a uma moto, na cidade de Alagoa Nova, no Agreste, um pedreiro de 43 anos foi preso ap\u00f3s ser flagrado com um rev\u00f3lver calibre 38.<\/p>\n<p>A opera\u00e7\u00e3o r\u00e9veillon focou no aumento do n\u00famero de rondas e abordagens a pessoas e ve\u00edculos suspeitos. Nos seis dias de a\u00e7\u00f5es, a PM apreendeu armas nos munic\u00edpios de Bayeux; Cruz do Esp\u00edrito Santo; Jo\u00e3o Pessoa; Nazarezinho; Santa Rita; Sousa; Itaporanga; Patos; S\u00e3o Jos\u00e9 do Bonfim; Alagoa Nova; Pedras de Fogo; Boqueir\u00e3o; Campina Grande; Areia; Conde e Alhandra.<\/p>\n<p>S\u00f3 no Litoral Sul do Estado foram dez armas apreendidas, quatro delas durante a\u00e7\u00e3o para cumprir mandados judiciais, na sexta-feira (27), que resultou na pris\u00e3o de dois suspeitos de terem participa\u00e7\u00e3o em pelo menos cinco homic\u00eddios registrados nos \u00faltimos tr\u00eas meses, na praia de Jacum\u00e3, munic\u00edpio do Conde.<\/p>\n<p>O Comandante da Pol\u00edcia Militar, Coronel Euller Chaves, classificou o resultou como a continuidade de um trabalho realizado pelo Governo na \u00e1rea de seguran\u00e7a p\u00fablica que possibilitou a Para\u00edba a reduzir pelo segundo ano consecutivo os n\u00fameros dos crimes contra a vida.<\/p>\n<p>\u0093Foi mais uma opera\u00e7\u00e3o focada na redu\u00e7\u00e3o dos \u00edndices com o objeto de garantir a tranquilidade da popula\u00e7\u00e3o, esse contexto faz parte de uma pol\u00edtica de seguran\u00e7a de Estado, executada gra\u00e7as ao suporte de investimentos dado pelo Governador Ricardo Coutinho e as orienta\u00e7\u00f5es operacionais do Secret\u00e1rio Cl\u00e1udio Lima, que fez nosso Estado alcan\u00e7ar a segunda redu\u00e7\u00e3o consecutiva dos crimes contra a vida, ap\u00f3s dez anos de intenso crescimento, em um ano de 2013 marcado pelo aumento da viol\u00eancia em todo pa\u00eds e que fez, diferente da Para\u00edba, os n\u00fameros subirem em v\u00e1rios Estados\u0094, lembrou o Coronel Euller.<\/p>\n<p>A\u00e7\u00f5es contra roubos \u0096 Mais de 40 pessoas foram presas e apreendidas por serem flagradas praticando roubos ou furtos nos seis dias da opera\u00e7\u00e3o. Um dos presos, na cidade de Campina Grande, era foragido do Pres\u00eddio de Igarass\u00fa, em Pernambuco, e estava em um carro de luxo blindado, roubado naquele Estado.<\/p>\n<p>Sobre a opera\u00e7\u00e3o &#8211; As Pol\u00edcias Militar e Civil empregaram efetivo extra para refor\u00e7ar a seguran\u00e7a em todo o Estado, principalmente nos locais de maior concentra\u00e7\u00e3o de p\u00fablico, durante os festejos de fim de ano. O pr\u00f3prio Secret\u00e1rio de Estado da Seguran\u00e7a e da Defesa Social, Cl\u00e1udio Lima, e o Comandante Geral da Pol\u00edcia Militar, estiveram nas ruas fiscalizando a aplica\u00e7\u00e3o do policiamento.<\/p>\n<p>A\u00e7\u00f5es nos pres\u00eddios \u0096 Durante a opera\u00e7\u00e3o r\u00e9veillon, a Pol\u00edcia Militar atuou em tr\u00eas casos relacionadas a tentativa e fuga de presos. Uma delas nesta quarta-feira (01), no Complexo Penitenci\u00e1rio PB1, na capital, onde tr\u00eas presos tentaram fugir utilizando escadas, mas foram impedidas pela a\u00e7\u00e3o de policiais do Batalh\u00e3o de Opera\u00e7\u00f5es Especiais (BOPE).<\/p>\n<p>No s\u00e1bado (28), no Pres\u00eddio do Serrot\u00e3o, em Campina Grande, a fuga de tr\u00eas presos tamb\u00e9m foi frustrada ap\u00f3s uma a\u00e7\u00e3o r\u00e1pida dos policiais militares e agentes penitenci\u00e1rias. Na cadeia p\u00fablica de Rio Tinto, cinco presos conseguiram fugir, no s\u00e1bado, mas todos foram recapturados pela PM, um deles inclusive j\u00e1 na cidade de Jo\u00e3o Pessoa.<\/p>\n<p>Durante o per\u00edodo da opera\u00e7\u00e3o, o comando da pol\u00edcia militar disponibilizou equipes das tropas especializadas para ficarem de prontid\u00e3o para atuar em apoio a Secretaria de Administra\u00e7\u00e3o Penitenci\u00e1ria, caso fosse necess\u00e1ria uma interven\u00e7\u00e3o no sistema prisional.<\/p>\n<div class=\"row\" align=\"center\"><\/div>\n<\/div>\n","protected":false},"excerpt":{"rendered":"<p>A Pol\u00edcia Militar apreendeu 28 armas de fogo em dezesseis cidades paraibanas durante a opera\u00e7\u00e3o r\u00e9veillon, que come\u00e7ou no dia<\/p>\n","protected":false},"author":5,"featured_media":12126,"comment_status":"closed","ping_status":"closed","sticky":false,"template":"","format":"standard","meta":{"_exactmetrics_skip_tracking":false,"_exactmetrics_sitenote_active":false,"_exactmetrics_sitenote_note":"","_exactmetrics_sitenote_category":0,"footnotes":""},"categories":[4],"tags":[],"yoast_head":"<!-- This site is optimized with the Yoast SEO plugin v22.0 - https:\/\/yoast.com\/wordpress\/plugins\/seo\/ -->\n<title>Opera\u00e7\u00e3o r\u00e9veillon apreende 28 armas de fogo na Para\u00edba - Pol\u00edcia Militar da Para\u00edba<\/title>\n<meta name=\"robots\" content=\"index, follow, max-snippet:-1, max-image-preview:large, max-video-preview:-1\" \/>\n<link rel=\"canonical\" href=\"https:\/\/www.pm.pb.gov.br\/portal\/2014\/01\/02\/operacao_reveillon_apreende_28_armas_de_fogo_na_paraiba\/\" \/>\n<meta property=\"og:locale\" content=\"pt_BR\" \/>\n<meta property=\"og:type\" content=\"article\" \/>\n<meta property=\"og:title\" content=\"Opera\u00e7\u00e3o r\u00e9veillon apreende 28 armas de fogo na Para\u00edba - Pol\u00edcia Militar da Para\u00edba\" \/>\n<meta property=\"og:description\" content=\"A Pol\u00edcia Militar apreendeu 28 armas de fogo em dezesseis cidades paraibanas durante a opera\u00e7\u00e3o r\u00e9veillon, que come\u00e7ou no dia\" \/>\n<meta property=\"og:url\" content=\"https:\/\/www.pm.pb.gov.br\/portal\/2014\/01\/02\/operacao_reveillon_apreende_28_armas_de_fogo_na_paraiba\/\" \/>\n<meta property=\"og:site_name\" content=\"Pol\u00edcia Militar da Para\u00edba\" \/>\n<meta property=\"article:published_time\" content=\"2014-01-02T04:01:11+00:00\" \/>\n<meta property=\"og:image\" content=\"https:\/\/www.pm.pb.gov.br\/portal\/wp-content\/uploads\/2014\/01\/8950_12126.jpg\" \/>\n\t<meta property=\"og:image:width\" content=\"500\" \/>\n\t<meta property=\"og:image:height\" content=\"332\" \/>\n\t<meta property=\"og:image:type\" content=\"image\/jpeg\" \/>\n<meta name=\"author\" content=\"Assessoria de Imprensa da PMPB\" \/>\n<meta name=\"twitter:card\" content=\"summary_large_image\" \/>\n<meta name=\"twitter:label1\" content=\"Escrito por\" \/>\n\t<meta name=\"twitter:data1\" content=\"Assessoria de Imprensa da PMPB\" \/>\n\t<meta name=\"twitter:label2\" content=\"Est. tempo de leitura\" \/>\n\t<meta name=\"twitter:data2\" content=\"4 minutos\" \/>\n<script type=\"application\/ld+json\" class=\"yoast-schema-graph\">{\"@context\":\"https:\/\/schema.org\",\"@graph\":[{\"@type\":\"Article\",\"@id\":\"https:\/\/www.pm.pb.gov.br\/portal\/2014\/01\/02\/operacao_reveillon_apreende_28_armas_de_fogo_na_paraiba\/#article\",\"isPartOf\":{\"@id\":\"https:\/\/www.pm.pb.gov.br\/portal\/2014\/01\/02\/operacao_reveillon_apreende_28_armas_de_fogo_na_paraiba\/\"},\"author\":{\"name\":\"Assessoria de Imprensa da PMPB\",\"@id\":\"https:\/\/www.pm.pb.gov.br\/portal\/#\/schema\/person\/e8454f46651c3ecf0e1ba3c1666d9947\"},\"headline\":\"Opera\u00e7\u00e3o r\u00e9veillon apreende 28 armas de fogo na Para\u00edba\",\"datePublished\":\"2014-01-02T04:01:11+00:00\",\"dateModified\":\"2014-01-02T04:01:11+00:00\",\"mainEntityOfPage\":{\"@id\":\"https:\/\/www.pm.pb.gov.br\/portal\/2014\/01\/02\/operacao_reveillon_apreende_28_armas_de_fogo_na_paraiba\/\"},\"wordCount\":788,\"publisher\":{\"@id\":\"https:\/\/www.pm.pb.gov.br\/portal\/#organization\"},\"articleSection\":[\"A\u00e7\u00f5es Policiais\"],\"inLanguage\":\"pt-BR\"},{\"@type\":\"WebPage\",\"@id\":\"https:\/\/www.pm.pb.gov.br\/portal\/2014\/01\/02\/operacao_reveillon_apreende_28_armas_de_fogo_na_paraiba\/\",\"url\":\"https:\/\/www.pm.pb.gov.br\/portal\/2014\/01\/02\/operacao_reveillon_apreende_28_armas_de_fogo_na_paraiba\/\",\"name\":\"Opera\u00e7\u00e3o r\u00e9veillon apreende 28 armas de fogo na Para\u00edba - Pol\u00edcia Militar da Para\u00edba\",\"isPartOf\":{\"@id\":\"https:\/\/www.pm.pb.gov.br\/portal\/#website\"},\"datePublished\":\"2014-01-02T04:01:11+00:00\",\"dateModified\":\"2014-01-02T04:01:11+00:00\",\"breadcrumb\":{\"@id\":\"https:\/\/www.pm.pb.gov.br\/portal\/2014\/01\/02\/operacao_reveillon_apreende_28_armas_de_fogo_na_paraiba\/#breadcrumb\"},\"inLanguage\":\"pt-BR\",\"potentialAction\":[{\"@type\":\"ReadAction\",\"target\":[\"https:\/\/www.pm.pb.gov.br\/portal\/2014\/01\/02\/operacao_reveillon_apreende_28_armas_de_fogo_na_paraiba\/\"]}]},{\"@type\":\"BreadcrumbList\",\"@id\":\"https:\/\/www.pm.pb.gov.br\/portal\/2014\/01\/02\/operacao_reveillon_apreende_28_armas_de_fogo_na_paraiba\/#breadcrumb\",\"itemListElement\":[{\"@type\":\"ListItem\",\"position\":1,\"name\":\"In\u00edcio\",\"item\":\"https:\/\/www.pm.pb.gov.br\/portal\/\"},{\"@type\":\"ListItem\",\"position\":2,\"name\":\"Opera\u00e7\u00e3o r\u00e9veillon apreende 28 armas de fogo na Para\u00edba\"}]},{\"@type\":\"WebSite\",\"@id\":\"https:\/\/www.pm.pb.gov.br\/portal\/#website\",\"url\":\"https:\/\/www.pm.pb.gov.br\/portal\/\",\"name\":\"Pol\u00edcia Militar da Para\u00edba\",\"description\":\"\",\"publisher\":{\"@id\":\"https:\/\/www.pm.pb.gov.br\/portal\/#organization\"},\"potentialAction\":[{\"@type\":\"SearchAction\",\"target\":{\"@type\":\"EntryPoint\",\"urlTemplate\":\"https:\/\/www.pm.pb.gov.br\/portal\/?s={search_term_string}\"},\"query-input\":\"required name=search_term_string\"}],\"inLanguage\":\"pt-BR\"},{\"@type\":\"Organization\",\"@id\":\"https:\/\/www.pm.pb.gov.br\/portal\/#organization\",\"name\":\"Pol\u00edcia Militar da Para\u00edba\",\"url\":\"https:\/\/www.pm.pb.gov.br\/portal\/\",\"logo\":{\"@type\":\"ImageObject\",\"inLanguage\":\"pt-BR\",\"@id\":\"https:\/\/www.pm.pb.gov.br\/portal\/#\/schema\/logo\/image\/\",\"url\":\"https:\/\/www.pm.pb.gov.br\/portal\/wp-content\/uploads\/2025\/03\/cropped-logo-site-mag2-1.png\",\"contentUrl\":\"https:\/\/www.pm.pb.gov.br\/portal\/wp-content\/uploads\/2025\/03\/cropped-logo-site-mag2-1.png\",\"width\":320,\"height\":90,\"caption\":\"Pol\u00edcia Militar da Para\u00edba\"},\"image\":{\"@id\":\"https:\/\/www.pm.pb.gov.br\/portal\/#\/schema\/logo\/image\/\"}},{\"@type\":\"Person\",\"@id\":\"https:\/\/www.pm.pb.gov.br\/portal\/#\/schema\/person\/e8454f46651c3ecf0e1ba3c1666d9947\",\"name\":\"Assessoria de Imprensa da PMPB\",\"image\":{\"@type\":\"ImageObject\",\"inLanguage\":\"pt-BR\",\"@id\":\"https:\/\/www.pm.pb.gov.br\/portal\/#\/schema\/person\/image\/\",\"url\":\"https:\/\/secure.gravatar.com\/avatar\/2efe197438265d1e90bd98c4c8e1acf8?s=96&d=mm&r=g\",\"contentUrl\":\"https:\/\/secure.gravatar.com\/avatar\/2efe197438265d1e90bd98c4c8e1acf8?s=96&d=mm&r=g\",\"caption\":\"Assessoria de Imprensa da PMPB\"},\"url\":\"https:\/\/www.pm.pb.gov.br\/portal\/author\/assessoria\/\"}]}<\/script>\n<!-- \/ Yoast SEO plugin. -->","yoast_head_json":{"title":"Opera\u00e7\u00e3o r\u00e9veillon apreende 28 armas de fogo na Para\u00edba - Pol\u00edcia Militar da Para\u00edba","robots":{"index":"index","follow":"follow","max-snippet":"max-snippet:-1","max-image-preview":"max-image-preview:large","max-video-preview":"max-video-preview:-1"},"canonical":"https:\/\/www.pm.pb.gov.br\/portal\/2014\/01\/02\/operacao_reveillon_apreende_28_armas_de_fogo_na_paraiba\/","og_locale":"pt_BR","og_type":"article","og_title":"Opera\u00e7\u00e3o r\u00e9veillon apreende 28 armas de fogo na Para\u00edba - Pol\u00edcia Militar da Para\u00edba","og_description":"A Pol\u00edcia Militar apreendeu 28 armas de fogo em dezesseis cidades paraibanas durante a opera\u00e7\u00e3o r\u00e9veillon, que come\u00e7ou no dia","og_url":"https:\/\/www.pm.pb.gov.br\/portal\/2014\/01\/02\/operacao_reveillon_apreende_28_armas_de_fogo_na_paraiba\/","og_site_name":"Pol\u00edcia Militar da Para\u00edba","article_published_time":"2014-01-02T04:01:11+00:00","og_image":[{"width":500,"height":332,"url":"https:\/\/www.pm.pb.gov.br\/portal\/wp-content\/uploads\/2014\/01\/8950_12126.jpg","type":"image\/jpeg"}],"author":"Assessoria de Imprensa da PMPB","twitter_card":"summary_large_image","twitter_misc":{"Escrito por":"Assessoria de Imprensa da PMPB","Est. tempo de leitura":"4 minutos"},"schema":{"@context":"https:\/\/schema.org","@graph":[{"@type":"Article","@id":"https:\/\/www.pm.pb.gov.br\/portal\/2014\/01\/02\/operacao_reveillon_apreende_28_armas_de_fogo_na_paraiba\/#article","isPartOf":{"@id":"https:\/\/www.pm.pb.gov.br\/portal\/2014\/01\/02\/operacao_reveillon_apreende_28_armas_de_fogo_na_paraiba\/"},"author":{"name":"Assessoria de Imprensa da PMPB","@id":"https:\/\/www.pm.pb.gov.br\/portal\/#\/schema\/person\/e8454f46651c3ecf0e1ba3c1666d9947"},"headline":"Opera\u00e7\u00e3o r\u00e9veillon apreende 28 armas de fogo na Para\u00edba","datePublished":"2014-01-02T04:01:11+00:00","dateModified":"2014-01-02T04:01:11+00:00","mainEntityOfPage":{"@id":"https:\/\/www.pm.pb.gov.br\/portal\/2014\/01\/02\/operacao_reveillon_apreende_28_armas_de_fogo_na_paraiba\/"},"wordCount":788,"publisher":{"@id":"https:\/\/www.pm.pb.gov.br\/portal\/#organization"},"articleSection":["A\u00e7\u00f5es Policiais"],"inLanguage":"pt-BR"},{"@type":"WebPage","@id":"https:\/\/www.pm.pb.gov.br\/portal\/2014\/01\/02\/operacao_reveillon_apreende_28_armas_de_fogo_na_paraiba\/","url":"https:\/\/www.pm.pb.gov.br\/portal\/2014\/01\/02\/operacao_reveillon_apreende_28_armas_de_fogo_na_paraiba\/","name":"Opera\u00e7\u00e3o r\u00e9veillon apreende 28 armas de fogo na Para\u00edba - Pol\u00edcia Militar da Para\u00edba","isPartOf":{"@id":"https:\/\/www.pm.pb.gov.br\/portal\/#website"},"datePublished":"2014-01-02T04:01:11+00:00","dateModified":"2014-01-02T04:01:11+00:00","breadcrumb":{"@id":"https:\/\/www.pm.pb.gov.br\/portal\/2014\/01\/02\/operacao_reveillon_apreende_28_armas_de_fogo_na_paraiba\/#breadcrumb"},"inLanguage":"pt-BR","potentialAction":[{"@type":"ReadAction","target":["https:\/\/www.pm.pb.gov.br\/portal\/2014\/01\/02\/operacao_reveillon_apreende_28_armas_de_fogo_na_paraiba\/"]}]},{"@type":"BreadcrumbList","@id":"https:\/\/www.pm.pb.gov.br\/portal\/2014\/01\/02\/operacao_reveillon_apreende_28_armas_de_fogo_na_paraiba\/#breadcrumb","itemListElement":[{"@type":"ListItem","position":1,"name":"In\u00edcio","item":"https:\/\/www.pm.pb.gov.br\/portal\/"},{"@type":"ListItem","position":2,"name":"Opera\u00e7\u00e3o r\u00e9veillon apreende 28 armas de fogo na Para\u00edba"}]},{"@type":"WebSite","@id":"https:\/\/www.pm.pb.gov.br\/portal\/#website","url":"https:\/\/www.pm.pb.gov.br\/portal\/","name":"Pol\u00edcia Militar da Para\u00edba","description":"","publisher":{"@id":"https:\/\/www.pm.pb.gov.br\/portal\/#organization"},"potentialAction":[{"@type":"SearchAction","target":{"@type":"EntryPoint","urlTemplate":"https:\/\/www.pm.pb.gov.br\/portal\/?s={search_term_string}"},"query-input":"required name=search_term_string"}],"inLanguage":"pt-BR"},{"@type":"Organization","@id":"https:\/\/www.pm.pb.gov.br\/portal\/#organization","name":"Pol\u00edcia Militar da Para\u00edba","url":"https:\/\/www.pm.pb.gov.br\/portal\/","logo":{"@type":"ImageObject","inLanguage":"pt-BR","@id":"https:\/\/www.pm.pb.gov.br\/portal\/#\/schema\/logo\/image\/","url":"https:\/\/www.pm.pb.gov.br\/portal\/wp-content\/uploads\/2025\/03\/cropped-logo-site-mag2-1.png","contentUrl":"https:\/\/www.pm.pb.gov.br\/portal\/wp-content\/uploads\/2025\/03\/cropped-logo-site-mag2-1.png","width":320,"height":90,"caption":"Pol\u00edcia Militar da Para\u00edba"},"image":{"@id":"https:\/\/www.pm.pb.gov.br\/portal\/#\/schema\/logo\/image\/"}},{"@type":"Person","@id":"https:\/\/www.pm.pb.gov.br\/portal\/#\/schema\/person\/e8454f46651c3ecf0e1ba3c1666d9947","name":"Assessoria de Imprensa da PMPB","image":{"@type":"ImageObject","inLanguage":"pt-BR","@id":"https:\/\/www.pm.pb.gov.br\/portal\/#\/schema\/person\/image\/","url":"https:\/\/secure.gravatar.com\/avatar\/2efe197438265d1e90bd98c4c8e1acf8?s=96&d=mm&r=g","contentUrl":"https:\/\/secure.gravatar.com\/avatar\/2efe197438265d1e90bd98c4c8e1acf8?s=96&d=mm&r=g","caption":"Assessoria de Imprensa da PMPB"},"url":"https:\/\/www.pm.pb.gov.br\/portal\/author\/assessoria\/"}]}},"_links":{"self":[{"href":"https:\/\/www.pm.pb.gov.br\/portal\/wp-json\/wp\/v2\/posts\/892454"}],"collection":[{"href":"https:\/\/www.pm.pb.gov.br\/portal\/wp-json\/wp\/v2\/posts"}],"about":[{"href":"https:\/\/www.pm.pb.gov.br\/portal\/wp-json\/wp\/v2\/types\/post"}],"author":[{"embeddable":true,"href":"https:\/\/www.pm.pb.gov.br\/portal\/wp-json\/wp\/v2\/users\/5"}],"replies":[{"embeddable":true,"href":"https:\/\/www.pm.pb.gov.br\/portal\/wp-json\/wp\/v2\/comments?post=892454"}],"version-history":[{"count":0,"href":"https:\/\/www.pm.pb.gov.br\/portal\/wp-json\/wp\/v2\/posts\/892454\/revisions"}],"wp:featuredmedia":[{"embeddable":true,"href":"https:\/\/www.pm.pb.gov.br\/portal\/wp-json\/wp\/v2\/media\/12126"}],"wp:attachment":[{"href":"https:\/\/www.pm.pb.gov.br\/portal\/wp-json\/wp\/v2\/media?parent=892454"}],"wp:term":[{"taxonomy":"category","embeddable":true,"href":"https:\/\/www.pm.pb.gov.br\/portal\/wp-json\/wp\/v2\/categories?post=892454"},{"taxonomy":"post_tag","embeddable":true,"href":"https:\/\/www.pm.pb.gov.br\/portal\/wp-json\/wp\/v2\/tags?post=892454"}],"curies":[{"name":"wp","href":"https:\/\/api.w.org\/{rel}","templated":true}]}}