{"id":892424,"date":"2013-12-20T07:12:29","date_gmt":"2013-12-20T10:12:29","guid":{"rendered":"http:\/\/www.pm.pb.gov.br\/portal\/2013\/12\/rotam_do_2_bpm_apreende_adolescentes_suspeitos_de_assalto\/"},"modified":"2013-12-20T07:12:29","modified_gmt":"2013-12-20T10:12:29","slug":"rotam_do_2_bpm_apreende_adolescentes_suspeitos_de_assalto","status":"publish","type":"post","link":"https:\/\/www.pm.pb.gov.br\/portal\/2013\/12\/20\/rotam_do_2_bpm_apreende_adolescentes_suspeitos_de_assalto\/","title":{"rendered":"Rotam do 2\u00ba BPM  apreende adolescentes suspeitos de assalto"},"content":{"rendered":"<figure style=\"width: 500px\" class=\"wp-caption alignnone\"><img decoding=\"async\" class=\"alignnone size-medium\" src=\"http:\/\/www.pm.pb.gov.br\/portal\/wp-content\/uploads\/2013\/12\/8911_12041.jpg\" title=\"Armas de brinquedo utilizadas pelos jovens para praticar o assalto\" width=\"100%\" \/><figcaption class=\"wp-caption-text\">Armas de brinquedo utilizadas pelos jovens para praticar o assalto<\/figcaption><\/figure>\n<div style=\"text-align: justify;\">Os policiais da Ronda Ostensiva T\u00e1tica do 2\u00ba Batalh\u00e3o agiram r\u00e1pido e apreenderam na noite desta quinta-feira (19) dois adolescentes, de 16 anos cada, suspeitos de roubar uma lanchonete, no bairro Santa Cruz, em Campina Grande. Com os jovens foram apreendidas duas pistolas de brinquedo que foram utilizadas para amea\u00e7ar o dono do estabelecimento e os clientes.<\/p>\n<p>De acordo com o Tenente Augusto Lacerda, os dois suspeitos foram apreendidos ainda durante as buscas, no bairro Velame, na sa\u00edda cidade para o munic\u00edpio de Queimadas.<\/p>\n<p>\u0093Fomos at\u00e9 o local do assalto e l\u00e1 recebemos a informa\u00e7\u00e3o de que os dois fizeram um lanche como clientes comuns e em seguida anunciaram o assalto, levando o dinheiro do estabelecimento. Pegamos as caracter\u00edsticas deles, j\u00e1 que passaram muito tempo no local, e ainda durante as dilig\u00eancias conseguimos identific\u00e1-los e apreender com eles os simulacros (pistolas de brinquedo) e recuperar o dinheiro roubado\u0094, contou.<\/p>\n<p>A dupla foi levada para a Central da Pol\u00edcia Civil de Campina Grande, onde foi reconhecida pela v\u00edtima. Os dois adolescentes foram autuados por roubo e est\u00e3o \u00e0 disposi\u00e7\u00e3o da Justi\u00e7a da Inf\u00e2ncia e Juventude.<\/p>\n<div class=\"row\" align=\"center\"><\/div>\n<\/div>\n","protected":false},"excerpt":{"rendered":"<p>Os policiais da Ronda Ostensiva T\u00e1tica do 2\u00ba Batalh\u00e3o agiram r\u00e1pido e apreenderam na noite desta quinta-feira (19) dois adolescentes,<\/p>\n","protected":false},"author":5,"featured_media":12041,"comment_status":"closed","ping_status":"closed","sticky":false,"template":"","format":"standard","meta":{"_exactmetrics_skip_tracking":false,"_exactmetrics_sitenote_active":false,"_exactmetrics_sitenote_note":"","_exactmetrics_sitenote_category":0,"footnotes":""},"categories":[4],"tags":[],"yoast_head":"<!-- This site is optimized with the Yoast SEO plugin v22.0 - https:\/\/yoast.com\/wordpress\/plugins\/seo\/ -->\n<title>Rotam do 2\u00ba BPM apreende adolescentes suspeitos de assalto - Pol\u00edcia Militar da Para\u00edba<\/title>\n<meta name=\"robots\" content=\"index, follow, max-snippet:-1, max-image-preview:large, max-video-preview:-1\" \/>\n<link rel=\"canonical\" href=\"https:\/\/www.pm.pb.gov.br\/portal\/2013\/12\/20\/rotam_do_2_bpm_apreende_adolescentes_suspeitos_de_assalto\/\" \/>\n<meta property=\"og:locale\" content=\"pt_BR\" \/>\n<meta property=\"og:type\" content=\"article\" \/>\n<meta property=\"og:title\" content=\"Rotam do 2\u00ba BPM apreende adolescentes suspeitos de assalto - Pol\u00edcia Militar da Para\u00edba\" \/>\n<meta property=\"og:description\" content=\"Os policiais da Ronda Ostensiva T\u00e1tica do 2\u00ba Batalh\u00e3o agiram r\u00e1pido e apreenderam na noite desta quinta-feira (19) dois adolescentes,\" \/>\n<meta property=\"og:url\" content=\"https:\/\/www.pm.pb.gov.br\/portal\/2013\/12\/20\/rotam_do_2_bpm_apreende_adolescentes_suspeitos_de_assalto\/\" \/>\n<meta property=\"og:site_name\" content=\"Pol\u00edcia Militar da Para\u00edba\" \/>\n<meta property=\"article:published_time\" content=\"2013-12-20T10:12:29+00:00\" \/>\n<meta property=\"og:image\" content=\"https:\/\/www.pm.pb.gov.br\/portal\/wp-content\/uploads\/2013\/12\/8911_12041.jpg\" \/>\n\t<meta property=\"og:image:width\" content=\"500\" \/>\n\t<meta property=\"og:image:height\" content=\"888\" \/>\n\t<meta property=\"og:image:type\" content=\"image\/jpeg\" \/>\n<meta name=\"author\" content=\"Assessoria de Imprensa da PMPB\" \/>\n<meta name=\"twitter:card\" content=\"summary_large_image\" \/>\n<meta name=\"twitter:label1\" content=\"Escrito por\" \/>\n\t<meta name=\"twitter:data1\" content=\"Assessoria de Imprensa da PMPB\" \/>\n\t<meta name=\"twitter:label2\" content=\"Est. tempo de leitura\" \/>\n\t<meta name=\"twitter:data2\" content=\"1 minuto\" \/>\n<script type=\"application\/ld+json\" class=\"yoast-schema-graph\">{\"@context\":\"https:\/\/schema.org\",\"@graph\":[{\"@type\":\"Article\",\"@id\":\"https:\/\/www.pm.pb.gov.br\/portal\/2013\/12\/20\/rotam_do_2_bpm_apreende_adolescentes_suspeitos_de_assalto\/#article\",\"isPartOf\":{\"@id\":\"https:\/\/www.pm.pb.gov.br\/portal\/2013\/12\/20\/rotam_do_2_bpm_apreende_adolescentes_suspeitos_de_assalto\/\"},\"author\":{\"name\":\"Assessoria de Imprensa da PMPB\",\"@id\":\"https:\/\/www.pm.pb.gov.br\/portal\/#\/schema\/person\/e8454f46651c3ecf0e1ba3c1666d9947\"},\"headline\":\"Rotam do 2\u00ba BPM apreende adolescentes suspeitos de assalto\",\"datePublished\":\"2013-12-20T10:12:29+00:00\",\"dateModified\":\"2013-12-20T10:12:29+00:00\",\"mainEntityOfPage\":{\"@id\":\"https:\/\/www.pm.pb.gov.br\/portal\/2013\/12\/20\/rotam_do_2_bpm_apreende_adolescentes_suspeitos_de_assalto\/\"},\"wordCount\":220,\"publisher\":{\"@id\":\"https:\/\/www.pm.pb.gov.br\/portal\/#organization\"},\"articleSection\":[\"A\u00e7\u00f5es Policiais\"],\"inLanguage\":\"pt-BR\"},{\"@type\":\"WebPage\",\"@id\":\"https:\/\/www.pm.pb.gov.br\/portal\/2013\/12\/20\/rotam_do_2_bpm_apreende_adolescentes_suspeitos_de_assalto\/\",\"url\":\"https:\/\/www.pm.pb.gov.br\/portal\/2013\/12\/20\/rotam_do_2_bpm_apreende_adolescentes_suspeitos_de_assalto\/\",\"name\":\"Rotam do 2\u00ba BPM apreende adolescentes suspeitos de assalto - Pol\u00edcia Militar da Para\u00edba\",\"isPartOf\":{\"@id\":\"https:\/\/www.pm.pb.gov.br\/portal\/#website\"},\"datePublished\":\"2013-12-20T10:12:29+00:00\",\"dateModified\":\"2013-12-20T10:12:29+00:00\",\"breadcrumb\":{\"@id\":\"https:\/\/www.pm.pb.gov.br\/portal\/2013\/12\/20\/rotam_do_2_bpm_apreende_adolescentes_suspeitos_de_assalto\/#breadcrumb\"},\"inLanguage\":\"pt-BR\",\"potentialAction\":[{\"@type\":\"ReadAction\",\"target\":[\"https:\/\/www.pm.pb.gov.br\/portal\/2013\/12\/20\/rotam_do_2_bpm_apreende_adolescentes_suspeitos_de_assalto\/\"]}]},{\"@type\":\"BreadcrumbList\",\"@id\":\"https:\/\/www.pm.pb.gov.br\/portal\/2013\/12\/20\/rotam_do_2_bpm_apreende_adolescentes_suspeitos_de_assalto\/#breadcrumb\",\"itemListElement\":[{\"@type\":\"ListItem\",\"position\":1,\"name\":\"In\u00edcio\",\"item\":\"https:\/\/www.pm.pb.gov.br\/portal\/\"},{\"@type\":\"ListItem\",\"position\":2,\"name\":\"Rotam do 2\u00ba BPM apreende adolescentes suspeitos de assalto\"}]},{\"@type\":\"WebSite\",\"@id\":\"https:\/\/www.pm.pb.gov.br\/portal\/#website\",\"url\":\"https:\/\/www.pm.pb.gov.br\/portal\/\",\"name\":\"Pol\u00edcia Militar da Para\u00edba\",\"description\":\"\",\"publisher\":{\"@id\":\"https:\/\/www.pm.pb.gov.br\/portal\/#organization\"},\"potentialAction\":[{\"@type\":\"SearchAction\",\"target\":{\"@type\":\"EntryPoint\",\"urlTemplate\":\"https:\/\/www.pm.pb.gov.br\/portal\/?s={search_term_string}\"},\"query-input\":\"required name=search_term_string\"}],\"inLanguage\":\"pt-BR\"},{\"@type\":\"Organization\",\"@id\":\"https:\/\/www.pm.pb.gov.br\/portal\/#organization\",\"name\":\"Pol\u00edcia Militar da Para\u00edba\",\"url\":\"https:\/\/www.pm.pb.gov.br\/portal\/\",\"logo\":{\"@type\":\"ImageObject\",\"inLanguage\":\"pt-BR\",\"@id\":\"https:\/\/www.pm.pb.gov.br\/portal\/#\/schema\/logo\/image\/\",\"url\":\"https:\/\/www.pm.pb.gov.br\/portal\/wp-content\/uploads\/2025\/03\/cropped-logo-site-mag2-1.png\",\"contentUrl\":\"https:\/\/www.pm.pb.gov.br\/portal\/wp-content\/uploads\/2025\/03\/cropped-logo-site-mag2-1.png\",\"width\":320,\"height\":90,\"caption\":\"Pol\u00edcia Militar da Para\u00edba\"},\"image\":{\"@id\":\"https:\/\/www.pm.pb.gov.br\/portal\/#\/schema\/logo\/image\/\"}},{\"@type\":\"Person\",\"@id\":\"https:\/\/www.pm.pb.gov.br\/portal\/#\/schema\/person\/e8454f46651c3ecf0e1ba3c1666d9947\",\"name\":\"Assessoria de Imprensa da PMPB\",\"image\":{\"@type\":\"ImageObject\",\"inLanguage\":\"pt-BR\",\"@id\":\"https:\/\/www.pm.pb.gov.br\/portal\/#\/schema\/person\/image\/\",\"url\":\"https:\/\/secure.gravatar.com\/avatar\/2efe197438265d1e90bd98c4c8e1acf8?s=96&d=mm&r=g\",\"contentUrl\":\"https:\/\/secure.gravatar.com\/avatar\/2efe197438265d1e90bd98c4c8e1acf8?s=96&d=mm&r=g\",\"caption\":\"Assessoria de Imprensa da PMPB\"},\"url\":\"https:\/\/www.pm.pb.gov.br\/portal\/author\/assessoria\/\"}]}<\/script>\n<!-- \/ Yoast SEO plugin. -->","yoast_head_json":{"title":"Rotam do 2\u00ba BPM apreende adolescentes suspeitos de assalto - Pol\u00edcia Militar da Para\u00edba","robots":{"index":"index","follow":"follow","max-snippet":"max-snippet:-1","max-image-preview":"max-image-preview:large","max-video-preview":"max-video-preview:-1"},"canonical":"https:\/\/www.pm.pb.gov.br\/portal\/2013\/12\/20\/rotam_do_2_bpm_apreende_adolescentes_suspeitos_de_assalto\/","og_locale":"pt_BR","og_type":"article","og_title":"Rotam do 2\u00ba BPM apreende adolescentes suspeitos de assalto - Pol\u00edcia Militar da Para\u00edba","og_description":"Os policiais da Ronda Ostensiva T\u00e1tica do 2\u00ba Batalh\u00e3o agiram r\u00e1pido e apreenderam na noite desta quinta-feira (19) dois adolescentes,","og_url":"https:\/\/www.pm.pb.gov.br\/portal\/2013\/12\/20\/rotam_do_2_bpm_apreende_adolescentes_suspeitos_de_assalto\/","og_site_name":"Pol\u00edcia Militar da Para\u00edba","article_published_time":"2013-12-20T10:12:29+00:00","og_image":[{"width":500,"height":888,"url":"https:\/\/www.pm.pb.gov.br\/portal\/wp-content\/uploads\/2013\/12\/8911_12041.jpg","type":"image\/jpeg"}],"author":"Assessoria de Imprensa da PMPB","twitter_card":"summary_large_image","twitter_misc":{"Escrito por":"Assessoria de Imprensa da PMPB","Est. tempo de leitura":"1 minuto"},"schema":{"@context":"https:\/\/schema.org","@graph":[{"@type":"Article","@id":"https:\/\/www.pm.pb.gov.br\/portal\/2013\/12\/20\/rotam_do_2_bpm_apreende_adolescentes_suspeitos_de_assalto\/#article","isPartOf":{"@id":"https:\/\/www.pm.pb.gov.br\/portal\/2013\/12\/20\/rotam_do_2_bpm_apreende_adolescentes_suspeitos_de_assalto\/"},"author":{"name":"Assessoria de Imprensa da PMPB","@id":"https:\/\/www.pm.pb.gov.br\/portal\/#\/schema\/person\/e8454f46651c3ecf0e1ba3c1666d9947"},"headline":"Rotam do 2\u00ba BPM apreende adolescentes suspeitos de assalto","datePublished":"2013-12-20T10:12:29+00:00","dateModified":"2013-12-20T10:12:29+00:00","mainEntityOfPage":{"@id":"https:\/\/www.pm.pb.gov.br\/portal\/2013\/12\/20\/rotam_do_2_bpm_apreende_adolescentes_suspeitos_de_assalto\/"},"wordCount":220,"publisher":{"@id":"https:\/\/www.pm.pb.gov.br\/portal\/#organization"},"articleSection":["A\u00e7\u00f5es Policiais"],"inLanguage":"pt-BR"},{"@type":"WebPage","@id":"https:\/\/www.pm.pb.gov.br\/portal\/2013\/12\/20\/rotam_do_2_bpm_apreende_adolescentes_suspeitos_de_assalto\/","url":"https:\/\/www.pm.pb.gov.br\/portal\/2013\/12\/20\/rotam_do_2_bpm_apreende_adolescentes_suspeitos_de_assalto\/","name":"Rotam do 2\u00ba BPM apreende adolescentes suspeitos de assalto - Pol\u00edcia Militar da Para\u00edba","isPartOf":{"@id":"https:\/\/www.pm.pb.gov.br\/portal\/#website"},"datePublished":"2013-12-20T10:12:29+00:00","dateModified":"2013-12-20T10:12:29+00:00","breadcrumb":{"@id":"https:\/\/www.pm.pb.gov.br\/portal\/2013\/12\/20\/rotam_do_2_bpm_apreende_adolescentes_suspeitos_de_assalto\/#breadcrumb"},"inLanguage":"pt-BR","potentialAction":[{"@type":"ReadAction","target":["https:\/\/www.pm.pb.gov.br\/portal\/2013\/12\/20\/rotam_do_2_bpm_apreende_adolescentes_suspeitos_de_assalto\/"]}]},{"@type":"BreadcrumbList","@id":"https:\/\/www.pm.pb.gov.br\/portal\/2013\/12\/20\/rotam_do_2_bpm_apreende_adolescentes_suspeitos_de_assalto\/#breadcrumb","itemListElement":[{"@type":"ListItem","position":1,"name":"In\u00edcio","item":"https:\/\/www.pm.pb.gov.br\/portal\/"},{"@type":"ListItem","position":2,"name":"Rotam do 2\u00ba BPM apreende adolescentes suspeitos de assalto"}]},{"@type":"WebSite","@id":"https:\/\/www.pm.pb.gov.br\/portal\/#website","url":"https:\/\/www.pm.pb.gov.br\/portal\/","name":"Pol\u00edcia Militar da Para\u00edba","description":"","publisher":{"@id":"https:\/\/www.pm.pb.gov.br\/portal\/#organization"},"potentialAction":[{"@type":"SearchAction","target":{"@type":"EntryPoint","urlTemplate":"https:\/\/www.pm.pb.gov.br\/portal\/?s={search_term_string}"},"query-input":"required name=search_term_string"}],"inLanguage":"pt-BR"},{"@type":"Organization","@id":"https:\/\/www.pm.pb.gov.br\/portal\/#organization","name":"Pol\u00edcia Militar da Para\u00edba","url":"https:\/\/www.pm.pb.gov.br\/portal\/","logo":{"@type":"ImageObject","inLanguage":"pt-BR","@id":"https:\/\/www.pm.pb.gov.br\/portal\/#\/schema\/logo\/image\/","url":"https:\/\/www.pm.pb.gov.br\/portal\/wp-content\/uploads\/2025\/03\/cropped-logo-site-mag2-1.png","contentUrl":"https:\/\/www.pm.pb.gov.br\/portal\/wp-content\/uploads\/2025\/03\/cropped-logo-site-mag2-1.png","width":320,"height":90,"caption":"Pol\u00edcia Militar da Para\u00edba"},"image":{"@id":"https:\/\/www.pm.pb.gov.br\/portal\/#\/schema\/logo\/image\/"}},{"@type":"Person","@id":"https:\/\/www.pm.pb.gov.br\/portal\/#\/schema\/person\/e8454f46651c3ecf0e1ba3c1666d9947","name":"Assessoria de Imprensa da PMPB","image":{"@type":"ImageObject","inLanguage":"pt-BR","@id":"https:\/\/www.pm.pb.gov.br\/portal\/#\/schema\/person\/image\/","url":"https:\/\/secure.gravatar.com\/avatar\/2efe197438265d1e90bd98c4c8e1acf8?s=96&d=mm&r=g","contentUrl":"https:\/\/secure.gravatar.com\/avatar\/2efe197438265d1e90bd98c4c8e1acf8?s=96&d=mm&r=g","caption":"Assessoria de Imprensa da PMPB"},"url":"https:\/\/www.pm.pb.gov.br\/portal\/author\/assessoria\/"}]}},"_links":{"self":[{"href":"https:\/\/www.pm.pb.gov.br\/portal\/wp-json\/wp\/v2\/posts\/892424"}],"collection":[{"href":"https:\/\/www.pm.pb.gov.br\/portal\/wp-json\/wp\/v2\/posts"}],"about":[{"href":"https:\/\/www.pm.pb.gov.br\/portal\/wp-json\/wp\/v2\/types\/post"}],"author":[{"embeddable":true,"href":"https:\/\/www.pm.pb.gov.br\/portal\/wp-json\/wp\/v2\/users\/5"}],"replies":[{"embeddable":true,"href":"https:\/\/www.pm.pb.gov.br\/portal\/wp-json\/wp\/v2\/comments?post=892424"}],"version-history":[{"count":0,"href":"https:\/\/www.pm.pb.gov.br\/portal\/wp-json\/wp\/v2\/posts\/892424\/revisions"}],"wp:featuredmedia":[{"embeddable":true,"href":"https:\/\/www.pm.pb.gov.br\/portal\/wp-json\/wp\/v2\/media\/12041"}],"wp:attachment":[{"href":"https:\/\/www.pm.pb.gov.br\/portal\/wp-json\/wp\/v2\/media?parent=892424"}],"wp:term":[{"taxonomy":"category","embeddable":true,"href":"https:\/\/www.pm.pb.gov.br\/portal\/wp-json\/wp\/v2\/categories?post=892424"},{"taxonomy":"post_tag","embeddable":true,"href":"https:\/\/www.pm.pb.gov.br\/portal\/wp-json\/wp\/v2\/tags?post=892424"}],"curies":[{"name":"wp","href":"https:\/\/api.w.org\/{rel}","templated":true}]}}