{"id":892421,"date":"2013-12-19T07:12:56","date_gmt":"2013-12-19T10:12:56","guid":{"rendered":"http:\/\/www.pm.pb.gov.br\/portal\/2013\/12\/novo_subcomandante_geral_e_empossado_durante_solenidade\/"},"modified":"2013-12-19T07:12:56","modified_gmt":"2013-12-19T10:12:56","slug":"novo_subcomandante_geral_e_empossado_durante_solenidade","status":"publish","type":"post","link":"https:\/\/www.pm.pb.gov.br\/portal\/2013\/12\/19\/novo_subcomandante_geral_e_empossado_durante_solenidade\/","title":{"rendered":"Novo Subcomandante Geral \u00e9 empossado durante solenidade"},"content":{"rendered":"<figure style=\"width: 500px\" class=\"wp-caption alignnone\"><img decoding=\"async\" class=\"alignnone size-medium\" src=\"http:\/\/www.pm.pb.gov.br\/portal\/wp-content\/uploads\/2013\/12\/8907_12032.jpg\" title=\"O coronel Francisco de Assis Castro passou o subcomando para o Coronel Almeida Rosas\" width=\"100%\" \/><figcaption class=\"wp-caption-text\">O coronel Francisco de Assis Castro passou o subcomando para o Coronel Almeida Rosas<\/figcaption><\/figure>\n<div style=\"text-align: justify;\">Uma solenidade realizada na tarde desta quarta-feira (18), no audit\u00f3rio do Quartel do Comando Geral, em Jo\u00e3o Pessoa, marcou a transmiss\u00e3o do cargo de Subcomandante Geral da Pol\u00edcia Militar para o Coronel Almeida Rosas, que assume a fun\u00e7\u00e3o no lugar do Coronel Francisco de Assis Castro.<\/p>\n<p>A solenidade de passagem de comando foi dirigida pelo Secret\u00e1rio de Estado da Seguran\u00e7a e da Defesa Social, Cl\u00e1udio Lima, e pelo Comandante Geral da Pol\u00edcia Militar, Coronel Euller Chaves, que juntos destacaram o trabalho do Coronel Castro ao tempo em que deram as boas-vindas ao Coronel Almeida Rosas.<\/p>\n<p>\u0093Para o Coronel Castro fica uma d\u00edvida que nunca prescreve que \u00e9 a d\u00edvida da gratid\u00e3o por ele ter elevado o nome da institui\u00e7\u00e3o pol\u00edcia militar. A obra constru\u00edda continua e o momento agora \u00e9 de apoiar o novo subcomandante geral porque o sucesso da seguran\u00e7a p\u00fablica \u00e9 o sucesso das fam\u00edlias\u0094, lembrou o secret\u00e1rio Cl\u00e1udio Lima.<\/p>\n<p>J\u00e1 o Comandante Geral destacou a passagem do Coronel Castro pelo Comando do Policiamento Regional Metropolitano e depois Subcomando Geral.<\/p>\n<p>\u0093Ele cumpriu um ciclo importante no cumprimento do dever ficando aqui a gratid\u00e3o e a f\u00e9 de que haver\u00e1 continuidade com a entrada do Coronel Almeida Rosas, sempre estabelecendo referenciais de melhorias para avan\u00e7armos cada vez mais\u0094, externou o Comandante Geral.<\/p>\n<p>O discurso de despedida do Coronel Castro foi marcado pela religiosidade em suas palavras, lembrando da contribui\u00e7\u00e3o dada por ele durante a carreira na institui\u00e7\u00e3o.<\/p>\n<p>\u0093N\u00f3s trilhamos 32 anos de efetivo servi\u00e7o com dedica\u00e7\u00e3o e empenho. \u00c9 uma honra de ter conseguido passar todo esse tempo na pol\u00edcia militar, com destaque para os seis anos como coronel e entre eles os dois como subcomandante, onde cumpri o prop\u00f3sito de Deus de nunca deixar de falar o nome dele em reuni\u00f5es e outras oportunidades\u0094, apontou.<\/p>\n<p>O Novo Subcomandante Geral, Coronel Almeida Rosas, lembrou do desafio que ter\u00e1 pela frente e destacou o companheirismo que contou nas fun\u00e7\u00f5es que exerceu.<\/p>\n<p>\u0093Eu agrade\u00e7o a todos que em mim confiaram esta miss\u00e3o que tenho certeza que irei cumprir de forma satisfat\u00f3ria com meus companheiros, pois n\u00e3o ser\u00e1 diferente dos locais que passei, onde contei com policiais dedicados e aqui tenho certeza que contarei com servidores extraordin\u00e1rios para realizar as fun\u00e7\u00f5es a n\u00edvel de subcomando\u0094, destacou.<\/p>\n<p>A mudan\u00e7a do cargo foi publicada no di\u00e1rio oficial do \u00faltimo dia, em ato do Governador do Estado. O novo Subcomandante Geral respondia antes pelo Comando Regional II, que foi ocupado pelo tenente-coronel Jos\u00e9 Ronildo (ex-comandante do 6\u00ba Batalh\u00e3o).<\/p>\n<p>Passagem do Comando do Policiamento Regional II<\/p>\n<p>A passagem do Comandante do Policiamento Regional II, do Coronel Almeidas Rosas para o tenente-coronel Jos\u00e9 Ronildo foi realizada na \u00faltima segunda-feira (16), na C\u00e2mara Municipal de Patos, no Sert\u00e3o, onde contou com a presen\u00e7a do Secret\u00e1rio de Estado da Seguran\u00e7a e da Defesa Social, Cl\u00e1udio Lima, e do Comandante Geral da PM, Coronel Euller Chaves.<\/p>\n<p>Diante de um audit\u00f3rio lotado por policiais militares que atuam no sert\u00e3o, comandantes de batalh\u00f5es e companhias, delegados da pol\u00edcia civil, membros do Minist\u00e9rio P\u00fablico Estadual, Ordem dos Advogados do Brasil e familiares, o Coronel Almeida Rosas se despediu da fun\u00e7\u00e3o que exercia desde 2011.<\/p>\n<p>A transmiss\u00e3o de cargo foi marcada pela emo\u00e7\u00e3o, com destaque para o momento final em que o comandante do 3\u00ba Batalh\u00e3o, tenente-coronel Cunha Rolim, pediu para fazer uso da palavra destacando o trabalho do Coronel que deixa a fun\u00e7\u00e3o e para a despedida pediu para que a banda de m\u00fasica tocasse a can\u00e7\u00e3o \u0093A conquista\u0094, celebrando a ascens\u00e3o para o Subcomando Geral da Pol\u00edcia Militar.<\/p>\n<div class=\"row\" align=\"center\"><a href=\"http:\/\/www.pm.pb.gov.br\/exportacao\/fotos_noticias\/8907_12033.jpg\"><figure style=\"width: 500px\" class=\"wp-caption alignnone\"><img decoding=\"async\" class=\"image-responsive\" src=\"http:\/\/www.pm.pb.gov.br\/exportacao\/fotos_noticias\/8907_12033.jpg\" title=\"A passagem do Comando do Policiamento Regional II foi realizada na \u00faltima segunda-feira (16)\" width=\"100%\" \/><figcaption class=\"wp-caption-text\">A passagem do Comando do Policiamento Regional II foi realizada na \u00faltima segunda-feira (16)<\/figcaption><\/figure><\/a><a href=\"http:\/\/www.pm.pb.gov.br\/exportacao\/fotos_noticias\/8907_12034.jpg\"><figure style=\"width: 500px\" class=\"wp-caption alignnone\"><img decoding=\"async\" class=\"image-responsive\" src=\"http:\/\/www.pm.pb.gov.br\/exportacao\/fotos_noticias\/8907_12034.jpg\" title=\"O novo Subcomandante Geral falou dos desafios e agradeceu a confian\u00e7a\" width=\"100%\" \/><figcaption class=\"wp-caption-text\">O novo Subcomandante Geral falou dos desafios e agradeceu a confian\u00e7a<\/figcaption><\/figure><\/a><a href=\"http:\/\/www.pm.pb.gov.br\/portal\/wp-content\/uploads\/2013\/12\/8907_12035.jpg\"><figure style=\"width: 500px\" class=\"wp-caption alignnone\"><img decoding=\"async\" class=\"image-responsive\" src=\"http:\/\/www.pm.pb.gov.br\/portal\/wp-content\/uploads\/2013\/12\/8907_12035.jpg\" title=\"Em Patos a passagem do CPR-II foi realizada na C\u00e2mara Municipal de Patos, que ficou lotada\" width=\"100%\" \/><figcaption class=\"wp-caption-text\">Em Patos a passagem do CPR-II foi realizada na C\u00e2mara Municipal de Patos, que ficou lotada<\/figcaption><\/figure><\/a><\/div>\n<\/div>\n","protected":false},"excerpt":{"rendered":"<p>Uma solenidade realizada na tarde desta quarta-feira (18), no audit\u00f3rio do Quartel do Comando Geral, em Jo\u00e3o Pessoa, marcou a<\/p>\n","protected":false},"author":5,"featured_media":12032,"comment_status":"closed","ping_status":"closed","sticky":false,"template":"","format":"standard","meta":{"_exactmetrics_skip_tracking":false,"_exactmetrics_sitenote_active":false,"_exactmetrics_sitenote_note":"","_exactmetrics_sitenote_category":0,"footnotes":""},"categories":[4],"tags":[],"yoast_head":"<!-- This site is optimized with the Yoast SEO plugin v22.0 - https:\/\/yoast.com\/wordpress\/plugins\/seo\/ -->\n<title>Novo Subcomandante Geral \u00e9 empossado durante solenidade - Pol\u00edcia Militar da Para\u00edba<\/title>\n<meta name=\"robots\" content=\"index, follow, max-snippet:-1, max-image-preview:large, max-video-preview:-1\" \/>\n<link rel=\"canonical\" href=\"https:\/\/www.pm.pb.gov.br\/portal\/2013\/12\/19\/novo_subcomandante_geral_e_empossado_durante_solenidade\/\" \/>\n<meta property=\"og:locale\" content=\"pt_BR\" \/>\n<meta property=\"og:type\" content=\"article\" \/>\n<meta property=\"og:title\" content=\"Novo Subcomandante Geral \u00e9 empossado durante solenidade - Pol\u00edcia Militar da Para\u00edba\" \/>\n<meta property=\"og:description\" content=\"Uma solenidade realizada na tarde desta quarta-feira (18), no audit\u00f3rio do Quartel do Comando Geral, em Jo\u00e3o Pessoa, marcou a\" \/>\n<meta property=\"og:url\" content=\"https:\/\/www.pm.pb.gov.br\/portal\/2013\/12\/19\/novo_subcomandante_geral_e_empossado_durante_solenidade\/\" \/>\n<meta property=\"og:site_name\" content=\"Pol\u00edcia Militar da Para\u00edba\" \/>\n<meta property=\"article:published_time\" content=\"2013-12-19T10:12:56+00:00\" \/>\n<meta property=\"og:image\" content=\"https:\/\/www.pm.pb.gov.br\/portal\/wp-content\/uploads\/2013\/12\/8907_12032.jpg\" \/>\n\t<meta property=\"og:image:width\" content=\"500\" \/>\n\t<meta property=\"og:image:height\" content=\"375\" \/>\n\t<meta property=\"og:image:type\" content=\"image\/jpeg\" \/>\n<meta name=\"author\" content=\"Assessoria de Imprensa da PMPB\" \/>\n<meta name=\"twitter:card\" content=\"summary_large_image\" \/>\n<meta name=\"twitter:label1\" content=\"Escrito por\" \/>\n\t<meta name=\"twitter:data1\" content=\"Assessoria de Imprensa da PMPB\" \/>\n\t<meta name=\"twitter:label2\" content=\"Est. tempo de leitura\" \/>\n\t<meta name=\"twitter:data2\" content=\"4 minutos\" \/>\n<script type=\"application\/ld+json\" class=\"yoast-schema-graph\">{\"@context\":\"https:\/\/schema.org\",\"@graph\":[{\"@type\":\"Article\",\"@id\":\"https:\/\/www.pm.pb.gov.br\/portal\/2013\/12\/19\/novo_subcomandante_geral_e_empossado_durante_solenidade\/#article\",\"isPartOf\":{\"@id\":\"https:\/\/www.pm.pb.gov.br\/portal\/2013\/12\/19\/novo_subcomandante_geral_e_empossado_durante_solenidade\/\"},\"author\":{\"name\":\"Assessoria de Imprensa da PMPB\",\"@id\":\"https:\/\/www.pm.pb.gov.br\/portal\/#\/schema\/person\/e8454f46651c3ecf0e1ba3c1666d9947\"},\"headline\":\"Novo Subcomandante Geral \u00e9 empossado durante solenidade\",\"datePublished\":\"2013-12-19T10:12:56+00:00\",\"dateModified\":\"2013-12-19T10:12:56+00:00\",\"mainEntityOfPage\":{\"@id\":\"https:\/\/www.pm.pb.gov.br\/portal\/2013\/12\/19\/novo_subcomandante_geral_e_empossado_durante_solenidade\/\"},\"wordCount\":724,\"publisher\":{\"@id\":\"https:\/\/www.pm.pb.gov.br\/portal\/#organization\"},\"articleSection\":[\"A\u00e7\u00f5es Policiais\"],\"inLanguage\":\"pt-BR\"},{\"@type\":\"WebPage\",\"@id\":\"https:\/\/www.pm.pb.gov.br\/portal\/2013\/12\/19\/novo_subcomandante_geral_e_empossado_durante_solenidade\/\",\"url\":\"https:\/\/www.pm.pb.gov.br\/portal\/2013\/12\/19\/novo_subcomandante_geral_e_empossado_durante_solenidade\/\",\"name\":\"Novo Subcomandante Geral \u00e9 empossado durante solenidade - Pol\u00edcia Militar da Para\u00edba\",\"isPartOf\":{\"@id\":\"https:\/\/www.pm.pb.gov.br\/portal\/#website\"},\"datePublished\":\"2013-12-19T10:12:56+00:00\",\"dateModified\":\"2013-12-19T10:12:56+00:00\",\"breadcrumb\":{\"@id\":\"https:\/\/www.pm.pb.gov.br\/portal\/2013\/12\/19\/novo_subcomandante_geral_e_empossado_durante_solenidade\/#breadcrumb\"},\"inLanguage\":\"pt-BR\",\"potentialAction\":[{\"@type\":\"ReadAction\",\"target\":[\"https:\/\/www.pm.pb.gov.br\/portal\/2013\/12\/19\/novo_subcomandante_geral_e_empossado_durante_solenidade\/\"]}]},{\"@type\":\"BreadcrumbList\",\"@id\":\"https:\/\/www.pm.pb.gov.br\/portal\/2013\/12\/19\/novo_subcomandante_geral_e_empossado_durante_solenidade\/#breadcrumb\",\"itemListElement\":[{\"@type\":\"ListItem\",\"position\":1,\"name\":\"In\u00edcio\",\"item\":\"https:\/\/www.pm.pb.gov.br\/portal\/\"},{\"@type\":\"ListItem\",\"position\":2,\"name\":\"Novo Subcomandante Geral \u00e9 empossado durante solenidade\"}]},{\"@type\":\"WebSite\",\"@id\":\"https:\/\/www.pm.pb.gov.br\/portal\/#website\",\"url\":\"https:\/\/www.pm.pb.gov.br\/portal\/\",\"name\":\"Pol\u00edcia Militar da Para\u00edba\",\"description\":\"\",\"publisher\":{\"@id\":\"https:\/\/www.pm.pb.gov.br\/portal\/#organization\"},\"potentialAction\":[{\"@type\":\"SearchAction\",\"target\":{\"@type\":\"EntryPoint\",\"urlTemplate\":\"https:\/\/www.pm.pb.gov.br\/portal\/?s={search_term_string}\"},\"query-input\":\"required name=search_term_string\"}],\"inLanguage\":\"pt-BR\"},{\"@type\":\"Organization\",\"@id\":\"https:\/\/www.pm.pb.gov.br\/portal\/#organization\",\"name\":\"Pol\u00edcia Militar da Para\u00edba\",\"url\":\"https:\/\/www.pm.pb.gov.br\/portal\/\",\"logo\":{\"@type\":\"ImageObject\",\"inLanguage\":\"pt-BR\",\"@id\":\"https:\/\/www.pm.pb.gov.br\/portal\/#\/schema\/logo\/image\/\",\"url\":\"https:\/\/www.pm.pb.gov.br\/portal\/wp-content\/uploads\/2025\/03\/cropped-logo-site-mag2-1.png\",\"contentUrl\":\"https:\/\/www.pm.pb.gov.br\/portal\/wp-content\/uploads\/2025\/03\/cropped-logo-site-mag2-1.png\",\"width\":320,\"height\":90,\"caption\":\"Pol\u00edcia Militar da Para\u00edba\"},\"image\":{\"@id\":\"https:\/\/www.pm.pb.gov.br\/portal\/#\/schema\/logo\/image\/\"}},{\"@type\":\"Person\",\"@id\":\"https:\/\/www.pm.pb.gov.br\/portal\/#\/schema\/person\/e8454f46651c3ecf0e1ba3c1666d9947\",\"name\":\"Assessoria de Imprensa da PMPB\",\"image\":{\"@type\":\"ImageObject\",\"inLanguage\":\"pt-BR\",\"@id\":\"https:\/\/www.pm.pb.gov.br\/portal\/#\/schema\/person\/image\/\",\"url\":\"https:\/\/secure.gravatar.com\/avatar\/2efe197438265d1e90bd98c4c8e1acf8?s=96&d=mm&r=g\",\"contentUrl\":\"https:\/\/secure.gravatar.com\/avatar\/2efe197438265d1e90bd98c4c8e1acf8?s=96&d=mm&r=g\",\"caption\":\"Assessoria de Imprensa da PMPB\"},\"url\":\"https:\/\/www.pm.pb.gov.br\/portal\/author\/assessoria\/\"}]}<\/script>\n<!-- \/ Yoast SEO plugin. -->","yoast_head_json":{"title":"Novo Subcomandante Geral \u00e9 empossado durante solenidade - Pol\u00edcia Militar da Para\u00edba","robots":{"index":"index","follow":"follow","max-snippet":"max-snippet:-1","max-image-preview":"max-image-preview:large","max-video-preview":"max-video-preview:-1"},"canonical":"https:\/\/www.pm.pb.gov.br\/portal\/2013\/12\/19\/novo_subcomandante_geral_e_empossado_durante_solenidade\/","og_locale":"pt_BR","og_type":"article","og_title":"Novo Subcomandante Geral \u00e9 empossado durante solenidade - Pol\u00edcia Militar da Para\u00edba","og_description":"Uma solenidade realizada na tarde desta quarta-feira (18), no audit\u00f3rio do Quartel do Comando Geral, em Jo\u00e3o Pessoa, marcou a","og_url":"https:\/\/www.pm.pb.gov.br\/portal\/2013\/12\/19\/novo_subcomandante_geral_e_empossado_durante_solenidade\/","og_site_name":"Pol\u00edcia Militar da Para\u00edba","article_published_time":"2013-12-19T10:12:56+00:00","og_image":[{"width":500,"height":375,"url":"https:\/\/www.pm.pb.gov.br\/portal\/wp-content\/uploads\/2013\/12\/8907_12032.jpg","type":"image\/jpeg"}],"author":"Assessoria de Imprensa da PMPB","twitter_card":"summary_large_image","twitter_misc":{"Escrito por":"Assessoria de Imprensa da PMPB","Est. tempo de leitura":"4 minutos"},"schema":{"@context":"https:\/\/schema.org","@graph":[{"@type":"Article","@id":"https:\/\/www.pm.pb.gov.br\/portal\/2013\/12\/19\/novo_subcomandante_geral_e_empossado_durante_solenidade\/#article","isPartOf":{"@id":"https:\/\/www.pm.pb.gov.br\/portal\/2013\/12\/19\/novo_subcomandante_geral_e_empossado_durante_solenidade\/"},"author":{"name":"Assessoria de Imprensa da PMPB","@id":"https:\/\/www.pm.pb.gov.br\/portal\/#\/schema\/person\/e8454f46651c3ecf0e1ba3c1666d9947"},"headline":"Novo Subcomandante Geral \u00e9 empossado durante solenidade","datePublished":"2013-12-19T10:12:56+00:00","dateModified":"2013-12-19T10:12:56+00:00","mainEntityOfPage":{"@id":"https:\/\/www.pm.pb.gov.br\/portal\/2013\/12\/19\/novo_subcomandante_geral_e_empossado_durante_solenidade\/"},"wordCount":724,"publisher":{"@id":"https:\/\/www.pm.pb.gov.br\/portal\/#organization"},"articleSection":["A\u00e7\u00f5es Policiais"],"inLanguage":"pt-BR"},{"@type":"WebPage","@id":"https:\/\/www.pm.pb.gov.br\/portal\/2013\/12\/19\/novo_subcomandante_geral_e_empossado_durante_solenidade\/","url":"https:\/\/www.pm.pb.gov.br\/portal\/2013\/12\/19\/novo_subcomandante_geral_e_empossado_durante_solenidade\/","name":"Novo Subcomandante Geral \u00e9 empossado durante solenidade - Pol\u00edcia Militar da Para\u00edba","isPartOf":{"@id":"https:\/\/www.pm.pb.gov.br\/portal\/#website"},"datePublished":"2013-12-19T10:12:56+00:00","dateModified":"2013-12-19T10:12:56+00:00","breadcrumb":{"@id":"https:\/\/www.pm.pb.gov.br\/portal\/2013\/12\/19\/novo_subcomandante_geral_e_empossado_durante_solenidade\/#breadcrumb"},"inLanguage":"pt-BR","potentialAction":[{"@type":"ReadAction","target":["https:\/\/www.pm.pb.gov.br\/portal\/2013\/12\/19\/novo_subcomandante_geral_e_empossado_durante_solenidade\/"]}]},{"@type":"BreadcrumbList","@id":"https:\/\/www.pm.pb.gov.br\/portal\/2013\/12\/19\/novo_subcomandante_geral_e_empossado_durante_solenidade\/#breadcrumb","itemListElement":[{"@type":"ListItem","position":1,"name":"In\u00edcio","item":"https:\/\/www.pm.pb.gov.br\/portal\/"},{"@type":"ListItem","position":2,"name":"Novo Subcomandante Geral \u00e9 empossado durante solenidade"}]},{"@type":"WebSite","@id":"https:\/\/www.pm.pb.gov.br\/portal\/#website","url":"https:\/\/www.pm.pb.gov.br\/portal\/","name":"Pol\u00edcia Militar da Para\u00edba","description":"","publisher":{"@id":"https:\/\/www.pm.pb.gov.br\/portal\/#organization"},"potentialAction":[{"@type":"SearchAction","target":{"@type":"EntryPoint","urlTemplate":"https:\/\/www.pm.pb.gov.br\/portal\/?s={search_term_string}"},"query-input":"required name=search_term_string"}],"inLanguage":"pt-BR"},{"@type":"Organization","@id":"https:\/\/www.pm.pb.gov.br\/portal\/#organization","name":"Pol\u00edcia Militar da Para\u00edba","url":"https:\/\/www.pm.pb.gov.br\/portal\/","logo":{"@type":"ImageObject","inLanguage":"pt-BR","@id":"https:\/\/www.pm.pb.gov.br\/portal\/#\/schema\/logo\/image\/","url":"https:\/\/www.pm.pb.gov.br\/portal\/wp-content\/uploads\/2025\/03\/cropped-logo-site-mag2-1.png","contentUrl":"https:\/\/www.pm.pb.gov.br\/portal\/wp-content\/uploads\/2025\/03\/cropped-logo-site-mag2-1.png","width":320,"height":90,"caption":"Pol\u00edcia Militar da Para\u00edba"},"image":{"@id":"https:\/\/www.pm.pb.gov.br\/portal\/#\/schema\/logo\/image\/"}},{"@type":"Person","@id":"https:\/\/www.pm.pb.gov.br\/portal\/#\/schema\/person\/e8454f46651c3ecf0e1ba3c1666d9947","name":"Assessoria de Imprensa da PMPB","image":{"@type":"ImageObject","inLanguage":"pt-BR","@id":"https:\/\/www.pm.pb.gov.br\/portal\/#\/schema\/person\/image\/","url":"https:\/\/secure.gravatar.com\/avatar\/2efe197438265d1e90bd98c4c8e1acf8?s=96&d=mm&r=g","contentUrl":"https:\/\/secure.gravatar.com\/avatar\/2efe197438265d1e90bd98c4c8e1acf8?s=96&d=mm&r=g","caption":"Assessoria de Imprensa da PMPB"},"url":"https:\/\/www.pm.pb.gov.br\/portal\/author\/assessoria\/"}]}},"_links":{"self":[{"href":"https:\/\/www.pm.pb.gov.br\/portal\/wp-json\/wp\/v2\/posts\/892421"}],"collection":[{"href":"https:\/\/www.pm.pb.gov.br\/portal\/wp-json\/wp\/v2\/posts"}],"about":[{"href":"https:\/\/www.pm.pb.gov.br\/portal\/wp-json\/wp\/v2\/types\/post"}],"author":[{"embeddable":true,"href":"https:\/\/www.pm.pb.gov.br\/portal\/wp-json\/wp\/v2\/users\/5"}],"replies":[{"embeddable":true,"href":"https:\/\/www.pm.pb.gov.br\/portal\/wp-json\/wp\/v2\/comments?post=892421"}],"version-history":[{"count":0,"href":"https:\/\/www.pm.pb.gov.br\/portal\/wp-json\/wp\/v2\/posts\/892421\/revisions"}],"wp:featuredmedia":[{"embeddable":true,"href":"https:\/\/www.pm.pb.gov.br\/portal\/wp-json\/wp\/v2\/media\/12032"}],"wp:attachment":[{"href":"https:\/\/www.pm.pb.gov.br\/portal\/wp-json\/wp\/v2\/media?parent=892421"}],"wp:term":[{"taxonomy":"category","embeddable":true,"href":"https:\/\/www.pm.pb.gov.br\/portal\/wp-json\/wp\/v2\/categories?post=892421"},{"taxonomy":"post_tag","embeddable":true,"href":"https:\/\/www.pm.pb.gov.br\/portal\/wp-json\/wp\/v2\/tags?post=892421"}],"curies":[{"name":"wp","href":"https:\/\/api.w.org\/{rel}","templated":true}]}}