{"id":892418,"date":"2013-12-18T10:12:34","date_gmt":"2013-12-18T13:12:34","guid":{"rendered":"http:\/\/www.pm.pb.gov.br\/portal\/2013\/12\/pm_realiza_caminhada_solidaria_e_arrecada_alimentos_nao_pereciveis\/"},"modified":"2013-12-18T10:12:34","modified_gmt":"2013-12-18T13:12:34","slug":"pm_realiza_caminhada_solidaria_e_arrecada_alimentos_nao_pereciveis","status":"publish","type":"post","link":"https:\/\/www.pm.pb.gov.br\/portal\/2013\/12\/18\/pm_realiza_caminhada_solidaria_e_arrecada_alimentos_nao_pereciveis\/","title":{"rendered":"PM realiza \u0091Caminhada Solid\u00e1ria\u0092 e arrecada alimentos n\u00e3o perec\u00edveis"},"content":{"rendered":"<figure style=\"width: 500px\" class=\"wp-caption alignnone\"><img decoding=\"async\" class=\"alignnone size-medium\" src=\"http:\/\/www.pm.pb.gov.br\/portal\/wp-content\/uploads\/2013\/12\/8903_12023.jpg\" title=\"Concentra\u00e7\u00e3o ser\u00e1 no Busto de Tamandar\u00e9, na orla da Capital (Foto: Werneck Moreno)\" width=\"100%\" \/><figcaption class=\"wp-caption-text\">Concentra\u00e7\u00e3o ser\u00e1 no Busto de Tamandar\u00e9, na orla da Capital (Foto: Werneck Moreno)<\/figcaption><\/figure>\n<div style=\"text-align: justify;\">O Projeto Caminhar da Pol\u00edcia Militar da Para\u00edba, em parceria com o Instituto Educand\u00e1rio Allan Kardec (entidade filantr\u00f3pica sem fins lucrativos), promove a \u0091Primeira Caminhada da Solidariedade Natalina\u0092.  A a\u00e7\u00e3o social acontece no pr\u00f3ximo domingo (22), a partir das 7h, no Busto de Tamandar\u00e9, em Jo\u00e3o Pessoa, e \u00e9 aberta a toda a popula\u00e7\u00e3o.<\/p>\n<p>Para se inscrever, basta se dirigir, munido de dois quilos de alimentos n\u00e3o perec\u00edveis, a um dos pontos de registros. S\u00e3o eles: Quartel do Comando Geral (Centro de Jo\u00e3o Pessoa), no setor de Comunica\u00e7\u00e3o Social, e no 1\u00ba Distrito Integrado de Seguran\u00e7a P\u00fablica (em Mana\u00edra). Tamb\u00e9m haver\u00e1 inscri\u00e7\u00f5es nos locais de realiza\u00e7\u00e3o do Projeto Caminhar, que acontece diariamente na Praia de Tamba\u00fa (5h30 \u00e0s 8h), no Gin\u00e1sio \u0091O Ronald\u00e3o\u0092 (das 17h \u00e0s 19h), no Cristo Redentor, e no Espa\u00e7o Cultural (das 6h \u00e0s 8h) \u0096 em Tambauzinho.<\/p>\n<p>Os registros ainda ser\u00e3o aceitos no dia do evento, no Busto de Tamandar\u00e9, antes do in\u00edcio da caminhada. O objetivo da atividade, que ter\u00e1 uma \u00fanica categoria e o percurso de quatro quil\u00f4metros, \u00e9 incentivar o viver bem e promover a solidariedade ao pr\u00f3ximo. Todo o material arrecadado ser\u00e1 doado para as crian\u00e7as benefici\u00e1rias do Projeto Edukar, do Instituto Allan Kardec, e para comunidades carentes de Jo\u00e3o Pessoa.<\/p>\n<p>O projeto em quest\u00e3o atende crian\u00e7as e adolescente entre 7 e 14 anos, oriundos de fam\u00edlias carentes do conjunto Bela Vista (no Cristo) e que estejam matriculados nas escolas da rede p\u00fablica. Tamb\u00e9m apoia a \u0091 Caminhada Solid\u00e1ria Natalina\u0092 a Organiza\u00e7\u00e3o N\u00e3o Governamental \u0091Trilhas e Caminhos\u0092, que promove atividades f\u00edsicas em todo o Estado.<\/p>\n<div class=\"row\" align=\"center\"><a href=\"http:\/\/www.pm.pb.gov.br\/portal\/wp-content\/uploads\/2013\/12\/8903_12024.jpg\"><figure style=\"width: 500px\" class=\"wp-caption alignnone\"><img decoding=\"async\" class=\"image-responsive\" src=\"http:\/\/www.pm.pb.gov.br\/portal\/wp-content\/uploads\/2013\/12\/8903_12024.jpg\" title=\"Evento benefici\u00e1ria crian\u00e7as do Projeto Edukar e de comunidades carentes da Capital\" width=\"100%\" \/><figcaption class=\"wp-caption-text\">Evento benefici\u00e1ria crian\u00e7as do Projeto Edukar e de comunidades carentes da Capital<\/figcaption><\/figure><\/a><\/div>\n<\/div>\n","protected":false},"excerpt":{"rendered":"<p>O Projeto Caminhar da Pol\u00edcia Militar da Para\u00edba, em parceria com o Instituto Educand\u00e1rio Allan Kardec (entidade filantr\u00f3pica sem fins<\/p>\n","protected":false},"author":5,"featured_media":12023,"comment_status":"closed","ping_status":"closed","sticky":false,"template":"","format":"standard","meta":{"_exactmetrics_skip_tracking":false,"_exactmetrics_sitenote_active":false,"_exactmetrics_sitenote_note":"","_exactmetrics_sitenote_category":0,"footnotes":""},"categories":[4],"tags":[],"yoast_head":"<!-- This site is optimized with the Yoast SEO plugin v22.0 - https:\/\/yoast.com\/wordpress\/plugins\/seo\/ -->\n<title>PM realiza \u0091Caminhada Solid\u00e1ria\u0092 e arrecada alimentos n\u00e3o perec\u00edveis - Pol\u00edcia Militar da Para\u00edba<\/title>\n<meta name=\"robots\" content=\"index, follow, max-snippet:-1, max-image-preview:large, max-video-preview:-1\" \/>\n<link rel=\"canonical\" href=\"https:\/\/www.pm.pb.gov.br\/portal\/2013\/12\/18\/pm_realiza_caminhada_solidaria_e_arrecada_alimentos_nao_pereciveis\/\" \/>\n<meta property=\"og:locale\" content=\"pt_BR\" \/>\n<meta property=\"og:type\" content=\"article\" \/>\n<meta property=\"og:title\" content=\"PM realiza \u0091Caminhada Solid\u00e1ria\u0092 e arrecada alimentos n\u00e3o perec\u00edveis - Pol\u00edcia Militar da Para\u00edba\" \/>\n<meta property=\"og:description\" content=\"O Projeto Caminhar da Pol\u00edcia Militar da Para\u00edba, em parceria com o Instituto Educand\u00e1rio Allan Kardec (entidade filantr\u00f3pica sem fins\" \/>\n<meta property=\"og:url\" content=\"https:\/\/www.pm.pb.gov.br\/portal\/2013\/12\/18\/pm_realiza_caminhada_solidaria_e_arrecada_alimentos_nao_pereciveis\/\" \/>\n<meta property=\"og:site_name\" content=\"Pol\u00edcia Militar da Para\u00edba\" \/>\n<meta property=\"article:published_time\" content=\"2013-12-18T13:12:34+00:00\" \/>\n<meta property=\"og:image\" content=\"https:\/\/www.pm.pb.gov.br\/portal\/wp-content\/uploads\/2013\/12\/8903_12023.jpg\" \/>\n\t<meta property=\"og:image:width\" content=\"500\" \/>\n\t<meta property=\"og:image:height\" content=\"333\" \/>\n\t<meta property=\"og:image:type\" content=\"image\/jpeg\" \/>\n<meta name=\"author\" content=\"Assessoria de Imprensa da PMPB\" \/>\n<meta name=\"twitter:card\" content=\"summary_large_image\" \/>\n<meta name=\"twitter:label1\" content=\"Escrito por\" \/>\n\t<meta name=\"twitter:data1\" content=\"Assessoria de Imprensa da PMPB\" \/>\n\t<meta name=\"twitter:label2\" content=\"Est. tempo de leitura\" \/>\n\t<meta name=\"twitter:data2\" content=\"2 minutos\" \/>\n<script type=\"application\/ld+json\" class=\"yoast-schema-graph\">{\"@context\":\"https:\/\/schema.org\",\"@graph\":[{\"@type\":\"Article\",\"@id\":\"https:\/\/www.pm.pb.gov.br\/portal\/2013\/12\/18\/pm_realiza_caminhada_solidaria_e_arrecada_alimentos_nao_pereciveis\/#article\",\"isPartOf\":{\"@id\":\"https:\/\/www.pm.pb.gov.br\/portal\/2013\/12\/18\/pm_realiza_caminhada_solidaria_e_arrecada_alimentos_nao_pereciveis\/\"},\"author\":{\"name\":\"Assessoria de Imprensa da PMPB\",\"@id\":\"https:\/\/www.pm.pb.gov.br\/portal\/#\/schema\/person\/e8454f46651c3ecf0e1ba3c1666d9947\"},\"headline\":\"PM realiza \u0091Caminhada Solid\u00e1ria\u0092 e arrecada alimentos n\u00e3o perec\u00edveis\",\"datePublished\":\"2013-12-18T13:12:34+00:00\",\"dateModified\":\"2013-12-18T13:12:34+00:00\",\"mainEntityOfPage\":{\"@id\":\"https:\/\/www.pm.pb.gov.br\/portal\/2013\/12\/18\/pm_realiza_caminhada_solidaria_e_arrecada_alimentos_nao_pereciveis\/\"},\"wordCount\":345,\"publisher\":{\"@id\":\"https:\/\/www.pm.pb.gov.br\/portal\/#organization\"},\"articleSection\":[\"A\u00e7\u00f5es Policiais\"],\"inLanguage\":\"pt-BR\"},{\"@type\":\"WebPage\",\"@id\":\"https:\/\/www.pm.pb.gov.br\/portal\/2013\/12\/18\/pm_realiza_caminhada_solidaria_e_arrecada_alimentos_nao_pereciveis\/\",\"url\":\"https:\/\/www.pm.pb.gov.br\/portal\/2013\/12\/18\/pm_realiza_caminhada_solidaria_e_arrecada_alimentos_nao_pereciveis\/\",\"name\":\"PM realiza \u0091Caminhada Solid\u00e1ria\u0092 e arrecada alimentos n\u00e3o perec\u00edveis - Pol\u00edcia Militar da Para\u00edba\",\"isPartOf\":{\"@id\":\"https:\/\/www.pm.pb.gov.br\/portal\/#website\"},\"datePublished\":\"2013-12-18T13:12:34+00:00\",\"dateModified\":\"2013-12-18T13:12:34+00:00\",\"breadcrumb\":{\"@id\":\"https:\/\/www.pm.pb.gov.br\/portal\/2013\/12\/18\/pm_realiza_caminhada_solidaria_e_arrecada_alimentos_nao_pereciveis\/#breadcrumb\"},\"inLanguage\":\"pt-BR\",\"potentialAction\":[{\"@type\":\"ReadAction\",\"target\":[\"https:\/\/www.pm.pb.gov.br\/portal\/2013\/12\/18\/pm_realiza_caminhada_solidaria_e_arrecada_alimentos_nao_pereciveis\/\"]}]},{\"@type\":\"BreadcrumbList\",\"@id\":\"https:\/\/www.pm.pb.gov.br\/portal\/2013\/12\/18\/pm_realiza_caminhada_solidaria_e_arrecada_alimentos_nao_pereciveis\/#breadcrumb\",\"itemListElement\":[{\"@type\":\"ListItem\",\"position\":1,\"name\":\"In\u00edcio\",\"item\":\"https:\/\/www.pm.pb.gov.br\/portal\/\"},{\"@type\":\"ListItem\",\"position\":2,\"name\":\"PM realiza \u0091Caminhada Solid\u00e1ria\u0092 e arrecada alimentos n\u00e3o perec\u00edveis\"}]},{\"@type\":\"WebSite\",\"@id\":\"https:\/\/www.pm.pb.gov.br\/portal\/#website\",\"url\":\"https:\/\/www.pm.pb.gov.br\/portal\/\",\"name\":\"Pol\u00edcia Militar da Para\u00edba\",\"description\":\"\",\"publisher\":{\"@id\":\"https:\/\/www.pm.pb.gov.br\/portal\/#organization\"},\"potentialAction\":[{\"@type\":\"SearchAction\",\"target\":{\"@type\":\"EntryPoint\",\"urlTemplate\":\"https:\/\/www.pm.pb.gov.br\/portal\/?s={search_term_string}\"},\"query-input\":\"required name=search_term_string\"}],\"inLanguage\":\"pt-BR\"},{\"@type\":\"Organization\",\"@id\":\"https:\/\/www.pm.pb.gov.br\/portal\/#organization\",\"name\":\"Pol\u00edcia Militar da Para\u00edba\",\"url\":\"https:\/\/www.pm.pb.gov.br\/portal\/\",\"logo\":{\"@type\":\"ImageObject\",\"inLanguage\":\"pt-BR\",\"@id\":\"https:\/\/www.pm.pb.gov.br\/portal\/#\/schema\/logo\/image\/\",\"url\":\"https:\/\/www.pm.pb.gov.br\/portal\/wp-content\/uploads\/2025\/03\/cropped-logo-site-mag2-1.png\",\"contentUrl\":\"https:\/\/www.pm.pb.gov.br\/portal\/wp-content\/uploads\/2025\/03\/cropped-logo-site-mag2-1.png\",\"width\":320,\"height\":90,\"caption\":\"Pol\u00edcia Militar da Para\u00edba\"},\"image\":{\"@id\":\"https:\/\/www.pm.pb.gov.br\/portal\/#\/schema\/logo\/image\/\"}},{\"@type\":\"Person\",\"@id\":\"https:\/\/www.pm.pb.gov.br\/portal\/#\/schema\/person\/e8454f46651c3ecf0e1ba3c1666d9947\",\"name\":\"Assessoria de Imprensa da PMPB\",\"image\":{\"@type\":\"ImageObject\",\"inLanguage\":\"pt-BR\",\"@id\":\"https:\/\/www.pm.pb.gov.br\/portal\/#\/schema\/person\/image\/\",\"url\":\"https:\/\/secure.gravatar.com\/avatar\/2efe197438265d1e90bd98c4c8e1acf8?s=96&d=mm&r=g\",\"contentUrl\":\"https:\/\/secure.gravatar.com\/avatar\/2efe197438265d1e90bd98c4c8e1acf8?s=96&d=mm&r=g\",\"caption\":\"Assessoria de Imprensa da PMPB\"},\"url\":\"https:\/\/www.pm.pb.gov.br\/portal\/author\/assessoria\/\"}]}<\/script>\n<!-- \/ Yoast SEO plugin. -->","yoast_head_json":{"title":"PM realiza \u0091Caminhada Solid\u00e1ria\u0092 e arrecada alimentos n\u00e3o perec\u00edveis - Pol\u00edcia Militar da Para\u00edba","robots":{"index":"index","follow":"follow","max-snippet":"max-snippet:-1","max-image-preview":"max-image-preview:large","max-video-preview":"max-video-preview:-1"},"canonical":"https:\/\/www.pm.pb.gov.br\/portal\/2013\/12\/18\/pm_realiza_caminhada_solidaria_e_arrecada_alimentos_nao_pereciveis\/","og_locale":"pt_BR","og_type":"article","og_title":"PM realiza \u0091Caminhada Solid\u00e1ria\u0092 e arrecada alimentos n\u00e3o perec\u00edveis - Pol\u00edcia Militar da Para\u00edba","og_description":"O Projeto Caminhar da Pol\u00edcia Militar da Para\u00edba, em parceria com o Instituto Educand\u00e1rio Allan Kardec (entidade filantr\u00f3pica sem fins","og_url":"https:\/\/www.pm.pb.gov.br\/portal\/2013\/12\/18\/pm_realiza_caminhada_solidaria_e_arrecada_alimentos_nao_pereciveis\/","og_site_name":"Pol\u00edcia Militar da Para\u00edba","article_published_time":"2013-12-18T13:12:34+00:00","og_image":[{"width":500,"height":333,"url":"https:\/\/www.pm.pb.gov.br\/portal\/wp-content\/uploads\/2013\/12\/8903_12023.jpg","type":"image\/jpeg"}],"author":"Assessoria de Imprensa da PMPB","twitter_card":"summary_large_image","twitter_misc":{"Escrito por":"Assessoria de Imprensa da PMPB","Est. tempo de leitura":"2 minutos"},"schema":{"@context":"https:\/\/schema.org","@graph":[{"@type":"Article","@id":"https:\/\/www.pm.pb.gov.br\/portal\/2013\/12\/18\/pm_realiza_caminhada_solidaria_e_arrecada_alimentos_nao_pereciveis\/#article","isPartOf":{"@id":"https:\/\/www.pm.pb.gov.br\/portal\/2013\/12\/18\/pm_realiza_caminhada_solidaria_e_arrecada_alimentos_nao_pereciveis\/"},"author":{"name":"Assessoria de Imprensa da PMPB","@id":"https:\/\/www.pm.pb.gov.br\/portal\/#\/schema\/person\/e8454f46651c3ecf0e1ba3c1666d9947"},"headline":"PM realiza \u0091Caminhada Solid\u00e1ria\u0092 e arrecada alimentos n\u00e3o perec\u00edveis","datePublished":"2013-12-18T13:12:34+00:00","dateModified":"2013-12-18T13:12:34+00:00","mainEntityOfPage":{"@id":"https:\/\/www.pm.pb.gov.br\/portal\/2013\/12\/18\/pm_realiza_caminhada_solidaria_e_arrecada_alimentos_nao_pereciveis\/"},"wordCount":345,"publisher":{"@id":"https:\/\/www.pm.pb.gov.br\/portal\/#organization"},"articleSection":["A\u00e7\u00f5es Policiais"],"inLanguage":"pt-BR"},{"@type":"WebPage","@id":"https:\/\/www.pm.pb.gov.br\/portal\/2013\/12\/18\/pm_realiza_caminhada_solidaria_e_arrecada_alimentos_nao_pereciveis\/","url":"https:\/\/www.pm.pb.gov.br\/portal\/2013\/12\/18\/pm_realiza_caminhada_solidaria_e_arrecada_alimentos_nao_pereciveis\/","name":"PM realiza \u0091Caminhada Solid\u00e1ria\u0092 e arrecada alimentos n\u00e3o perec\u00edveis - Pol\u00edcia Militar da Para\u00edba","isPartOf":{"@id":"https:\/\/www.pm.pb.gov.br\/portal\/#website"},"datePublished":"2013-12-18T13:12:34+00:00","dateModified":"2013-12-18T13:12:34+00:00","breadcrumb":{"@id":"https:\/\/www.pm.pb.gov.br\/portal\/2013\/12\/18\/pm_realiza_caminhada_solidaria_e_arrecada_alimentos_nao_pereciveis\/#breadcrumb"},"inLanguage":"pt-BR","potentialAction":[{"@type":"ReadAction","target":["https:\/\/www.pm.pb.gov.br\/portal\/2013\/12\/18\/pm_realiza_caminhada_solidaria_e_arrecada_alimentos_nao_pereciveis\/"]}]},{"@type":"BreadcrumbList","@id":"https:\/\/www.pm.pb.gov.br\/portal\/2013\/12\/18\/pm_realiza_caminhada_solidaria_e_arrecada_alimentos_nao_pereciveis\/#breadcrumb","itemListElement":[{"@type":"ListItem","position":1,"name":"In\u00edcio","item":"https:\/\/www.pm.pb.gov.br\/portal\/"},{"@type":"ListItem","position":2,"name":"PM realiza \u0091Caminhada Solid\u00e1ria\u0092 e arrecada alimentos n\u00e3o perec\u00edveis"}]},{"@type":"WebSite","@id":"https:\/\/www.pm.pb.gov.br\/portal\/#website","url":"https:\/\/www.pm.pb.gov.br\/portal\/","name":"Pol\u00edcia Militar da Para\u00edba","description":"","publisher":{"@id":"https:\/\/www.pm.pb.gov.br\/portal\/#organization"},"potentialAction":[{"@type":"SearchAction","target":{"@type":"EntryPoint","urlTemplate":"https:\/\/www.pm.pb.gov.br\/portal\/?s={search_term_string}"},"query-input":"required name=search_term_string"}],"inLanguage":"pt-BR"},{"@type":"Organization","@id":"https:\/\/www.pm.pb.gov.br\/portal\/#organization","name":"Pol\u00edcia Militar da Para\u00edba","url":"https:\/\/www.pm.pb.gov.br\/portal\/","logo":{"@type":"ImageObject","inLanguage":"pt-BR","@id":"https:\/\/www.pm.pb.gov.br\/portal\/#\/schema\/logo\/image\/","url":"https:\/\/www.pm.pb.gov.br\/portal\/wp-content\/uploads\/2025\/03\/cropped-logo-site-mag2-1.png","contentUrl":"https:\/\/www.pm.pb.gov.br\/portal\/wp-content\/uploads\/2025\/03\/cropped-logo-site-mag2-1.png","width":320,"height":90,"caption":"Pol\u00edcia Militar da Para\u00edba"},"image":{"@id":"https:\/\/www.pm.pb.gov.br\/portal\/#\/schema\/logo\/image\/"}},{"@type":"Person","@id":"https:\/\/www.pm.pb.gov.br\/portal\/#\/schema\/person\/e8454f46651c3ecf0e1ba3c1666d9947","name":"Assessoria de Imprensa da PMPB","image":{"@type":"ImageObject","inLanguage":"pt-BR","@id":"https:\/\/www.pm.pb.gov.br\/portal\/#\/schema\/person\/image\/","url":"https:\/\/secure.gravatar.com\/avatar\/2efe197438265d1e90bd98c4c8e1acf8?s=96&d=mm&r=g","contentUrl":"https:\/\/secure.gravatar.com\/avatar\/2efe197438265d1e90bd98c4c8e1acf8?s=96&d=mm&r=g","caption":"Assessoria de Imprensa da PMPB"},"url":"https:\/\/www.pm.pb.gov.br\/portal\/author\/assessoria\/"}]}},"_links":{"self":[{"href":"https:\/\/www.pm.pb.gov.br\/portal\/wp-json\/wp\/v2\/posts\/892418"}],"collection":[{"href":"https:\/\/www.pm.pb.gov.br\/portal\/wp-json\/wp\/v2\/posts"}],"about":[{"href":"https:\/\/www.pm.pb.gov.br\/portal\/wp-json\/wp\/v2\/types\/post"}],"author":[{"embeddable":true,"href":"https:\/\/www.pm.pb.gov.br\/portal\/wp-json\/wp\/v2\/users\/5"}],"replies":[{"embeddable":true,"href":"https:\/\/www.pm.pb.gov.br\/portal\/wp-json\/wp\/v2\/comments?post=892418"}],"version-history":[{"count":0,"href":"https:\/\/www.pm.pb.gov.br\/portal\/wp-json\/wp\/v2\/posts\/892418\/revisions"}],"wp:featuredmedia":[{"embeddable":true,"href":"https:\/\/www.pm.pb.gov.br\/portal\/wp-json\/wp\/v2\/media\/12023"}],"wp:attachment":[{"href":"https:\/\/www.pm.pb.gov.br\/portal\/wp-json\/wp\/v2\/media?parent=892418"}],"wp:term":[{"taxonomy":"category","embeddable":true,"href":"https:\/\/www.pm.pb.gov.br\/portal\/wp-json\/wp\/v2\/categories?post=892418"},{"taxonomy":"post_tag","embeddable":true,"href":"https:\/\/www.pm.pb.gov.br\/portal\/wp-json\/wp\/v2\/tags?post=892418"}],"curies":[{"name":"wp","href":"https:\/\/api.w.org\/{rel}","templated":true}]}}