{"id":892416,"date":"2013-12-17T12:12:19","date_gmt":"2013-12-17T15:12:19","guid":{"rendered":"http:\/\/www.pm.pb.gov.br\/portal\/2013\/12\/operacao_dominus_desarticula_quadrilha_em_alagoa_grande\/"},"modified":"2013-12-17T12:12:19","modified_gmt":"2013-12-17T15:12:19","slug":"operacao_dominus_desarticula_quadrilha_em_alagoa_grande","status":"publish","type":"post","link":"https:\/\/www.pm.pb.gov.br\/portal\/2013\/12\/17\/operacao_dominus_desarticula_quadrilha_em_alagoa_grande\/","title":{"rendered":"\u0091Opera\u00e7\u00e3o Dominus\u0092 desarticula quadrilha em Alagoa Grande"},"content":{"rendered":"<figure style=\"width: 500px\" class=\"wp-caption alignnone\"><img decoding=\"async\" class=\"alignnone size-medium\" src=\"http:\/\/www.pm.pb.gov.br\/portal\/wp-content\/uploads\/2013\/12\/8899_12014.jpg\" title=\"Opera\u00e7\u00e3o mobilizou 150 policiais e resultou na pris\u00e3o de seis pessoas (Fotos: Isael Alves)\" width=\"100%\" \/><figcaption class=\"wp-caption-text\">Opera\u00e7\u00e3o mobilizou 150 policiais e resultou na pris\u00e3o de seis pessoas (Fotos: Isael Alves)<\/figcaption><\/figure>\n<div style=\"text-align: justify;\">Uma a\u00e7\u00e3o conjunta das Pol\u00edcias Militar e Civil da Para\u00edba, desencadeada por volta das 5h desta ter\u00e7a-feira (17), desarticulou uma quadrilha que atuava na regi\u00e3o de Alagoa Grande (no Agreste do Estado), realizando roubos, tr\u00e1fico de drogas e homic\u00eddios.  A \u0091Opera\u00e7\u00e3o Dominus\u0092 mobilizou 150 policiais, sendo 100 da PM e 50 da Civil.<\/p>\n<p>No total, foram seis pessoas presas, entre elas o chefe do grupo, Jos\u00e9 Viltal Cosme da Silva, conhecido como \u0091Tita\u0092e considerado de alta periculosidade. Os flagrantes aconteceram no bairro Morro do Cruzeiro e em um s\u00edtio da zona rural da cidade. Com a quadrilha, foram apreendidas seis armas de fogo, sendo tr\u00eas rev\u00f3lveres (duas calibres 38 e uma 32) e tr\u00eas espingardas (uma 12, outra 28 e uma do tipo \u0091soca soca\u0092); al\u00e9m de mais de 60 muni\u00e7\u00f5es,  um  tijolo de maconha e 36 pedras de crack .<\/p>\n<p>\u0093O grupo \u00e9 suspeito de tocar o terror na cidade, sendo respons\u00e1vel por pelo menos quatro homic\u00eddios da regi\u00e3o e diversos roubos a ve\u00edculos. Foram dois meses de investiga\u00e7\u00e3o e trabalho conjunto das pol\u00edcias at\u00e9 chegar o grupo\u0094, contou o comandante do 8\u00ba Batalh\u00e3o, tenente coronel S\u00e9rgio Linhares.Ainda segundo ele, os policiais se reuniram nas primeiras horas da madrugada na cidade para repassarem orienta\u00e7\u00f5es e definir a divis\u00e3o dos grupos para realizar as buscas aos alvos.<\/p>\n<p>No total, foram 11 mandados de busca e apreens\u00e3o expedidos e as pol\u00edcias ainda continuam em dilig\u00eancia para realizar mais pris\u00f5es.  \u0093A opera\u00e7\u00e3o teve bastante \u00eaxito, pois conseguimos prender a c\u00fapula da quadrilha. Com certeza a popula\u00e7\u00e3o da regi\u00e3o ter\u00e1 um fim de ano mais tranquilo com esses criminosos fora de circula\u00e7\u00e3o\u0094, destacou o delegado titular de Itabaiana, Hugo Helder, que tamb\u00e9m integrou a opera\u00e7\u00e3o.<br \/>\nDa Pol\u00edcia Militar, participaram PMs do 8\u00ba, 2\u00ba e 10\u00ba Batalh\u00f5es; al\u00e9m do Choque, Cavalaria e Batalh\u00e3o de Tr\u00e2nsito. J\u00e1 a Pol\u00edcia Civil mobilizou delegados e agentes.<\/p>\n<p>Confira os nomes dos presos:<\/p>\n<p>Jos\u00e9 Viltal Cosme da Silva (conhecido como Tita) ,  45 anos<br \/>\nAndrea dos Santos, 23<br \/>\nLuciano dos Santos, 30<br \/>\nEveraldo In\u00e1cio de Brito, 28<br \/>\nFrancinaldo da Rocha Bezerra, 29<br \/>\nJos\u00e9 Wilker Ara\u00fajo de Lima , 19<\/p>\n<div class=\"row\" align=\"center\"><a href=\"http:\/\/www.pm.pb.gov.br\/exportacao\/fotos_noticias\/8899_12016.jpg\"><figure style=\"width: 500px\" class=\"wp-caption alignnone\"><img decoding=\"async\" class=\"image-responsive\" src=\"http:\/\/www.pm.pb.gov.br\/exportacao\/fotos_noticias\/8899_12016.jpg\" title=\"A maior parte das pris\u00f5es aconteceu no bairro Morro do Cruzeiro\" width=\"100%\" \/><figcaption class=\"wp-caption-text\">A maior parte das pris\u00f5es aconteceu no bairro Morro do Cruzeiro<\/figcaption><\/figure><\/a><a href=\"http:\/\/www.pm.pb.gov.br\/exportacao\/fotos_noticias\/8899_12017.jpg\"><figure style=\"width: 500px\" class=\"wp-caption alignnone\"><img decoding=\"async\" class=\"image-responsive\" src=\"http:\/\/www.pm.pb.gov.br\/exportacao\/fotos_noticias\/8899_12017.jpg\" title=\"Presos foram encaminhados para a delegacia de Alagoa Grande\" width=\"100%\" \/><figcaption class=\"wp-caption-text\">Presos foram encaminhados para a delegacia de Alagoa Grande<\/figcaption><\/figure><\/a><a href=\"http:\/\/www.pm.pb.gov.br\/exportacao\/fotos_noticias\/8899_12018.jpg\"><figure style=\"width: 500px\" class=\"wp-caption alignnone\"><img decoding=\"async\" class=\"image-responsive\" src=\"http:\/\/www.pm.pb.gov.br\/exportacao\/fotos_noticias\/8899_12018.jpg\" title=\"Opera\u00e7\u00e3o teve in\u00edcio logo no in\u00edcio da manh\u00e3 desta ter\u00e7a (17)\" width=\"100%\" \/><figcaption class=\"wp-caption-text\">Opera\u00e7\u00e3o teve in\u00edcio logo no in\u00edcio da manh\u00e3 desta ter\u00e7a (17)<\/figcaption><\/figure><\/a><a href=\"http:\/\/www.pm.pb.gov.br\/portal\/wp-content\/uploads\/2013\/12\/8899_12019.jpg\"><figure style=\"width: 500px\" class=\"wp-caption alignnone\"><img decoding=\"async\" class=\"image-responsive\" src=\"http:\/\/www.pm.pb.gov.br\/portal\/wp-content\/uploads\/2013\/12\/8899_12019.jpg\" title=\"Com o grupo, foram apreendidas armas de fogo, facas, drogas e muni\u00e7\u00f5es\" width=\"100%\" \/><figcaption class=\"wp-caption-text\">Com o grupo, foram apreendidas armas de fogo, facas, drogas e muni\u00e7\u00f5es<\/figcaption><\/figure><\/a><\/div>\n<\/div>\n","protected":false},"excerpt":{"rendered":"<p>Uma a\u00e7\u00e3o conjunta das Pol\u00edcias Militar e Civil da Para\u00edba, desencadeada por volta das 5h desta ter\u00e7a-feira (17), desarticulou uma<\/p>\n","protected":false},"author":5,"featured_media":12014,"comment_status":"closed","ping_status":"closed","sticky":false,"template":"","format":"standard","meta":{"_exactmetrics_skip_tracking":false,"_exactmetrics_sitenote_active":false,"_exactmetrics_sitenote_note":"","_exactmetrics_sitenote_category":0,"footnotes":""},"categories":[4],"tags":[],"yoast_head":"<!-- This site is optimized with the Yoast SEO plugin v22.0 - https:\/\/yoast.com\/wordpress\/plugins\/seo\/ -->\n<title>\u0091Opera\u00e7\u00e3o Dominus\u0092 desarticula quadrilha em Alagoa Grande - Pol\u00edcia Militar da Para\u00edba<\/title>\n<meta name=\"robots\" content=\"index, follow, max-snippet:-1, max-image-preview:large, max-video-preview:-1\" \/>\n<link rel=\"canonical\" href=\"https:\/\/www.pm.pb.gov.br\/portal\/2013\/12\/17\/operacao_dominus_desarticula_quadrilha_em_alagoa_grande\/\" \/>\n<meta property=\"og:locale\" content=\"pt_BR\" \/>\n<meta property=\"og:type\" content=\"article\" \/>\n<meta property=\"og:title\" content=\"\u0091Opera\u00e7\u00e3o Dominus\u0092 desarticula quadrilha em Alagoa Grande - Pol\u00edcia Militar da Para\u00edba\" \/>\n<meta property=\"og:description\" content=\"Uma a\u00e7\u00e3o conjunta das Pol\u00edcias Militar e Civil da Para\u00edba, desencadeada por volta das 5h desta ter\u00e7a-feira (17), desarticulou uma\" \/>\n<meta property=\"og:url\" content=\"https:\/\/www.pm.pb.gov.br\/portal\/2013\/12\/17\/operacao_dominus_desarticula_quadrilha_em_alagoa_grande\/\" \/>\n<meta property=\"og:site_name\" content=\"Pol\u00edcia Militar da Para\u00edba\" \/>\n<meta property=\"article:published_time\" content=\"2013-12-17T15:12:19+00:00\" \/>\n<meta property=\"og:image\" content=\"https:\/\/www.pm.pb.gov.br\/portal\/wp-content\/uploads\/2013\/12\/8899_12014.jpg\" \/>\n\t<meta property=\"og:image:width\" content=\"500\" \/>\n\t<meta property=\"og:image:height\" content=\"334\" \/>\n\t<meta property=\"og:image:type\" content=\"image\/jpeg\" \/>\n<meta name=\"author\" content=\"Assessoria de Imprensa da PMPB\" \/>\n<meta name=\"twitter:card\" content=\"summary_large_image\" \/>\n<meta name=\"twitter:label1\" content=\"Escrito por\" \/>\n\t<meta name=\"twitter:data1\" content=\"Assessoria de Imprensa da PMPB\" \/>\n\t<meta name=\"twitter:label2\" content=\"Est. tempo de leitura\" \/>\n\t<meta name=\"twitter:data2\" content=\"2 minutos\" \/>\n<script type=\"application\/ld+json\" class=\"yoast-schema-graph\">{\"@context\":\"https:\/\/schema.org\",\"@graph\":[{\"@type\":\"Article\",\"@id\":\"https:\/\/www.pm.pb.gov.br\/portal\/2013\/12\/17\/operacao_dominus_desarticula_quadrilha_em_alagoa_grande\/#article\",\"isPartOf\":{\"@id\":\"https:\/\/www.pm.pb.gov.br\/portal\/2013\/12\/17\/operacao_dominus_desarticula_quadrilha_em_alagoa_grande\/\"},\"author\":{\"name\":\"Assessoria de Imprensa da PMPB\",\"@id\":\"https:\/\/www.pm.pb.gov.br\/portal\/#\/schema\/person\/e8454f46651c3ecf0e1ba3c1666d9947\"},\"headline\":\"\u0091Opera\u00e7\u00e3o Dominus\u0092 desarticula quadrilha em Alagoa Grande\",\"datePublished\":\"2013-12-17T15:12:19+00:00\",\"dateModified\":\"2013-12-17T15:12:19+00:00\",\"mainEntityOfPage\":{\"@id\":\"https:\/\/www.pm.pb.gov.br\/portal\/2013\/12\/17\/operacao_dominus_desarticula_quadrilha_em_alagoa_grande\/\"},\"wordCount\":471,\"publisher\":{\"@id\":\"https:\/\/www.pm.pb.gov.br\/portal\/#organization\"},\"articleSection\":[\"A\u00e7\u00f5es Policiais\"],\"inLanguage\":\"pt-BR\"},{\"@type\":\"WebPage\",\"@id\":\"https:\/\/www.pm.pb.gov.br\/portal\/2013\/12\/17\/operacao_dominus_desarticula_quadrilha_em_alagoa_grande\/\",\"url\":\"https:\/\/www.pm.pb.gov.br\/portal\/2013\/12\/17\/operacao_dominus_desarticula_quadrilha_em_alagoa_grande\/\",\"name\":\"\u0091Opera\u00e7\u00e3o Dominus\u0092 desarticula quadrilha em Alagoa Grande - Pol\u00edcia Militar da Para\u00edba\",\"isPartOf\":{\"@id\":\"https:\/\/www.pm.pb.gov.br\/portal\/#website\"},\"datePublished\":\"2013-12-17T15:12:19+00:00\",\"dateModified\":\"2013-12-17T15:12:19+00:00\",\"breadcrumb\":{\"@id\":\"https:\/\/www.pm.pb.gov.br\/portal\/2013\/12\/17\/operacao_dominus_desarticula_quadrilha_em_alagoa_grande\/#breadcrumb\"},\"inLanguage\":\"pt-BR\",\"potentialAction\":[{\"@type\":\"ReadAction\",\"target\":[\"https:\/\/www.pm.pb.gov.br\/portal\/2013\/12\/17\/operacao_dominus_desarticula_quadrilha_em_alagoa_grande\/\"]}]},{\"@type\":\"BreadcrumbList\",\"@id\":\"https:\/\/www.pm.pb.gov.br\/portal\/2013\/12\/17\/operacao_dominus_desarticula_quadrilha_em_alagoa_grande\/#breadcrumb\",\"itemListElement\":[{\"@type\":\"ListItem\",\"position\":1,\"name\":\"In\u00edcio\",\"item\":\"https:\/\/www.pm.pb.gov.br\/portal\/\"},{\"@type\":\"ListItem\",\"position\":2,\"name\":\"\u0091Opera\u00e7\u00e3o Dominus\u0092 desarticula quadrilha em Alagoa Grande\"}]},{\"@type\":\"WebSite\",\"@id\":\"https:\/\/www.pm.pb.gov.br\/portal\/#website\",\"url\":\"https:\/\/www.pm.pb.gov.br\/portal\/\",\"name\":\"Pol\u00edcia Militar da Para\u00edba\",\"description\":\"\",\"publisher\":{\"@id\":\"https:\/\/www.pm.pb.gov.br\/portal\/#organization\"},\"potentialAction\":[{\"@type\":\"SearchAction\",\"target\":{\"@type\":\"EntryPoint\",\"urlTemplate\":\"https:\/\/www.pm.pb.gov.br\/portal\/?s={search_term_string}\"},\"query-input\":\"required name=search_term_string\"}],\"inLanguage\":\"pt-BR\"},{\"@type\":\"Organization\",\"@id\":\"https:\/\/www.pm.pb.gov.br\/portal\/#organization\",\"name\":\"Pol\u00edcia Militar da Para\u00edba\",\"url\":\"https:\/\/www.pm.pb.gov.br\/portal\/\",\"logo\":{\"@type\":\"ImageObject\",\"inLanguage\":\"pt-BR\",\"@id\":\"https:\/\/www.pm.pb.gov.br\/portal\/#\/schema\/logo\/image\/\",\"url\":\"https:\/\/www.pm.pb.gov.br\/portal\/wp-content\/uploads\/2025\/03\/cropped-logo-site-mag2-1.png\",\"contentUrl\":\"https:\/\/www.pm.pb.gov.br\/portal\/wp-content\/uploads\/2025\/03\/cropped-logo-site-mag2-1.png\",\"width\":320,\"height\":90,\"caption\":\"Pol\u00edcia Militar da Para\u00edba\"},\"image\":{\"@id\":\"https:\/\/www.pm.pb.gov.br\/portal\/#\/schema\/logo\/image\/\"}},{\"@type\":\"Person\",\"@id\":\"https:\/\/www.pm.pb.gov.br\/portal\/#\/schema\/person\/e8454f46651c3ecf0e1ba3c1666d9947\",\"name\":\"Assessoria de Imprensa da PMPB\",\"image\":{\"@type\":\"ImageObject\",\"inLanguage\":\"pt-BR\",\"@id\":\"https:\/\/www.pm.pb.gov.br\/portal\/#\/schema\/person\/image\/\",\"url\":\"https:\/\/secure.gravatar.com\/avatar\/2efe197438265d1e90bd98c4c8e1acf8?s=96&d=mm&r=g\",\"contentUrl\":\"https:\/\/secure.gravatar.com\/avatar\/2efe197438265d1e90bd98c4c8e1acf8?s=96&d=mm&r=g\",\"caption\":\"Assessoria de Imprensa da PMPB\"},\"url\":\"https:\/\/www.pm.pb.gov.br\/portal\/author\/assessoria\/\"}]}<\/script>\n<!-- \/ Yoast SEO plugin. -->","yoast_head_json":{"title":"\u0091Opera\u00e7\u00e3o Dominus\u0092 desarticula quadrilha em Alagoa Grande - Pol\u00edcia Militar da Para\u00edba","robots":{"index":"index","follow":"follow","max-snippet":"max-snippet:-1","max-image-preview":"max-image-preview:large","max-video-preview":"max-video-preview:-1"},"canonical":"https:\/\/www.pm.pb.gov.br\/portal\/2013\/12\/17\/operacao_dominus_desarticula_quadrilha_em_alagoa_grande\/","og_locale":"pt_BR","og_type":"article","og_title":"\u0091Opera\u00e7\u00e3o Dominus\u0092 desarticula quadrilha em Alagoa Grande - Pol\u00edcia Militar da Para\u00edba","og_description":"Uma a\u00e7\u00e3o conjunta das Pol\u00edcias Militar e Civil da Para\u00edba, desencadeada por volta das 5h desta ter\u00e7a-feira (17), desarticulou uma","og_url":"https:\/\/www.pm.pb.gov.br\/portal\/2013\/12\/17\/operacao_dominus_desarticula_quadrilha_em_alagoa_grande\/","og_site_name":"Pol\u00edcia Militar da Para\u00edba","article_published_time":"2013-12-17T15:12:19+00:00","og_image":[{"width":500,"height":334,"url":"https:\/\/www.pm.pb.gov.br\/portal\/wp-content\/uploads\/2013\/12\/8899_12014.jpg","type":"image\/jpeg"}],"author":"Assessoria de Imprensa da PMPB","twitter_card":"summary_large_image","twitter_misc":{"Escrito por":"Assessoria de Imprensa da PMPB","Est. tempo de leitura":"2 minutos"},"schema":{"@context":"https:\/\/schema.org","@graph":[{"@type":"Article","@id":"https:\/\/www.pm.pb.gov.br\/portal\/2013\/12\/17\/operacao_dominus_desarticula_quadrilha_em_alagoa_grande\/#article","isPartOf":{"@id":"https:\/\/www.pm.pb.gov.br\/portal\/2013\/12\/17\/operacao_dominus_desarticula_quadrilha_em_alagoa_grande\/"},"author":{"name":"Assessoria de Imprensa da PMPB","@id":"https:\/\/www.pm.pb.gov.br\/portal\/#\/schema\/person\/e8454f46651c3ecf0e1ba3c1666d9947"},"headline":"\u0091Opera\u00e7\u00e3o Dominus\u0092 desarticula quadrilha em Alagoa Grande","datePublished":"2013-12-17T15:12:19+00:00","dateModified":"2013-12-17T15:12:19+00:00","mainEntityOfPage":{"@id":"https:\/\/www.pm.pb.gov.br\/portal\/2013\/12\/17\/operacao_dominus_desarticula_quadrilha_em_alagoa_grande\/"},"wordCount":471,"publisher":{"@id":"https:\/\/www.pm.pb.gov.br\/portal\/#organization"},"articleSection":["A\u00e7\u00f5es Policiais"],"inLanguage":"pt-BR"},{"@type":"WebPage","@id":"https:\/\/www.pm.pb.gov.br\/portal\/2013\/12\/17\/operacao_dominus_desarticula_quadrilha_em_alagoa_grande\/","url":"https:\/\/www.pm.pb.gov.br\/portal\/2013\/12\/17\/operacao_dominus_desarticula_quadrilha_em_alagoa_grande\/","name":"\u0091Opera\u00e7\u00e3o Dominus\u0092 desarticula quadrilha em Alagoa Grande - Pol\u00edcia Militar da Para\u00edba","isPartOf":{"@id":"https:\/\/www.pm.pb.gov.br\/portal\/#website"},"datePublished":"2013-12-17T15:12:19+00:00","dateModified":"2013-12-17T15:12:19+00:00","breadcrumb":{"@id":"https:\/\/www.pm.pb.gov.br\/portal\/2013\/12\/17\/operacao_dominus_desarticula_quadrilha_em_alagoa_grande\/#breadcrumb"},"inLanguage":"pt-BR","potentialAction":[{"@type":"ReadAction","target":["https:\/\/www.pm.pb.gov.br\/portal\/2013\/12\/17\/operacao_dominus_desarticula_quadrilha_em_alagoa_grande\/"]}]},{"@type":"BreadcrumbList","@id":"https:\/\/www.pm.pb.gov.br\/portal\/2013\/12\/17\/operacao_dominus_desarticula_quadrilha_em_alagoa_grande\/#breadcrumb","itemListElement":[{"@type":"ListItem","position":1,"name":"In\u00edcio","item":"https:\/\/www.pm.pb.gov.br\/portal\/"},{"@type":"ListItem","position":2,"name":"\u0091Opera\u00e7\u00e3o Dominus\u0092 desarticula quadrilha em Alagoa Grande"}]},{"@type":"WebSite","@id":"https:\/\/www.pm.pb.gov.br\/portal\/#website","url":"https:\/\/www.pm.pb.gov.br\/portal\/","name":"Pol\u00edcia Militar da Para\u00edba","description":"","publisher":{"@id":"https:\/\/www.pm.pb.gov.br\/portal\/#organization"},"potentialAction":[{"@type":"SearchAction","target":{"@type":"EntryPoint","urlTemplate":"https:\/\/www.pm.pb.gov.br\/portal\/?s={search_term_string}"},"query-input":"required name=search_term_string"}],"inLanguage":"pt-BR"},{"@type":"Organization","@id":"https:\/\/www.pm.pb.gov.br\/portal\/#organization","name":"Pol\u00edcia Militar da Para\u00edba","url":"https:\/\/www.pm.pb.gov.br\/portal\/","logo":{"@type":"ImageObject","inLanguage":"pt-BR","@id":"https:\/\/www.pm.pb.gov.br\/portal\/#\/schema\/logo\/image\/","url":"https:\/\/www.pm.pb.gov.br\/portal\/wp-content\/uploads\/2025\/03\/cropped-logo-site-mag2-1.png","contentUrl":"https:\/\/www.pm.pb.gov.br\/portal\/wp-content\/uploads\/2025\/03\/cropped-logo-site-mag2-1.png","width":320,"height":90,"caption":"Pol\u00edcia Militar da Para\u00edba"},"image":{"@id":"https:\/\/www.pm.pb.gov.br\/portal\/#\/schema\/logo\/image\/"}},{"@type":"Person","@id":"https:\/\/www.pm.pb.gov.br\/portal\/#\/schema\/person\/e8454f46651c3ecf0e1ba3c1666d9947","name":"Assessoria de Imprensa da PMPB","image":{"@type":"ImageObject","inLanguage":"pt-BR","@id":"https:\/\/www.pm.pb.gov.br\/portal\/#\/schema\/person\/image\/","url":"https:\/\/secure.gravatar.com\/avatar\/2efe197438265d1e90bd98c4c8e1acf8?s=96&d=mm&r=g","contentUrl":"https:\/\/secure.gravatar.com\/avatar\/2efe197438265d1e90bd98c4c8e1acf8?s=96&d=mm&r=g","caption":"Assessoria de Imprensa da PMPB"},"url":"https:\/\/www.pm.pb.gov.br\/portal\/author\/assessoria\/"}]}},"_links":{"self":[{"href":"https:\/\/www.pm.pb.gov.br\/portal\/wp-json\/wp\/v2\/posts\/892416"}],"collection":[{"href":"https:\/\/www.pm.pb.gov.br\/portal\/wp-json\/wp\/v2\/posts"}],"about":[{"href":"https:\/\/www.pm.pb.gov.br\/portal\/wp-json\/wp\/v2\/types\/post"}],"author":[{"embeddable":true,"href":"https:\/\/www.pm.pb.gov.br\/portal\/wp-json\/wp\/v2\/users\/5"}],"replies":[{"embeddable":true,"href":"https:\/\/www.pm.pb.gov.br\/portal\/wp-json\/wp\/v2\/comments?post=892416"}],"version-history":[{"count":0,"href":"https:\/\/www.pm.pb.gov.br\/portal\/wp-json\/wp\/v2\/posts\/892416\/revisions"}],"wp:featuredmedia":[{"embeddable":true,"href":"https:\/\/www.pm.pb.gov.br\/portal\/wp-json\/wp\/v2\/media\/12014"}],"wp:attachment":[{"href":"https:\/\/www.pm.pb.gov.br\/portal\/wp-json\/wp\/v2\/media?parent=892416"}],"wp:term":[{"taxonomy":"category","embeddable":true,"href":"https:\/\/www.pm.pb.gov.br\/portal\/wp-json\/wp\/v2\/categories?post=892416"},{"taxonomy":"post_tag","embeddable":true,"href":"https:\/\/www.pm.pb.gov.br\/portal\/wp-json\/wp\/v2\/tags?post=892416"}],"curies":[{"name":"wp","href":"https:\/\/api.w.org\/{rel}","templated":true}]}}