{"id":892400,"date":"2013-11-24T22:11:48","date_gmt":"2013-11-25T01:11:48","guid":{"rendered":"http:\/\/www.pm.pb.gov.br\/portal\/2013\/11\/policia_garante_tranquildade_da_250_romaria_da_penha\/"},"modified":"2013-11-24T22:11:48","modified_gmt":"2013-11-25T01:11:48","slug":"policia_garante_tranquildade_da_250_romaria_da_penha","status":"publish","type":"post","link":"https:\/\/www.pm.pb.gov.br\/portal\/2013\/11\/24\/policia_garante_tranquildade_da_250_romaria_da_penha\/","title":{"rendered":"Pol\u00edcia garante tranquildade da 250\u00aa Romaria da Penha"},"content":{"rendered":"<figure style=\"width: 500px\" class=\"wp-caption alignnone\"><img decoding=\"async\" class=\"alignnone size-medium\" src=\"http:\/\/www.pm.pb.gov.br\/portal\/wp-content\/uploads\/2013\/11\/8798_11817.jpg\" title=\"Pol\u00edcia garantiu seguran\u00e7a dos mais de 300 mil fi\u00e9is que participaram da Romaria (Fotos: Werneck Moreno)\" width=\"100%\" \/><figcaption class=\"wp-caption-text\">Pol\u00edcia garantiu seguran\u00e7a dos mais de 300 mil fi\u00e9is que participaram da Romaria (Fotos: Werneck Moreno)<\/figcaption><\/figure>\n<div style=\"text-align: justify;\">A 250\u00aa Romaria de Nossa Senhora da Penha, realizada neste s\u00e1bado (23) \u0096 na Capital, terminou com seguran\u00e7a e tranquilidade para os mais de 300 mil fi\u00e9is que participaram do evento.  Ao final do percurso de 14 quil\u00f4metros , apenas duas ocorr\u00eancias foram registradas, nenhum delas de maior gravidade.<\/p>\n<p>Por volta das 22h, um homem altamente alcoolizado e passando mal foi levado pela pol\u00edcia at\u00e9 o Servi\u00e7o de  Atendimento M\u00f3vel de Urg\u00eancia (Samu), no qual foi atendido. Horas depois, j\u00e1 na madrugada de domingo (24), um adolescente de 13 anos foi apreenddido em flagrante de posse de um rev\u00f3lver calibre 38.<\/p>\n<p>Ele foi abordado quando o cortejo passava pela Avenida Hilton Souto Maior, pr\u00f3ximo \u00e0 entrada do bairro Quadramares, e encaminhado para a Delegacia da Inf\u00e2ncia e Juventude, no Centro da Capital, onde foi autuado por porte ilegal de arma e liberado em seguida.<\/p>\n<p>\u0093Agradecemos a todos os policiais militares que se esfor\u00e7aram e de forma integrada com as outras for\u00e7as de seguran\u00e7a deram tranq\u00fcilidade a todos os romeiros que participaram da romaria. Tudo saiu conforme o planejado, gra\u00e7as a esse quase 700 homens que policiaram com afinco\u0094, comentou o comandante geral da Pol\u00edcia Militar da Para\u00edba, coronel Euller Chaves.<\/p>\n<p>Junto com o secret\u00e1rio de Estado da Seguran\u00e7a, Cl\u00e1udio Lima, ele acompanhou pessoalmente a execu\u00e7\u00e3o do plano de seguran\u00e7a do evento, percorrendo, inclusive, a maior parte do percurso da romaria \u0096 que teve in\u00edcio na Igreja de\u00a0Lourdes, no Centro da capital, at\u00e9\u00a0o\u00a0Santu\u00e1rio, na praia da Penha.<\/p>\n<p>No total, foram empregados na seguran\u00e7a do evento 820 homens e mulheres das Pol\u00edcias Militar e Civil e do Corpo de Bombeiros  &#8211; sendo a maior parte deles, 685, da PM. A corpora\u00e7\u00e3o tamb\u00e9m montou em pontos estrat\u00e9gico do percurso 18 Postos de Observa\u00e7\u00e3o Policial (POPs) e empregou homens no policiamento velado (sem fardamento).<\/p>\n<p>Em parceria com a Secretaria de Mobilidade Urbana de Jo\u00e3o Pessoa (Semob), ainda foram distribu\u00eddas c\u00e2meras que monitoraram em tempo real todo o evento.<\/p>\n<div class=\"row\" align=\"center\"><a href=\"http:\/\/www.pm.pb.gov.br\/exportacao\/fotos_noticias\/8798_11818.jpg\"><figure style=\"width: 500px\" class=\"wp-caption alignnone\"><img decoding=\"async\" class=\"image-responsive\" src=\"http:\/\/www.pm.pb.gov.br\/exportacao\/fotos_noticias\/8798_11818.jpg\" title=\"Patrulhas a p\u00e9 foram distribu\u00eddas ao longo de todo o percurso\" width=\"100%\" \/><figcaption class=\"wp-caption-text\">Patrulhas a p\u00e9 foram distribu\u00eddas ao longo de todo o percurso<\/figcaption><\/figure><\/a><a href=\"http:\/\/www.pm.pb.gov.br\/exportacao\/fotos_noticias\/8798_11819.jpg\"><figure style=\"width: 500px\" class=\"wp-caption alignnone\"><img decoding=\"async\" class=\"image-responsive\" src=\"http:\/\/www.pm.pb.gov.br\/exportacao\/fotos_noticias\/8798_11819.jpg\" title=\"18 POPs deram mais visilidade aos policiais \" width=\"100%\" \/><figcaption class=\"wp-caption-text\">18 POPs deram mais visilidade aos policiais<\/figcaption><\/figure><\/a><a href=\"http:\/\/www.pm.pb.gov.br\/exportacao\/fotos_noticias\/8798_11820.jpg\"><figure style=\"width: 500px\" class=\"wp-caption alignnone\"><img decoding=\"async\" class=\"image-responsive\" src=\"http:\/\/www.pm.pb.gov.br\/exportacao\/fotos_noticias\/8798_11820.jpg\" title=\"PMs acompanharam a descida dos romeiros e a passagem dos trios el\u00e9tricos\" width=\"100%\" \/><figcaption class=\"wp-caption-text\">PMs acompanharam a descida dos romeiros e a passagem dos trios el\u00e9tricos<\/figcaption><\/figure><\/a><a href=\"http:\/\/www.pm.pb.gov.br\/portal\/wp-content\/uploads\/2013\/11\/8798_11821.jpg\"><figure style=\"width: 500px\" class=\"wp-caption alignnone\"><img decoding=\"async\" class=\"image-responsive\" src=\"http:\/\/www.pm.pb.gov.br\/portal\/wp-content\/uploads\/2013\/11\/8798_11821.jpg\" title=\"Comandande e sub geral da PM, al\u00e9m do secret\u00e1rio Cl\u00e1udio Lima, verificaram policiamento in locu (Foto: Roberto Guedes)\" width=\"100%\" \/><figcaption class=\"wp-caption-text\">Comandande e sub geral da PM, al\u00e9m do secret\u00e1rio Cl\u00e1udio Lima, verificaram policiamento in locu (Foto: Roberto Guedes)<\/figcaption><\/figure><\/a><\/div>\n<\/div>\n","protected":false},"excerpt":{"rendered":"<p>A 250\u00aa Romaria de Nossa Senhora da Penha, realizada neste s\u00e1bado (23) \u0096 na Capital, terminou com seguran\u00e7a e tranquilidade<\/p>\n","protected":false},"author":5,"featured_media":11817,"comment_status":"closed","ping_status":"closed","sticky":false,"template":"","format":"standard","meta":{"_exactmetrics_skip_tracking":false,"_exactmetrics_sitenote_active":false,"_exactmetrics_sitenote_note":"","_exactmetrics_sitenote_category":0,"footnotes":""},"categories":[4],"tags":[],"yoast_head":"<!-- This site is optimized with the Yoast SEO plugin v22.0 - https:\/\/yoast.com\/wordpress\/plugins\/seo\/ -->\n<title>Pol\u00edcia garante tranquildade da 250\u00aa Romaria da Penha - Pol\u00edcia Militar da Para\u00edba<\/title>\n<meta name=\"robots\" content=\"index, follow, max-snippet:-1, max-image-preview:large, max-video-preview:-1\" \/>\n<link rel=\"canonical\" href=\"https:\/\/www.pm.pb.gov.br\/portal\/2013\/11\/24\/policia_garante_tranquildade_da_250_romaria_da_penha\/\" \/>\n<meta property=\"og:locale\" content=\"pt_BR\" \/>\n<meta property=\"og:type\" content=\"article\" \/>\n<meta property=\"og:title\" content=\"Pol\u00edcia garante tranquildade da 250\u00aa Romaria da Penha - Pol\u00edcia Militar da Para\u00edba\" \/>\n<meta property=\"og:description\" content=\"A 250\u00aa Romaria de Nossa Senhora da Penha, realizada neste s\u00e1bado (23) \u0096 na Capital, terminou com seguran\u00e7a e tranquilidade\" \/>\n<meta property=\"og:url\" content=\"https:\/\/www.pm.pb.gov.br\/portal\/2013\/11\/24\/policia_garante_tranquildade_da_250_romaria_da_penha\/\" \/>\n<meta property=\"og:site_name\" content=\"Pol\u00edcia Militar da Para\u00edba\" \/>\n<meta property=\"article:published_time\" content=\"2013-11-25T01:11:48+00:00\" \/>\n<meta property=\"og:image\" content=\"https:\/\/www.pm.pb.gov.br\/portal\/wp-content\/uploads\/2013\/11\/8798_11817.jpg\" \/>\n\t<meta property=\"og:image:width\" content=\"500\" \/>\n\t<meta property=\"og:image:height\" content=\"332\" \/>\n\t<meta property=\"og:image:type\" content=\"image\/jpeg\" \/>\n<meta name=\"author\" content=\"Assessoria de Imprensa da PMPB\" \/>\n<meta name=\"twitter:card\" content=\"summary_large_image\" \/>\n<meta name=\"twitter:label1\" content=\"Escrito por\" \/>\n\t<meta name=\"twitter:data1\" content=\"Assessoria de Imprensa da PMPB\" \/>\n\t<meta name=\"twitter:label2\" content=\"Est. tempo de leitura\" \/>\n\t<meta name=\"twitter:data2\" content=\"2 minutos\" \/>\n<script type=\"application\/ld+json\" class=\"yoast-schema-graph\">{\"@context\":\"https:\/\/schema.org\",\"@graph\":[{\"@type\":\"Article\",\"@id\":\"https:\/\/www.pm.pb.gov.br\/portal\/2013\/11\/24\/policia_garante_tranquildade_da_250_romaria_da_penha\/#article\",\"isPartOf\":{\"@id\":\"https:\/\/www.pm.pb.gov.br\/portal\/2013\/11\/24\/policia_garante_tranquildade_da_250_romaria_da_penha\/\"},\"author\":{\"name\":\"Assessoria de Imprensa da PMPB\",\"@id\":\"https:\/\/www.pm.pb.gov.br\/portal\/#\/schema\/person\/e8454f46651c3ecf0e1ba3c1666d9947\"},\"headline\":\"Pol\u00edcia garante tranquildade da 250\u00aa Romaria da Penha\",\"datePublished\":\"2013-11-25T01:11:48+00:00\",\"dateModified\":\"2013-11-25T01:11:48+00:00\",\"mainEntityOfPage\":{\"@id\":\"https:\/\/www.pm.pb.gov.br\/portal\/2013\/11\/24\/policia_garante_tranquildade_da_250_romaria_da_penha\/\"},\"wordCount\":455,\"publisher\":{\"@id\":\"https:\/\/www.pm.pb.gov.br\/portal\/#organization\"},\"articleSection\":[\"A\u00e7\u00f5es Policiais\"],\"inLanguage\":\"pt-BR\"},{\"@type\":\"WebPage\",\"@id\":\"https:\/\/www.pm.pb.gov.br\/portal\/2013\/11\/24\/policia_garante_tranquildade_da_250_romaria_da_penha\/\",\"url\":\"https:\/\/www.pm.pb.gov.br\/portal\/2013\/11\/24\/policia_garante_tranquildade_da_250_romaria_da_penha\/\",\"name\":\"Pol\u00edcia garante tranquildade da 250\u00aa Romaria da Penha - Pol\u00edcia Militar da Para\u00edba\",\"isPartOf\":{\"@id\":\"https:\/\/www.pm.pb.gov.br\/portal\/#website\"},\"datePublished\":\"2013-11-25T01:11:48+00:00\",\"dateModified\":\"2013-11-25T01:11:48+00:00\",\"breadcrumb\":{\"@id\":\"https:\/\/www.pm.pb.gov.br\/portal\/2013\/11\/24\/policia_garante_tranquildade_da_250_romaria_da_penha\/#breadcrumb\"},\"inLanguage\":\"pt-BR\",\"potentialAction\":[{\"@type\":\"ReadAction\",\"target\":[\"https:\/\/www.pm.pb.gov.br\/portal\/2013\/11\/24\/policia_garante_tranquildade_da_250_romaria_da_penha\/\"]}]},{\"@type\":\"BreadcrumbList\",\"@id\":\"https:\/\/www.pm.pb.gov.br\/portal\/2013\/11\/24\/policia_garante_tranquildade_da_250_romaria_da_penha\/#breadcrumb\",\"itemListElement\":[{\"@type\":\"ListItem\",\"position\":1,\"name\":\"In\u00edcio\",\"item\":\"https:\/\/www.pm.pb.gov.br\/portal\/\"},{\"@type\":\"ListItem\",\"position\":2,\"name\":\"Pol\u00edcia garante tranquildade da 250\u00aa Romaria da Penha\"}]},{\"@type\":\"WebSite\",\"@id\":\"https:\/\/www.pm.pb.gov.br\/portal\/#website\",\"url\":\"https:\/\/www.pm.pb.gov.br\/portal\/\",\"name\":\"Pol\u00edcia Militar da Para\u00edba\",\"description\":\"\",\"publisher\":{\"@id\":\"https:\/\/www.pm.pb.gov.br\/portal\/#organization\"},\"potentialAction\":[{\"@type\":\"SearchAction\",\"target\":{\"@type\":\"EntryPoint\",\"urlTemplate\":\"https:\/\/www.pm.pb.gov.br\/portal\/?s={search_term_string}\"},\"query-input\":\"required name=search_term_string\"}],\"inLanguage\":\"pt-BR\"},{\"@type\":\"Organization\",\"@id\":\"https:\/\/www.pm.pb.gov.br\/portal\/#organization\",\"name\":\"Pol\u00edcia Militar da Para\u00edba\",\"url\":\"https:\/\/www.pm.pb.gov.br\/portal\/\",\"logo\":{\"@type\":\"ImageObject\",\"inLanguage\":\"pt-BR\",\"@id\":\"https:\/\/www.pm.pb.gov.br\/portal\/#\/schema\/logo\/image\/\",\"url\":\"https:\/\/www.pm.pb.gov.br\/portal\/wp-content\/uploads\/2025\/03\/cropped-logo-site-mag2-1.png\",\"contentUrl\":\"https:\/\/www.pm.pb.gov.br\/portal\/wp-content\/uploads\/2025\/03\/cropped-logo-site-mag2-1.png\",\"width\":320,\"height\":90,\"caption\":\"Pol\u00edcia Militar da Para\u00edba\"},\"image\":{\"@id\":\"https:\/\/www.pm.pb.gov.br\/portal\/#\/schema\/logo\/image\/\"}},{\"@type\":\"Person\",\"@id\":\"https:\/\/www.pm.pb.gov.br\/portal\/#\/schema\/person\/e8454f46651c3ecf0e1ba3c1666d9947\",\"name\":\"Assessoria de Imprensa da PMPB\",\"image\":{\"@type\":\"ImageObject\",\"inLanguage\":\"pt-BR\",\"@id\":\"https:\/\/www.pm.pb.gov.br\/portal\/#\/schema\/person\/image\/\",\"url\":\"https:\/\/secure.gravatar.com\/avatar\/2efe197438265d1e90bd98c4c8e1acf8?s=96&d=mm&r=g\",\"contentUrl\":\"https:\/\/secure.gravatar.com\/avatar\/2efe197438265d1e90bd98c4c8e1acf8?s=96&d=mm&r=g\",\"caption\":\"Assessoria de Imprensa da PMPB\"},\"url\":\"https:\/\/www.pm.pb.gov.br\/portal\/author\/assessoria\/\"}]}<\/script>\n<!-- \/ Yoast SEO plugin. -->","yoast_head_json":{"title":"Pol\u00edcia garante tranquildade da 250\u00aa Romaria da Penha - Pol\u00edcia Militar da Para\u00edba","robots":{"index":"index","follow":"follow","max-snippet":"max-snippet:-1","max-image-preview":"max-image-preview:large","max-video-preview":"max-video-preview:-1"},"canonical":"https:\/\/www.pm.pb.gov.br\/portal\/2013\/11\/24\/policia_garante_tranquildade_da_250_romaria_da_penha\/","og_locale":"pt_BR","og_type":"article","og_title":"Pol\u00edcia garante tranquildade da 250\u00aa Romaria da Penha - Pol\u00edcia Militar da Para\u00edba","og_description":"A 250\u00aa Romaria de Nossa Senhora da Penha, realizada neste s\u00e1bado (23) \u0096 na Capital, terminou com seguran\u00e7a e tranquilidade","og_url":"https:\/\/www.pm.pb.gov.br\/portal\/2013\/11\/24\/policia_garante_tranquildade_da_250_romaria_da_penha\/","og_site_name":"Pol\u00edcia Militar da Para\u00edba","article_published_time":"2013-11-25T01:11:48+00:00","og_image":[{"width":500,"height":332,"url":"https:\/\/www.pm.pb.gov.br\/portal\/wp-content\/uploads\/2013\/11\/8798_11817.jpg","type":"image\/jpeg"}],"author":"Assessoria de Imprensa da PMPB","twitter_card":"summary_large_image","twitter_misc":{"Escrito por":"Assessoria de Imprensa da PMPB","Est. tempo de leitura":"2 minutos"},"schema":{"@context":"https:\/\/schema.org","@graph":[{"@type":"Article","@id":"https:\/\/www.pm.pb.gov.br\/portal\/2013\/11\/24\/policia_garante_tranquildade_da_250_romaria_da_penha\/#article","isPartOf":{"@id":"https:\/\/www.pm.pb.gov.br\/portal\/2013\/11\/24\/policia_garante_tranquildade_da_250_romaria_da_penha\/"},"author":{"name":"Assessoria de Imprensa da PMPB","@id":"https:\/\/www.pm.pb.gov.br\/portal\/#\/schema\/person\/e8454f46651c3ecf0e1ba3c1666d9947"},"headline":"Pol\u00edcia garante tranquildade da 250\u00aa Romaria da Penha","datePublished":"2013-11-25T01:11:48+00:00","dateModified":"2013-11-25T01:11:48+00:00","mainEntityOfPage":{"@id":"https:\/\/www.pm.pb.gov.br\/portal\/2013\/11\/24\/policia_garante_tranquildade_da_250_romaria_da_penha\/"},"wordCount":455,"publisher":{"@id":"https:\/\/www.pm.pb.gov.br\/portal\/#organization"},"articleSection":["A\u00e7\u00f5es Policiais"],"inLanguage":"pt-BR"},{"@type":"WebPage","@id":"https:\/\/www.pm.pb.gov.br\/portal\/2013\/11\/24\/policia_garante_tranquildade_da_250_romaria_da_penha\/","url":"https:\/\/www.pm.pb.gov.br\/portal\/2013\/11\/24\/policia_garante_tranquildade_da_250_romaria_da_penha\/","name":"Pol\u00edcia garante tranquildade da 250\u00aa Romaria da Penha - Pol\u00edcia Militar da Para\u00edba","isPartOf":{"@id":"https:\/\/www.pm.pb.gov.br\/portal\/#website"},"datePublished":"2013-11-25T01:11:48+00:00","dateModified":"2013-11-25T01:11:48+00:00","breadcrumb":{"@id":"https:\/\/www.pm.pb.gov.br\/portal\/2013\/11\/24\/policia_garante_tranquildade_da_250_romaria_da_penha\/#breadcrumb"},"inLanguage":"pt-BR","potentialAction":[{"@type":"ReadAction","target":["https:\/\/www.pm.pb.gov.br\/portal\/2013\/11\/24\/policia_garante_tranquildade_da_250_romaria_da_penha\/"]}]},{"@type":"BreadcrumbList","@id":"https:\/\/www.pm.pb.gov.br\/portal\/2013\/11\/24\/policia_garante_tranquildade_da_250_romaria_da_penha\/#breadcrumb","itemListElement":[{"@type":"ListItem","position":1,"name":"In\u00edcio","item":"https:\/\/www.pm.pb.gov.br\/portal\/"},{"@type":"ListItem","position":2,"name":"Pol\u00edcia garante tranquildade da 250\u00aa Romaria da Penha"}]},{"@type":"WebSite","@id":"https:\/\/www.pm.pb.gov.br\/portal\/#website","url":"https:\/\/www.pm.pb.gov.br\/portal\/","name":"Pol\u00edcia Militar da Para\u00edba","description":"","publisher":{"@id":"https:\/\/www.pm.pb.gov.br\/portal\/#organization"},"potentialAction":[{"@type":"SearchAction","target":{"@type":"EntryPoint","urlTemplate":"https:\/\/www.pm.pb.gov.br\/portal\/?s={search_term_string}"},"query-input":"required name=search_term_string"}],"inLanguage":"pt-BR"},{"@type":"Organization","@id":"https:\/\/www.pm.pb.gov.br\/portal\/#organization","name":"Pol\u00edcia Militar da Para\u00edba","url":"https:\/\/www.pm.pb.gov.br\/portal\/","logo":{"@type":"ImageObject","inLanguage":"pt-BR","@id":"https:\/\/www.pm.pb.gov.br\/portal\/#\/schema\/logo\/image\/","url":"https:\/\/www.pm.pb.gov.br\/portal\/wp-content\/uploads\/2025\/03\/cropped-logo-site-mag2-1.png","contentUrl":"https:\/\/www.pm.pb.gov.br\/portal\/wp-content\/uploads\/2025\/03\/cropped-logo-site-mag2-1.png","width":320,"height":90,"caption":"Pol\u00edcia Militar da Para\u00edba"},"image":{"@id":"https:\/\/www.pm.pb.gov.br\/portal\/#\/schema\/logo\/image\/"}},{"@type":"Person","@id":"https:\/\/www.pm.pb.gov.br\/portal\/#\/schema\/person\/e8454f46651c3ecf0e1ba3c1666d9947","name":"Assessoria de Imprensa da PMPB","image":{"@type":"ImageObject","inLanguage":"pt-BR","@id":"https:\/\/www.pm.pb.gov.br\/portal\/#\/schema\/person\/image\/","url":"https:\/\/secure.gravatar.com\/avatar\/2efe197438265d1e90bd98c4c8e1acf8?s=96&d=mm&r=g","contentUrl":"https:\/\/secure.gravatar.com\/avatar\/2efe197438265d1e90bd98c4c8e1acf8?s=96&d=mm&r=g","caption":"Assessoria de Imprensa da PMPB"},"url":"https:\/\/www.pm.pb.gov.br\/portal\/author\/assessoria\/"}]}},"_links":{"self":[{"href":"https:\/\/www.pm.pb.gov.br\/portal\/wp-json\/wp\/v2\/posts\/892400"}],"collection":[{"href":"https:\/\/www.pm.pb.gov.br\/portal\/wp-json\/wp\/v2\/posts"}],"about":[{"href":"https:\/\/www.pm.pb.gov.br\/portal\/wp-json\/wp\/v2\/types\/post"}],"author":[{"embeddable":true,"href":"https:\/\/www.pm.pb.gov.br\/portal\/wp-json\/wp\/v2\/users\/5"}],"replies":[{"embeddable":true,"href":"https:\/\/www.pm.pb.gov.br\/portal\/wp-json\/wp\/v2\/comments?post=892400"}],"version-history":[{"count":0,"href":"https:\/\/www.pm.pb.gov.br\/portal\/wp-json\/wp\/v2\/posts\/892400\/revisions"}],"wp:featuredmedia":[{"embeddable":true,"href":"https:\/\/www.pm.pb.gov.br\/portal\/wp-json\/wp\/v2\/media\/11817"}],"wp:attachment":[{"href":"https:\/\/www.pm.pb.gov.br\/portal\/wp-json\/wp\/v2\/media?parent=892400"}],"wp:term":[{"taxonomy":"category","embeddable":true,"href":"https:\/\/www.pm.pb.gov.br\/portal\/wp-json\/wp\/v2\/categories?post=892400"},{"taxonomy":"post_tag","embeddable":true,"href":"https:\/\/www.pm.pb.gov.br\/portal\/wp-json\/wp\/v2\/tags?post=892400"}],"curies":[{"name":"wp","href":"https:\/\/api.w.org\/{rel}","templated":true}]}}