{"id":892392,"date":"2013-11-20T12:11:46","date_gmt":"2013-11-20T15:11:46","guid":{"rendered":"http:\/\/www.pm.pb.gov.br\/portal\/2013\/11\/militares_de_brasilia_realizam_visita_tecnica_a_pmpb\/"},"modified":"2013-11-20T12:11:46","modified_gmt":"2013-11-20T15:11:46","slug":"militares_de_brasilia_realizam_visita_tecnica_a_pmpb","status":"publish","type":"post","link":"https:\/\/www.pm.pb.gov.br\/portal\/2013\/11\/20\/militares_de_brasilia_realizam_visita_tecnica_a_pmpb\/","title":{"rendered":"Militares de Bras\u00edlia realizam visita t\u00e9cnica \u00e0 PMPB"},"content":{"rendered":"<figure style=\"width: 500px\" class=\"wp-caption alignnone\"><img decoding=\"async\" class=\"alignnone size-medium\" src=\"http:\/\/www.pm.pb.gov.br\/portal\/wp-content\/uploads\/2013\/11\/8784_11800.jpg\" title=\"Hist\u00f3ria da Pol\u00edcia Militar da Para\u00edba foi apresentada aos visitantes (Fotos: Werneck Moreno)\" width=\"100%\" \/><figcaption class=\"wp-caption-text\">Hist\u00f3ria da Pol\u00edcia Militar da Para\u00edba foi apresentada aos visitantes (Fotos: Werneck Moreno)<\/figcaption><\/figure>\n<div style=\"text-align: justify;\">Uma equipe de 36 militares alunos do Centro de Altos Estudos e Aperfei\u00e7oamento da Pol\u00edcia Militar do Distrito Federal realizaram, nesta quarta-feira (20), uma visita t\u00e9cnica ao Estado para conhecer os m\u00e9todos da Pol\u00edcia Militar da Para\u00edba.<\/p>\n<p>Nesta manh\u00e3, eles passaram pelo Quartel do Comando Geral, no Centro da Capital, e conheceram o Museu da corpora\u00e7\u00e3o e o sistema Intranet da PMPB \u0096 atrav\u00e9s de palestra da Coordenadoria de Tecnologia da Informa\u00e7\u00e3o da PM.<\/p>\n<p>Na ocasi\u00e3o, os visitantes tamb\u00e9m assistiram a apresenta\u00e7\u00e3o da Banda de M\u00fasica da briosa paraibana, que tocou m\u00fasicas nordestinas e, em seguida, provaram um caf\u00e9 da manh\u00e3 tipicamente nordestino.<\/p>\n<p>Ao final, os militares brasilienses agradeceram a recep\u00e7\u00e3o e presentearam o comandante geral da PMPB , coronel Euller Chaves, representando pela Diretora de Gest\u00e3o de Pessoas, coronel Socorro Uchoa, com uma placa de homenagem.<\/p>\n<p>A PMPB retribuiu o gesto e presentou o coronel Civaldo da Silva, chefe da delega\u00e7\u00e3o brasiliense, com uma lembran\u00e7a da pol\u00edcia paraibana.<\/p>\n<div class=\"row\" align=\"center\"><a href=\"http:\/\/www.pm.pb.gov.br\/exportacao\/fotos_noticias\/8784_11801.jpg\"><figure style=\"width: 500px\" class=\"wp-caption alignnone\"><img decoding=\"async\" class=\"image-responsive\" src=\"http:\/\/www.pm.pb.gov.br\/exportacao\/fotos_noticias\/8784_11801.jpg\" title=\"Militares tamb\u00e9m conheceram o sistema Intranet da PMPB, refer\u00eancia no pa\u00eds\" width=\"100%\" \/><figcaption class=\"wp-caption-text\">Militares tamb\u00e9m conheceram o sistema Intranet da PMPB, refer\u00eancia no pa\u00eds<\/figcaption><\/figure><\/a><a href=\"http:\/\/www.pm.pb.gov.br\/exportacao\/fotos_noticias\/8784_11802.jpg\"><figure style=\"width: 500px\" class=\"wp-caption alignnone\"><img decoding=\"async\" class=\"image-responsive\" src=\"http:\/\/www.pm.pb.gov.br\/exportacao\/fotos_noticias\/8784_11802.jpg\" title=\"Integrantes da Banda de M\u00fasica acompanharam encontro\" width=\"100%\" \/><figcaption class=\"wp-caption-text\">Integrantes da Banda de M\u00fasica acompanharam encontro<\/figcaption><\/figure><\/a><a href=\"http:\/\/www.pm.pb.gov.br\/portal\/wp-content\/uploads\/2013\/11\/8784_11803.jpg\"><figure style=\"width: 500px\" class=\"wp-caption alignnone\"><img decoding=\"async\" class=\"image-responsive\" src=\"http:\/\/www.pm.pb.gov.br\/portal\/wp-content\/uploads\/2013\/11\/8784_11803.jpg\" title=\"Coronel chefe da delega\u00e7\u00e3o Brasiliense foi presenteado pela PMPB\" width=\"100%\" \/><figcaption class=\"wp-caption-text\">Coronel chefe da delega\u00e7\u00e3o Brasiliense foi presenteado pela PMPB<\/figcaption><\/figure><\/a><\/div>\n<\/div>\n","protected":false},"excerpt":{"rendered":"<p>Uma equipe de 36 militares alunos do Centro de Altos Estudos e Aperfei\u00e7oamento da Pol\u00edcia Militar do Distrito Federal realizaram,<\/p>\n","protected":false},"author":5,"featured_media":11800,"comment_status":"closed","ping_status":"closed","sticky":false,"template":"","format":"standard","meta":{"_exactmetrics_skip_tracking":false,"_exactmetrics_sitenote_active":false,"_exactmetrics_sitenote_note":"","_exactmetrics_sitenote_category":0,"footnotes":""},"categories":[4],"tags":[],"yoast_head":"<!-- This site is optimized with the Yoast SEO plugin v22.0 - https:\/\/yoast.com\/wordpress\/plugins\/seo\/ -->\n<title>Militares de Bras\u00edlia realizam visita t\u00e9cnica \u00e0 PMPB - Pol\u00edcia Militar da Para\u00edba<\/title>\n<meta name=\"robots\" content=\"index, follow, max-snippet:-1, max-image-preview:large, max-video-preview:-1\" \/>\n<link rel=\"canonical\" href=\"https:\/\/www.pm.pb.gov.br\/portal\/2013\/11\/20\/militares_de_brasilia_realizam_visita_tecnica_a_pmpb\/\" \/>\n<meta property=\"og:locale\" content=\"pt_BR\" \/>\n<meta property=\"og:type\" content=\"article\" \/>\n<meta property=\"og:title\" content=\"Militares de Bras\u00edlia realizam visita t\u00e9cnica \u00e0 PMPB - Pol\u00edcia Militar da Para\u00edba\" \/>\n<meta property=\"og:description\" content=\"Uma equipe de 36 militares alunos do Centro de Altos Estudos e Aperfei\u00e7oamento da Pol\u00edcia Militar do Distrito Federal realizaram,\" \/>\n<meta property=\"og:url\" content=\"https:\/\/www.pm.pb.gov.br\/portal\/2013\/11\/20\/militares_de_brasilia_realizam_visita_tecnica_a_pmpb\/\" \/>\n<meta property=\"og:site_name\" content=\"Pol\u00edcia Militar da Para\u00edba\" \/>\n<meta property=\"article:published_time\" content=\"2013-11-20T15:11:46+00:00\" \/>\n<meta property=\"og:image\" content=\"https:\/\/www.pm.pb.gov.br\/portal\/wp-content\/uploads\/2013\/11\/8784_11800.jpg\" \/>\n\t<meta property=\"og:image:width\" content=\"500\" \/>\n\t<meta property=\"og:image:height\" content=\"332\" \/>\n\t<meta property=\"og:image:type\" content=\"image\/jpeg\" \/>\n<meta name=\"author\" content=\"Assessoria de Imprensa da PMPB\" \/>\n<meta name=\"twitter:card\" content=\"summary_large_image\" \/>\n<meta name=\"twitter:label1\" content=\"Escrito por\" \/>\n\t<meta name=\"twitter:data1\" content=\"Assessoria de Imprensa da PMPB\" \/>\n\t<meta name=\"twitter:label2\" content=\"Est. tempo de leitura\" \/>\n\t<meta name=\"twitter:data2\" content=\"1 minuto\" \/>\n<script type=\"application\/ld+json\" class=\"yoast-schema-graph\">{\"@context\":\"https:\/\/schema.org\",\"@graph\":[{\"@type\":\"Article\",\"@id\":\"https:\/\/www.pm.pb.gov.br\/portal\/2013\/11\/20\/militares_de_brasilia_realizam_visita_tecnica_a_pmpb\/#article\",\"isPartOf\":{\"@id\":\"https:\/\/www.pm.pb.gov.br\/portal\/2013\/11\/20\/militares_de_brasilia_realizam_visita_tecnica_a_pmpb\/\"},\"author\":{\"name\":\"Assessoria de Imprensa da PMPB\",\"@id\":\"https:\/\/www.pm.pb.gov.br\/portal\/#\/schema\/person\/e8454f46651c3ecf0e1ba3c1666d9947\"},\"headline\":\"Militares de Bras\u00edlia realizam visita t\u00e9cnica \u00e0 PMPB\",\"datePublished\":\"2013-11-20T15:11:46+00:00\",\"dateModified\":\"2013-11-20T15:11:46+00:00\",\"mainEntityOfPage\":{\"@id\":\"https:\/\/www.pm.pb.gov.br\/portal\/2013\/11\/20\/militares_de_brasilia_realizam_visita_tecnica_a_pmpb\/\"},\"wordCount\":255,\"publisher\":{\"@id\":\"https:\/\/www.pm.pb.gov.br\/portal\/#organization\"},\"articleSection\":[\"A\u00e7\u00f5es Policiais\"],\"inLanguage\":\"pt-BR\"},{\"@type\":\"WebPage\",\"@id\":\"https:\/\/www.pm.pb.gov.br\/portal\/2013\/11\/20\/militares_de_brasilia_realizam_visita_tecnica_a_pmpb\/\",\"url\":\"https:\/\/www.pm.pb.gov.br\/portal\/2013\/11\/20\/militares_de_brasilia_realizam_visita_tecnica_a_pmpb\/\",\"name\":\"Militares de Bras\u00edlia realizam visita t\u00e9cnica \u00e0 PMPB - Pol\u00edcia Militar da Para\u00edba\",\"isPartOf\":{\"@id\":\"https:\/\/www.pm.pb.gov.br\/portal\/#website\"},\"datePublished\":\"2013-11-20T15:11:46+00:00\",\"dateModified\":\"2013-11-20T15:11:46+00:00\",\"breadcrumb\":{\"@id\":\"https:\/\/www.pm.pb.gov.br\/portal\/2013\/11\/20\/militares_de_brasilia_realizam_visita_tecnica_a_pmpb\/#breadcrumb\"},\"inLanguage\":\"pt-BR\",\"potentialAction\":[{\"@type\":\"ReadAction\",\"target\":[\"https:\/\/www.pm.pb.gov.br\/portal\/2013\/11\/20\/militares_de_brasilia_realizam_visita_tecnica_a_pmpb\/\"]}]},{\"@type\":\"BreadcrumbList\",\"@id\":\"https:\/\/www.pm.pb.gov.br\/portal\/2013\/11\/20\/militares_de_brasilia_realizam_visita_tecnica_a_pmpb\/#breadcrumb\",\"itemListElement\":[{\"@type\":\"ListItem\",\"position\":1,\"name\":\"In\u00edcio\",\"item\":\"https:\/\/www.pm.pb.gov.br\/portal\/\"},{\"@type\":\"ListItem\",\"position\":2,\"name\":\"Militares de Bras\u00edlia realizam visita t\u00e9cnica \u00e0 PMPB\"}]},{\"@type\":\"WebSite\",\"@id\":\"https:\/\/www.pm.pb.gov.br\/portal\/#website\",\"url\":\"https:\/\/www.pm.pb.gov.br\/portal\/\",\"name\":\"Pol\u00edcia Militar da Para\u00edba\",\"description\":\"\",\"publisher\":{\"@id\":\"https:\/\/www.pm.pb.gov.br\/portal\/#organization\"},\"potentialAction\":[{\"@type\":\"SearchAction\",\"target\":{\"@type\":\"EntryPoint\",\"urlTemplate\":\"https:\/\/www.pm.pb.gov.br\/portal\/?s={search_term_string}\"},\"query-input\":\"required name=search_term_string\"}],\"inLanguage\":\"pt-BR\"},{\"@type\":\"Organization\",\"@id\":\"https:\/\/www.pm.pb.gov.br\/portal\/#organization\",\"name\":\"Pol\u00edcia Militar da Para\u00edba\",\"url\":\"https:\/\/www.pm.pb.gov.br\/portal\/\",\"logo\":{\"@type\":\"ImageObject\",\"inLanguage\":\"pt-BR\",\"@id\":\"https:\/\/www.pm.pb.gov.br\/portal\/#\/schema\/logo\/image\/\",\"url\":\"https:\/\/www.pm.pb.gov.br\/portal\/wp-content\/uploads\/2025\/03\/cropped-logo-site-mag2-1.png\",\"contentUrl\":\"https:\/\/www.pm.pb.gov.br\/portal\/wp-content\/uploads\/2025\/03\/cropped-logo-site-mag2-1.png\",\"width\":320,\"height\":90,\"caption\":\"Pol\u00edcia Militar da Para\u00edba\"},\"image\":{\"@id\":\"https:\/\/www.pm.pb.gov.br\/portal\/#\/schema\/logo\/image\/\"}},{\"@type\":\"Person\",\"@id\":\"https:\/\/www.pm.pb.gov.br\/portal\/#\/schema\/person\/e8454f46651c3ecf0e1ba3c1666d9947\",\"name\":\"Assessoria de Imprensa da PMPB\",\"image\":{\"@type\":\"ImageObject\",\"inLanguage\":\"pt-BR\",\"@id\":\"https:\/\/www.pm.pb.gov.br\/portal\/#\/schema\/person\/image\/\",\"url\":\"https:\/\/secure.gravatar.com\/avatar\/2efe197438265d1e90bd98c4c8e1acf8?s=96&d=mm&r=g\",\"contentUrl\":\"https:\/\/secure.gravatar.com\/avatar\/2efe197438265d1e90bd98c4c8e1acf8?s=96&d=mm&r=g\",\"caption\":\"Assessoria de Imprensa da PMPB\"},\"url\":\"https:\/\/www.pm.pb.gov.br\/portal\/author\/assessoria\/\"}]}<\/script>\n<!-- \/ Yoast SEO plugin. -->","yoast_head_json":{"title":"Militares de Bras\u00edlia realizam visita t\u00e9cnica \u00e0 PMPB - Pol\u00edcia Militar da Para\u00edba","robots":{"index":"index","follow":"follow","max-snippet":"max-snippet:-1","max-image-preview":"max-image-preview:large","max-video-preview":"max-video-preview:-1"},"canonical":"https:\/\/www.pm.pb.gov.br\/portal\/2013\/11\/20\/militares_de_brasilia_realizam_visita_tecnica_a_pmpb\/","og_locale":"pt_BR","og_type":"article","og_title":"Militares de Bras\u00edlia realizam visita t\u00e9cnica \u00e0 PMPB - Pol\u00edcia Militar da Para\u00edba","og_description":"Uma equipe de 36 militares alunos do Centro de Altos Estudos e Aperfei\u00e7oamento da Pol\u00edcia Militar do Distrito Federal realizaram,","og_url":"https:\/\/www.pm.pb.gov.br\/portal\/2013\/11\/20\/militares_de_brasilia_realizam_visita_tecnica_a_pmpb\/","og_site_name":"Pol\u00edcia Militar da Para\u00edba","article_published_time":"2013-11-20T15:11:46+00:00","og_image":[{"width":500,"height":332,"url":"https:\/\/www.pm.pb.gov.br\/portal\/wp-content\/uploads\/2013\/11\/8784_11800.jpg","type":"image\/jpeg"}],"author":"Assessoria de Imprensa da PMPB","twitter_card":"summary_large_image","twitter_misc":{"Escrito por":"Assessoria de Imprensa da PMPB","Est. tempo de leitura":"1 minuto"},"schema":{"@context":"https:\/\/schema.org","@graph":[{"@type":"Article","@id":"https:\/\/www.pm.pb.gov.br\/portal\/2013\/11\/20\/militares_de_brasilia_realizam_visita_tecnica_a_pmpb\/#article","isPartOf":{"@id":"https:\/\/www.pm.pb.gov.br\/portal\/2013\/11\/20\/militares_de_brasilia_realizam_visita_tecnica_a_pmpb\/"},"author":{"name":"Assessoria de Imprensa da PMPB","@id":"https:\/\/www.pm.pb.gov.br\/portal\/#\/schema\/person\/e8454f46651c3ecf0e1ba3c1666d9947"},"headline":"Militares de Bras\u00edlia realizam visita t\u00e9cnica \u00e0 PMPB","datePublished":"2013-11-20T15:11:46+00:00","dateModified":"2013-11-20T15:11:46+00:00","mainEntityOfPage":{"@id":"https:\/\/www.pm.pb.gov.br\/portal\/2013\/11\/20\/militares_de_brasilia_realizam_visita_tecnica_a_pmpb\/"},"wordCount":255,"publisher":{"@id":"https:\/\/www.pm.pb.gov.br\/portal\/#organization"},"articleSection":["A\u00e7\u00f5es Policiais"],"inLanguage":"pt-BR"},{"@type":"WebPage","@id":"https:\/\/www.pm.pb.gov.br\/portal\/2013\/11\/20\/militares_de_brasilia_realizam_visita_tecnica_a_pmpb\/","url":"https:\/\/www.pm.pb.gov.br\/portal\/2013\/11\/20\/militares_de_brasilia_realizam_visita_tecnica_a_pmpb\/","name":"Militares de Bras\u00edlia realizam visita t\u00e9cnica \u00e0 PMPB - Pol\u00edcia Militar da Para\u00edba","isPartOf":{"@id":"https:\/\/www.pm.pb.gov.br\/portal\/#website"},"datePublished":"2013-11-20T15:11:46+00:00","dateModified":"2013-11-20T15:11:46+00:00","breadcrumb":{"@id":"https:\/\/www.pm.pb.gov.br\/portal\/2013\/11\/20\/militares_de_brasilia_realizam_visita_tecnica_a_pmpb\/#breadcrumb"},"inLanguage":"pt-BR","potentialAction":[{"@type":"ReadAction","target":["https:\/\/www.pm.pb.gov.br\/portal\/2013\/11\/20\/militares_de_brasilia_realizam_visita_tecnica_a_pmpb\/"]}]},{"@type":"BreadcrumbList","@id":"https:\/\/www.pm.pb.gov.br\/portal\/2013\/11\/20\/militares_de_brasilia_realizam_visita_tecnica_a_pmpb\/#breadcrumb","itemListElement":[{"@type":"ListItem","position":1,"name":"In\u00edcio","item":"https:\/\/www.pm.pb.gov.br\/portal\/"},{"@type":"ListItem","position":2,"name":"Militares de Bras\u00edlia realizam visita t\u00e9cnica \u00e0 PMPB"}]},{"@type":"WebSite","@id":"https:\/\/www.pm.pb.gov.br\/portal\/#website","url":"https:\/\/www.pm.pb.gov.br\/portal\/","name":"Pol\u00edcia Militar da Para\u00edba","description":"","publisher":{"@id":"https:\/\/www.pm.pb.gov.br\/portal\/#organization"},"potentialAction":[{"@type":"SearchAction","target":{"@type":"EntryPoint","urlTemplate":"https:\/\/www.pm.pb.gov.br\/portal\/?s={search_term_string}"},"query-input":"required name=search_term_string"}],"inLanguage":"pt-BR"},{"@type":"Organization","@id":"https:\/\/www.pm.pb.gov.br\/portal\/#organization","name":"Pol\u00edcia Militar da Para\u00edba","url":"https:\/\/www.pm.pb.gov.br\/portal\/","logo":{"@type":"ImageObject","inLanguage":"pt-BR","@id":"https:\/\/www.pm.pb.gov.br\/portal\/#\/schema\/logo\/image\/","url":"https:\/\/www.pm.pb.gov.br\/portal\/wp-content\/uploads\/2025\/03\/cropped-logo-site-mag2-1.png","contentUrl":"https:\/\/www.pm.pb.gov.br\/portal\/wp-content\/uploads\/2025\/03\/cropped-logo-site-mag2-1.png","width":320,"height":90,"caption":"Pol\u00edcia Militar da Para\u00edba"},"image":{"@id":"https:\/\/www.pm.pb.gov.br\/portal\/#\/schema\/logo\/image\/"}},{"@type":"Person","@id":"https:\/\/www.pm.pb.gov.br\/portal\/#\/schema\/person\/e8454f46651c3ecf0e1ba3c1666d9947","name":"Assessoria de Imprensa da PMPB","image":{"@type":"ImageObject","inLanguage":"pt-BR","@id":"https:\/\/www.pm.pb.gov.br\/portal\/#\/schema\/person\/image\/","url":"https:\/\/secure.gravatar.com\/avatar\/2efe197438265d1e90bd98c4c8e1acf8?s=96&d=mm&r=g","contentUrl":"https:\/\/secure.gravatar.com\/avatar\/2efe197438265d1e90bd98c4c8e1acf8?s=96&d=mm&r=g","caption":"Assessoria de Imprensa da PMPB"},"url":"https:\/\/www.pm.pb.gov.br\/portal\/author\/assessoria\/"}]}},"_links":{"self":[{"href":"https:\/\/www.pm.pb.gov.br\/portal\/wp-json\/wp\/v2\/posts\/892392"}],"collection":[{"href":"https:\/\/www.pm.pb.gov.br\/portal\/wp-json\/wp\/v2\/posts"}],"about":[{"href":"https:\/\/www.pm.pb.gov.br\/portal\/wp-json\/wp\/v2\/types\/post"}],"author":[{"embeddable":true,"href":"https:\/\/www.pm.pb.gov.br\/portal\/wp-json\/wp\/v2\/users\/5"}],"replies":[{"embeddable":true,"href":"https:\/\/www.pm.pb.gov.br\/portal\/wp-json\/wp\/v2\/comments?post=892392"}],"version-history":[{"count":0,"href":"https:\/\/www.pm.pb.gov.br\/portal\/wp-json\/wp\/v2\/posts\/892392\/revisions"}],"wp:featuredmedia":[{"embeddable":true,"href":"https:\/\/www.pm.pb.gov.br\/portal\/wp-json\/wp\/v2\/media\/11800"}],"wp:attachment":[{"href":"https:\/\/www.pm.pb.gov.br\/portal\/wp-json\/wp\/v2\/media?parent=892392"}],"wp:term":[{"taxonomy":"category","embeddable":true,"href":"https:\/\/www.pm.pb.gov.br\/portal\/wp-json\/wp\/v2\/categories?post=892392"},{"taxonomy":"post_tag","embeddable":true,"href":"https:\/\/www.pm.pb.gov.br\/portal\/wp-json\/wp\/v2\/tags?post=892392"}],"curies":[{"name":"wp","href":"https:\/\/api.w.org\/{rel}","templated":true}]}}