{"id":892386,"date":"2013-11-17T08:11:32","date_gmt":"2013-11-17T11:11:32","guid":{"rendered":"http:\/\/www.pm.pb.gov.br\/portal\/2013\/11\/rotam_do_9_bpm_prende_homem_comercializando_bebidas_falsificadas\/"},"modified":"2013-11-17T08:11:32","modified_gmt":"2013-11-17T11:11:32","slug":"rotam_do_9_bpm_prende_homem_comercializando_bebidas_falsificadas","status":"publish","type":"post","link":"https:\/\/www.pm.pb.gov.br\/portal\/2013\/11\/17\/rotam_do_9_bpm_prende_homem_comercializando_bebidas_falsificadas\/","title":{"rendered":"Rotam do 9\u00ba BPM prende homem comercializando bebidas falsificadas"},"content":{"rendered":"<figure style=\"width: 500px\" class=\"wp-caption alignnone\"><img decoding=\"async\" class=\"alignnone size-medium\" src=\"http:\/\/www.pm.pb.gov.br\/portal\/wp-content\/uploads\/2013\/11\/8769_11773.jpg\" title=\"Material apreendido pela Rotam do 9\u00ba BPM\" width=\"100%\" \/><figcaption class=\"wp-caption-text\">Material apreendido pela Rotam do 9\u00ba BPM<\/figcaption><\/figure>\n<div style=\"text-align: justify;\">Os policiais das Rotam (Ronda Ostensiva com Apoio de Motocicletas) do 9\u00ba Batalh\u00e3o prenderam, neste fim de semana, Melquesedeque de Normando Rocha, de 20 anos, que foi flagrado vendendo dez u\u00edsques falsificados durante a festa da padroeira da cidade de Nova Palmeira, distante 242 km da capital.<\/p>\n<p>De acordo com o soldado Rodrigues, quando consultado o nome do suspeito no sistema de informa\u00e7\u00f5es de seguran\u00e7a (Infoseg) foi ainda constatado que ele responde processo por roubo e tamb\u00e9m por amea\u00e7a na cidade de Queimadas, onde a v\u00edtima era um policial.<\/p>\n<p>O acusado foi encaminhado para a Delegacia da Pol\u00edcia Civil de Picu\u00ed. Al\u00e9m dos dez litros da bebida falsa, que era vendida pelo pre\u00e7o de R$ 50 reais na festa, os policiais ainda encontraram com ele um fac\u00e3o e mais de R$ 200 reais.<\/p>\n<p>Policiamento no 11\u00ba Festival da Cane de Sol<\/p>\n<p>O 9\u00ba Batalh\u00e3o de Pol\u00edcia Militar, sob o comando do Major Afonso Galv\u00e3o, montou um esquema de seguran\u00e7a para garantir a tranquilidade durante o 11\u00aa festival da carne de sol,  realizado na cidade de Picu\u00ed, entre os dias 15 e 17 deste m\u00eas. Policiais da R\u00e1dio Patrulha, Rotam e Patrulha Rural intensificaram as rondas na cidade e na zona rural, com refor\u00e7o de policiais a p\u00e9 na pra\u00e7a de eventos &#8211; local onde acontece as festas.<\/p>\n<div class=\"row\" align=\"center\"><a href=\"http:\/\/www.pm.pb.gov.br\/exportacao\/fotos_noticias\/8769_11774.jpg\"><figure style=\"width: 500px\" class=\"wp-caption alignnone\"><img decoding=\"async\" class=\"image-responsive\" src=\"http:\/\/www.pm.pb.gov.br\/exportacao\/fotos_noticias\/8769_11774.jpg\" title=\"Acusado: Melquesedeque de Normando Rocha, de 20 anos\" width=\"100%\" \/><figcaption class=\"wp-caption-text\">Acusado: Melquesedeque de Normando Rocha, de 20 anos<\/figcaption><\/figure><\/a><a href=\"http:\/\/www.pm.pb.gov.br\/portal\/wp-content\/uploads\/2013\/11\/8769_11775.jpg\"><figure style=\"width: 500px\" class=\"wp-caption alignnone\"><img decoding=\"async\" class=\"image-responsive\" src=\"http:\/\/www.pm.pb.gov.br\/portal\/wp-content\/uploads\/2013\/11\/8769_11775.jpg\" title=\"No local do evento o policiamento foi todo refor\u00e7ado\" width=\"100%\" \/><figcaption class=\"wp-caption-text\">No local do evento o policiamento foi todo refor\u00e7ado<\/figcaption><\/figure><\/a><\/div>\n<\/div>\n","protected":false},"excerpt":{"rendered":"<p>Os policiais das Rotam (Ronda Ostensiva com Apoio de Motocicletas) do 9\u00ba Batalh\u00e3o prenderam, neste fim de semana, Melquesedeque de<\/p>\n","protected":false},"author":5,"featured_media":11773,"comment_status":"closed","ping_status":"closed","sticky":false,"template":"","format":"standard","meta":{"_exactmetrics_skip_tracking":false,"_exactmetrics_sitenote_active":false,"_exactmetrics_sitenote_note":"","_exactmetrics_sitenote_category":0,"footnotes":""},"categories":[4],"tags":[],"yoast_head":"<!-- This site is optimized with the Yoast SEO plugin v22.0 - https:\/\/yoast.com\/wordpress\/plugins\/seo\/ -->\n<title>Rotam do 9\u00ba BPM prende homem comercializando bebidas falsificadas - Pol\u00edcia Militar da Para\u00edba<\/title>\n<meta name=\"robots\" content=\"index, follow, max-snippet:-1, max-image-preview:large, max-video-preview:-1\" \/>\n<link rel=\"canonical\" href=\"https:\/\/www.pm.pb.gov.br\/portal\/2013\/11\/17\/rotam_do_9_bpm_prende_homem_comercializando_bebidas_falsificadas\/\" \/>\n<meta property=\"og:locale\" content=\"pt_BR\" \/>\n<meta property=\"og:type\" content=\"article\" \/>\n<meta property=\"og:title\" content=\"Rotam do 9\u00ba BPM prende homem comercializando bebidas falsificadas - Pol\u00edcia Militar da Para\u00edba\" \/>\n<meta property=\"og:description\" content=\"Os policiais das Rotam (Ronda Ostensiva com Apoio de Motocicletas) do 9\u00ba Batalh\u00e3o prenderam, neste fim de semana, Melquesedeque de\" \/>\n<meta property=\"og:url\" content=\"https:\/\/www.pm.pb.gov.br\/portal\/2013\/11\/17\/rotam_do_9_bpm_prende_homem_comercializando_bebidas_falsificadas\/\" \/>\n<meta property=\"og:site_name\" content=\"Pol\u00edcia Militar da Para\u00edba\" \/>\n<meta property=\"article:published_time\" content=\"2013-11-17T11:11:32+00:00\" \/>\n<meta property=\"og:image\" content=\"https:\/\/www.pm.pb.gov.br\/portal\/wp-content\/uploads\/2013\/11\/8769_11773.jpg\" \/>\n\t<meta property=\"og:image:width\" content=\"500\" \/>\n\t<meta property=\"og:image:height\" content=\"375\" \/>\n\t<meta property=\"og:image:type\" content=\"image\/jpeg\" \/>\n<meta name=\"author\" content=\"Assessoria de Imprensa da PMPB\" \/>\n<meta name=\"twitter:card\" content=\"summary_large_image\" \/>\n<meta name=\"twitter:label1\" content=\"Escrito por\" \/>\n\t<meta name=\"twitter:data1\" content=\"Assessoria de Imprensa da PMPB\" \/>\n\t<meta name=\"twitter:label2\" content=\"Est. tempo de leitura\" \/>\n\t<meta name=\"twitter:data2\" content=\"1 minuto\" \/>\n<script type=\"application\/ld+json\" class=\"yoast-schema-graph\">{\"@context\":\"https:\/\/schema.org\",\"@graph\":[{\"@type\":\"Article\",\"@id\":\"https:\/\/www.pm.pb.gov.br\/portal\/2013\/11\/17\/rotam_do_9_bpm_prende_homem_comercializando_bebidas_falsificadas\/#article\",\"isPartOf\":{\"@id\":\"https:\/\/www.pm.pb.gov.br\/portal\/2013\/11\/17\/rotam_do_9_bpm_prende_homem_comercializando_bebidas_falsificadas\/\"},\"author\":{\"name\":\"Assessoria de Imprensa da PMPB\",\"@id\":\"https:\/\/www.pm.pb.gov.br\/portal\/#\/schema\/person\/e8454f46651c3ecf0e1ba3c1666d9947\"},\"headline\":\"Rotam do 9\u00ba BPM prende homem comercializando bebidas falsificadas\",\"datePublished\":\"2013-11-17T11:11:32+00:00\",\"dateModified\":\"2013-11-17T11:11:32+00:00\",\"mainEntityOfPage\":{\"@id\":\"https:\/\/www.pm.pb.gov.br\/portal\/2013\/11\/17\/rotam_do_9_bpm_prende_homem_comercializando_bebidas_falsificadas\/\"},\"wordCount\":275,\"publisher\":{\"@id\":\"https:\/\/www.pm.pb.gov.br\/portal\/#organization\"},\"articleSection\":[\"A\u00e7\u00f5es Policiais\"],\"inLanguage\":\"pt-BR\"},{\"@type\":\"WebPage\",\"@id\":\"https:\/\/www.pm.pb.gov.br\/portal\/2013\/11\/17\/rotam_do_9_bpm_prende_homem_comercializando_bebidas_falsificadas\/\",\"url\":\"https:\/\/www.pm.pb.gov.br\/portal\/2013\/11\/17\/rotam_do_9_bpm_prende_homem_comercializando_bebidas_falsificadas\/\",\"name\":\"Rotam do 9\u00ba BPM prende homem comercializando bebidas falsificadas - Pol\u00edcia Militar da Para\u00edba\",\"isPartOf\":{\"@id\":\"https:\/\/www.pm.pb.gov.br\/portal\/#website\"},\"datePublished\":\"2013-11-17T11:11:32+00:00\",\"dateModified\":\"2013-11-17T11:11:32+00:00\",\"breadcrumb\":{\"@id\":\"https:\/\/www.pm.pb.gov.br\/portal\/2013\/11\/17\/rotam_do_9_bpm_prende_homem_comercializando_bebidas_falsificadas\/#breadcrumb\"},\"inLanguage\":\"pt-BR\",\"potentialAction\":[{\"@type\":\"ReadAction\",\"target\":[\"https:\/\/www.pm.pb.gov.br\/portal\/2013\/11\/17\/rotam_do_9_bpm_prende_homem_comercializando_bebidas_falsificadas\/\"]}]},{\"@type\":\"BreadcrumbList\",\"@id\":\"https:\/\/www.pm.pb.gov.br\/portal\/2013\/11\/17\/rotam_do_9_bpm_prende_homem_comercializando_bebidas_falsificadas\/#breadcrumb\",\"itemListElement\":[{\"@type\":\"ListItem\",\"position\":1,\"name\":\"In\u00edcio\",\"item\":\"https:\/\/www.pm.pb.gov.br\/portal\/\"},{\"@type\":\"ListItem\",\"position\":2,\"name\":\"Rotam do 9\u00ba BPM prende homem comercializando bebidas falsificadas\"}]},{\"@type\":\"WebSite\",\"@id\":\"https:\/\/www.pm.pb.gov.br\/portal\/#website\",\"url\":\"https:\/\/www.pm.pb.gov.br\/portal\/\",\"name\":\"Pol\u00edcia Militar da Para\u00edba\",\"description\":\"\",\"publisher\":{\"@id\":\"https:\/\/www.pm.pb.gov.br\/portal\/#organization\"},\"potentialAction\":[{\"@type\":\"SearchAction\",\"target\":{\"@type\":\"EntryPoint\",\"urlTemplate\":\"https:\/\/www.pm.pb.gov.br\/portal\/?s={search_term_string}\"},\"query-input\":\"required name=search_term_string\"}],\"inLanguage\":\"pt-BR\"},{\"@type\":\"Organization\",\"@id\":\"https:\/\/www.pm.pb.gov.br\/portal\/#organization\",\"name\":\"Pol\u00edcia Militar da Para\u00edba\",\"url\":\"https:\/\/www.pm.pb.gov.br\/portal\/\",\"logo\":{\"@type\":\"ImageObject\",\"inLanguage\":\"pt-BR\",\"@id\":\"https:\/\/www.pm.pb.gov.br\/portal\/#\/schema\/logo\/image\/\",\"url\":\"https:\/\/www.pm.pb.gov.br\/portal\/wp-content\/uploads\/2025\/03\/cropped-logo-site-mag2-1.png\",\"contentUrl\":\"https:\/\/www.pm.pb.gov.br\/portal\/wp-content\/uploads\/2025\/03\/cropped-logo-site-mag2-1.png\",\"width\":320,\"height\":90,\"caption\":\"Pol\u00edcia Militar da Para\u00edba\"},\"image\":{\"@id\":\"https:\/\/www.pm.pb.gov.br\/portal\/#\/schema\/logo\/image\/\"}},{\"@type\":\"Person\",\"@id\":\"https:\/\/www.pm.pb.gov.br\/portal\/#\/schema\/person\/e8454f46651c3ecf0e1ba3c1666d9947\",\"name\":\"Assessoria de Imprensa da PMPB\",\"image\":{\"@type\":\"ImageObject\",\"inLanguage\":\"pt-BR\",\"@id\":\"https:\/\/www.pm.pb.gov.br\/portal\/#\/schema\/person\/image\/\",\"url\":\"https:\/\/secure.gravatar.com\/avatar\/2efe197438265d1e90bd98c4c8e1acf8?s=96&d=mm&r=g\",\"contentUrl\":\"https:\/\/secure.gravatar.com\/avatar\/2efe197438265d1e90bd98c4c8e1acf8?s=96&d=mm&r=g\",\"caption\":\"Assessoria de Imprensa da PMPB\"},\"url\":\"https:\/\/www.pm.pb.gov.br\/portal\/author\/assessoria\/\"}]}<\/script>\n<!-- \/ Yoast SEO plugin. -->","yoast_head_json":{"title":"Rotam do 9\u00ba BPM prende homem comercializando bebidas falsificadas - Pol\u00edcia Militar da Para\u00edba","robots":{"index":"index","follow":"follow","max-snippet":"max-snippet:-1","max-image-preview":"max-image-preview:large","max-video-preview":"max-video-preview:-1"},"canonical":"https:\/\/www.pm.pb.gov.br\/portal\/2013\/11\/17\/rotam_do_9_bpm_prende_homem_comercializando_bebidas_falsificadas\/","og_locale":"pt_BR","og_type":"article","og_title":"Rotam do 9\u00ba BPM prende homem comercializando bebidas falsificadas - Pol\u00edcia Militar da Para\u00edba","og_description":"Os policiais das Rotam (Ronda Ostensiva com Apoio de Motocicletas) do 9\u00ba Batalh\u00e3o prenderam, neste fim de semana, Melquesedeque de","og_url":"https:\/\/www.pm.pb.gov.br\/portal\/2013\/11\/17\/rotam_do_9_bpm_prende_homem_comercializando_bebidas_falsificadas\/","og_site_name":"Pol\u00edcia Militar da Para\u00edba","article_published_time":"2013-11-17T11:11:32+00:00","og_image":[{"width":500,"height":375,"url":"https:\/\/www.pm.pb.gov.br\/portal\/wp-content\/uploads\/2013\/11\/8769_11773.jpg","type":"image\/jpeg"}],"author":"Assessoria de Imprensa da PMPB","twitter_card":"summary_large_image","twitter_misc":{"Escrito por":"Assessoria de Imprensa da PMPB","Est. tempo de leitura":"1 minuto"},"schema":{"@context":"https:\/\/schema.org","@graph":[{"@type":"Article","@id":"https:\/\/www.pm.pb.gov.br\/portal\/2013\/11\/17\/rotam_do_9_bpm_prende_homem_comercializando_bebidas_falsificadas\/#article","isPartOf":{"@id":"https:\/\/www.pm.pb.gov.br\/portal\/2013\/11\/17\/rotam_do_9_bpm_prende_homem_comercializando_bebidas_falsificadas\/"},"author":{"name":"Assessoria de Imprensa da PMPB","@id":"https:\/\/www.pm.pb.gov.br\/portal\/#\/schema\/person\/e8454f46651c3ecf0e1ba3c1666d9947"},"headline":"Rotam do 9\u00ba BPM prende homem comercializando bebidas falsificadas","datePublished":"2013-11-17T11:11:32+00:00","dateModified":"2013-11-17T11:11:32+00:00","mainEntityOfPage":{"@id":"https:\/\/www.pm.pb.gov.br\/portal\/2013\/11\/17\/rotam_do_9_bpm_prende_homem_comercializando_bebidas_falsificadas\/"},"wordCount":275,"publisher":{"@id":"https:\/\/www.pm.pb.gov.br\/portal\/#organization"},"articleSection":["A\u00e7\u00f5es Policiais"],"inLanguage":"pt-BR"},{"@type":"WebPage","@id":"https:\/\/www.pm.pb.gov.br\/portal\/2013\/11\/17\/rotam_do_9_bpm_prende_homem_comercializando_bebidas_falsificadas\/","url":"https:\/\/www.pm.pb.gov.br\/portal\/2013\/11\/17\/rotam_do_9_bpm_prende_homem_comercializando_bebidas_falsificadas\/","name":"Rotam do 9\u00ba BPM prende homem comercializando bebidas falsificadas - Pol\u00edcia Militar da Para\u00edba","isPartOf":{"@id":"https:\/\/www.pm.pb.gov.br\/portal\/#website"},"datePublished":"2013-11-17T11:11:32+00:00","dateModified":"2013-11-17T11:11:32+00:00","breadcrumb":{"@id":"https:\/\/www.pm.pb.gov.br\/portal\/2013\/11\/17\/rotam_do_9_bpm_prende_homem_comercializando_bebidas_falsificadas\/#breadcrumb"},"inLanguage":"pt-BR","potentialAction":[{"@type":"ReadAction","target":["https:\/\/www.pm.pb.gov.br\/portal\/2013\/11\/17\/rotam_do_9_bpm_prende_homem_comercializando_bebidas_falsificadas\/"]}]},{"@type":"BreadcrumbList","@id":"https:\/\/www.pm.pb.gov.br\/portal\/2013\/11\/17\/rotam_do_9_bpm_prende_homem_comercializando_bebidas_falsificadas\/#breadcrumb","itemListElement":[{"@type":"ListItem","position":1,"name":"In\u00edcio","item":"https:\/\/www.pm.pb.gov.br\/portal\/"},{"@type":"ListItem","position":2,"name":"Rotam do 9\u00ba BPM prende homem comercializando bebidas falsificadas"}]},{"@type":"WebSite","@id":"https:\/\/www.pm.pb.gov.br\/portal\/#website","url":"https:\/\/www.pm.pb.gov.br\/portal\/","name":"Pol\u00edcia Militar da Para\u00edba","description":"","publisher":{"@id":"https:\/\/www.pm.pb.gov.br\/portal\/#organization"},"potentialAction":[{"@type":"SearchAction","target":{"@type":"EntryPoint","urlTemplate":"https:\/\/www.pm.pb.gov.br\/portal\/?s={search_term_string}"},"query-input":"required name=search_term_string"}],"inLanguage":"pt-BR"},{"@type":"Organization","@id":"https:\/\/www.pm.pb.gov.br\/portal\/#organization","name":"Pol\u00edcia Militar da Para\u00edba","url":"https:\/\/www.pm.pb.gov.br\/portal\/","logo":{"@type":"ImageObject","inLanguage":"pt-BR","@id":"https:\/\/www.pm.pb.gov.br\/portal\/#\/schema\/logo\/image\/","url":"https:\/\/www.pm.pb.gov.br\/portal\/wp-content\/uploads\/2025\/03\/cropped-logo-site-mag2-1.png","contentUrl":"https:\/\/www.pm.pb.gov.br\/portal\/wp-content\/uploads\/2025\/03\/cropped-logo-site-mag2-1.png","width":320,"height":90,"caption":"Pol\u00edcia Militar da Para\u00edba"},"image":{"@id":"https:\/\/www.pm.pb.gov.br\/portal\/#\/schema\/logo\/image\/"}},{"@type":"Person","@id":"https:\/\/www.pm.pb.gov.br\/portal\/#\/schema\/person\/e8454f46651c3ecf0e1ba3c1666d9947","name":"Assessoria de Imprensa da PMPB","image":{"@type":"ImageObject","inLanguage":"pt-BR","@id":"https:\/\/www.pm.pb.gov.br\/portal\/#\/schema\/person\/image\/","url":"https:\/\/secure.gravatar.com\/avatar\/2efe197438265d1e90bd98c4c8e1acf8?s=96&d=mm&r=g","contentUrl":"https:\/\/secure.gravatar.com\/avatar\/2efe197438265d1e90bd98c4c8e1acf8?s=96&d=mm&r=g","caption":"Assessoria de Imprensa da PMPB"},"url":"https:\/\/www.pm.pb.gov.br\/portal\/author\/assessoria\/"}]}},"_links":{"self":[{"href":"https:\/\/www.pm.pb.gov.br\/portal\/wp-json\/wp\/v2\/posts\/892386"}],"collection":[{"href":"https:\/\/www.pm.pb.gov.br\/portal\/wp-json\/wp\/v2\/posts"}],"about":[{"href":"https:\/\/www.pm.pb.gov.br\/portal\/wp-json\/wp\/v2\/types\/post"}],"author":[{"embeddable":true,"href":"https:\/\/www.pm.pb.gov.br\/portal\/wp-json\/wp\/v2\/users\/5"}],"replies":[{"embeddable":true,"href":"https:\/\/www.pm.pb.gov.br\/portal\/wp-json\/wp\/v2\/comments?post=892386"}],"version-history":[{"count":0,"href":"https:\/\/www.pm.pb.gov.br\/portal\/wp-json\/wp\/v2\/posts\/892386\/revisions"}],"wp:featuredmedia":[{"embeddable":true,"href":"https:\/\/www.pm.pb.gov.br\/portal\/wp-json\/wp\/v2\/media\/11773"}],"wp:attachment":[{"href":"https:\/\/www.pm.pb.gov.br\/portal\/wp-json\/wp\/v2\/media?parent=892386"}],"wp:term":[{"taxonomy":"category","embeddable":true,"href":"https:\/\/www.pm.pb.gov.br\/portal\/wp-json\/wp\/v2\/categories?post=892386"},{"taxonomy":"post_tag","embeddable":true,"href":"https:\/\/www.pm.pb.gov.br\/portal\/wp-json\/wp\/v2\/tags?post=892386"}],"curies":[{"name":"wp","href":"https:\/\/api.w.org\/{rel}","templated":true}]}}